{"id":46769,"date":"2018-01-24T11:55:10","date_gmt":"2018-01-24T11:55:10","guid":{"rendered":"https:\/\/eurecat.org\/?p=46769"},"modified":"2018-01-25T11:10:46","modified_gmt":"2018-01-25T11:10:46","slug":"que-hace-falta-para-valorizar","status":"publish","type":"post","link":"https:\/\/eurecat.org\/es\/que-hace-falta-para-valorizar\/","title":{"rendered":"\u00abPara valorizar hace falta buena tecnolog\u00eda, talento y entusiasmo\u00bb"},"content":{"rendered":"<p>\u00c1ngel Garc\u00eda es Responsable de Valorizaci\u00f3n de Eurecat. En esta entrevista nos explica las claves y etapas necesarias para llevar un nuevo producto tecnol\u00f3gico al mercado y las diferentes fases de este proceso.<\/p>\n<p><strong>\u00bfQu\u00e9 se entiende por valorizaci\u00f3n?<\/strong><\/p>\n<p>Es la actividad que contribuye a poner en valor la tecnolog\u00eda propia que desarrollamos en Eurecat fruto del esfuerzo constante que realizamos en investigaci\u00f3n aplicada e innovaci\u00f3n tecnol\u00f3gica en el centro.<\/p>\n<p>Desde el \u00e1rea de valorizaci\u00f3n de Eurecat lideramos el proceso de identificaci\u00f3n de los activos tecnol\u00f3gicos que se desarrollan en las <a href=\"https:\/\/eurecat.org\/es\/ambitos-de-conocimiento\/\">Unidades Tecnol\u00f3gicas industriales, digitales y biotec<\/a>\u00a0y trabajamos para acercar estos activos propiedad del centro en el mercado. Lo hacemos mediante un proceso de maduraci\u00f3n tecnol\u00f3gica que finaliza con el licenciamiento de la tecnolog\u00eda a un tercero o la creaci\u00f3n de una EBT (empresa de base tecnol\u00f3gica), con el objetivo de que el rendimiento que se deriva revierta en seguir alimentando la actividad de innovaci\u00f3n.<\/p>\n<p><strong>\u00bfQu\u00e9 importancia tiene la valorizaci\u00f3n para Eurecat?<\/strong><\/p>\n<p>Es parte fundamental de nuestra actividad dado que transferir innovaci\u00f3n a las empresas para hacerlas m\u00e1s competitivas es nuestra misi\u00f3n principal; ya sea licenciando tecnolog\u00eda o mediante la creaci\u00f3n de nuevas empresas y los derivados puestos de trabajo. Asimismo, esto fomenta el reconocimiento del talento del equipo de Eurecat.<\/p>\n<p><strong>\u00bfQu\u00e9 considera un activo?<\/strong><\/p>\n<p>Un activo tecnol\u00f3gico es por su titular un derecho patrimonial sobre los recursos futuros e inciertos que pueda generar en aplicarlo a los procesos productivos o en explotarlo para obtener un rendimiento econ\u00f3mico o social. Dicho con palabras m\u00e1s sencillas, consideramos un activo tecnol\u00f3gico <strong>aquella tecnolog\u00eda propietaria a la que intuimos potencial para generar impacto positivo de tipo social, medioambiental o econ\u00f3mico, por el hecho de aplicarla o explotarla<\/strong>. Su valor vendr\u00e1 determinado por la medida de este impacto en cada caso.<\/p>\n<p><strong>\u00bfComo enfocan las actividades de valorizaci\u00f3n?<\/strong><\/p>\n<p>Las actividades de valorizaci\u00f3n se enfocan, entre otras acciones, al detectar activos potenciales, la protecci\u00f3n del activo desde un punto de vista de propiedad industrial e intelectual (PI), el reconocimiento de quienes lo han creado, la validaci\u00f3n y aceptaci\u00f3n del mercado, el desarrollo del producto o servicio, el establecimiento de acuerdos de pilotaje de la tecnolog\u00eda con early adopters y finalmente en la externalizaci\u00f3n del activo, es decir, su transferencia a un tercero a cambio de un retorno econ\u00f3mico.<\/p>\n<p>A partir de una actividad continua de Scouting (b\u00fasqueda de activos potenciales), y aplicando una metodolog\u00eda de selecci\u00f3n propia de Eurecat, evaluamos su grado de madurez y seleccionamos anualmente un conjunto de activos a valorizar. Establecemos un plan de valorizaci\u00f3n que incluye la protecci\u00f3n de la PI, la hoja de ruta de pilotaje y transferencia -a partir de las pruebas de concepto o prototipo disponibles- y la b\u00fasqueda y gesti\u00f3n de la financiaci\u00f3n que requiere el proceso. Y, adicionalmente, la b\u00fasqueda de potenciales compradores, clientes y socios a los que interesan las tecnolog\u00edas que desarrollamos.<\/p>\n<p>Hay una actividad menos visible, pero tanto o m\u00e1s importante que cierra el c\u00edrculo de valorizaci\u00f3n: velar por la aplicaci\u00f3n de la normativa de propiedad industrial e intelectual de Eurecat. Tenemos en consideraci\u00f3n el reconocimiento a las personas que han participado en la invenci\u00f3n y la comercializaci\u00f3n de la tecnolog\u00eda que se valoriza.<\/p>\n<p><strong>\u00bfQu\u00e9 se necesita para valorizar?<\/strong><\/p>\n<p>Buena tecnolog\u00eda, talento y entusiasmo!<\/p>\n<p>Todo esto es posible gracias al trabajo que realizan las Unidades Tecnol\u00f3gicas de Eurecat en las diversas fases de valorizaci\u00f3n del activo de la mano del responsable de valorizaci\u00f3n correspondiente a cada etapa: Scouting, Protecci\u00f3n de PI, Desarrollo de Producto y transferencia del activo (Digital, Industrial o Biotecnol\u00f3gico).<\/p>\n<p><strong>\u00bfCu\u00e1les han sido los \u00faltimos resultados de la valorizaci\u00f3n de los proyectos del centro?<\/strong><\/p>\n<p>En 2017 hemos gestionado un pipeline con 22 activos, de los cuales 7 iniciaban el proceso de valorizaci\u00f3n. Se ha transferido uno y otro ha abandonado.<\/p>\n<p>Tambi\u00e9n se han concluido, entre otros, la creaci\u00f3n de la EBT Watener, sociedad participada que se dedica a comercializar una soluci\u00f3n TIC para la gesti\u00f3n y operaci\u00f3n inteligente del nexo agua-energ\u00eda en las redes de distribuci\u00f3n de agua, y el desarrollo tecnol\u00f3gico del dispositivo Tof Cuff. Este \u00faltimo es un manguito de tensi\u00f3n arterial para la correcta monitorizaci\u00f3n del neurobloqueig muscular en el proceso de desintubaci\u00f3n de pacientes post-cirug\u00eda; que pasar\u00e1 ahora a la fase de comercializaci\u00f3n.<\/p>\n<p>Durante el 2018 prevemos gestionar 26 activos, de los que 10 son nuevos y prevemos transferir 7.<\/p>\n<p>En cuanto a la PI, en 2017 se consigui\u00f3 la concesi\u00f3n de 4 patentes de 6 posibles y en 2018 se prev\u00e9 poder llegar a solicitar 17, adem\u00e1s de seguir el mantenimiento de la cartera de patentes y marcas.<\/p>\n<p>Cabe destacar, por \u00faltimo, que este a\u00f1o se incorporan activos que provienen de los centros de Manresa y Reus con un elevado potencial de valorizaci\u00f3n contribuyendo a fortalecer notables<\/p>\n","protected":false},"excerpt":{"rendered":"<p>\u00c1ngel Garc\u00eda es Responsable de Valorizaci\u00f3n de Eurecat. En esta entrevista nos explica las claves y etapas necesarias para llevar un nuevo producto tecnol\u00f3gico al mercado y las diferentes fases de este proceso. \u00bfQu\u00e9 se entiende por valorizaci\u00f3n? Es la actividad que contribuye a poner en valor la tecnolog\u00eda propia que desarrollamos en Eurecat fruto  [&#8230;]<\/p>\n","protected":false},"author":6,"featured_media":46763,"comment_status":"open","ping_status":"closed","sticky":false,"template":"","format":"standard","meta":{"footnotes":""},"categories":[133,400],"tags":[1225,308,1371,1372],"class_list":["post-46769","post","type-post","status-publish","format-standard","has-post-thumbnail","hentry","category-blog","category-desarrollo-producto","tag-valoritzacio-es","tag-valorizacion","tag-valorizacion-de-proyectos","tag-valorizacion-tecnologica"],"yoast_head":"<!-- This site is optimized with the Yoast SEO plugin v27.4 - https:\/\/yoast.com\/product\/yoast-seo-wordpress\/ -->\n<title>&quot;Para valorizar hace falta buena tecnolog\u00eda, talento y entusiasmo&quot;<\/title>\n<meta name=\"description\" content=\"\u00c1ngel Garc\u00eda, Director de Valorizaci\u00f3n de Eureca, .nos explica las claves para llevar un producto tecnol\u00f3gico en el mercado y las diferentes fases para valorizar.\" \/>\n<meta name=\"robots\" content=\"index, follow, max-snippet:-1, max-image-preview:large, max-video-preview:-1\" \/>\n<link rel=\"canonical\" href=\"https:\/\/eurecat.org\/es\/que-hace-falta-para-valorizar\/\" \/>\n<meta property=\"og:locale\" content=\"es_ES\" \/>\n<meta property=\"og:type\" content=\"article\" \/>\n<meta property=\"og:title\" content=\"&quot;Para valorizar hace falta buena tecnolog\u00eda, talento y entusiasmo&quot;\" \/>\n<meta property=\"og:description\" content=\"\u00c1ngel Garc\u00eda, Director de Valorizaci\u00f3n de Eureca, .nos explica las claves para llevar un producto tecnol\u00f3gico en el mercado y las diferentes fases para valorizar.\" \/>\n<meta property=\"og:url\" content=\"https:\/\/eurecat.org\/es\/que-hace-falta-para-valorizar\/\" \/>\n<meta property=\"og:site_name\" content=\"Eurecat\" \/>\n<meta property=\"article:published_time\" content=\"2018-01-24T11:55:10+00:00\" \/>\n<meta property=\"article:modified_time\" content=\"2018-01-25T11:10:46+00:00\" \/>\n<meta property=\"og:image\" content=\"https:\/\/eurecat.org\/wp-content\/uploads\/2018\/01\/entrevista_angel.jpg\" \/>\n\t<meta property=\"og:image:width\" content=\"774\" \/>\n\t<meta property=\"og:image:height\" content=\"530\" \/>\n\t<meta property=\"og:image:type\" content=\"image\/jpeg\" \/>\n<meta name=\"author\" content=\"EurecatEM\" \/>\n<meta name=\"twitter:card\" content=\"summary_large_image\" \/>\n<meta name=\"twitter:label1\" content=\"Escrito por\" \/>\n\t<meta name=\"twitter:data1\" content=\"EurecatEM\" \/>\n\t<meta name=\"twitter:label2\" content=\"Tiempo de lectura\" \/>\n\t<meta name=\"twitter:data2\" content=\"4 minutos\" \/>\n<script type=\"application\/ld+json\" class=\"yoast-schema-graph\">{\"@context\":\"https:\\\/\\\/schema.org\",\"@graph\":[{\"@type\":\"Article\",\"@id\":\"https:\\\/\\\/eurecat.org\\\/es\\\/que-hace-falta-para-valorizar\\\/#article\",\"isPartOf\":{\"@id\":\"https:\\\/\\\/eurecat.org\\\/es\\\/que-hace-falta-para-valorizar\\\/\"},\"author\":{\"name\":\"EurecatEM\",\"@id\":\"https:\\\/\\\/eurecat.org\\\/es\\\/#\\\/schema\\\/person\\\/540d47fd9da63c4587cbae01b88e4db3\"},\"headline\":\"\u00abPara valorizar hace falta buena tecnolog\u00eda, talento y entusiasmo\u00bb\",\"datePublished\":\"2018-01-24T11:55:10+00:00\",\"dateModified\":\"2018-01-25T11:10:46+00:00\",\"mainEntityOfPage\":{\"@id\":\"https:\\\/\\\/eurecat.org\\\/es\\\/que-hace-falta-para-valorizar\\\/\"},\"wordCount\":870,\"commentCount\":0,\"image\":{\"@id\":\"https:\\\/\\\/eurecat.org\\\/es\\\/que-hace-falta-para-valorizar\\\/#primaryimage\"},\"thumbnailUrl\":\"https:\\\/\\\/eurecat.org\\\/wp-content\\\/uploads\\\/2018\\\/01\\\/entrevista_angel.jpg\",\"keywords\":[\"valoritzaci\u00f3\",\"valorizaci\u00f3n\",\"valorizaci\u00f3n de proyectos\",\"valorizaci\u00f3n tecnol\u00f3gica\"],\"articleSection\":[\"Blog\",\"Desarrollo de Producto\"],\"inLanguage\":\"es\",\"potentialAction\":[{\"@type\":\"CommentAction\",\"name\":\"Comment\",\"target\":[\"https:\\\/\\\/eurecat.org\\\/es\\\/que-hace-falta-para-valorizar\\\/#respond\"]}]},{\"@type\":\"WebPage\",\"@id\":\"https:\\\/\\\/eurecat.org\\\/es\\\/que-hace-falta-para-valorizar\\\/\",\"url\":\"https:\\\/\\\/eurecat.org\\\/es\\\/que-hace-falta-para-valorizar\\\/\",\"name\":\"\\\"Para valorizar hace falta buena tecnolog\u00eda, talento y entusiasmo\\\"\",\"isPartOf\":{\"@id\":\"https:\\\/\\\/eurecat.org\\\/es\\\/#website\"},\"primaryImageOfPage\":{\"@id\":\"https:\\\/\\\/eurecat.org\\\/es\\\/que-hace-falta-para-valorizar\\\/#primaryimage\"},\"image\":{\"@id\":\"https:\\\/\\\/eurecat.org\\\/es\\\/que-hace-falta-para-valorizar\\\/#primaryimage\"},\"thumbnailUrl\":\"https:\\\/\\\/eurecat.org\\\/wp-content\\\/uploads\\\/2018\\\/01\\\/entrevista_angel.jpg\",\"datePublished\":\"2018-01-24T11:55:10+00:00\",\"dateModified\":\"2018-01-25T11:10:46+00:00\",\"author\":{\"@id\":\"https:\\\/\\\/eurecat.org\\\/es\\\/#\\\/schema\\\/person\\\/540d47fd9da63c4587cbae01b88e4db3\"},\"description\":\"\u00c1ngel Garc\u00eda, Director de Valorizaci\u00f3n de Eureca, .nos explica las claves para llevar un producto tecnol\u00f3gico en el mercado y las diferentes fases para valorizar.\",\"breadcrumb\":{\"@id\":\"https:\\\/\\\/eurecat.org\\\/es\\\/que-hace-falta-para-valorizar\\\/#breadcrumb\"},\"inLanguage\":\"es\",\"potentialAction\":[{\"@type\":\"ReadAction\",\"target\":[\"https:\\\/\\\/eurecat.org\\\/es\\\/que-hace-falta-para-valorizar\\\/\"]}]},{\"@type\":\"ImageObject\",\"inLanguage\":\"es\",\"@id\":\"https:\\\/\\\/eurecat.org\\\/es\\\/que-hace-falta-para-valorizar\\\/#primaryimage\",\"url\":\"https:\\\/\\\/eurecat.org\\\/wp-content\\\/uploads\\\/2018\\\/01\\\/entrevista_angel.jpg\",\"contentUrl\":\"https:\\\/\\\/eurecat.org\\\/wp-content\\\/uploads\\\/2018\\\/01\\\/entrevista_angel.jpg\",\"width\":\"774\",\"height\":\"530\",\"caption\":\"valoritzar\"},{\"@type\":\"BreadcrumbList\",\"@id\":\"https:\\\/\\\/eurecat.org\\\/es\\\/que-hace-falta-para-valorizar\\\/#breadcrumb\",\"itemListElement\":[{\"@type\":\"ListItem\",\"position\":1,\"name\":\"Inici\",\"item\":\"https:\\\/\\\/eurecat.org\\\/es\\\/\"},{\"@type\":\"ListItem\",\"position\":2,\"name\":\"\u00abPara valorizar hace falta buena tecnolog\u00eda, talento y entusiasmo\u00bb\"}]},{\"@type\":\"WebSite\",\"@id\":\"https:\\\/\\\/eurecat.org\\\/es\\\/#website\",\"url\":\"https:\\\/\\\/eurecat.org\\\/es\\\/\",\"name\":\"Eurecat\",\"description\":\"Otro sitio realizado con WordPress\",\"potentialAction\":[{\"@type\":\"SearchAction\",\"target\":{\"@type\":\"EntryPoint\",\"urlTemplate\":\"https:\\\/\\\/eurecat.org\\\/es\\\/?s={search_term_string}\"},\"query-input\":{\"@type\":\"PropertyValueSpecification\",\"valueRequired\":true,\"valueName\":\"search_term_string\"}}],\"inLanguage\":\"es\"},{\"@type\":\"Person\",\"@id\":\"https:\\\/\\\/eurecat.org\\\/es\\\/#\\\/schema\\\/person\\\/540d47fd9da63c4587cbae01b88e4db3\",\"name\":\"EurecatEM\",\"image\":{\"@type\":\"ImageObject\",\"inLanguage\":\"es\",\"@id\":\"https:\\\/\\\/secure.gravatar.com\\\/avatar\\\/deb330c0660ac5bf74cae5724d94229935e34c26df9bce576399b4da2212af05?s=96&d=mm&r=g\",\"url\":\"https:\\\/\\\/secure.gravatar.com\\\/avatar\\\/deb330c0660ac5bf74cae5724d94229935e34c26df9bce576399b4da2212af05?s=96&d=mm&r=g\",\"contentUrl\":\"https:\\\/\\\/secure.gravatar.com\\\/avatar\\\/deb330c0660ac5bf74cae5724d94229935e34c26df9bce576399b4da2212af05?s=96&d=mm&r=g\",\"caption\":\"EurecatEM\"}}]}<\/script>\n<!-- \/ Yoast SEO plugin. -->","yoast_head_json":{"title":"\"Para valorizar hace falta buena tecnolog\u00eda, talento y entusiasmo\"","description":"\u00c1ngel Garc\u00eda, Director de Valorizaci\u00f3n de Eureca, .nos explica las claves para llevar un producto tecnol\u00f3gico en el mercado y las diferentes fases para valorizar.","robots":{"index":"index","follow":"follow","max-snippet":"max-snippet:-1","max-image-preview":"max-image-preview:large","max-video-preview":"max-video-preview:-1"},"canonical":"https:\/\/eurecat.org\/es\/que-hace-falta-para-valorizar\/","og_locale":"es_ES","og_type":"article","og_title":"\"Para valorizar hace falta buena tecnolog\u00eda, talento y entusiasmo\"","og_description":"\u00c1ngel Garc\u00eda, Director de Valorizaci\u00f3n de Eureca, .nos explica las claves para llevar un producto tecnol\u00f3gico en el mercado y las diferentes fases para valorizar.","og_url":"https:\/\/eurecat.org\/es\/que-hace-falta-para-valorizar\/","og_site_name":"Eurecat","article_published_time":"2018-01-24T11:55:10+00:00","article_modified_time":"2018-01-25T11:10:46+00:00","og_image":[{"width":774,"height":530,"url":"https:\/\/eurecat.org\/wp-content\/uploads\/2018\/01\/entrevista_angel.jpg","type":"image\/jpeg"}],"author":"EurecatEM","twitter_card":"summary_large_image","twitter_misc":{"Escrito por":"EurecatEM","Tiempo de lectura":"4 minutos"},"schema":{"@context":"https:\/\/schema.org","@graph":[{"@type":"Article","@id":"https:\/\/eurecat.org\/es\/que-hace-falta-para-valorizar\/#article","isPartOf":{"@id":"https:\/\/eurecat.org\/es\/que-hace-falta-para-valorizar\/"},"author":{"name":"EurecatEM","@id":"https:\/\/eurecat.org\/es\/#\/schema\/person\/540d47fd9da63c4587cbae01b88e4db3"},"headline":"\u00abPara valorizar hace falta buena tecnolog\u00eda, talento y entusiasmo\u00bb","datePublished":"2018-01-24T11:55:10+00:00","dateModified":"2018-01-25T11:10:46+00:00","mainEntityOfPage":{"@id":"https:\/\/eurecat.org\/es\/que-hace-falta-para-valorizar\/"},"wordCount":870,"commentCount":0,"image":{"@id":"https:\/\/eurecat.org\/es\/que-hace-falta-para-valorizar\/#primaryimage"},"thumbnailUrl":"https:\/\/eurecat.org\/wp-content\/uploads\/2018\/01\/entrevista_angel.jpg","keywords":["valoritzaci\u00f3","valorizaci\u00f3n","valorizaci\u00f3n de proyectos","valorizaci\u00f3n tecnol\u00f3gica"],"articleSection":["Blog","Desarrollo de Producto"],"inLanguage":"es","potentialAction":[{"@type":"CommentAction","name":"Comment","target":["https:\/\/eurecat.org\/es\/que-hace-falta-para-valorizar\/#respond"]}]},{"@type":"WebPage","@id":"https:\/\/eurecat.org\/es\/que-hace-falta-para-valorizar\/","url":"https:\/\/eurecat.org\/es\/que-hace-falta-para-valorizar\/","name":"\"Para valorizar hace falta buena tecnolog\u00eda, talento y entusiasmo\"","isPartOf":{"@id":"https:\/\/eurecat.org\/es\/#website"},"primaryImageOfPage":{"@id":"https:\/\/eurecat.org\/es\/que-hace-falta-para-valorizar\/#primaryimage"},"image":{"@id":"https:\/\/eurecat.org\/es\/que-hace-falta-para-valorizar\/#primaryimage"},"thumbnailUrl":"https:\/\/eurecat.org\/wp-content\/uploads\/2018\/01\/entrevista_angel.jpg","datePublished":"2018-01-24T11:55:10+00:00","dateModified":"2018-01-25T11:10:46+00:00","author":{"@id":"https:\/\/eurecat.org\/es\/#\/schema\/person\/540d47fd9da63c4587cbae01b88e4db3"},"description":"\u00c1ngel Garc\u00eda, Director de Valorizaci\u00f3n de Eureca, .nos explica las claves para llevar un producto tecnol\u00f3gico en el mercado y las diferentes fases para valorizar.","breadcrumb":{"@id":"https:\/\/eurecat.org\/es\/que-hace-falta-para-valorizar\/#breadcrumb"},"inLanguage":"es","potentialAction":[{"@type":"ReadAction","target":["https:\/\/eurecat.org\/es\/que-hace-falta-para-valorizar\/"]}]},{"@type":"ImageObject","inLanguage":"es","@id":"https:\/\/eurecat.org\/es\/que-hace-falta-para-valorizar\/#primaryimage","url":"https:\/\/eurecat.org\/wp-content\/uploads\/2018\/01\/entrevista_angel.jpg","contentUrl":"https:\/\/eurecat.org\/wp-content\/uploads\/2018\/01\/entrevista_angel.jpg","width":"774","height":"530","caption":"valoritzar"},{"@type":"BreadcrumbList","@id":"https:\/\/eurecat.org\/es\/que-hace-falta-para-valorizar\/#breadcrumb","itemListElement":[{"@type":"ListItem","position":1,"name":"Inici","item":"https:\/\/eurecat.org\/es\/"},{"@type":"ListItem","position":2,"name":"\u00abPara valorizar hace falta buena tecnolog\u00eda, talento y entusiasmo\u00bb"}]},{"@type":"WebSite","@id":"https:\/\/eurecat.org\/es\/#website","url":"https:\/\/eurecat.org\/es\/","name":"Eurecat","description":"Otro sitio realizado con WordPress","potentialAction":[{"@type":"SearchAction","target":{"@type":"EntryPoint","urlTemplate":"https:\/\/eurecat.org\/es\/?s={search_term_string}"},"query-input":{"@type":"PropertyValueSpecification","valueRequired":true,"valueName":"search_term_string"}}],"inLanguage":"es"},{"@type":"Person","@id":"https:\/\/eurecat.org\/es\/#\/schema\/person\/540d47fd9da63c4587cbae01b88e4db3","name":"EurecatEM","image":{"@type":"ImageObject","inLanguage":"es","@id":"https:\/\/secure.gravatar.com\/avatar\/deb330c0660ac5bf74cae5724d94229935e34c26df9bce576399b4da2212af05?s=96&d=mm&r=g","url":"https:\/\/secure.gravatar.com\/avatar\/deb330c0660ac5bf74cae5724d94229935e34c26df9bce576399b4da2212af05?s=96&d=mm&r=g","contentUrl":"https:\/\/secure.gravatar.com\/avatar\/deb330c0660ac5bf74cae5724d94229935e34c26df9bce576399b4da2212af05?s=96&d=mm&r=g","caption":"EurecatEM"}}]}},"_links":{"self":[{"href":"https:\/\/eurecat.org\/es\/wp-json\/wp\/v2\/posts\/46769","targetHints":{"allow":["GET"]}}],"collection":[{"href":"https:\/\/eurecat.org\/es\/wp-json\/wp\/v2\/posts"}],"about":[{"href":"https:\/\/eurecat.org\/es\/wp-json\/wp\/v2\/types\/post"}],"author":[{"embeddable":true,"href":"https:\/\/eurecat.org\/es\/wp-json\/wp\/v2\/users\/6"}],"replies":[{"embeddable":true,"href":"https:\/\/eurecat.org\/es\/wp-json\/wp\/v2\/comments?post=46769"}],"version-history":[{"count":0,"href":"https:\/\/eurecat.org\/es\/wp-json\/wp\/v2\/posts\/46769\/revisions"}],"wp:featuredmedia":[{"embeddable":true,"href":"https:\/\/eurecat.org\/es\/wp-json\/wp\/v2\/media\/46763"}],"wp:attachment":[{"href":"https:\/\/eurecat.org\/es\/wp-json\/wp\/v2\/media?parent=46769"}],"wp:term":[{"taxonomy":"category","embeddable":true,"href":"https:\/\/eurecat.org\/es\/wp-json\/wp\/v2\/categories?post=46769"},{"taxonomy":"post_tag","embeddable":true,"href":"https:\/\/eurecat.org\/es\/wp-json\/wp\/v2\/tags?post=46769"}],"curies":[{"name":"wp","href":"https:\/\/api.w.org\/{rel}","templated":true}]}}