{"id":49620,"date":"2018-02-14T12:37:20","date_gmt":"2018-02-14T12:37:20","guid":{"rendered":"https:\/\/eurecat.org\/hub-smartees\/"},"modified":"2018-02-16T12:47:08","modified_gmt":"2018-02-16T12:47:08","slug":"hub-smartees","status":"publish","type":"post","link":"https:\/\/eurecat.org\/es\/hub-smartees\/","title":{"rendered":"Eurecat participa en un hub europeo de electr\u00f3nica impresa"},"content":{"rendered":"<h1 style=\"text-align: center;\"><span style=\"color: #000000;\"><strong>Eurecat participa en un hub europeo de electr\u00f3nica impresa<\/strong><\/span><\/h1>\n<ul>\n<li style=\"text-align: center;\">\n<h2><span style=\"color: #000000;\"><strong>El centro tecnol\u00f3gico participa en el programa de aceleraci\u00f3n europeo SmartEES, que mejorar\u00e1 la competitividad de las empresas seleccionadas mediante la incorporaci\u00f3n de electr\u00f3nica flexible.<\/strong><\/span><\/h2>\n<\/li>\n<li style=\"text-align: center;\">\n<h2><span style=\"color: #000000;\"><strong>El programa dar\u00e1 una ayuda de hasta 140.000 euros a las start-ups y empresas seleccionadas.<\/strong><\/span><\/h2>\n<\/li>\n<li style=\"text-align: center;\">\n<h2><span style=\"color: #000000;\"><strong>En el programa participan centros tecnol\u00f3gicos de primer nivel como el TNO holand\u00e9s y el alem\u00e1n Fraunhofer.<\/strong><\/span><\/h2>\n<\/li>\n<\/ul>\n<p><strong><u>Barcelona, 14 de febrero de 2018.-<\/u> <\/strong>El centro tecnol\u00f3gico <span style=\"color: #800080;\"><strong><a style=\"color: #800080;\" href=\"http:\/\/eurecat.org\/es\/\">Eurecat<\/a> <\/strong><\/span>(miembro de Tecnio) participa en un hub tecnol\u00f3gico europeo en el \u00e1mbito de la electr\u00f3nica flexible que ayudar\u00e1 a 20 peque\u00f1as y medianas empresas a ser m\u00e1s competitivas mediante la innovaci\u00f3n y nuevos modelos de negocio y pondr\u00e1 al alcance de las compa\u00f1\u00edas seleccionadas una ayuda de hasta 140.000 euros para mejorar su competitividad mediante la innovaci\u00f3n.<\/p>\n<p>El programa, llamado<a href=\"https:\/\/smartees.eu\/\"><span style=\"color: #800080;\"><strong> SmartEES<\/strong><\/span><\/a>, ofrecer\u00e1 a las empresas acceso a 35 soluciones tecnol\u00f3gicas innovadoras en el \u00e1mbito de la fotovoltaica org\u00e1nica, las pantallas flexibles, la iluminaci\u00f3n electroluminiscente y org\u00e1nica OLED (Oragnic Light-Emitting Diode), con tecnolog\u00eda de Eurecat, o de los servicios inteligentes integrados, que \u201cayudar\u00e1n a las empresas a desarrollar nuevos productos con un riesgo bajo de inversi\u00f3n\u201d, seg\u00fan explica Cristina Casellas, promotora tecnol\u00f3gica de la Unidad de Impresi\u00f3n Funcional de Eurecat.<\/p>\n<p>En el caso de Eurecat, el centro pondr\u00e1 al servicio de las empresas seleccionadas su experiencia en electr\u00f3nica impresa, con la finalidad de facilitar su acceso a \u201ccompetencias innovadoras de dise\u00f1o y formaci\u00f3n, que les ayudar\u00e1n a diferenciarse de la competencia\u201d. Esta aportaci\u00f3n ser\u00e1 complementaria a la que aportan otros centros tecnol\u00f3gicos europeos de primer nivel como el TNO, en Holanda; VTT, en Finlandia; CAE-Leti, en Francia o el Fraunhofer alem\u00e1n.<\/p>\n<p>El hub est\u00e1 abierto a start-ups, peque\u00f1as y medianas empresas del \u00e1mbito tecnol\u00f3gico en sectores como la automoci\u00f3n, la construcci\u00f3n, la energ\u00eda, el \u00e1mbito m\u00e9dico o la log\u00edstica, entre otros. \u201cLa intenci\u00f3n es que las compa\u00f1\u00edas puedan materializar o diversificar su producto mediante la innovaci\u00f3n de la mano de instituciones especializadas en electr\u00f3nica impresa punteras en Europa\u201d, apunta Casellas.<\/p>\n<p style=\"text-align: left;\">La iniciativa, financiada por la Uni\u00f3n Europea dentro del programa marco Horiz\u00f3n 2020, est\u00e1 formada por 11 socios europeos y un Grupo Asesor de Innovaci\u00f3n formado por dos asociaciones, 34 clusters tecnol\u00f3gicos, 8 inversores y 18 empresas industriales.<\/p>\n","protected":false},"excerpt":{"rendered":"<p>Eurecat participa en un hub europeo de electr\u00f3nica impresa El centro tecnol\u00f3gico participa en el programa de aceleraci\u00f3n europeo SmartEES, que mejorar\u00e1 la competitividad de las empresas seleccionadas mediante la incorporaci\u00f3n de electr\u00f3nica flexible. El programa dar\u00e1 una ayuda de hasta 140.000 euros a las start-ups y empresas seleccionadas. En el programa participan centros tecnol\u00f3gicos  [&#8230;]<\/p>\n","protected":false},"author":12,"featured_media":49618,"comment_status":"open","ping_status":"closed","sticky":false,"template":"","format":"standard","meta":{"footnotes":""},"categories":[399,134],"tags":[1404],"class_list":["post-49620","post","type-post","status-publish","format-standard","has-post-thumbnail","hentry","category-impresion-funcional","category-notas-de-prensa","tag-electronica-impresa-es"],"yoast_head":"<!-- This site is optimized with the Yoast SEO plugin v27.4 - https:\/\/yoast.com\/product\/yoast-seo-wordpress\/ -->\n<title>Eurecat participa en un hub europeo de electr\u00f3nica impresa - Eurecat<\/title>\n<meta name=\"description\" content=\"El centro tecnol\u00f3gico participa en el programa de aceleraci\u00f3n europeo SmartEES, que mejorar\u00e1 la competitividad de las empresas seleccionadas mediante la incorporaci\u00f3n de electr\u00f3nica flexible.\" \/>\n<meta name=\"robots\" content=\"index, follow, max-snippet:-1, max-image-preview:large, max-video-preview:-1\" \/>\n<link rel=\"canonical\" href=\"https:\/\/eurecat.org\/es\/hub-smartees\/\" \/>\n<meta property=\"og:locale\" content=\"es_ES\" \/>\n<meta property=\"og:type\" content=\"article\" \/>\n<meta property=\"og:title\" content=\"Eurecat participa en un hub europeo de electr\u00f3nica impresa - Eurecat\" \/>\n<meta property=\"og:description\" content=\"El centro tecnol\u00f3gico participa en el programa de aceleraci\u00f3n europeo SmartEES, que mejorar\u00e1 la competitividad de las empresas seleccionadas mediante la incorporaci\u00f3n de electr\u00f3nica flexible.\" \/>\n<meta property=\"og:url\" content=\"https:\/\/eurecat.org\/es\/hub-smartees\/\" \/>\n<meta property=\"og:site_name\" content=\"Eurecat\" \/>\n<meta property=\"article:published_time\" content=\"2018-02-14T12:37:20+00:00\" \/>\n<meta property=\"article:modified_time\" content=\"2018-02-16T12:47:08+00:00\" \/>\n<meta property=\"og:image\" content=\"https:\/\/eurecat.org\/wp-content\/uploads\/2018\/02\/Eurecat_smartees.jpg\" \/>\n\t<meta property=\"og:image:width\" content=\"1936\" \/>\n\t<meta property=\"og:image:height\" content=\"1296\" \/>\n\t<meta property=\"og:image:type\" content=\"image\/jpeg\" \/>\n<meta name=\"author\" content=\"EurecatEG\" \/>\n<meta name=\"twitter:card\" content=\"summary_large_image\" \/>\n<meta name=\"twitter:label1\" content=\"Escrito por\" \/>\n\t<meta name=\"twitter:data1\" content=\"EurecatEG\" \/>\n\t<meta name=\"twitter:label2\" content=\"Tiempo de lectura\" \/>\n\t<meta name=\"twitter:data2\" content=\"2 minutos\" \/>\n<script type=\"application\/ld+json\" class=\"yoast-schema-graph\">{\"@context\":\"https:\\\/\\\/schema.org\",\"@graph\":[{\"@type\":\"Article\",\"@id\":\"https:\\\/\\\/eurecat.org\\\/es\\\/hub-smartees\\\/#article\",\"isPartOf\":{\"@id\":\"https:\\\/\\\/eurecat.org\\\/es\\\/hub-smartees\\\/\"},\"author\":{\"name\":\"EurecatEG\",\"@id\":\"https:\\\/\\\/eurecat.org\\\/es\\\/#\\\/schema\\\/person\\\/def9217eded50ee57a9dc4cf0c883f80\"},\"headline\":\"Eurecat participa en un hub europeo de electr\u00f3nica impresa\",\"datePublished\":\"2018-02-14T12:37:20+00:00\",\"dateModified\":\"2018-02-16T12:47:08+00:00\",\"mainEntityOfPage\":{\"@id\":\"https:\\\/\\\/eurecat.org\\\/es\\\/hub-smartees\\\/\"},\"wordCount\":421,\"commentCount\":0,\"image\":{\"@id\":\"https:\\\/\\\/eurecat.org\\\/es\\\/hub-smartees\\\/#primaryimage\"},\"thumbnailUrl\":\"https:\\\/\\\/eurecat.org\\\/wp-content\\\/uploads\\\/2018\\\/02\\\/Eurecat_smartees.jpg\",\"keywords\":[\"electr\u00f2nica impresa\"],\"articleSection\":[\"Impresi\u00f3n funcional\",\"Notas de prensa\"],\"inLanguage\":\"es\",\"potentialAction\":[{\"@type\":\"CommentAction\",\"name\":\"Comment\",\"target\":[\"https:\\\/\\\/eurecat.org\\\/es\\\/hub-smartees\\\/#respond\"]}]},{\"@type\":\"WebPage\",\"@id\":\"https:\\\/\\\/eurecat.org\\\/es\\\/hub-smartees\\\/\",\"url\":\"https:\\\/\\\/eurecat.org\\\/es\\\/hub-smartees\\\/\",\"name\":\"Eurecat participa en un hub europeo de electr\u00f3nica impresa - Eurecat\",\"isPartOf\":{\"@id\":\"https:\\\/\\\/eurecat.org\\\/es\\\/#website\"},\"primaryImageOfPage\":{\"@id\":\"https:\\\/\\\/eurecat.org\\\/es\\\/hub-smartees\\\/#primaryimage\"},\"image\":{\"@id\":\"https:\\\/\\\/eurecat.org\\\/es\\\/hub-smartees\\\/#primaryimage\"},\"thumbnailUrl\":\"https:\\\/\\\/eurecat.org\\\/wp-content\\\/uploads\\\/2018\\\/02\\\/Eurecat_smartees.jpg\",\"datePublished\":\"2018-02-14T12:37:20+00:00\",\"dateModified\":\"2018-02-16T12:47:08+00:00\",\"author\":{\"@id\":\"https:\\\/\\\/eurecat.org\\\/es\\\/#\\\/schema\\\/person\\\/def9217eded50ee57a9dc4cf0c883f80\"},\"description\":\"El centro tecnol\u00f3gico participa en el programa de aceleraci\u00f3n europeo SmartEES, que mejorar\u00e1 la competitividad de las empresas seleccionadas mediante la incorporaci\u00f3n de electr\u00f3nica flexible.\",\"breadcrumb\":{\"@id\":\"https:\\\/\\\/eurecat.org\\\/es\\\/hub-smartees\\\/#breadcrumb\"},\"inLanguage\":\"es\",\"potentialAction\":[{\"@type\":\"ReadAction\",\"target\":[\"https:\\\/\\\/eurecat.org\\\/es\\\/hub-smartees\\\/\"]}]},{\"@type\":\"ImageObject\",\"inLanguage\":\"es\",\"@id\":\"https:\\\/\\\/eurecat.org\\\/es\\\/hub-smartees\\\/#primaryimage\",\"url\":\"https:\\\/\\\/eurecat.org\\\/wp-content\\\/uploads\\\/2018\\\/02\\\/Eurecat_smartees.jpg\",\"contentUrl\":\"https:\\\/\\\/eurecat.org\\\/wp-content\\\/uploads\\\/2018\\\/02\\\/Eurecat_smartees.jpg\",\"width\":1936,\"height\":1296,\"caption\":\"Electronica impresa\"},{\"@type\":\"BreadcrumbList\",\"@id\":\"https:\\\/\\\/eurecat.org\\\/es\\\/hub-smartees\\\/#breadcrumb\",\"itemListElement\":[{\"@type\":\"ListItem\",\"position\":1,\"name\":\"Inici\",\"item\":\"https:\\\/\\\/eurecat.org\\\/es\\\/\"},{\"@type\":\"ListItem\",\"position\":2,\"name\":\"Eurecat participa en un hub europeo de electr\u00f3nica impresa\"}]},{\"@type\":\"WebSite\",\"@id\":\"https:\\\/\\\/eurecat.org\\\/es\\\/#website\",\"url\":\"https:\\\/\\\/eurecat.org\\\/es\\\/\",\"name\":\"Eurecat\",\"description\":\"Otro sitio realizado con WordPress\",\"potentialAction\":[{\"@type\":\"SearchAction\",\"target\":{\"@type\":\"EntryPoint\",\"urlTemplate\":\"https:\\\/\\\/eurecat.org\\\/es\\\/?s={search_term_string}\"},\"query-input\":{\"@type\":\"PropertyValueSpecification\",\"valueRequired\":true,\"valueName\":\"search_term_string\"}}],\"inLanguage\":\"es\"},{\"@type\":\"Person\",\"@id\":\"https:\\\/\\\/eurecat.org\\\/es\\\/#\\\/schema\\\/person\\\/def9217eded50ee57a9dc4cf0c883f80\",\"name\":\"EurecatEG\",\"image\":{\"@type\":\"ImageObject\",\"inLanguage\":\"es\",\"@id\":\"https:\\\/\\\/secure.gravatar.com\\\/avatar\\\/f40dd9b6ecd3e5c591f3c9b033e495ee0ec9877ba77249fbf268b3889350c824?s=96&d=mm&r=g\",\"url\":\"https:\\\/\\\/secure.gravatar.com\\\/avatar\\\/f40dd9b6ecd3e5c591f3c9b033e495ee0ec9877ba77249fbf268b3889350c824?s=96&d=mm&r=g\",\"contentUrl\":\"https:\\\/\\\/secure.gravatar.com\\\/avatar\\\/f40dd9b6ecd3e5c591f3c9b033e495ee0ec9877ba77249fbf268b3889350c824?s=96&d=mm&r=g\",\"caption\":\"EurecatEG\"}}]}<\/script>\n<!-- \/ Yoast SEO plugin. -->","yoast_head_json":{"title":"Eurecat participa en un hub europeo de electr\u00f3nica impresa - Eurecat","description":"El centro tecnol\u00f3gico participa en el programa de aceleraci\u00f3n europeo SmartEES, que mejorar\u00e1 la competitividad de las empresas seleccionadas mediante la incorporaci\u00f3n de electr\u00f3nica flexible.","robots":{"index":"index","follow":"follow","max-snippet":"max-snippet:-1","max-image-preview":"max-image-preview:large","max-video-preview":"max-video-preview:-1"},"canonical":"https:\/\/eurecat.org\/es\/hub-smartees\/","og_locale":"es_ES","og_type":"article","og_title":"Eurecat participa en un hub europeo de electr\u00f3nica impresa - Eurecat","og_description":"El centro tecnol\u00f3gico participa en el programa de aceleraci\u00f3n europeo SmartEES, que mejorar\u00e1 la competitividad de las empresas seleccionadas mediante la incorporaci\u00f3n de electr\u00f3nica flexible.","og_url":"https:\/\/eurecat.org\/es\/hub-smartees\/","og_site_name":"Eurecat","article_published_time":"2018-02-14T12:37:20+00:00","article_modified_time":"2018-02-16T12:47:08+00:00","og_image":[{"width":1936,"height":1296,"url":"https:\/\/eurecat.org\/wp-content\/uploads\/2018\/02\/Eurecat_smartees.jpg","type":"image\/jpeg"}],"author":"EurecatEG","twitter_card":"summary_large_image","twitter_misc":{"Escrito por":"EurecatEG","Tiempo de lectura":"2 minutos"},"schema":{"@context":"https:\/\/schema.org","@graph":[{"@type":"Article","@id":"https:\/\/eurecat.org\/es\/hub-smartees\/#article","isPartOf":{"@id":"https:\/\/eurecat.org\/es\/hub-smartees\/"},"author":{"name":"EurecatEG","@id":"https:\/\/eurecat.org\/es\/#\/schema\/person\/def9217eded50ee57a9dc4cf0c883f80"},"headline":"Eurecat participa en un hub europeo de electr\u00f3nica impresa","datePublished":"2018-02-14T12:37:20+00:00","dateModified":"2018-02-16T12:47:08+00:00","mainEntityOfPage":{"@id":"https:\/\/eurecat.org\/es\/hub-smartees\/"},"wordCount":421,"commentCount":0,"image":{"@id":"https:\/\/eurecat.org\/es\/hub-smartees\/#primaryimage"},"thumbnailUrl":"https:\/\/eurecat.org\/wp-content\/uploads\/2018\/02\/Eurecat_smartees.jpg","keywords":["electr\u00f2nica impresa"],"articleSection":["Impresi\u00f3n funcional","Notas de prensa"],"inLanguage":"es","potentialAction":[{"@type":"CommentAction","name":"Comment","target":["https:\/\/eurecat.org\/es\/hub-smartees\/#respond"]}]},{"@type":"WebPage","@id":"https:\/\/eurecat.org\/es\/hub-smartees\/","url":"https:\/\/eurecat.org\/es\/hub-smartees\/","name":"Eurecat participa en un hub europeo de electr\u00f3nica impresa - Eurecat","isPartOf":{"@id":"https:\/\/eurecat.org\/es\/#website"},"primaryImageOfPage":{"@id":"https:\/\/eurecat.org\/es\/hub-smartees\/#primaryimage"},"image":{"@id":"https:\/\/eurecat.org\/es\/hub-smartees\/#primaryimage"},"thumbnailUrl":"https:\/\/eurecat.org\/wp-content\/uploads\/2018\/02\/Eurecat_smartees.jpg","datePublished":"2018-02-14T12:37:20+00:00","dateModified":"2018-02-16T12:47:08+00:00","author":{"@id":"https:\/\/eurecat.org\/es\/#\/schema\/person\/def9217eded50ee57a9dc4cf0c883f80"},"description":"El centro tecnol\u00f3gico participa en el programa de aceleraci\u00f3n europeo SmartEES, que mejorar\u00e1 la competitividad de las empresas seleccionadas mediante la incorporaci\u00f3n de electr\u00f3nica flexible.","breadcrumb":{"@id":"https:\/\/eurecat.org\/es\/hub-smartees\/#breadcrumb"},"inLanguage":"es","potentialAction":[{"@type":"ReadAction","target":["https:\/\/eurecat.org\/es\/hub-smartees\/"]}]},{"@type":"ImageObject","inLanguage":"es","@id":"https:\/\/eurecat.org\/es\/hub-smartees\/#primaryimage","url":"https:\/\/eurecat.org\/wp-content\/uploads\/2018\/02\/Eurecat_smartees.jpg","contentUrl":"https:\/\/eurecat.org\/wp-content\/uploads\/2018\/02\/Eurecat_smartees.jpg","width":1936,"height":1296,"caption":"Electronica impresa"},{"@type":"BreadcrumbList","@id":"https:\/\/eurecat.org\/es\/hub-smartees\/#breadcrumb","itemListElement":[{"@type":"ListItem","position":1,"name":"Inici","item":"https:\/\/eurecat.org\/es\/"},{"@type":"ListItem","position":2,"name":"Eurecat participa en un hub europeo de electr\u00f3nica impresa"}]},{"@type":"WebSite","@id":"https:\/\/eurecat.org\/es\/#website","url":"https:\/\/eurecat.org\/es\/","name":"Eurecat","description":"Otro sitio realizado con WordPress","potentialAction":[{"@type":"SearchAction","target":{"@type":"EntryPoint","urlTemplate":"https:\/\/eurecat.org\/es\/?s={search_term_string}"},"query-input":{"@type":"PropertyValueSpecification","valueRequired":true,"valueName":"search_term_string"}}],"inLanguage":"es"},{"@type":"Person","@id":"https:\/\/eurecat.org\/es\/#\/schema\/person\/def9217eded50ee57a9dc4cf0c883f80","name":"EurecatEG","image":{"@type":"ImageObject","inLanguage":"es","@id":"https:\/\/secure.gravatar.com\/avatar\/f40dd9b6ecd3e5c591f3c9b033e495ee0ec9877ba77249fbf268b3889350c824?s=96&d=mm&r=g","url":"https:\/\/secure.gravatar.com\/avatar\/f40dd9b6ecd3e5c591f3c9b033e495ee0ec9877ba77249fbf268b3889350c824?s=96&d=mm&r=g","contentUrl":"https:\/\/secure.gravatar.com\/avatar\/f40dd9b6ecd3e5c591f3c9b033e495ee0ec9877ba77249fbf268b3889350c824?s=96&d=mm&r=g","caption":"EurecatEG"}}]}},"_links":{"self":[{"href":"https:\/\/eurecat.org\/es\/wp-json\/wp\/v2\/posts\/49620","targetHints":{"allow":["GET"]}}],"collection":[{"href":"https:\/\/eurecat.org\/es\/wp-json\/wp\/v2\/posts"}],"about":[{"href":"https:\/\/eurecat.org\/es\/wp-json\/wp\/v2\/types\/post"}],"author":[{"embeddable":true,"href":"https:\/\/eurecat.org\/es\/wp-json\/wp\/v2\/users\/12"}],"replies":[{"embeddable":true,"href":"https:\/\/eurecat.org\/es\/wp-json\/wp\/v2\/comments?post=49620"}],"version-history":[{"count":0,"href":"https:\/\/eurecat.org\/es\/wp-json\/wp\/v2\/posts\/49620\/revisions"}],"wp:featuredmedia":[{"embeddable":true,"href":"https:\/\/eurecat.org\/es\/wp-json\/wp\/v2\/media\/49618"}],"wp:attachment":[{"href":"https:\/\/eurecat.org\/es\/wp-json\/wp\/v2\/media?parent=49620"}],"wp:term":[{"taxonomy":"category","embeddable":true,"href":"https:\/\/eurecat.org\/es\/wp-json\/wp\/v2\/categories?post=49620"},{"taxonomy":"post_tag","embeddable":true,"href":"https:\/\/eurecat.org\/es\/wp-json\/wp\/v2\/tags?post=49620"}],"curies":[{"name":"wp","href":"https:\/\/api.w.org\/{rel}","templated":true}]}}