{"id":50395,"date":"2018-02-19T07:46:14","date_gmt":"2018-02-19T07:46:14","guid":{"rendered":"https:\/\/eurecat.org\/barcelona-industry40\/"},"modified":"2018-02-23T07:56:31","modified_gmt":"2018-02-23T07:56:31","slug":"barcelona-industry40","status":"publish","type":"post","link":"https:\/\/eurecat.org\/es\/barcelona-industry40\/","title":{"rendered":"Barcelona acoge el Industry 4.0 Congress, el congreso europeo m\u00e1s importante sobre innovaci\u00f3n industrial"},"content":{"rendered":"<h1 style=\"text-align: center;\"><span style=\"color: #000000;\"><strong>Barcelona acoge el Industry 4.0 Congress, el congreso europeo m\u00e1s importante sobre innovaci\u00f3n industrial<\/strong><\/span><\/h1>\n<ul>\n<li style=\"text-align: center;\">\n<h2><span style=\"color: #000000;\"><strong>El Industry 4.0 Congress congregar\u00e1, del 13 al 15 de marzo, a m\u00e1s de un centenar de expertos internacionales para compartir los casos de \u00e9xito en innovaci\u00f3n industrial.<\/strong><\/span><\/h2>\n<\/li>\n<li style=\"text-align: center;\">\n<h2><span style=\"color: #000000;\"><strong>Se trata de un espacio de debate y de an\u00e1lisis en torno a los retos que introduce la digitalizaci\u00f3n de la industria.<\/strong><\/span><\/h2>\n<\/li>\n<\/ul>\n<p><strong><u>Barcelona, 19 de febrero de 2018.-<\/u> <\/strong>Barcelona acoger\u00e1 del 13 al 15 de marzo el <a href=\"https:\/\/www.advancedfactories.com\/congress\/\"><span style=\"color: #800080;\"><strong>Industry 4.0 Congress<\/strong><\/span><\/a>, el congreso europeo m\u00e1s importante sobre innovaci\u00f3n industrial, que en esta edici\u00f3n congregar\u00e1 a m\u00e1s de un centenar de expertos internacionales para compartir casos de \u00e9xito sobre sectores como la aeron\u00e1utica, la automoci\u00f3n, el ferrocarril, el textil, la alimentaci\u00f3n, el sider\u00fargico o la salud.<\/p>\n<p>El congreso, organizado por el centro tecnol\u00f3gico <strong><span style=\"color: #800080;\"><a style=\"color: #800080;\" href=\"https:\/\/eurecat.org\/es\/\">Eurecat<\/a><\/span><\/strong> (miembro de Tecnio) en el marco de la feria <span style=\"color: #800080;\"><strong><a style=\"color: #800080;\" href=\"https:\/\/www.advancedfactories.com\/\">Advanced Factories<\/a><\/strong><\/span>, \u201ces un espacio de debate y de an\u00e1lisis en torno a los retos que introduce la digitalizaci\u00f3n de la industria, con el fin de que las propuestas tecnol\u00f3gicas para el futuro m\u00e1s inmediato se conozcan y se extiendan a toda la actividad industrial\u00bb, destaca su director, Joan Guasch.<\/p>\n<p>En sus palabras, \u00abla flexibilidad, la fiabilidad, la reconfiguraci\u00f3n, la eficiencia y la autonom\u00eda son ahora requisitos b\u00e1sicos para el desarrollo de nuevas tecnolog\u00edas industriales y las industrias avanzadas deben estar preparadas para esta producci\u00f3n y para los cambios continuos y r\u00e1pidos que se producen\u00bb.<\/p>\n<p>\u00abEl cliente ya no es un elemento pasivo que compra lo que encuentra en las estanter\u00edas o en las tiendas, sino que es ahora qui\u00e9n decide qu\u00e9 se debe fabricar y c\u00f3mo se debe producir\u201d, continua Guasch, para quien el comprador \u201cpronto tambi\u00e9n influir\u00e1 mucho m\u00e1s que ahora en la decisi\u00f3n de d\u00f3nde se fabrica\u201d, de forma que \u201clas industrias deben estar preparadas para este nuevo paradigma\u00bb.<\/p>\n<p>Eurecat participar\u00e1 tambi\u00e9n en la feria Advanced Factories que convertir\u00e1 Barcelona en la capital europea de la industria 4.0, donde est\u00e1 prevista la asistencia de m\u00e1s de 10.000 congresistas y visitantes profesionales en busca de las \u00faltimas innovaciones en maquinaria, rob\u00f3tica y automatizaci\u00f3n industrial, as\u00ed como las nuevas soluciones tecnol\u00f3gicas impulsadas por la inteligencia artificial, el Internet de las Cosas, la fabricaci\u00f3n aditiva o la ciberseguridad industrial.<\/p>\n<p>En la presentaci\u00f3n de Advanced Factories, se ha puesto de manifiesto el potencial que supone Catalu\u00f1a en materia industrial. \u201cEl futuro lo marcar\u00e1n las regiones y las industrias con capacidad de producir bajo demanda, complementar el talento humano con la rob\u00f3tica colaborativa e incorporar la inteligencia artificial y el Internet de las Cosas en el dise\u00f1o de nuevos productos\u201d, ha se\u00f1alado Albert Planas, director general de Advanced Factories.<\/p>\n<p>\u00abEurecat es l\u00edder en tecnolog\u00edas industriales y digitales y tiene una posici\u00f3n l\u00edder para acompa\u00f1ar a las empresas en su transici\u00f3n hacia la f\u00e1brica del futuro\u00bb, que es \u00abuna transformaci\u00f3n v\u00e1lida para cualquier sector y tama\u00f1o de empresa\u201d, ya que \u201clo importante es entender la industria de una nueva forma\u00bb, ha subrayado Miquel Rey, director general de Negocio de Eurecat.<\/p>\n<p>\u201cLa Industria 4.0 ya est\u00e1 aqu\u00ed, la pedagog\u00eda y dar los instrumentos a nuestras pymes para que no pierdan competitividad es imprescindible y Advanced Factories es una excelente plataforma para conocer todas estas soluciones\u201d, ha remarcado por su parte \u00c0ngels Chac\u00f3n, directora general de Industria de la Generalitat de Catalunya.<\/p>\n<p style=\"text-align: left;\">Advanced Factories se ha convertido en un espacio que cada a\u00f1o empresas como ABB, Trumpf, HP, Kuka, T-Systems o Rockwell Automation, entre otras, se reservan para presentar sus novedades al sector.<\/p>\n","protected":false},"excerpt":{"rendered":"<p>Barcelona acoge el Industry 4.0 Congress, el congreso europeo m\u00e1s importante sobre innovaci\u00f3n industrial El Industry 4.0 Congress congregar\u00e1, del 13 al 15 de marzo, a m\u00e1s de un centenar de expertos internacionales para compartir los casos de \u00e9xito en innovaci\u00f3n industrial. Se trata de un espacio de debate y de an\u00e1lisis en torno a  [&#8230;]<\/p>\n","protected":false},"author":12,"featured_media":50392,"comment_status":"open","ping_status":"closed","sticky":false,"template":"","format":"standard","meta":{"footnotes":""},"categories":[682,702,134],"tags":[733],"class_list":["post-50395","post","type-post","status-publish","format-standard","has-post-thumbnail","hentry","category-corporatiu-es","category-eventos","category-notas-de-prensa","tag-industria-4-0-es"],"yoast_head":"<!-- This site is optimized with the Yoast SEO plugin v27.5 - https:\/\/yoast.com\/product\/yoast-seo-wordpress\/ -->\n<title>Barcelona acoge el Industry 4.0 Congress 2018<\/title>\n<meta name=\"description\" content=\"El Industry 4.0 Congress congregar\u00e1, del 13 al 15 de marzo, a m\u00e1s de un centenar de expertos internacionales para compartir los casos de \u00e9xito en innovaci\u00f3n industrial.\" \/>\n<meta name=\"robots\" content=\"index, follow, max-snippet:-1, max-image-preview:large, max-video-preview:-1\" \/>\n<link rel=\"canonical\" href=\"https:\/\/eurecat.org\/es\/barcelona-industry40\/\" \/>\n<meta property=\"og:locale\" content=\"es_ES\" \/>\n<meta property=\"og:type\" content=\"article\" \/>\n<meta property=\"og:title\" content=\"Barcelona acoge el Industry 4.0 Congress 2018\" \/>\n<meta property=\"og:description\" content=\"El Industry 4.0 Congress congregar\u00e1, del 13 al 15 de marzo, a m\u00e1s de un centenar de expertos internacionales para compartir los casos de \u00e9xito en innovaci\u00f3n industrial.\" \/>\n<meta property=\"og:url\" content=\"https:\/\/eurecat.org\/es\/barcelona-industry40\/\" \/>\n<meta property=\"og:site_name\" content=\"Eurecat\" \/>\n<meta property=\"article:published_time\" content=\"2018-02-19T07:46:14+00:00\" \/>\n<meta property=\"article:modified_time\" content=\"2018-02-23T07:56:31+00:00\" \/>\n<meta property=\"og:image\" content=\"https:\/\/eurecat.org\/wp-content\/uploads\/2018\/02\/Eurecat_industry_congress.jpg\" \/>\n\t<meta property=\"og:image:width\" content=\"1008\" \/>\n\t<meta property=\"og:image:height\" content=\"756\" \/>\n\t<meta property=\"og:image:type\" content=\"image\/jpeg\" \/>\n<meta name=\"author\" content=\"EurecatEG\" \/>\n<meta name=\"twitter:card\" content=\"summary_large_image\" \/>\n<meta name=\"twitter:label1\" content=\"Escrito por\" \/>\n\t<meta name=\"twitter:data1\" content=\"EurecatEG\" \/>\n\t<meta name=\"twitter:label2\" content=\"Tiempo de lectura\" \/>\n\t<meta name=\"twitter:data2\" content=\"3 minutos\" \/>\n<script type=\"application\/ld+json\" class=\"yoast-schema-graph\">{\"@context\":\"https:\\\/\\\/schema.org\",\"@graph\":[{\"@type\":\"Article\",\"@id\":\"https:\\\/\\\/eurecat.org\\\/es\\\/barcelona-industry40\\\/#article\",\"isPartOf\":{\"@id\":\"https:\\\/\\\/eurecat.org\\\/es\\\/barcelona-industry40\\\/\"},\"author\":{\"name\":\"EurecatEG\",\"@id\":\"https:\\\/\\\/eurecat.org\\\/es\\\/#\\\/schema\\\/person\\\/def9217eded50ee57a9dc4cf0c883f80\"},\"headline\":\"Barcelona acoge el Industry 4.0 Congress, el congreso europeo m\u00e1s importante sobre innovaci\u00f3n industrial\",\"datePublished\":\"2018-02-19T07:46:14+00:00\",\"dateModified\":\"2018-02-23T07:56:31+00:00\",\"mainEntityOfPage\":{\"@id\":\"https:\\\/\\\/eurecat.org\\\/es\\\/barcelona-industry40\\\/\"},\"wordCount\":642,\"commentCount\":0,\"image\":{\"@id\":\"https:\\\/\\\/eurecat.org\\\/es\\\/barcelona-industry40\\\/#primaryimage\"},\"thumbnailUrl\":\"https:\\\/\\\/eurecat.org\\\/wp-content\\\/uploads\\\/2018\\\/02\\\/Eurecat_industry_congress.jpg\",\"keywords\":[\"industria 4.0\"],\"articleSection\":[\"Corporativo\",\"Eventos\",\"Notas de prensa\"],\"inLanguage\":\"es\",\"potentialAction\":[{\"@type\":\"CommentAction\",\"name\":\"Comment\",\"target\":[\"https:\\\/\\\/eurecat.org\\\/es\\\/barcelona-industry40\\\/#respond\"]}]},{\"@type\":\"WebPage\",\"@id\":\"https:\\\/\\\/eurecat.org\\\/es\\\/barcelona-industry40\\\/\",\"url\":\"https:\\\/\\\/eurecat.org\\\/es\\\/barcelona-industry40\\\/\",\"name\":\"Barcelona acoge el Industry 4.0 Congress 2018\",\"isPartOf\":{\"@id\":\"https:\\\/\\\/eurecat.org\\\/es\\\/#website\"},\"primaryImageOfPage\":{\"@id\":\"https:\\\/\\\/eurecat.org\\\/es\\\/barcelona-industry40\\\/#primaryimage\"},\"image\":{\"@id\":\"https:\\\/\\\/eurecat.org\\\/es\\\/barcelona-industry40\\\/#primaryimage\"},\"thumbnailUrl\":\"https:\\\/\\\/eurecat.org\\\/wp-content\\\/uploads\\\/2018\\\/02\\\/Eurecat_industry_congress.jpg\",\"datePublished\":\"2018-02-19T07:46:14+00:00\",\"dateModified\":\"2018-02-23T07:56:31+00:00\",\"author\":{\"@id\":\"https:\\\/\\\/eurecat.org\\\/es\\\/#\\\/schema\\\/person\\\/def9217eded50ee57a9dc4cf0c883f80\"},\"description\":\"El Industry 4.0 Congress congregar\u00e1, del 13 al 15 de marzo, a m\u00e1s de un centenar de expertos internacionales para compartir los casos de \u00e9xito en innovaci\u00f3n industrial.\",\"breadcrumb\":{\"@id\":\"https:\\\/\\\/eurecat.org\\\/es\\\/barcelona-industry40\\\/#breadcrumb\"},\"inLanguage\":\"es\",\"potentialAction\":[{\"@type\":\"ReadAction\",\"target\":[\"https:\\\/\\\/eurecat.org\\\/es\\\/barcelona-industry40\\\/\"]}]},{\"@type\":\"ImageObject\",\"inLanguage\":\"es\",\"@id\":\"https:\\\/\\\/eurecat.org\\\/es\\\/barcelona-industry40\\\/#primaryimage\",\"url\":\"https:\\\/\\\/eurecat.org\\\/wp-content\\\/uploads\\\/2018\\\/02\\\/Eurecat_industry_congress.jpg\",\"contentUrl\":\"https:\\\/\\\/eurecat.org\\\/wp-content\\\/uploads\\\/2018\\\/02\\\/Eurecat_industry_congress.jpg\",\"width\":1008,\"height\":756},{\"@type\":\"BreadcrumbList\",\"@id\":\"https:\\\/\\\/eurecat.org\\\/es\\\/barcelona-industry40\\\/#breadcrumb\",\"itemListElement\":[{\"@type\":\"ListItem\",\"position\":1,\"name\":\"Inici\",\"item\":\"https:\\\/\\\/eurecat.org\\\/es\\\/\"},{\"@type\":\"ListItem\",\"position\":2,\"name\":\"Barcelona acoge el Industry 4.0 Congress, el congreso europeo m\u00e1s importante sobre innovaci\u00f3n industrial\"}]},{\"@type\":\"WebSite\",\"@id\":\"https:\\\/\\\/eurecat.org\\\/es\\\/#website\",\"url\":\"https:\\\/\\\/eurecat.org\\\/es\\\/\",\"name\":\"Eurecat\",\"description\":\"Otro sitio realizado con WordPress\",\"potentialAction\":[{\"@type\":\"SearchAction\",\"target\":{\"@type\":\"EntryPoint\",\"urlTemplate\":\"https:\\\/\\\/eurecat.org\\\/es\\\/?s={search_term_string}\"},\"query-input\":{\"@type\":\"PropertyValueSpecification\",\"valueRequired\":true,\"valueName\":\"search_term_string\"}}],\"inLanguage\":\"es\"},{\"@type\":\"Person\",\"@id\":\"https:\\\/\\\/eurecat.org\\\/es\\\/#\\\/schema\\\/person\\\/def9217eded50ee57a9dc4cf0c883f80\",\"name\":\"EurecatEG\",\"image\":{\"@type\":\"ImageObject\",\"inLanguage\":\"es\",\"@id\":\"https:\\\/\\\/secure.gravatar.com\\\/avatar\\\/f40dd9b6ecd3e5c591f3c9b033e495ee0ec9877ba77249fbf268b3889350c824?s=96&d=mm&r=g\",\"url\":\"https:\\\/\\\/secure.gravatar.com\\\/avatar\\\/f40dd9b6ecd3e5c591f3c9b033e495ee0ec9877ba77249fbf268b3889350c824?s=96&d=mm&r=g\",\"contentUrl\":\"https:\\\/\\\/secure.gravatar.com\\\/avatar\\\/f40dd9b6ecd3e5c591f3c9b033e495ee0ec9877ba77249fbf268b3889350c824?s=96&d=mm&r=g\",\"caption\":\"EurecatEG\"}}]}<\/script>\n<!-- \/ Yoast SEO plugin. -->","yoast_head_json":{"title":"Barcelona acoge el Industry 4.0 Congress 2018","description":"El Industry 4.0 Congress congregar\u00e1, del 13 al 15 de marzo, a m\u00e1s de un centenar de expertos internacionales para compartir los casos de \u00e9xito en innovaci\u00f3n industrial.","robots":{"index":"index","follow":"follow","max-snippet":"max-snippet:-1","max-image-preview":"max-image-preview:large","max-video-preview":"max-video-preview:-1"},"canonical":"https:\/\/eurecat.org\/es\/barcelona-industry40\/","og_locale":"es_ES","og_type":"article","og_title":"Barcelona acoge el Industry 4.0 Congress 2018","og_description":"El Industry 4.0 Congress congregar\u00e1, del 13 al 15 de marzo, a m\u00e1s de un centenar de expertos internacionales para compartir los casos de \u00e9xito en innovaci\u00f3n industrial.","og_url":"https:\/\/eurecat.org\/es\/barcelona-industry40\/","og_site_name":"Eurecat","article_published_time":"2018-02-19T07:46:14+00:00","article_modified_time":"2018-02-23T07:56:31+00:00","og_image":[{"width":1008,"height":756,"url":"https:\/\/eurecat.org\/wp-content\/uploads\/2018\/02\/Eurecat_industry_congress.jpg","type":"image\/jpeg"}],"author":"EurecatEG","twitter_card":"summary_large_image","twitter_misc":{"Escrito por":"EurecatEG","Tiempo de lectura":"3 minutos"},"schema":{"@context":"https:\/\/schema.org","@graph":[{"@type":"Article","@id":"https:\/\/eurecat.org\/es\/barcelona-industry40\/#article","isPartOf":{"@id":"https:\/\/eurecat.org\/es\/barcelona-industry40\/"},"author":{"name":"EurecatEG","@id":"https:\/\/eurecat.org\/es\/#\/schema\/person\/def9217eded50ee57a9dc4cf0c883f80"},"headline":"Barcelona acoge el Industry 4.0 Congress, el congreso europeo m\u00e1s importante sobre innovaci\u00f3n industrial","datePublished":"2018-02-19T07:46:14+00:00","dateModified":"2018-02-23T07:56:31+00:00","mainEntityOfPage":{"@id":"https:\/\/eurecat.org\/es\/barcelona-industry40\/"},"wordCount":642,"commentCount":0,"image":{"@id":"https:\/\/eurecat.org\/es\/barcelona-industry40\/#primaryimage"},"thumbnailUrl":"https:\/\/eurecat.org\/wp-content\/uploads\/2018\/02\/Eurecat_industry_congress.jpg","keywords":["industria 4.0"],"articleSection":["Corporativo","Eventos","Notas de prensa"],"inLanguage":"es","potentialAction":[{"@type":"CommentAction","name":"Comment","target":["https:\/\/eurecat.org\/es\/barcelona-industry40\/#respond"]}]},{"@type":"WebPage","@id":"https:\/\/eurecat.org\/es\/barcelona-industry40\/","url":"https:\/\/eurecat.org\/es\/barcelona-industry40\/","name":"Barcelona acoge el Industry 4.0 Congress 2018","isPartOf":{"@id":"https:\/\/eurecat.org\/es\/#website"},"primaryImageOfPage":{"@id":"https:\/\/eurecat.org\/es\/barcelona-industry40\/#primaryimage"},"image":{"@id":"https:\/\/eurecat.org\/es\/barcelona-industry40\/#primaryimage"},"thumbnailUrl":"https:\/\/eurecat.org\/wp-content\/uploads\/2018\/02\/Eurecat_industry_congress.jpg","datePublished":"2018-02-19T07:46:14+00:00","dateModified":"2018-02-23T07:56:31+00:00","author":{"@id":"https:\/\/eurecat.org\/es\/#\/schema\/person\/def9217eded50ee57a9dc4cf0c883f80"},"description":"El Industry 4.0 Congress congregar\u00e1, del 13 al 15 de marzo, a m\u00e1s de un centenar de expertos internacionales para compartir los casos de \u00e9xito en innovaci\u00f3n industrial.","breadcrumb":{"@id":"https:\/\/eurecat.org\/es\/barcelona-industry40\/#breadcrumb"},"inLanguage":"es","potentialAction":[{"@type":"ReadAction","target":["https:\/\/eurecat.org\/es\/barcelona-industry40\/"]}]},{"@type":"ImageObject","inLanguage":"es","@id":"https:\/\/eurecat.org\/es\/barcelona-industry40\/#primaryimage","url":"https:\/\/eurecat.org\/wp-content\/uploads\/2018\/02\/Eurecat_industry_congress.jpg","contentUrl":"https:\/\/eurecat.org\/wp-content\/uploads\/2018\/02\/Eurecat_industry_congress.jpg","width":1008,"height":756},{"@type":"BreadcrumbList","@id":"https:\/\/eurecat.org\/es\/barcelona-industry40\/#breadcrumb","itemListElement":[{"@type":"ListItem","position":1,"name":"Inici","item":"https:\/\/eurecat.org\/es\/"},{"@type":"ListItem","position":2,"name":"Barcelona acoge el Industry 4.0 Congress, el congreso europeo m\u00e1s importante sobre innovaci\u00f3n industrial"}]},{"@type":"WebSite","@id":"https:\/\/eurecat.org\/es\/#website","url":"https:\/\/eurecat.org\/es\/","name":"Eurecat","description":"Otro sitio realizado con WordPress","potentialAction":[{"@type":"SearchAction","target":{"@type":"EntryPoint","urlTemplate":"https:\/\/eurecat.org\/es\/?s={search_term_string}"},"query-input":{"@type":"PropertyValueSpecification","valueRequired":true,"valueName":"search_term_string"}}],"inLanguage":"es"},{"@type":"Person","@id":"https:\/\/eurecat.org\/es\/#\/schema\/person\/def9217eded50ee57a9dc4cf0c883f80","name":"EurecatEG","image":{"@type":"ImageObject","inLanguage":"es","@id":"https:\/\/secure.gravatar.com\/avatar\/f40dd9b6ecd3e5c591f3c9b033e495ee0ec9877ba77249fbf268b3889350c824?s=96&d=mm&r=g","url":"https:\/\/secure.gravatar.com\/avatar\/f40dd9b6ecd3e5c591f3c9b033e495ee0ec9877ba77249fbf268b3889350c824?s=96&d=mm&r=g","contentUrl":"https:\/\/secure.gravatar.com\/avatar\/f40dd9b6ecd3e5c591f3c9b033e495ee0ec9877ba77249fbf268b3889350c824?s=96&d=mm&r=g","caption":"EurecatEG"}}]}},"_links":{"self":[{"href":"https:\/\/eurecat.org\/es\/wp-json\/wp\/v2\/posts\/50395","targetHints":{"allow":["GET"]}}],"collection":[{"href":"https:\/\/eurecat.org\/es\/wp-json\/wp\/v2\/posts"}],"about":[{"href":"https:\/\/eurecat.org\/es\/wp-json\/wp\/v2\/types\/post"}],"author":[{"embeddable":true,"href":"https:\/\/eurecat.org\/es\/wp-json\/wp\/v2\/users\/12"}],"replies":[{"embeddable":true,"href":"https:\/\/eurecat.org\/es\/wp-json\/wp\/v2\/comments?post=50395"}],"version-history":[{"count":0,"href":"https:\/\/eurecat.org\/es\/wp-json\/wp\/v2\/posts\/50395\/revisions"}],"wp:featuredmedia":[{"embeddable":true,"href":"https:\/\/eurecat.org\/es\/wp-json\/wp\/v2\/media\/50392"}],"wp:attachment":[{"href":"https:\/\/eurecat.org\/es\/wp-json\/wp\/v2\/media?parent=50395"}],"wp:term":[{"taxonomy":"category","embeddable":true,"href":"https:\/\/eurecat.org\/es\/wp-json\/wp\/v2\/categories?post=50395"},{"taxonomy":"post_tag","embeddable":true,"href":"https:\/\/eurecat.org\/es\/wp-json\/wp\/v2\/tags?post=50395"}],"curies":[{"name":"wp","href":"https:\/\/api.w.org\/{rel}","templated":true}]}}