{"id":50809,"date":"2018-02-28T14:23:22","date_gmt":"2018-02-28T14:23:22","guid":{"rendered":"https:\/\/eurecat.org\/?p=50809"},"modified":"2018-02-28T14:30:23","modified_gmt":"2018-02-28T14:30:23","slug":"electronica-impresa-clave-internet-de-las-cosas","status":"publish","type":"post","link":"https:\/\/eurecat.org\/es\/electronica-impresa-clave-internet-de-las-cosas\/","title":{"rendered":"La electr\u00f3nica impresa, una tecnologia clave para la Internet de les cosas"},"content":{"rendered":"<p><strong>Paul Lacharmoise dirige la <a href=\"https:\/\/eurecat.org\/es\/ambitos-de-conocimiento\/impresion-funcional-dispositivos-embebidos\/\">Unidad Tecnol\u00f3gica Functional Printing &amp; Embedded Devices de Eurecat<\/a>, un \u00e1rea que aporta funcionalidad a superficies r\u00edgidas y flexibles y tambi\u00e9n a objetos a trav\u00e9s de la impresi\u00f3n de dispositivos de capa fina, hibridaci\u00f3n de electr\u00f3nica en circuitos impresos e integraci\u00f3n de sensores y electr\u00f3nicas de control a medida, entre otros elementos. <\/strong><\/p>\n<p><strong>En esta entrevista, explica algunas claves sobre el protagonismo que van a tener muy pronto estas tecnolog\u00edas en sectores como los de la automoci\u00f3n, la aeron\u00e1utica, el transporte ferroviario, el packaging y la salud. <\/strong><\/p>\n<p><strong>\u00bfQu\u00e9 tipo de proyectos llev\u00e1is a cabo en la Unidad de Functional Printing &amp; Embedded Devices?<\/strong><\/p>\n<p>Llevamos a cabo proyectos de I+D aplicada dirigidos al mercado privado, investigaciones con financiaci\u00f3n p\u00fablica y tambi\u00e9n proyectos internos, tanto de innovaci\u00f3n como de investigaci\u00f3n estrat\u00e9gica. El denominador com\u00fan es que los proyectos implican la implementaci\u00f3n de la tecnolog\u00eda de impresi\u00f3n funcional, as\u00ed como el desarrollo de electr\u00f3nica convencional para controlar dispositivos impresos y como servicios para clientes u otras unidades tecnol\u00f3gicas de Eurecat.<\/p>\n<p><strong>\u00bfQu\u00e9 ventajas ofrece la electr\u00f3nica impresa? <\/strong><\/p>\n<p>Podemos trabajar sobre sustratos flexibles y el\u00e1sticos. Los dispositivos est\u00e1n embebidos en la superficie sobre la que imprimimos y ocupan poco espacio y son ligeros. Adem\u00e1s, se pueden fabricar por m\u00e9todos de impresi\u00f3n derivados de las artes gr\u00e1ficas, a escala masiva, lo que permite acceder a productos que, por cuesti\u00f3n de dise\u00f1o o condiciones de uso, requieren ser f\u00e1cilmente integrables, adem\u00e1s de tener poco peso o flexibilidad.<\/p>\n<p><strong>La fot\u00f3nica forma parte tambi\u00e9n de vuestra especializaci\u00f3n. \u00bfQu\u00e9 aplicaciones tiene? <\/strong><\/p>\n<p>La fot\u00f3nica es un campo muy grande. Nosotros estamos enfocados en dos tipos de tecnolog\u00eda en el campo de la fot\u00f3nica impresa. Por un lado, la fotovoltaica impresa, que permite desarrollar c\u00e9lulas solares sobre sustratos flexibles, de bajo peso, f\u00e1cilmente integrables en distintas superficies, como la fachada de un edificio, una ventana o una camiseta.<\/p>\n<p>Tambi\u00e9n investigamos sistemas de iluminaci\u00f3n impresos en capa fina. Desarrollamos l\u00e1mparas impresas en soportes como el papel, el pl\u00e1stico o los tejidos, con ventajas en su integraci\u00f3n para hacer distintos tipos de producto.<\/p>\n<p><strong>Otra de vuestras l\u00edneas de trabajo es la Smart Engineering. \u00bfEn qu\u00e9 consiste? \u00bfEs un \u00e1mbito muy emergente todav\u00eda? <\/strong><\/p>\n<p>Se trata de una l\u00ednea de trabajo que est\u00e1 compuesta, principalmente, por un equipo de ingenieros electr\u00f3nicos y de telecomunicaciones, en la que hacemos desarrollo tanto de la parte de electr\u00f3nica h\u00edbrida (combinaci\u00f3n de componentes impresos y de estado s\u00f3lido) como de electr\u00f3nica convencional. Sin ser una l\u00ednea de investigaci\u00f3n emergente, es una l\u00ednea estrat\u00e9gica y con recorrido, puesto que genera nuevas soluciones, con tecnolog\u00edas m\u00e1s habituales, no tan punteras, que nos permiten hacer dispositivos electr\u00f3nicos para aplicaciones muy distintas.<\/p>\n<p>El \u00e1mbito m\u00e1s emergente que abarca esta l\u00ednea es el de la electr\u00f3nica h\u00edbrida, que consiste en combinar dispositivos impresos y dispositivos de estado s\u00f3lido (basados en silicio). A su vez, tambi\u00e9n participamos en proyectos disruptivos haciendo desarrollo de hardware para algunos productos muy innovadores, como fue el caso de iCardio, el electrocardi\u00f3grafo digital inal\u00e1mbrico m\u00e1s peque\u00f1o del mercado.<\/p>\n<p><strong>En conjunto, \u00bfcu\u00e1l es el potencial de vuestro campo de investigaci\u00f3n de cara al mercado? \u00bfEn cu\u00e1nto tiempo veremos estas innovaciones convertidas en productos masivos?<\/strong><\/p>\n<p>El potencial es alto, porque muchos estudios de nuevas tecnolog\u00edas se\u00f1alan la electr\u00f3nica impresa como una de las tecnolog\u00edas con m\u00e1s potencial de crecimiento, junto a la impresi\u00f3n 3D.<\/p>\n<p>Con el avance del Internet de las Cosas, la electr\u00f3nica impresa ser\u00e1 una de las tecnolog\u00edas que se implementar\u00e1n para conseguir estos productos conectados. Estamos viendo cada vez m\u00e1s objetos inteligentes de la vida cotidiana con nuevas funcionalidades que vienen dadas por tener dispositivos impresos. Los sensores nos monitorizan a nosotros, a nuestro entorno, a la ciudad y a las industrias.<\/p>\n<p>Empresas del sector del autom\u00f3vil y ferroviario ya est\u00e1n demandando la tecnolog\u00eda de In Mold Electronics para producir elementos destinados a la interacci\u00f3n entre personas y m\u00e1quinas, por lo que, en el corto plazo, veremos aplicaciones en estos \u00e1mbitos.<\/p>\n<p>A largo plazo, veremos soluciones con electr\u00f3nica el\u00e1stica, con sistemas compatibles con la piel humana, ap\u00f3sitos inteligentes para el sector de la salud, parches que permitir\u00e1n monitorizar las constantes fisiol\u00f3gicas y proyectos de implantes subcut\u00e1neos, que contendr\u00e1n electr\u00f3nica impresa, muy fina y poco invasiva.<\/p>\n<p><strong>\u00bfQu\u00e9 sectores se pueden beneficiar m\u00e1s de vuestras capacidades? <\/strong><\/p>\n<p>Estamos trabajando mucho en los sectores de la salud, de la automoci\u00f3n y el aeron\u00e1utico. Todos ellos son \u00e1mbitos llamados a exhibir los primeros productos de electr\u00f3nica impresa. El packaging, tambi\u00e9n es candidato a incorporar r\u00e1pido esta tecnolog\u00eda.<\/p>\n<p>Asimismo, nuestro equipo desarrolla tecnolog\u00edas muy transversales que impactan en muchos sectores, como el textil, con los wearables, as\u00ed como en electr\u00f3nica de consumo. Este a\u00f1o hab\u00e9is recibido un importante reconocimiento en la feria LOPEC de M\u00fanich, el principal evento europeo en el sector de la electr\u00f3nica impresa.<\/p>\n<p><strong>\u00bfQu\u00e9 ha significado para vosotros? <\/strong><\/p>\n<p>El premio ha significado un reconocimiento a un trabajo bien hecho y a nuestra apuesta de dar a conocer nuestra tecnolog\u00eda a trav\u00e9s del concurso de LOPEC, que nos hizo competir y estar a la altura de los grandes centros de Europa.<\/p>\n<p>Esto ha hecho que surgieran contactos y ha fortalecido nuestro v\u00ednculo con la empresa con la que desarrollamos el demostrador, que ahora es prescriptora de nuestra tecnolog\u00eda. Tambi\u00e9n centros y empresas que se acercaron a nosotros a trav\u00e9s de la difusi\u00f3n del premio, por lo que ha tenido tambi\u00e9n consecuencias positivas desde el punto de vista comercial.<\/p>\n<p><strong>\u00bfNos puedes anticipar algunas de las innovaciones que veremos en los pr\u00f3ximos a\u00f1os? <\/strong><\/p>\n<p>Veremos m\u00e1s sensores a nuestro alrededor en nuestras prendas, en nuestro hogar, en los centros de trabajo y en las ciudades, que ir\u00e1n monitorizando nuestra actividad del d\u00eda a d\u00eda y nos ayudar\u00e1n a vivir mejor.<\/p>\n<p>A nivel m\u00e1s concreto, el ramo de la automoci\u00f3n ya nos est\u00e1 pidiendo tecnolog\u00eda impresa para productos que estar\u00e1n en los pr\u00f3ximos modelos de coches y el sector de los electrodom\u00e9sticos tambi\u00e9n ser\u00e1 de los primeros que incluir\u00e1 electr\u00f3nica impresa en sus productos.<\/p>\n<p>En los pr\u00f3ximos cinco a\u00f1os veremos innovaciones como ap\u00f3sitos inteligentes que informar\u00e1n si una herida est\u00e1 infectada.<\/p>\n","protected":false},"excerpt":{"rendered":"<p>Paul Lacharmoise dirige la Unidad Tecnol\u00f3gica Functional Printing &amp; Embedded Devices de Eurecat, un \u00e1rea que aporta funcionalidad a superficies r\u00edgidas y flexibles y tambi\u00e9n a objetos a trav\u00e9s de la impresi\u00f3n de dispositivos de capa fina, hibridaci\u00f3n de electr\u00f3nica en circuitos impresos e integraci\u00f3n de sensores y electr\u00f3nicas de control a medida, entre otros  [&#8230;]<\/p>\n","protected":false},"author":6,"featured_media":50866,"comment_status":"open","ping_status":"closed","sticky":false,"template":"","format":"standard","meta":{"footnotes":""},"categories":[133,399],"tags":[1427,1404,1341],"class_list":["post-50809","post","type-post","status-publish","format-standard","has-post-thumbnail","hentry","category-blog","category-impresion-funcional","tag-apositos-inteligentes","tag-electronica-impresa-es","tag-productos-electronica-impresa"],"yoast_head":"<!-- This site is optimized with the Yoast SEO plugin v27.4 - https:\/\/yoast.com\/product\/yoast-seo-wordpress\/ -->\n<title>La electr\u00f3nica impresa, una tecnologia clave para la Internet de les cosas<\/title>\n<meta name=\"description\" content=\"La electr\u00f3nica impresa ser\u00e1 una de las tecnolog\u00edas que se implementar\u00e1n para conseguir m\u00e1s objetos inteligentes de la vida cotidiana con nuevas funcionalidades.\" \/>\n<meta name=\"robots\" content=\"index, follow, max-snippet:-1, max-image-preview:large, max-video-preview:-1\" \/>\n<link rel=\"canonical\" href=\"https:\/\/eurecat.org\/es\/electronica-impresa-clave-internet-de-las-cosas\/\" \/>\n<meta property=\"og:locale\" content=\"es_ES\" \/>\n<meta property=\"og:type\" content=\"article\" \/>\n<meta property=\"og:title\" content=\"La electr\u00f3nica impresa, una tecnologia clave para la Internet de les cosas\" \/>\n<meta property=\"og:description\" content=\"La electr\u00f3nica impresa ser\u00e1 una de las tecnolog\u00edas que se implementar\u00e1n para conseguir m\u00e1s objetos inteligentes de la vida cotidiana con nuevas funcionalidades.\" \/>\n<meta property=\"og:url\" content=\"https:\/\/eurecat.org\/es\/electronica-impresa-clave-internet-de-las-cosas\/\" \/>\n<meta property=\"og:site_name\" content=\"Eurecat\" \/>\n<meta property=\"article:published_time\" content=\"2018-02-28T14:23:22+00:00\" \/>\n<meta property=\"article:modified_time\" content=\"2018-02-28T14:30:23+00:00\" \/>\n<meta property=\"og:image\" content=\"https:\/\/eurecat.org\/wp-content\/uploads\/2018\/02\/paul_lacharmoise.jpg\" \/>\n\t<meta property=\"og:image:width\" content=\"774\" \/>\n\t<meta property=\"og:image:height\" content=\"530\" \/>\n\t<meta property=\"og:image:type\" content=\"image\/jpeg\" \/>\n<meta name=\"author\" content=\"EurecatEM\" \/>\n<meta name=\"twitter:card\" content=\"summary_large_image\" \/>\n<meta name=\"twitter:label1\" content=\"Escrito por\" \/>\n\t<meta name=\"twitter:data1\" content=\"EurecatEM\" \/>\n\t<meta name=\"twitter:label2\" content=\"Tiempo de lectura\" \/>\n\t<meta name=\"twitter:data2\" content=\"6 minutos\" \/>\n<script type=\"application\/ld+json\" class=\"yoast-schema-graph\">{\"@context\":\"https:\\\/\\\/schema.org\",\"@graph\":[{\"@type\":\"Article\",\"@id\":\"https:\\\/\\\/eurecat.org\\\/es\\\/electronica-impresa-clave-internet-de-las-cosas\\\/#article\",\"isPartOf\":{\"@id\":\"https:\\\/\\\/eurecat.org\\\/es\\\/electronica-impresa-clave-internet-de-las-cosas\\\/\"},\"author\":{\"name\":\"EurecatEM\",\"@id\":\"https:\\\/\\\/eurecat.org\\\/es\\\/#\\\/schema\\\/person\\\/540d47fd9da63c4587cbae01b88e4db3\"},\"headline\":\"La electr\u00f3nica impresa, una tecnologia clave para la Internet de les cosas\",\"datePublished\":\"2018-02-28T14:23:22+00:00\",\"dateModified\":\"2018-02-28T14:30:23+00:00\",\"mainEntityOfPage\":{\"@id\":\"https:\\\/\\\/eurecat.org\\\/es\\\/electronica-impresa-clave-internet-de-las-cosas\\\/\"},\"wordCount\":1161,\"commentCount\":0,\"image\":{\"@id\":\"https:\\\/\\\/eurecat.org\\\/es\\\/electronica-impresa-clave-internet-de-las-cosas\\\/#primaryimage\"},\"thumbnailUrl\":\"https:\\\/\\\/eurecat.org\\\/wp-content\\\/uploads\\\/2018\\\/02\\\/paul_lacharmoise.jpg\",\"keywords\":[\"ap\u00f3sitos inteligentes\",\"electr\u00f2nica impresa\",\"productos electr\u00f3nica impresa\"],\"articleSection\":[\"Blog\",\"Impresi\u00f3n funcional\"],\"inLanguage\":\"es\",\"potentialAction\":[{\"@type\":\"CommentAction\",\"name\":\"Comment\",\"target\":[\"https:\\\/\\\/eurecat.org\\\/es\\\/electronica-impresa-clave-internet-de-las-cosas\\\/#respond\"]}]},{\"@type\":\"WebPage\",\"@id\":\"https:\\\/\\\/eurecat.org\\\/es\\\/electronica-impresa-clave-internet-de-las-cosas\\\/\",\"url\":\"https:\\\/\\\/eurecat.org\\\/es\\\/electronica-impresa-clave-internet-de-las-cosas\\\/\",\"name\":\"La electr\u00f3nica impresa, una tecnologia clave para la Internet de les cosas\",\"isPartOf\":{\"@id\":\"https:\\\/\\\/eurecat.org\\\/es\\\/#website\"},\"primaryImageOfPage\":{\"@id\":\"https:\\\/\\\/eurecat.org\\\/es\\\/electronica-impresa-clave-internet-de-las-cosas\\\/#primaryimage\"},\"image\":{\"@id\":\"https:\\\/\\\/eurecat.org\\\/es\\\/electronica-impresa-clave-internet-de-las-cosas\\\/#primaryimage\"},\"thumbnailUrl\":\"https:\\\/\\\/eurecat.org\\\/wp-content\\\/uploads\\\/2018\\\/02\\\/paul_lacharmoise.jpg\",\"datePublished\":\"2018-02-28T14:23:22+00:00\",\"dateModified\":\"2018-02-28T14:30:23+00:00\",\"author\":{\"@id\":\"https:\\\/\\\/eurecat.org\\\/es\\\/#\\\/schema\\\/person\\\/540d47fd9da63c4587cbae01b88e4db3\"},\"description\":\"La electr\u00f3nica impresa ser\u00e1 una de las tecnolog\u00edas que se implementar\u00e1n para conseguir m\u00e1s objetos inteligentes de la vida cotidiana con nuevas funcionalidades.\",\"breadcrumb\":{\"@id\":\"https:\\\/\\\/eurecat.org\\\/es\\\/electronica-impresa-clave-internet-de-las-cosas\\\/#breadcrumb\"},\"inLanguage\":\"es\",\"potentialAction\":[{\"@type\":\"ReadAction\",\"target\":[\"https:\\\/\\\/eurecat.org\\\/es\\\/electronica-impresa-clave-internet-de-las-cosas\\\/\"]}]},{\"@type\":\"ImageObject\",\"inLanguage\":\"es\",\"@id\":\"https:\\\/\\\/eurecat.org\\\/es\\\/electronica-impresa-clave-internet-de-las-cosas\\\/#primaryimage\",\"url\":\"https:\\\/\\\/eurecat.org\\\/wp-content\\\/uploads\\\/2018\\\/02\\\/paul_lacharmoise.jpg\",\"contentUrl\":\"https:\\\/\\\/eurecat.org\\\/wp-content\\\/uploads\\\/2018\\\/02\\\/paul_lacharmoise.jpg\",\"width\":\"774\",\"height\":\"530\",\"caption\":\"electr\u00f2nica impresa\"},{\"@type\":\"BreadcrumbList\",\"@id\":\"https:\\\/\\\/eurecat.org\\\/es\\\/electronica-impresa-clave-internet-de-las-cosas\\\/#breadcrumb\",\"itemListElement\":[{\"@type\":\"ListItem\",\"position\":1,\"name\":\"Inici\",\"item\":\"https:\\\/\\\/eurecat.org\\\/es\\\/\"},{\"@type\":\"ListItem\",\"position\":2,\"name\":\"La electr\u00f3nica impresa, una tecnologia clave para la Internet de les cosas\"}]},{\"@type\":\"WebSite\",\"@id\":\"https:\\\/\\\/eurecat.org\\\/es\\\/#website\",\"url\":\"https:\\\/\\\/eurecat.org\\\/es\\\/\",\"name\":\"Eurecat\",\"description\":\"Otro sitio realizado con WordPress\",\"potentialAction\":[{\"@type\":\"SearchAction\",\"target\":{\"@type\":\"EntryPoint\",\"urlTemplate\":\"https:\\\/\\\/eurecat.org\\\/es\\\/?s={search_term_string}\"},\"query-input\":{\"@type\":\"PropertyValueSpecification\",\"valueRequired\":true,\"valueName\":\"search_term_string\"}}],\"inLanguage\":\"es\"},{\"@type\":\"Person\",\"@id\":\"https:\\\/\\\/eurecat.org\\\/es\\\/#\\\/schema\\\/person\\\/540d47fd9da63c4587cbae01b88e4db3\",\"name\":\"EurecatEM\",\"image\":{\"@type\":\"ImageObject\",\"inLanguage\":\"es\",\"@id\":\"https:\\\/\\\/secure.gravatar.com\\\/avatar\\\/deb330c0660ac5bf74cae5724d94229935e34c26df9bce576399b4da2212af05?s=96&d=mm&r=g\",\"url\":\"https:\\\/\\\/secure.gravatar.com\\\/avatar\\\/deb330c0660ac5bf74cae5724d94229935e34c26df9bce576399b4da2212af05?s=96&d=mm&r=g\",\"contentUrl\":\"https:\\\/\\\/secure.gravatar.com\\\/avatar\\\/deb330c0660ac5bf74cae5724d94229935e34c26df9bce576399b4da2212af05?s=96&d=mm&r=g\",\"caption\":\"EurecatEM\"}}]}<\/script>\n<!-- \/ Yoast SEO plugin. -->","yoast_head_json":{"title":"La electr\u00f3nica impresa, una tecnologia clave para la Internet de les cosas","description":"La electr\u00f3nica impresa ser\u00e1 una de las tecnolog\u00edas que se implementar\u00e1n para conseguir m\u00e1s objetos inteligentes de la vida cotidiana con nuevas funcionalidades.","robots":{"index":"index","follow":"follow","max-snippet":"max-snippet:-1","max-image-preview":"max-image-preview:large","max-video-preview":"max-video-preview:-1"},"canonical":"https:\/\/eurecat.org\/es\/electronica-impresa-clave-internet-de-las-cosas\/","og_locale":"es_ES","og_type":"article","og_title":"La electr\u00f3nica impresa, una tecnologia clave para la Internet de les cosas","og_description":"La electr\u00f3nica impresa ser\u00e1 una de las tecnolog\u00edas que se implementar\u00e1n para conseguir m\u00e1s objetos inteligentes de la vida cotidiana con nuevas funcionalidades.","og_url":"https:\/\/eurecat.org\/es\/electronica-impresa-clave-internet-de-las-cosas\/","og_site_name":"Eurecat","article_published_time":"2018-02-28T14:23:22+00:00","article_modified_time":"2018-02-28T14:30:23+00:00","og_image":[{"width":774,"height":530,"url":"https:\/\/eurecat.org\/wp-content\/uploads\/2018\/02\/paul_lacharmoise.jpg","type":"image\/jpeg"}],"author":"EurecatEM","twitter_card":"summary_large_image","twitter_misc":{"Escrito por":"EurecatEM","Tiempo de lectura":"6 minutos"},"schema":{"@context":"https:\/\/schema.org","@graph":[{"@type":"Article","@id":"https:\/\/eurecat.org\/es\/electronica-impresa-clave-internet-de-las-cosas\/#article","isPartOf":{"@id":"https:\/\/eurecat.org\/es\/electronica-impresa-clave-internet-de-las-cosas\/"},"author":{"name":"EurecatEM","@id":"https:\/\/eurecat.org\/es\/#\/schema\/person\/540d47fd9da63c4587cbae01b88e4db3"},"headline":"La electr\u00f3nica impresa, una tecnologia clave para la Internet de les cosas","datePublished":"2018-02-28T14:23:22+00:00","dateModified":"2018-02-28T14:30:23+00:00","mainEntityOfPage":{"@id":"https:\/\/eurecat.org\/es\/electronica-impresa-clave-internet-de-las-cosas\/"},"wordCount":1161,"commentCount":0,"image":{"@id":"https:\/\/eurecat.org\/es\/electronica-impresa-clave-internet-de-las-cosas\/#primaryimage"},"thumbnailUrl":"https:\/\/eurecat.org\/wp-content\/uploads\/2018\/02\/paul_lacharmoise.jpg","keywords":["ap\u00f3sitos inteligentes","electr\u00f2nica impresa","productos electr\u00f3nica impresa"],"articleSection":["Blog","Impresi\u00f3n funcional"],"inLanguage":"es","potentialAction":[{"@type":"CommentAction","name":"Comment","target":["https:\/\/eurecat.org\/es\/electronica-impresa-clave-internet-de-las-cosas\/#respond"]}]},{"@type":"WebPage","@id":"https:\/\/eurecat.org\/es\/electronica-impresa-clave-internet-de-las-cosas\/","url":"https:\/\/eurecat.org\/es\/electronica-impresa-clave-internet-de-las-cosas\/","name":"La electr\u00f3nica impresa, una tecnologia clave para la Internet de les cosas","isPartOf":{"@id":"https:\/\/eurecat.org\/es\/#website"},"primaryImageOfPage":{"@id":"https:\/\/eurecat.org\/es\/electronica-impresa-clave-internet-de-las-cosas\/#primaryimage"},"image":{"@id":"https:\/\/eurecat.org\/es\/electronica-impresa-clave-internet-de-las-cosas\/#primaryimage"},"thumbnailUrl":"https:\/\/eurecat.org\/wp-content\/uploads\/2018\/02\/paul_lacharmoise.jpg","datePublished":"2018-02-28T14:23:22+00:00","dateModified":"2018-02-28T14:30:23+00:00","author":{"@id":"https:\/\/eurecat.org\/es\/#\/schema\/person\/540d47fd9da63c4587cbae01b88e4db3"},"description":"La electr\u00f3nica impresa ser\u00e1 una de las tecnolog\u00edas que se implementar\u00e1n para conseguir m\u00e1s objetos inteligentes de la vida cotidiana con nuevas funcionalidades.","breadcrumb":{"@id":"https:\/\/eurecat.org\/es\/electronica-impresa-clave-internet-de-las-cosas\/#breadcrumb"},"inLanguage":"es","potentialAction":[{"@type":"ReadAction","target":["https:\/\/eurecat.org\/es\/electronica-impresa-clave-internet-de-las-cosas\/"]}]},{"@type":"ImageObject","inLanguage":"es","@id":"https:\/\/eurecat.org\/es\/electronica-impresa-clave-internet-de-las-cosas\/#primaryimage","url":"https:\/\/eurecat.org\/wp-content\/uploads\/2018\/02\/paul_lacharmoise.jpg","contentUrl":"https:\/\/eurecat.org\/wp-content\/uploads\/2018\/02\/paul_lacharmoise.jpg","width":"774","height":"530","caption":"electr\u00f2nica impresa"},{"@type":"BreadcrumbList","@id":"https:\/\/eurecat.org\/es\/electronica-impresa-clave-internet-de-las-cosas\/#breadcrumb","itemListElement":[{"@type":"ListItem","position":1,"name":"Inici","item":"https:\/\/eurecat.org\/es\/"},{"@type":"ListItem","position":2,"name":"La electr\u00f3nica impresa, una tecnologia clave para la Internet de les cosas"}]},{"@type":"WebSite","@id":"https:\/\/eurecat.org\/es\/#website","url":"https:\/\/eurecat.org\/es\/","name":"Eurecat","description":"Otro sitio realizado con WordPress","potentialAction":[{"@type":"SearchAction","target":{"@type":"EntryPoint","urlTemplate":"https:\/\/eurecat.org\/es\/?s={search_term_string}"},"query-input":{"@type":"PropertyValueSpecification","valueRequired":true,"valueName":"search_term_string"}}],"inLanguage":"es"},{"@type":"Person","@id":"https:\/\/eurecat.org\/es\/#\/schema\/person\/540d47fd9da63c4587cbae01b88e4db3","name":"EurecatEM","image":{"@type":"ImageObject","inLanguage":"es","@id":"https:\/\/secure.gravatar.com\/avatar\/deb330c0660ac5bf74cae5724d94229935e34c26df9bce576399b4da2212af05?s=96&d=mm&r=g","url":"https:\/\/secure.gravatar.com\/avatar\/deb330c0660ac5bf74cae5724d94229935e34c26df9bce576399b4da2212af05?s=96&d=mm&r=g","contentUrl":"https:\/\/secure.gravatar.com\/avatar\/deb330c0660ac5bf74cae5724d94229935e34c26df9bce576399b4da2212af05?s=96&d=mm&r=g","caption":"EurecatEM"}}]}},"_links":{"self":[{"href":"https:\/\/eurecat.org\/es\/wp-json\/wp\/v2\/posts\/50809","targetHints":{"allow":["GET"]}}],"collection":[{"href":"https:\/\/eurecat.org\/es\/wp-json\/wp\/v2\/posts"}],"about":[{"href":"https:\/\/eurecat.org\/es\/wp-json\/wp\/v2\/types\/post"}],"author":[{"embeddable":true,"href":"https:\/\/eurecat.org\/es\/wp-json\/wp\/v2\/users\/6"}],"replies":[{"embeddable":true,"href":"https:\/\/eurecat.org\/es\/wp-json\/wp\/v2\/comments?post=50809"}],"version-history":[{"count":0,"href":"https:\/\/eurecat.org\/es\/wp-json\/wp\/v2\/posts\/50809\/revisions"}],"wp:featuredmedia":[{"embeddable":true,"href":"https:\/\/eurecat.org\/es\/wp-json\/wp\/v2\/media\/50866"}],"wp:attachment":[{"href":"https:\/\/eurecat.org\/es\/wp-json\/wp\/v2\/media?parent=50809"}],"wp:term":[{"taxonomy":"category","embeddable":true,"href":"https:\/\/eurecat.org\/es\/wp-json\/wp\/v2\/categories?post=50809"},{"taxonomy":"post_tag","embeddable":true,"href":"https:\/\/eurecat.org\/es\/wp-json\/wp\/v2\/tags?post=50809"}],"curies":[{"name":"wp","href":"https:\/\/api.w.org\/{rel}","templated":true}]}}