{"id":53468,"date":"2018-03-21T14:49:11","date_gmt":"2018-03-21T14:49:11","guid":{"rendered":"https:\/\/eurecat.org\/dia-aigua-2018\/"},"modified":"2018-03-21T14:52:49","modified_gmt":"2018-03-21T14:52:49","slug":"dia-agua-2018","status":"publish","type":"post","link":"https:\/\/eurecat.org\/es\/dia-agua-2018\/","title":{"rendered":"Catalu\u00f1a consume un 5 por ciento de agua reciclada, diez veces m\u00e1s que la media europea"},"content":{"rendered":"<h2 style=\"text-align: center;\"><span style=\"color: #000000;\"><strong>22 DE MARZO: D\u00cdA MUNDIAL DEL AGUA<\/strong><\/span><\/h2>\n<h1 style=\"text-align: center;\"><span style=\"color: #000000;\"><strong>Catalu\u00f1a consume un 5 por ciento de agua reciclada, diez veces m\u00e1s que la media europea<\/strong><\/span><\/h1>\n<ul>\n<li style=\"text-align: center;\">\n<h2><span style=\"color: #000000;\"><strong>Actualmente se calcula que solo un 0,5 por ciento del agua que se usa en Europa es reciclada.<\/strong><\/span><\/h2>\n<\/li>\n<li style=\"text-align: center;\">\n<h2><span style=\"color: #000000;\"><strong>Eurecat-CTM lidera varios proyectos de investigaci\u00f3n y demostradores en toda Europa para reutilizar agua residual dom\u00e9stica, urbana, agr\u00edcola e industrial.<\/strong><\/span><\/h2>\n<\/li>\n<\/ul>\n<p><strong>Actualmente, un 5 por ciento del agua que se consume en Catalu\u00f1a es reciclada, muy por encima de la media europea, que es del 0,5 por ciento. Seg\u00fan los expertos, el potencial de reutilizaci\u00f3n en el continente es de 6.000 millones de metros c\u00fabicos anuales, cifra que equivale a diez veces lo que consume Catalu\u00f1a en un a\u00f1o. Seg\u00fan datos de la Agencia Catalana del Agua (ACA), esto son 30 millones de metros c\u00fabicos anuales.<\/strong><\/p>\n<p>As\u00ed lo explica Xavier Mart\u00ednez, responsable de Tecnolog\u00eda del Agua del centro tecnol\u00f3gico <span style=\"color: #800080;\"><a style=\"color: #800080;\" href=\"http:\/\/eurecat.org\/es\"><strong>Eurecat-CTM<\/strong><\/a><\/span> (miembro de Tecnio), que enfatiza que \u201cantes de una d\u00e9cada el agua reciclada ser\u00e1 una fuente principal, como lo es ahora la que proviene de un r\u00edo o un acu\u00edfero\u201d. Mart\u00ednez cree que el agua reciclada es \u201cuna soluci\u00f3n necesaria\u201d, especialmente para el Sur de Europa, que tiene \u201cun clima propenso a la escasez h\u00eddrica\u201d.<\/p>\n<p>En concreto, la Agencia Catalana del Agua (ACA) prev\u00e9 llegar a un 30 por ciento de reutilizaci\u00f3n del agua en los pr\u00f3ximos a\u00f1os. Adem\u00e1s, las cifras de la propia ACA en el global de Catalu\u00f1a muestran que la gran mayor\u00eda de esta agua reciclada (79%) corresponde a usos medioambientales, es decir, no disminuye estrictamente el consumo global de fuentes convencionales.<\/p>\n<p>En este sentido, Eurecat-CTM ha participado, en los \u00faltimos a\u00f1os, en dos grandes proyectos de econom\u00eda circular que tienen como finalidad demostrar la viabilidad de varias tecnolog\u00edas y estrategias para la reutilizaci\u00f3n del agua para varios usos mediante la investigaci\u00f3n aplicada y la utilizaci\u00f3n de varios demostradores y plantas piloto en todo el territorio catal\u00e1n.<\/p>\n<p>Miquel Rovira, director de la Unidad de Sostenibilidad de Eurecat, explica que las tecnolog\u00edas de regeneraci\u00f3n y reutilizaci\u00f3n del agua son \u201cuno de los puntales de la econom\u00eda circular, que utiliza la tecnolog\u00eda para minimizar el impacto de la actividad econ\u00f3mica sobre el medio ambiente y la sociedad\u201d. \u201cEn nuestro territorio el agua es un bien especialmente escaso, y no podemos entender la apuesta por la innovaci\u00f3n si esta no es sostenible\u201d, concluye.<\/p>\n<p><strong>Liderando la reutilizaci\u00f3n del agua en Europa<\/strong><\/p>\n<p>El proyecto <span style=\"color: #800080;\"><a style=\"color: #800080;\" href=\"http:\/\/demoware.eu\/\"><strong>Demoware<\/strong><\/a><\/span>, liderado desde Eurecat-CTM para 10 pa\u00edses, ha desarrollado tecnolog\u00eda de reciclaje de agua que se ha probado en demostradores de toda Europa, entre los que se encuentran cuatro de catalanes.<\/p>\n<p>Por un lado, el proyecto ha trabajado con la agencia Catalana del Agua y el Ayuntamiento del Port de la Selva para abastecer la red potable del municipio de agua reutilizada, y ha conseguido que hasta un 15 por ciento del consumo dom\u00e9stico de esta poblaci\u00f3n de la Costa Brava, que padece problemas estacionales de suministro, sea de agua reciclada.<\/p>\n<p>Tambi\u00e9n en el \u00e1mbito urbano, Eurecat-CTM ha colaborado con Aguas de Sabadell para mejorar la distribuci\u00f3n del agua procedente de la depuradora municipal para la limpieza de las calles, el riego de campos de golf y los sanitarios del Pol\u00edgono Sabadell Parc Empresarial. En el \u00e1mbito industrial, ha trabajado con la planta petroqu\u00edmica de Dow Chemical en Tarragona, dentro del proyecto europeo <span style=\"color: #800080;\"><a style=\"color: #800080;\" href=\"http:\/\/rewatch.eu\/\"><strong>REWATCH<\/strong><\/a><\/span>, para reducir el consumo de agua de red, consiguiendo que un 40 por ciento de los recursos h\u00eddricos usados en las instalaciones sean reciclados.<\/p>\n<p>Esta iniciativa se centra en el \u00e1mbito industrial y tiene como finalidad el tratamiento de aguas del sector petroqu\u00edmico \u201cpara conseguir unas caracter\u00edsticas f\u00edsicas, qu\u00edmicas y microbiol\u00f3gicas espec\u00edficas\u201d, detalla Mart\u00ednez. La reutilizaci\u00f3n de agua tambi\u00e9n tiene aplicaciones en el \u00e1mbito agr\u00edcola y ganadero, con derivadas en el sector energ\u00e9tico.<\/p>\n<p>En colaboraci\u00f3n con la empresa checa ASIO y la Universidad suiza FHNW, t\u00e9cnicos de Eurecat-CTM han construido una planta piloto para tratar el suero l\u00e1cteo que se genera en la elaboraci\u00f3n de quesos, y que es agua en un 90 por ciento, para separar el l\u00edquido del biog\u00e1s, y usar este \u00faltimo para una eventual generaci\u00f3n de energ\u00eda. En este caso, el equipo sigue trabajando en la planta de Dow Chemical en Tarragona, con tecnolog\u00edas avanzadas de depuraci\u00f3n in situ, con la finalidad de \u201creducir el impacto ambiental de la industria petroqu\u00edmica mediante el ahorro de agua\u201d, especifica el experto de Eurecat-CTM.<\/p>\n","protected":false},"excerpt":{"rendered":"<p>22 DE MARZO: D\u00cdA MUNDIAL DEL AGUA Catalu\u00f1a consume un 5 por ciento de agua reciclada, diez veces m\u00e1s que la media europea Actualmente se calcula que solo un 0,5 por ciento del agua que se usa en Europa es reciclada. Eurecat-CTM lidera varios proyectos de investigaci\u00f3n y demostradores en toda Europa para reutilizar agua  [&#8230;]<\/p>\n","protected":false},"author":12,"featured_media":53466,"comment_status":"open","ping_status":"closed","sticky":false,"template":"","format":"standard","meta":{"footnotes":""},"categories":[134,411],"tags":[692,1484,481],"class_list":["post-53468","post","type-post","status-publish","format-standard","has-post-thumbnail","hentry","category-notas-de-prensa","category-sostenibilidad","tag-aigua-es","tag-economia-circular-es","tag-sostenibilitat-es"],"yoast_head":"<!-- This site is optimized with the Yoast SEO plugin v27.5 - https:\/\/yoast.com\/product\/yoast-seo-wordpress\/ -->\n<title>Catalu\u00f1a consume diez veces m\u00e1s agua reciclada que Europa<\/title>\n<meta name=\"description\" content=\"Actualmente se calcula que s\u00f3lo un 0,5 por ciento del agua que se utiliza en Europa es reciclada. Eurecat-CTM lidera varios proyectos de investigaci\u00f3n y demostradores en toda Europa para reutilizar agua residual dom\u00e9stica, urbana, agr\u00edcola e industrial.\" \/>\n<meta name=\"robots\" content=\"index, follow, max-snippet:-1, max-image-preview:large, max-video-preview:-1\" \/>\n<link rel=\"canonical\" href=\"https:\/\/eurecat.org\/es\/dia-agua-2018\/\" \/>\n<meta property=\"og:locale\" content=\"es_ES\" \/>\n<meta property=\"og:type\" content=\"article\" \/>\n<meta property=\"og:title\" content=\"Catalu\u00f1a consume diez veces m\u00e1s agua reciclada que Europa\" \/>\n<meta property=\"og:description\" content=\"Actualmente se calcula que s\u00f3lo un 0,5 por ciento del agua que se utiliza en Europa es reciclada. Eurecat-CTM lidera varios proyectos de investigaci\u00f3n y demostradores en toda Europa para reutilizar agua residual dom\u00e9stica, urbana, agr\u00edcola e industrial.\" \/>\n<meta property=\"og:url\" content=\"https:\/\/eurecat.org\/es\/dia-agua-2018\/\" \/>\n<meta property=\"og:site_name\" content=\"Eurecat\" \/>\n<meta property=\"article:published_time\" content=\"2018-03-21T14:49:11+00:00\" \/>\n<meta property=\"article:modified_time\" content=\"2018-03-21T14:52:49+00:00\" \/>\n<meta property=\"og:image\" content=\"https:\/\/eurecat.org\/wp-content\/uploads\/2018\/03\/Eurecat_dia_mundial_aigua.jpg\" \/>\n\t<meta property=\"og:image:width\" content=\"1408\" \/>\n\t<meta property=\"og:image:height\" content=\"928\" \/>\n\t<meta property=\"og:image:type\" content=\"image\/jpeg\" \/>\n<meta name=\"author\" content=\"EurecatEG\" \/>\n<meta name=\"twitter:card\" content=\"summary_large_image\" \/>\n<meta name=\"twitter:label1\" content=\"Escrito por\" \/>\n\t<meta name=\"twitter:data1\" content=\"EurecatEG\" \/>\n\t<meta name=\"twitter:label2\" content=\"Tiempo de lectura\" \/>\n\t<meta name=\"twitter:data2\" content=\"4 minutos\" \/>\n<script type=\"application\/ld+json\" class=\"yoast-schema-graph\">{\"@context\":\"https:\\\/\\\/schema.org\",\"@graph\":[{\"@type\":\"Article\",\"@id\":\"https:\\\/\\\/eurecat.org\\\/es\\\/dia-agua-2018\\\/#article\",\"isPartOf\":{\"@id\":\"https:\\\/\\\/eurecat.org\\\/es\\\/dia-agua-2018\\\/\"},\"author\":{\"name\":\"EurecatEG\",\"@id\":\"https:\\\/\\\/eurecat.org\\\/es\\\/#\\\/schema\\\/person\\\/def9217eded50ee57a9dc4cf0c883f80\"},\"headline\":\"Catalu\u00f1a consume un 5 por ciento de agua reciclada, diez veces m\u00e1s que la media europea\",\"datePublished\":\"2018-03-21T14:49:11+00:00\",\"dateModified\":\"2018-03-21T14:52:49+00:00\",\"mainEntityOfPage\":{\"@id\":\"https:\\\/\\\/eurecat.org\\\/es\\\/dia-agua-2018\\\/\"},\"wordCount\":810,\"commentCount\":0,\"image\":{\"@id\":\"https:\\\/\\\/eurecat.org\\\/es\\\/dia-agua-2018\\\/#primaryimage\"},\"thumbnailUrl\":\"https:\\\/\\\/eurecat.org\\\/wp-content\\\/uploads\\\/2018\\\/03\\\/Eurecat_dia_mundial_aigua.jpg\",\"keywords\":[\"aigua\",\"Economia circular\",\"Sostenibilitat\"],\"articleSection\":[\"Notas de prensa\",\"Sostenibilidad\"],\"inLanguage\":\"es\",\"potentialAction\":[{\"@type\":\"CommentAction\",\"name\":\"Comment\",\"target\":[\"https:\\\/\\\/eurecat.org\\\/es\\\/dia-agua-2018\\\/#respond\"]}]},{\"@type\":\"WebPage\",\"@id\":\"https:\\\/\\\/eurecat.org\\\/es\\\/dia-agua-2018\\\/\",\"url\":\"https:\\\/\\\/eurecat.org\\\/es\\\/dia-agua-2018\\\/\",\"name\":\"Catalu\u00f1a consume diez veces m\u00e1s agua reciclada que Europa\",\"isPartOf\":{\"@id\":\"https:\\\/\\\/eurecat.org\\\/es\\\/#website\"},\"primaryImageOfPage\":{\"@id\":\"https:\\\/\\\/eurecat.org\\\/es\\\/dia-agua-2018\\\/#primaryimage\"},\"image\":{\"@id\":\"https:\\\/\\\/eurecat.org\\\/es\\\/dia-agua-2018\\\/#primaryimage\"},\"thumbnailUrl\":\"https:\\\/\\\/eurecat.org\\\/wp-content\\\/uploads\\\/2018\\\/03\\\/Eurecat_dia_mundial_aigua.jpg\",\"datePublished\":\"2018-03-21T14:49:11+00:00\",\"dateModified\":\"2018-03-21T14:52:49+00:00\",\"author\":{\"@id\":\"https:\\\/\\\/eurecat.org\\\/es\\\/#\\\/schema\\\/person\\\/def9217eded50ee57a9dc4cf0c883f80\"},\"description\":\"Actualmente se calcula que s\u00f3lo un 0,5 por ciento del agua que se utiliza en Europa es reciclada. Eurecat-CTM lidera varios proyectos de investigaci\u00f3n y demostradores en toda Europa para reutilizar agua residual dom\u00e9stica, urbana, agr\u00edcola e industrial.\",\"breadcrumb\":{\"@id\":\"https:\\\/\\\/eurecat.org\\\/es\\\/dia-agua-2018\\\/#breadcrumb\"},\"inLanguage\":\"es\",\"potentialAction\":[{\"@type\":\"ReadAction\",\"target\":[\"https:\\\/\\\/eurecat.org\\\/es\\\/dia-agua-2018\\\/\"]}]},{\"@type\":\"ImageObject\",\"inLanguage\":\"es\",\"@id\":\"https:\\\/\\\/eurecat.org\\\/es\\\/dia-agua-2018\\\/#primaryimage\",\"url\":\"https:\\\/\\\/eurecat.org\\\/wp-content\\\/uploads\\\/2018\\\/03\\\/Eurecat_dia_mundial_aigua.jpg\",\"contentUrl\":\"https:\\\/\\\/eurecat.org\\\/wp-content\\\/uploads\\\/2018\\\/03\\\/Eurecat_dia_mundial_aigua.jpg\",\"width\":1408,\"height\":928},{\"@type\":\"BreadcrumbList\",\"@id\":\"https:\\\/\\\/eurecat.org\\\/es\\\/dia-agua-2018\\\/#breadcrumb\",\"itemListElement\":[{\"@type\":\"ListItem\",\"position\":1,\"name\":\"Inici\",\"item\":\"https:\\\/\\\/eurecat.org\\\/es\\\/\"},{\"@type\":\"ListItem\",\"position\":2,\"name\":\"Catalu\u00f1a consume un 5 por ciento de agua reciclada, diez veces m\u00e1s que la media europea\"}]},{\"@type\":\"WebSite\",\"@id\":\"https:\\\/\\\/eurecat.org\\\/es\\\/#website\",\"url\":\"https:\\\/\\\/eurecat.org\\\/es\\\/\",\"name\":\"Eurecat\",\"description\":\"Otro sitio realizado con WordPress\",\"potentialAction\":[{\"@type\":\"SearchAction\",\"target\":{\"@type\":\"EntryPoint\",\"urlTemplate\":\"https:\\\/\\\/eurecat.org\\\/es\\\/?s={search_term_string}\"},\"query-input\":{\"@type\":\"PropertyValueSpecification\",\"valueRequired\":true,\"valueName\":\"search_term_string\"}}],\"inLanguage\":\"es\"},{\"@type\":\"Person\",\"@id\":\"https:\\\/\\\/eurecat.org\\\/es\\\/#\\\/schema\\\/person\\\/def9217eded50ee57a9dc4cf0c883f80\",\"name\":\"EurecatEG\",\"image\":{\"@type\":\"ImageObject\",\"inLanguage\":\"es\",\"@id\":\"https:\\\/\\\/secure.gravatar.com\\\/avatar\\\/f40dd9b6ecd3e5c591f3c9b033e495ee0ec9877ba77249fbf268b3889350c824?s=96&d=mm&r=g\",\"url\":\"https:\\\/\\\/secure.gravatar.com\\\/avatar\\\/f40dd9b6ecd3e5c591f3c9b033e495ee0ec9877ba77249fbf268b3889350c824?s=96&d=mm&r=g\",\"contentUrl\":\"https:\\\/\\\/secure.gravatar.com\\\/avatar\\\/f40dd9b6ecd3e5c591f3c9b033e495ee0ec9877ba77249fbf268b3889350c824?s=96&d=mm&r=g\",\"caption\":\"EurecatEG\"}}]}<\/script>\n<!-- \/ Yoast SEO plugin. -->","yoast_head_json":{"title":"Catalu\u00f1a consume diez veces m\u00e1s agua reciclada que Europa","description":"Actualmente se calcula que s\u00f3lo un 0,5 por ciento del agua que se utiliza en Europa es reciclada. Eurecat-CTM lidera varios proyectos de investigaci\u00f3n y demostradores en toda Europa para reutilizar agua residual dom\u00e9stica, urbana, agr\u00edcola e industrial.","robots":{"index":"index","follow":"follow","max-snippet":"max-snippet:-1","max-image-preview":"max-image-preview:large","max-video-preview":"max-video-preview:-1"},"canonical":"https:\/\/eurecat.org\/es\/dia-agua-2018\/","og_locale":"es_ES","og_type":"article","og_title":"Catalu\u00f1a consume diez veces m\u00e1s agua reciclada que Europa","og_description":"Actualmente se calcula que s\u00f3lo un 0,5 por ciento del agua que se utiliza en Europa es reciclada. Eurecat-CTM lidera varios proyectos de investigaci\u00f3n y demostradores en toda Europa para reutilizar agua residual dom\u00e9stica, urbana, agr\u00edcola e industrial.","og_url":"https:\/\/eurecat.org\/es\/dia-agua-2018\/","og_site_name":"Eurecat","article_published_time":"2018-03-21T14:49:11+00:00","article_modified_time":"2018-03-21T14:52:49+00:00","og_image":[{"width":1408,"height":928,"url":"https:\/\/eurecat.org\/wp-content\/uploads\/2018\/03\/Eurecat_dia_mundial_aigua.jpg","type":"image\/jpeg"}],"author":"EurecatEG","twitter_card":"summary_large_image","twitter_misc":{"Escrito por":"EurecatEG","Tiempo de lectura":"4 minutos"},"schema":{"@context":"https:\/\/schema.org","@graph":[{"@type":"Article","@id":"https:\/\/eurecat.org\/es\/dia-agua-2018\/#article","isPartOf":{"@id":"https:\/\/eurecat.org\/es\/dia-agua-2018\/"},"author":{"name":"EurecatEG","@id":"https:\/\/eurecat.org\/es\/#\/schema\/person\/def9217eded50ee57a9dc4cf0c883f80"},"headline":"Catalu\u00f1a consume un 5 por ciento de agua reciclada, diez veces m\u00e1s que la media europea","datePublished":"2018-03-21T14:49:11+00:00","dateModified":"2018-03-21T14:52:49+00:00","mainEntityOfPage":{"@id":"https:\/\/eurecat.org\/es\/dia-agua-2018\/"},"wordCount":810,"commentCount":0,"image":{"@id":"https:\/\/eurecat.org\/es\/dia-agua-2018\/#primaryimage"},"thumbnailUrl":"https:\/\/eurecat.org\/wp-content\/uploads\/2018\/03\/Eurecat_dia_mundial_aigua.jpg","keywords":["aigua","Economia circular","Sostenibilitat"],"articleSection":["Notas de prensa","Sostenibilidad"],"inLanguage":"es","potentialAction":[{"@type":"CommentAction","name":"Comment","target":["https:\/\/eurecat.org\/es\/dia-agua-2018\/#respond"]}]},{"@type":"WebPage","@id":"https:\/\/eurecat.org\/es\/dia-agua-2018\/","url":"https:\/\/eurecat.org\/es\/dia-agua-2018\/","name":"Catalu\u00f1a consume diez veces m\u00e1s agua reciclada que Europa","isPartOf":{"@id":"https:\/\/eurecat.org\/es\/#website"},"primaryImageOfPage":{"@id":"https:\/\/eurecat.org\/es\/dia-agua-2018\/#primaryimage"},"image":{"@id":"https:\/\/eurecat.org\/es\/dia-agua-2018\/#primaryimage"},"thumbnailUrl":"https:\/\/eurecat.org\/wp-content\/uploads\/2018\/03\/Eurecat_dia_mundial_aigua.jpg","datePublished":"2018-03-21T14:49:11+00:00","dateModified":"2018-03-21T14:52:49+00:00","author":{"@id":"https:\/\/eurecat.org\/es\/#\/schema\/person\/def9217eded50ee57a9dc4cf0c883f80"},"description":"Actualmente se calcula que s\u00f3lo un 0,5 por ciento del agua que se utiliza en Europa es reciclada. Eurecat-CTM lidera varios proyectos de investigaci\u00f3n y demostradores en toda Europa para reutilizar agua residual dom\u00e9stica, urbana, agr\u00edcola e industrial.","breadcrumb":{"@id":"https:\/\/eurecat.org\/es\/dia-agua-2018\/#breadcrumb"},"inLanguage":"es","potentialAction":[{"@type":"ReadAction","target":["https:\/\/eurecat.org\/es\/dia-agua-2018\/"]}]},{"@type":"ImageObject","inLanguage":"es","@id":"https:\/\/eurecat.org\/es\/dia-agua-2018\/#primaryimage","url":"https:\/\/eurecat.org\/wp-content\/uploads\/2018\/03\/Eurecat_dia_mundial_aigua.jpg","contentUrl":"https:\/\/eurecat.org\/wp-content\/uploads\/2018\/03\/Eurecat_dia_mundial_aigua.jpg","width":1408,"height":928},{"@type":"BreadcrumbList","@id":"https:\/\/eurecat.org\/es\/dia-agua-2018\/#breadcrumb","itemListElement":[{"@type":"ListItem","position":1,"name":"Inici","item":"https:\/\/eurecat.org\/es\/"},{"@type":"ListItem","position":2,"name":"Catalu\u00f1a consume un 5 por ciento de agua reciclada, diez veces m\u00e1s que la media europea"}]},{"@type":"WebSite","@id":"https:\/\/eurecat.org\/es\/#website","url":"https:\/\/eurecat.org\/es\/","name":"Eurecat","description":"Otro sitio realizado con WordPress","potentialAction":[{"@type":"SearchAction","target":{"@type":"EntryPoint","urlTemplate":"https:\/\/eurecat.org\/es\/?s={search_term_string}"},"query-input":{"@type":"PropertyValueSpecification","valueRequired":true,"valueName":"search_term_string"}}],"inLanguage":"es"},{"@type":"Person","@id":"https:\/\/eurecat.org\/es\/#\/schema\/person\/def9217eded50ee57a9dc4cf0c883f80","name":"EurecatEG","image":{"@type":"ImageObject","inLanguage":"es","@id":"https:\/\/secure.gravatar.com\/avatar\/f40dd9b6ecd3e5c591f3c9b033e495ee0ec9877ba77249fbf268b3889350c824?s=96&d=mm&r=g","url":"https:\/\/secure.gravatar.com\/avatar\/f40dd9b6ecd3e5c591f3c9b033e495ee0ec9877ba77249fbf268b3889350c824?s=96&d=mm&r=g","contentUrl":"https:\/\/secure.gravatar.com\/avatar\/f40dd9b6ecd3e5c591f3c9b033e495ee0ec9877ba77249fbf268b3889350c824?s=96&d=mm&r=g","caption":"EurecatEG"}}]}},"_links":{"self":[{"href":"https:\/\/eurecat.org\/es\/wp-json\/wp\/v2\/posts\/53468","targetHints":{"allow":["GET"]}}],"collection":[{"href":"https:\/\/eurecat.org\/es\/wp-json\/wp\/v2\/posts"}],"about":[{"href":"https:\/\/eurecat.org\/es\/wp-json\/wp\/v2\/types\/post"}],"author":[{"embeddable":true,"href":"https:\/\/eurecat.org\/es\/wp-json\/wp\/v2\/users\/12"}],"replies":[{"embeddable":true,"href":"https:\/\/eurecat.org\/es\/wp-json\/wp\/v2\/comments?post=53468"}],"version-history":[{"count":0,"href":"https:\/\/eurecat.org\/es\/wp-json\/wp\/v2\/posts\/53468\/revisions"}],"wp:featuredmedia":[{"embeddable":true,"href":"https:\/\/eurecat.org\/es\/wp-json\/wp\/v2\/media\/53466"}],"wp:attachment":[{"href":"https:\/\/eurecat.org\/es\/wp-json\/wp\/v2\/media?parent=53468"}],"wp:term":[{"taxonomy":"category","embeddable":true,"href":"https:\/\/eurecat.org\/es\/wp-json\/wp\/v2\/categories?post=53468"},{"taxonomy":"post_tag","embeddable":true,"href":"https:\/\/eurecat.org\/es\/wp-json\/wp\/v2\/tags?post=53468"}],"curies":[{"name":"wp","href":"https:\/\/api.w.org\/{rel}","templated":true}]}}