{"id":5393,"date":"2016-02-17T15:14:25","date_gmt":"2016-02-17T14:14:25","guid":{"rendered":"http:\/\/eurecat.org\/es\/?p=5393"},"modified":"2021-10-06T13:27:30","modified_gmt":"2021-10-06T12:27:30","slug":"presentacion-del-centro-tecnologico-eurecat-al-sector-empresarial-e-industrial-de-girona","status":"publish","type":"post","link":"https:\/\/eurecat.org\/es\/presentacion-del-centro-tecnologico-eurecat-al-sector-empresarial-e-industrial-de-girona\/","title":{"rendered":"Presentaci\u00f3n del centro tecnol\u00f3gico Eurecat al sector empresarial e industrial de Girona"},"content":{"rendered":"<p><strong><u>Girona, 17 de febrero de 2016.-<\/u><\/strong> El centro tecnol\u00f3gico Eurecat (miembro de Tecnio) presentar\u00e1 ma\u00f1ana a los empresarios de Girona las herramientas y las capacidades que pone a su alcance para que puedan anticiparse al mercado y aumentar su competitividad, mediante productos, procesos y servicios innovadores y de alto valor tecnol\u00f3gico.<\/p>\n<p>Eurecat, que cuenta con una sede en Girona, provee al tejido industrial y empresarial de las \u00faltimas tecnolog\u00edas para acelerar su innovaci\u00f3n y eliminar el gasto en infraestructuras cient\u00edficas y tecnol\u00f3gicas, en un entorno marcado por la m\u00e1xima exigencia a nivel global.<\/p>\n<p>Seg\u00fan subraya el director de Desarrollo de Negocio de Eurecat, Carles Fradera, \u00aben la jornada se pondr\u00e1 especial \u00e9nfasis en la necesidad de innovaci\u00f3n en las peque\u00f1as y medianas empresas y en el acompa\u00f1amiento espec\u00edfico que Eurecat realiza a estas empresas que representan m\u00e1s del 70% del empleo en Catalu\u00f1a\u00bb.<\/p>\n<p>\u00abLas empresas gerundenses pueden beneficiarse mucho de la tecnolog\u00eda diferencial y del conocimiento avanzado a medida de cada empresa que proporciona Eurecat si apuestan por el centro como socio tecnol\u00f3gico\u00bb, se\u00f1ala Carles Fradera.<\/p>\n<p>Eurecat, remarca, establece \u00abun puente entre el mundo de la investigaci\u00f3n y la industria, mediante la investigaci\u00f3n aplicada, la innovaci\u00f3n y la transferencia de conocimiento\u00bb, que ya ha permitido ampliar el n\u00famero de empresas innovadoras en Catalu\u00f1a e impulsar la internacionalizaci\u00f3n de la I+D.<\/p>\n<p>Con el fin de explicar todo el valor a\u00f1adido que Eurecat puede ofrecer a las empresas gerundenses, adem\u00e1s de Carles Fradera, intervendr\u00e1n en la jornada Xavier Plant\u00e0, director del \u00c1rea de Tecnolog\u00edas Industriales; Joan Mas, director del \u00c1rea de Tecnolog\u00edas Digitales; Virginia Garc\u00eda, directora de la Unidad de Tejidos Funcionales; Miquel Rovira, director de la Unidad de Sostenibilidad, y Guillen Quintana, jefe de Eurecat Girona.<\/p>\n<p>La actividad de Eurecat se dirige a todos los sectores pero, en especial, a los de automoci\u00f3n, alimentaci\u00f3n, comercio y turismo, salud, energ\u00eda y recursos, ferroviario y aeron\u00e1utico, industrias culturales y creativas, sistemas y procesos industriales, textil y TIC. Adem\u00e1s, apoya la implementaci\u00f3n de la Estrategia de Especializaci\u00f3n Inteligente de Catalu\u00f1a (RIS3CAT) que se desarrolla en los sectores prioritarios para las pol\u00edticas de investigaci\u00f3n, innovaci\u00f3n e industrial hasta el a\u00f1o 2020. Con este objetivo, Eurecat es impulsor de la Anella Industrial 4.0, una iniciativa p\u00fablico-privada para acelerar la convergencia entre los sectores industriales y las TIC.<\/p>\n<p>_________________________________________________________________<\/p>\n<p><strong>Jornada de presentaci\u00f3n de Eurecat en Girona<\/strong><\/p>\n<p>D\u00eda: 18 de febrero de 2016<\/p>\n<p>Horario: 09:30h a 13:00h<\/p>\n<p>Lugar Auditorio Jaume Casademont del Parc Cient\u00edfic i Tecnol\u00f2gic de la UdG<\/p>\n<p>(C\/ Pic de Peguera 15, 17003 Girona)<\/p>\n<p>INSCRIPCIONES <strong><span style=\"color: #0000ff;\"><a style=\"color: #0000ff;\" href=\"https:\/\/eurecat.org\/serveis\/eurecatevents\/jornada-eurecat-girona-2016\/\">AQU\u00cd<\/a><\/span><\/strong><\/p>\n<p><strong>___________________________________________________________<\/strong><\/p>\n<p><strong>Si quer\u00e9is ampliar la informaci\u00f3n o sol\u00b7licitar entrevistas, pod\u00e9is contactar con el Gabinete de Prensa de Eurecat en el m\u00f3vil 630425169 o en el email premsa@eurecat.org<\/strong><\/p>\n<p>&nbsp;<\/p>\n<p><strong>Sobre Eurecat<\/strong><\/p>\n<p>Eurecat, Centro Tecnol\u00f3gico de Catalu\u00f1a (miembro de TECNIO), aglutina la experiencia de m\u00e1s de <strong>450 profesionales<\/strong> que generan un volumen de ingresos de <strong>40 millones de euros anuales<\/strong> y presta servicio a m\u00e1s de <strong>1.000 empresas<\/strong>. Con instalaciones en Barcelona, Canet de Mar, Cerdanyola del Vall\u00e8s, Girona, Lleida, Manresa, Matar\u00f3 y Reus y con una sede en Brasil, participa a <strong>160 grandes proyectos consorciados de I+D+i<\/strong> nacionales e internacionales de alto valor estrat\u00e9gico y cuenta con <strong>79 patentes<\/strong> y <strong>7 spin-off<\/strong>. El valor a\u00f1adido que proporciona Eurecat <strong>acelera la innovaci\u00f3n<\/strong>, <strong>elimina el gasto en infraestructuras<\/strong> cient\u00edficas y tecnol\u00f3gicas, <strong>reduce los riesgos <\/strong>y proporciona <strong>conocimiento especializado <\/strong>a medida de cada empresa. <strong>M\u00e1s informaci\u00f3n en <\/strong><a href=\"http:\/\/www.eurecat.org\"><strong>www.eurecat.org<\/strong><\/a><strong>\u00a0<\/strong><\/p>\n<p><strong><em>M\u00e1s informaci\u00f3n:<br \/>\n<\/em><\/strong><\/p>\n<p><strong>Montse Mascar\u00f3<br \/>\nPrensa | Direcci\u00f3n de Comunicaci\u00f3n Corporativa <\/strong><strong>Eurecat<\/strong><\/p>\n<p><strong>Tel. (+34) 932 381 400 | M\u00f3vil: (+34) 630 425 169<br \/>\nC\/e: premsa@eurecat.org | <\/strong><a href=\"http:\/\/www.eurecat.org\">www.eurecat.org<\/a><\/p>\n","protected":false},"excerpt":{"rendered":"<p>Girona, 17 de febrero de 2016.- El centro tecnol\u00f3gico Eurecat (miembro de Tecnio) presentar\u00e1 ma\u00f1ana a los empresarios de Girona las herramientas y las capacidades que pone a su alcance para que puedan anticiparse al mercado y aumentar su competitividad, mediante productos, procesos y servicios innovadores y de alto valor tecnol\u00f3gico. Eurecat, que cuenta con  [&#8230;]<\/p>\n","protected":false},"author":12,"featured_media":5391,"comment_status":"open","ping_status":"closed","sticky":false,"template":"","format":"standard","meta":{"footnotes":""},"categories":[394,134],"tags":[],"class_list":["post-5393","post","type-post","status-publish","format-standard","has-post-thumbnail","hentry","category-consultoria-es","category-notas-de-prensa"],"yoast_head":"<!-- This site is optimized with the Yoast SEO plugin v27.5 - https:\/\/yoast.com\/product\/yoast-seo-wordpress\/ -->\n<title>Presentaci\u00f3n del centro tecnol\u00f3gico Eurecat al sector empresarial e industrial de Girona - Eurecat<\/title>\n<meta name=\"robots\" content=\"index, follow, max-snippet:-1, max-image-preview:large, max-video-preview:-1\" \/>\n<link rel=\"canonical\" href=\"https:\/\/eurecat.org\/es\/presentacion-del-centro-tecnologico-eurecat-al-sector-empresarial-e-industrial-de-girona\/\" \/>\n<meta property=\"og:locale\" content=\"es_ES\" \/>\n<meta property=\"og:type\" content=\"article\" \/>\n<meta property=\"og:title\" content=\"Presentaci\u00f3n del centro tecnol\u00f3gico Eurecat al sector empresarial e industrial de Girona - Eurecat\" \/>\n<meta property=\"og:description\" content=\"Girona, 17 de febrero de 2016.- El centro tecnol\u00f3gico Eurecat (miembro de Tecnio) presentar\u00e1 ma\u00f1ana a los empresarios de Girona las herramientas y las capacidades que pone a su alcance para que puedan anticiparse al mercado y aumentar su competitividad, mediante productos, procesos y servicios innovadores y de alto valor tecnol\u00f3gico. Eurecat, que cuenta con [...]\" \/>\n<meta property=\"og:url\" content=\"https:\/\/eurecat.org\/es\/presentacion-del-centro-tecnologico-eurecat-al-sector-empresarial-e-industrial-de-girona\/\" \/>\n<meta property=\"og:site_name\" content=\"Eurecat\" \/>\n<meta property=\"article:published_time\" content=\"2016-02-17T14:14:25+00:00\" \/>\n<meta property=\"article:modified_time\" content=\"2021-10-06T12:27:30+00:00\" \/>\n<meta property=\"og:image\" content=\"https:\/\/eurecat.org\/wp-content\/uploads\/2016\/02\/presentacioGirona.png\" \/>\n\t<meta property=\"og:image:width\" content=\"789\" \/>\n\t<meta property=\"og:image:height\" content=\"415\" \/>\n\t<meta property=\"og:image:type\" content=\"image\/png\" \/>\n<meta name=\"author\" content=\"EurecatEG\" \/>\n<meta name=\"twitter:card\" content=\"summary_large_image\" \/>\n<meta name=\"twitter:label1\" content=\"Escrito por\" \/>\n\t<meta name=\"twitter:data1\" content=\"EurecatEG\" \/>\n\t<meta name=\"twitter:label2\" content=\"Tiempo de lectura\" \/>\n\t<meta name=\"twitter:data2\" content=\"3 minutos\" \/>\n<script type=\"application\/ld+json\" class=\"yoast-schema-graph\">{\"@context\":\"https:\\\/\\\/schema.org\",\"@graph\":[{\"@type\":\"Article\",\"@id\":\"https:\\\/\\\/eurecat.org\\\/es\\\/presentacion-del-centro-tecnologico-eurecat-al-sector-empresarial-e-industrial-de-girona\\\/#article\",\"isPartOf\":{\"@id\":\"https:\\\/\\\/eurecat.org\\\/es\\\/presentacion-del-centro-tecnologico-eurecat-al-sector-empresarial-e-industrial-de-girona\\\/\"},\"author\":{\"name\":\"EurecatEG\",\"@id\":\"https:\\\/\\\/eurecat.org\\\/es\\\/#\\\/schema\\\/person\\\/def9217eded50ee57a9dc4cf0c883f80\"},\"headline\":\"Presentaci\u00f3n del centro tecnol\u00f3gico Eurecat al sector empresarial e industrial de Girona\",\"datePublished\":\"2016-02-17T14:14:25+00:00\",\"dateModified\":\"2021-10-06T12:27:30+00:00\",\"mainEntityOfPage\":{\"@id\":\"https:\\\/\\\/eurecat.org\\\/es\\\/presentacion-del-centro-tecnologico-eurecat-al-sector-empresarial-e-industrial-de-girona\\\/\"},\"wordCount\":658,\"commentCount\":0,\"image\":{\"@id\":\"https:\\\/\\\/eurecat.org\\\/es\\\/presentacion-del-centro-tecnologico-eurecat-al-sector-empresarial-e-industrial-de-girona\\\/#primaryimage\"},\"thumbnailUrl\":\"https:\\\/\\\/eurecat.org\\\/wp-content\\\/uploads\\\/2016\\\/02\\\/presentacioGirona.png\",\"articleSection\":[\"Consultor\u00eda\",\"Notas de prensa\"],\"inLanguage\":\"es\",\"potentialAction\":[{\"@type\":\"CommentAction\",\"name\":\"Comment\",\"target\":[\"https:\\\/\\\/eurecat.org\\\/es\\\/presentacion-del-centro-tecnologico-eurecat-al-sector-empresarial-e-industrial-de-girona\\\/#respond\"]}]},{\"@type\":\"WebPage\",\"@id\":\"https:\\\/\\\/eurecat.org\\\/es\\\/presentacion-del-centro-tecnologico-eurecat-al-sector-empresarial-e-industrial-de-girona\\\/\",\"url\":\"https:\\\/\\\/eurecat.org\\\/es\\\/presentacion-del-centro-tecnologico-eurecat-al-sector-empresarial-e-industrial-de-girona\\\/\",\"name\":\"Presentaci\u00f3n del centro tecnol\u00f3gico Eurecat al sector empresarial e industrial de Girona - Eurecat\",\"isPartOf\":{\"@id\":\"https:\\\/\\\/eurecat.org\\\/es\\\/#website\"},\"primaryImageOfPage\":{\"@id\":\"https:\\\/\\\/eurecat.org\\\/es\\\/presentacion-del-centro-tecnologico-eurecat-al-sector-empresarial-e-industrial-de-girona\\\/#primaryimage\"},\"image\":{\"@id\":\"https:\\\/\\\/eurecat.org\\\/es\\\/presentacion-del-centro-tecnologico-eurecat-al-sector-empresarial-e-industrial-de-girona\\\/#primaryimage\"},\"thumbnailUrl\":\"https:\\\/\\\/eurecat.org\\\/wp-content\\\/uploads\\\/2016\\\/02\\\/presentacioGirona.png\",\"datePublished\":\"2016-02-17T14:14:25+00:00\",\"dateModified\":\"2021-10-06T12:27:30+00:00\",\"author\":{\"@id\":\"https:\\\/\\\/eurecat.org\\\/es\\\/#\\\/schema\\\/person\\\/def9217eded50ee57a9dc4cf0c883f80\"},\"breadcrumb\":{\"@id\":\"https:\\\/\\\/eurecat.org\\\/es\\\/presentacion-del-centro-tecnologico-eurecat-al-sector-empresarial-e-industrial-de-girona\\\/#breadcrumb\"},\"inLanguage\":\"es\",\"potentialAction\":[{\"@type\":\"ReadAction\",\"target\":[\"https:\\\/\\\/eurecat.org\\\/es\\\/presentacion-del-centro-tecnologico-eurecat-al-sector-empresarial-e-industrial-de-girona\\\/\"]}]},{\"@type\":\"ImageObject\",\"inLanguage\":\"es\",\"@id\":\"https:\\\/\\\/eurecat.org\\\/es\\\/presentacion-del-centro-tecnologico-eurecat-al-sector-empresarial-e-industrial-de-girona\\\/#primaryimage\",\"url\":\"https:\\\/\\\/eurecat.org\\\/wp-content\\\/uploads\\\/2016\\\/02\\\/presentacioGirona.png\",\"contentUrl\":\"https:\\\/\\\/eurecat.org\\\/wp-content\\\/uploads\\\/2016\\\/02\\\/presentacioGirona.png\",\"width\":789,\"height\":415},{\"@type\":\"BreadcrumbList\",\"@id\":\"https:\\\/\\\/eurecat.org\\\/es\\\/presentacion-del-centro-tecnologico-eurecat-al-sector-empresarial-e-industrial-de-girona\\\/#breadcrumb\",\"itemListElement\":[{\"@type\":\"ListItem\",\"position\":1,\"name\":\"Inici\",\"item\":\"https:\\\/\\\/eurecat.org\\\/es\\\/\"},{\"@type\":\"ListItem\",\"position\":2,\"name\":\"Presentaci\u00f3n del centro tecnol\u00f3gico Eurecat al sector empresarial e industrial de Girona\"}]},{\"@type\":\"WebSite\",\"@id\":\"https:\\\/\\\/eurecat.org\\\/es\\\/#website\",\"url\":\"https:\\\/\\\/eurecat.org\\\/es\\\/\",\"name\":\"Eurecat\",\"description\":\"Otro sitio realizado con WordPress\",\"potentialAction\":[{\"@type\":\"SearchAction\",\"target\":{\"@type\":\"EntryPoint\",\"urlTemplate\":\"https:\\\/\\\/eurecat.org\\\/es\\\/?s={search_term_string}\"},\"query-input\":{\"@type\":\"PropertyValueSpecification\",\"valueRequired\":true,\"valueName\":\"search_term_string\"}}],\"inLanguage\":\"es\"},{\"@type\":\"Person\",\"@id\":\"https:\\\/\\\/eurecat.org\\\/es\\\/#\\\/schema\\\/person\\\/def9217eded50ee57a9dc4cf0c883f80\",\"name\":\"EurecatEG\",\"image\":{\"@type\":\"ImageObject\",\"inLanguage\":\"es\",\"@id\":\"https:\\\/\\\/secure.gravatar.com\\\/avatar\\\/f40dd9b6ecd3e5c591f3c9b033e495ee0ec9877ba77249fbf268b3889350c824?s=96&d=mm&r=g\",\"url\":\"https:\\\/\\\/secure.gravatar.com\\\/avatar\\\/f40dd9b6ecd3e5c591f3c9b033e495ee0ec9877ba77249fbf268b3889350c824?s=96&d=mm&r=g\",\"contentUrl\":\"https:\\\/\\\/secure.gravatar.com\\\/avatar\\\/f40dd9b6ecd3e5c591f3c9b033e495ee0ec9877ba77249fbf268b3889350c824?s=96&d=mm&r=g\",\"caption\":\"EurecatEG\"}}]}<\/script>\n<!-- \/ Yoast SEO plugin. -->","yoast_head_json":{"title":"Presentaci\u00f3n del centro tecnol\u00f3gico Eurecat al sector empresarial e industrial de Girona - Eurecat","robots":{"index":"index","follow":"follow","max-snippet":"max-snippet:-1","max-image-preview":"max-image-preview:large","max-video-preview":"max-video-preview:-1"},"canonical":"https:\/\/eurecat.org\/es\/presentacion-del-centro-tecnologico-eurecat-al-sector-empresarial-e-industrial-de-girona\/","og_locale":"es_ES","og_type":"article","og_title":"Presentaci\u00f3n del centro tecnol\u00f3gico Eurecat al sector empresarial e industrial de Girona - Eurecat","og_description":"Girona, 17 de febrero de 2016.- El centro tecnol\u00f3gico Eurecat (miembro de Tecnio) presentar\u00e1 ma\u00f1ana a los empresarios de Girona las herramientas y las capacidades que pone a su alcance para que puedan anticiparse al mercado y aumentar su competitividad, mediante productos, procesos y servicios innovadores y de alto valor tecnol\u00f3gico. Eurecat, que cuenta con [...]","og_url":"https:\/\/eurecat.org\/es\/presentacion-del-centro-tecnologico-eurecat-al-sector-empresarial-e-industrial-de-girona\/","og_site_name":"Eurecat","article_published_time":"2016-02-17T14:14:25+00:00","article_modified_time":"2021-10-06T12:27:30+00:00","og_image":[{"width":789,"height":415,"url":"https:\/\/eurecat.org\/wp-content\/uploads\/2016\/02\/presentacioGirona.png","type":"image\/png"}],"author":"EurecatEG","twitter_card":"summary_large_image","twitter_misc":{"Escrito por":"EurecatEG","Tiempo de lectura":"3 minutos"},"schema":{"@context":"https:\/\/schema.org","@graph":[{"@type":"Article","@id":"https:\/\/eurecat.org\/es\/presentacion-del-centro-tecnologico-eurecat-al-sector-empresarial-e-industrial-de-girona\/#article","isPartOf":{"@id":"https:\/\/eurecat.org\/es\/presentacion-del-centro-tecnologico-eurecat-al-sector-empresarial-e-industrial-de-girona\/"},"author":{"name":"EurecatEG","@id":"https:\/\/eurecat.org\/es\/#\/schema\/person\/def9217eded50ee57a9dc4cf0c883f80"},"headline":"Presentaci\u00f3n del centro tecnol\u00f3gico Eurecat al sector empresarial e industrial de Girona","datePublished":"2016-02-17T14:14:25+00:00","dateModified":"2021-10-06T12:27:30+00:00","mainEntityOfPage":{"@id":"https:\/\/eurecat.org\/es\/presentacion-del-centro-tecnologico-eurecat-al-sector-empresarial-e-industrial-de-girona\/"},"wordCount":658,"commentCount":0,"image":{"@id":"https:\/\/eurecat.org\/es\/presentacion-del-centro-tecnologico-eurecat-al-sector-empresarial-e-industrial-de-girona\/#primaryimage"},"thumbnailUrl":"https:\/\/eurecat.org\/wp-content\/uploads\/2016\/02\/presentacioGirona.png","articleSection":["Consultor\u00eda","Notas de prensa"],"inLanguage":"es","potentialAction":[{"@type":"CommentAction","name":"Comment","target":["https:\/\/eurecat.org\/es\/presentacion-del-centro-tecnologico-eurecat-al-sector-empresarial-e-industrial-de-girona\/#respond"]}]},{"@type":"WebPage","@id":"https:\/\/eurecat.org\/es\/presentacion-del-centro-tecnologico-eurecat-al-sector-empresarial-e-industrial-de-girona\/","url":"https:\/\/eurecat.org\/es\/presentacion-del-centro-tecnologico-eurecat-al-sector-empresarial-e-industrial-de-girona\/","name":"Presentaci\u00f3n del centro tecnol\u00f3gico Eurecat al sector empresarial e industrial de Girona - Eurecat","isPartOf":{"@id":"https:\/\/eurecat.org\/es\/#website"},"primaryImageOfPage":{"@id":"https:\/\/eurecat.org\/es\/presentacion-del-centro-tecnologico-eurecat-al-sector-empresarial-e-industrial-de-girona\/#primaryimage"},"image":{"@id":"https:\/\/eurecat.org\/es\/presentacion-del-centro-tecnologico-eurecat-al-sector-empresarial-e-industrial-de-girona\/#primaryimage"},"thumbnailUrl":"https:\/\/eurecat.org\/wp-content\/uploads\/2016\/02\/presentacioGirona.png","datePublished":"2016-02-17T14:14:25+00:00","dateModified":"2021-10-06T12:27:30+00:00","author":{"@id":"https:\/\/eurecat.org\/es\/#\/schema\/person\/def9217eded50ee57a9dc4cf0c883f80"},"breadcrumb":{"@id":"https:\/\/eurecat.org\/es\/presentacion-del-centro-tecnologico-eurecat-al-sector-empresarial-e-industrial-de-girona\/#breadcrumb"},"inLanguage":"es","potentialAction":[{"@type":"ReadAction","target":["https:\/\/eurecat.org\/es\/presentacion-del-centro-tecnologico-eurecat-al-sector-empresarial-e-industrial-de-girona\/"]}]},{"@type":"ImageObject","inLanguage":"es","@id":"https:\/\/eurecat.org\/es\/presentacion-del-centro-tecnologico-eurecat-al-sector-empresarial-e-industrial-de-girona\/#primaryimage","url":"https:\/\/eurecat.org\/wp-content\/uploads\/2016\/02\/presentacioGirona.png","contentUrl":"https:\/\/eurecat.org\/wp-content\/uploads\/2016\/02\/presentacioGirona.png","width":789,"height":415},{"@type":"BreadcrumbList","@id":"https:\/\/eurecat.org\/es\/presentacion-del-centro-tecnologico-eurecat-al-sector-empresarial-e-industrial-de-girona\/#breadcrumb","itemListElement":[{"@type":"ListItem","position":1,"name":"Inici","item":"https:\/\/eurecat.org\/es\/"},{"@type":"ListItem","position":2,"name":"Presentaci\u00f3n del centro tecnol\u00f3gico Eurecat al sector empresarial e industrial de Girona"}]},{"@type":"WebSite","@id":"https:\/\/eurecat.org\/es\/#website","url":"https:\/\/eurecat.org\/es\/","name":"Eurecat","description":"Otro sitio realizado con WordPress","potentialAction":[{"@type":"SearchAction","target":{"@type":"EntryPoint","urlTemplate":"https:\/\/eurecat.org\/es\/?s={search_term_string}"},"query-input":{"@type":"PropertyValueSpecification","valueRequired":true,"valueName":"search_term_string"}}],"inLanguage":"es"},{"@type":"Person","@id":"https:\/\/eurecat.org\/es\/#\/schema\/person\/def9217eded50ee57a9dc4cf0c883f80","name":"EurecatEG","image":{"@type":"ImageObject","inLanguage":"es","@id":"https:\/\/secure.gravatar.com\/avatar\/f40dd9b6ecd3e5c591f3c9b033e495ee0ec9877ba77249fbf268b3889350c824?s=96&d=mm&r=g","url":"https:\/\/secure.gravatar.com\/avatar\/f40dd9b6ecd3e5c591f3c9b033e495ee0ec9877ba77249fbf268b3889350c824?s=96&d=mm&r=g","contentUrl":"https:\/\/secure.gravatar.com\/avatar\/f40dd9b6ecd3e5c591f3c9b033e495ee0ec9877ba77249fbf268b3889350c824?s=96&d=mm&r=g","caption":"EurecatEG"}}]}},"_links":{"self":[{"href":"https:\/\/eurecat.org\/es\/wp-json\/wp\/v2\/posts\/5393","targetHints":{"allow":["GET"]}}],"collection":[{"href":"https:\/\/eurecat.org\/es\/wp-json\/wp\/v2\/posts"}],"about":[{"href":"https:\/\/eurecat.org\/es\/wp-json\/wp\/v2\/types\/post"}],"author":[{"embeddable":true,"href":"https:\/\/eurecat.org\/es\/wp-json\/wp\/v2\/users\/12"}],"replies":[{"embeddable":true,"href":"https:\/\/eurecat.org\/es\/wp-json\/wp\/v2\/comments?post=5393"}],"version-history":[{"count":0,"href":"https:\/\/eurecat.org\/es\/wp-json\/wp\/v2\/posts\/5393\/revisions"}],"wp:featuredmedia":[{"embeddable":true,"href":"https:\/\/eurecat.org\/es\/wp-json\/wp\/v2\/media\/5391"}],"wp:attachment":[{"href":"https:\/\/eurecat.org\/es\/wp-json\/wp\/v2\/media?parent=5393"}],"wp:term":[{"taxonomy":"category","embeddable":true,"href":"https:\/\/eurecat.org\/es\/wp-json\/wp\/v2\/categories?post=5393"},{"taxonomy":"post_tag","embeddable":true,"href":"https:\/\/eurecat.org\/es\/wp-json\/wp\/v2\/tags?post=5393"}],"curies":[{"name":"wp","href":"https:\/\/api.w.org\/{rel}","templated":true}]}}