{"id":54358,"date":"2018-03-26T13:31:01","date_gmt":"2018-03-26T13:31:01","guid":{"rendered":"https:\/\/eurecat.org\/eurecat-3d-integfoot\/"},"modified":"2018-03-26T13:42:53","modified_gmt":"2018-03-26T13:42:53","slug":"eurecat-3d-integfoot","status":"publish","type":"post","link":"https:\/\/eurecat.org\/es\/eurecat-3d-integfoot\/","title":{"rendered":"Aplican tecnolog\u00eda textil 3D en la prevenci\u00f3n de las \u00falceras por presi\u00f3n en pacientes encamados"},"content":{"rendered":"<h1 style=\"text-align: center;\"><span style=\"color: #000000;\"><strong>Aplican tecnolog\u00eda textil 3D en la prevenci\u00f3n de las \u00falceras por presi\u00f3n en pacientes encamados<\/strong><\/span><\/h1>\n<ul>\n<li style=\"text-align: center;\">\n<h2><span style=\"color: #000000;\"><strong>El proyecto ha sido seleccionado e impulsado por el programa Caixaimpulse de la Fundaci\u00f3n Bancaria \u201cla Caixa\u201d y Caixa Capital Risc.<\/strong><\/span><\/h2>\n<\/li>\n<li style=\"text-align: center;\">\n<h2><span style=\"color: #000000;\"><strong>El prototipo ha sido desarrollado conjuntamente entre el Consorcio Sanitario del Maresme y el centro tecnol\u00f3gico Eurecat.<\/strong><\/span><\/h2>\n<\/li>\n<li style=\"text-align: center;\">\n<h2><span style=\"color: #000000;\"><strong>Se calcula que el 60 por ciento de los casos de las \u00falceras por presi\u00f3n tiene origen en los hospitales.<\/strong><\/span><\/h2>\n<\/li>\n<li style=\"text-align: center;\">\n<h2><span style=\"color: #000000;\"><strong>Se trata de una afecci\u00f3n dolorosa, que incrementa el tiempo de hospitalizaci\u00f3n y aumenta el riesgo de infecci\u00f3n.<\/strong><\/span><\/h2>\n<\/li>\n<\/ul>\n<p><strong><u>Barcelona\/Matar\u00f3, 26 de marzo de 2018.-<\/u><\/strong> El <span style=\"color: #800080;\"><strong><a style=\"color: #800080;\" href=\"http:\/\/www.csdm.es\/\">Consorcio Sanitario del Maresme<\/a><\/strong><\/span> y el centro tecnol\u00f3gico <strong><span style=\"color: #800080;\"><a style=\"color: #800080;\" href=\"http:\/\/eurecat.org\/es\/\">Eurecat<\/a><\/span><\/strong> (miembro de Tecnio) han desarrollado un prototipo de protector integral para el pie con tecnolog\u00eda textil 3D destinado a la prevenci\u00f3n de las \u00falceras cut\u00e1neas por presi\u00f3n, una afecci\u00f3n que genera dolor al paciente, incrementa el tiempo de hospitalizaci\u00f3n y el riesgo de infecci\u00f3n y que puede evolucionar hacia consecuencias m\u00e1s graves.<\/p>\n<p>El cirujano vascular del Hospital de Matar\u00f3 Jes\u00fas Al\u00f3s ha sido el art\u00edfice de la idea que hay detr\u00e1s del prototipo, denominado 3D-Integfoot, que busca proporcionar una protecci\u00f3n integral de f\u00e1cil uso en el tratamiento y la prevenci\u00f3n de las \u00falceras por presi\u00f3n que aporte una fijaci\u00f3n efectiva y evite los efectos secundarios provocados por nuevas fricciones.<\/p>\n<p>La investigaci\u00f3n se ha llevado a cabo por parte de la Unidad Tecnol\u00f3gica de Tejidos Funcionales de Eurecat y ha incluido un estudio de usabilidad del prototipo que se ha validado con treinta pacientes en el Hospital de Matar\u00f3. Este estudio ha constatado que \u00ab3D-Integfoot no produce picor, ni sudoraci\u00f3n, dolor o sensaci\u00f3n de opresi\u00f3n en m\u00e1s del 93 por ciento de los casos\u00bb, explica la Dra. Laura L\u00f3pez, Project Leader de 3D-Integfoot.<\/p>\n<p>En palabras del doctor Al\u00f3s, la originalidad del proyecto reside en el concepto de \u00abprotecci\u00f3n integral del pie\u00bb, es decir, se \u00abprotege la totalidad de zonas del pie expuestas a este tipo de complicaciones y no \u00fanicamente el tal\u00f3n, lo m\u00e1s afectado por otro lado, evitando cierto grado de yatrogenia que pueden provocar algunos protectores \u00ab.<\/p>\n<p>Se calcula que el 60 por ciento de los casos de las \u00falceras por presi\u00f3n tiene origen en los hospitales y se estima que la prevalencia de esta enfermedad es del 10 por ciento. La causa que desencadena la aparici\u00f3n es la presi\u00f3n extra mantenida en el pie por el mismo peso del cuerpo, la fricci\u00f3n de la piel cuando un paciente est\u00e1 inmovilizado o el uso de ap\u00f3sitos de baja calidad en periodos prolongados de inmovilizaci\u00f3n.<\/p>\n<p><strong>Programa CaixaImpulse 2016<\/strong><\/p>\n<p>El proyecto ha sido uno de los seleccionados en el \u00e1mbito de la salud para el programa 2016 de la Obra Social \u00abla Caixa\u00bb y Caixa Capital Risc, que est\u00e1 dirigido a universidades, centros hospitalarios, centros de investigaci\u00f3n y centros tecnol\u00f3gicos y que implica acompa\u00f1amiento experto y una aportaci\u00f3n econ\u00f3mica para elaborar y ejecutar un plan de valorizaci\u00f3n para llevar el producto al mercado.<\/p>\n<p>En la actualidad, se ha solicitado una patente europea y una internacional para la protecci\u00f3n de 3D-Integfoot y se est\u00e1 realizando un estudio cl\u00ednico para comparar la eficiencia del protector con la pr\u00e1ctica cl\u00ednica habitual, con el objetivo de evaluar su eficacia, seguridad y eficiencia. El estudio se est\u00e1 llevando a cabo en el Hospital de Matar\u00f3 con una poblaci\u00f3n de 240 pacientes, con una finalizaci\u00f3n prevista a finales del primer trimestre de 2018. Se prev\u00e9 licenciar el dispositivo a una empresa del \u00e1mbito del tratamiento de heridas, ortopedia o textil para la introducci\u00f3n del producto en el mercado.<\/p>\n","protected":false},"excerpt":{"rendered":"<p>Aplican tecnolog\u00eda textil 3D en la prevenci\u00f3n de las \u00falceras por presi\u00f3n en pacientes encamados El proyecto ha sido seleccionado e impulsado por el programa Caixaimpulse de la Fundaci\u00f3n Bancaria \u201cla Caixa\u201d y Caixa Capital Risc. El prototipo ha sido desarrollado conjuntamente entre el Consorcio Sanitario del Maresme y el centro tecnol\u00f3gico Eurecat. Se calcula  [&#8230;]<\/p>\n","protected":false},"author":12,"featured_media":54357,"comment_status":"open","ping_status":"closed","sticky":false,"template":"","format":"standard","meta":{"footnotes":""},"categories":[397,134],"tags":[1495],"class_list":["post-54358","post","type-post","status-publish","format-standard","has-post-thumbnail","hentry","category-e-health-es","category-notas-de-prensa","tag-integfoot-es"],"yoast_head":"<!-- This site is optimized with the Yoast SEO plugin v27.4 - https:\/\/yoast.com\/product\/yoast-seo-wordpress\/ -->\n<title>Aplican tecnolog\u00eda textil 3D en la prevenci\u00f3n de las \u00falceras por presi\u00f3n<\/title>\n<meta name=\"description\" content=\"El prototipo ha sido desarrollado conjuntamente entre el Consorcio Sanitario del Maresme y el centro tecnol\u00f3gico Eurecat.\" \/>\n<meta name=\"robots\" content=\"index, follow, max-snippet:-1, max-image-preview:large, max-video-preview:-1\" \/>\n<link rel=\"canonical\" href=\"https:\/\/eurecat.org\/es\/eurecat-3d-integfoot\/\" \/>\n<meta property=\"og:locale\" content=\"es_ES\" \/>\n<meta property=\"og:type\" content=\"article\" \/>\n<meta property=\"og:title\" content=\"Aplican tecnolog\u00eda textil 3D en la prevenci\u00f3n de las \u00falceras por presi\u00f3n\" \/>\n<meta property=\"og:description\" content=\"El prototipo ha sido desarrollado conjuntamente entre el Consorcio Sanitario del Maresme y el centro tecnol\u00f3gico Eurecat.\" \/>\n<meta property=\"og:url\" content=\"https:\/\/eurecat.org\/es\/eurecat-3d-integfoot\/\" \/>\n<meta property=\"og:site_name\" content=\"Eurecat\" \/>\n<meta property=\"article:published_time\" content=\"2018-03-26T13:31:01+00:00\" \/>\n<meta property=\"article:modified_time\" content=\"2018-03-26T13:42:53+00:00\" \/>\n<meta property=\"og:image\" content=\"https:\/\/eurecat.org\/wp-content\/uploads\/2018\/03\/3d-integfoot.jpg\" \/>\n\t<meta property=\"og:image:width\" content=\"774\" \/>\n\t<meta property=\"og:image:height\" content=\"530\" \/>\n\t<meta property=\"og:image:type\" content=\"image\/jpeg\" \/>\n<meta name=\"author\" content=\"EurecatEG\" \/>\n<meta name=\"twitter:card\" content=\"summary_large_image\" \/>\n<meta name=\"twitter:label1\" content=\"Escrito por\" \/>\n\t<meta name=\"twitter:data1\" content=\"EurecatEG\" \/>\n\t<meta name=\"twitter:label2\" content=\"Tiempo de lectura\" \/>\n\t<meta name=\"twitter:data2\" content=\"3 minutos\" \/>\n<script type=\"application\/ld+json\" class=\"yoast-schema-graph\">{\"@context\":\"https:\\\/\\\/schema.org\",\"@graph\":[{\"@type\":\"Article\",\"@id\":\"https:\\\/\\\/eurecat.org\\\/es\\\/eurecat-3d-integfoot\\\/#article\",\"isPartOf\":{\"@id\":\"https:\\\/\\\/eurecat.org\\\/es\\\/eurecat-3d-integfoot\\\/\"},\"author\":{\"name\":\"EurecatEG\",\"@id\":\"https:\\\/\\\/eurecat.org\\\/es\\\/#\\\/schema\\\/person\\\/def9217eded50ee57a9dc4cf0c883f80\"},\"headline\":\"Aplican tecnolog\u00eda textil 3D en la prevenci\u00f3n de las \u00falceras por presi\u00f3n en pacientes encamados\",\"datePublished\":\"2018-03-26T13:31:01+00:00\",\"dateModified\":\"2018-03-26T13:42:53+00:00\",\"mainEntityOfPage\":{\"@id\":\"https:\\\/\\\/eurecat.org\\\/es\\\/eurecat-3d-integfoot\\\/\"},\"wordCount\":654,\"commentCount\":0,\"image\":{\"@id\":\"https:\\\/\\\/eurecat.org\\\/es\\\/eurecat-3d-integfoot\\\/#primaryimage\"},\"thumbnailUrl\":\"https:\\\/\\\/eurecat.org\\\/wp-content\\\/uploads\\\/2018\\\/03\\\/3d-integfoot.jpg\",\"keywords\":[\"Integfoot\"],\"articleSection\":[\"E-health\",\"Notas de prensa\"],\"inLanguage\":\"es\",\"potentialAction\":[{\"@type\":\"CommentAction\",\"name\":\"Comment\",\"target\":[\"https:\\\/\\\/eurecat.org\\\/es\\\/eurecat-3d-integfoot\\\/#respond\"]}]},{\"@type\":\"WebPage\",\"@id\":\"https:\\\/\\\/eurecat.org\\\/es\\\/eurecat-3d-integfoot\\\/\",\"url\":\"https:\\\/\\\/eurecat.org\\\/es\\\/eurecat-3d-integfoot\\\/\",\"name\":\"Aplican tecnolog\u00eda textil 3D en la prevenci\u00f3n de las \u00falceras por presi\u00f3n\",\"isPartOf\":{\"@id\":\"https:\\\/\\\/eurecat.org\\\/es\\\/#website\"},\"primaryImageOfPage\":{\"@id\":\"https:\\\/\\\/eurecat.org\\\/es\\\/eurecat-3d-integfoot\\\/#primaryimage\"},\"image\":{\"@id\":\"https:\\\/\\\/eurecat.org\\\/es\\\/eurecat-3d-integfoot\\\/#primaryimage\"},\"thumbnailUrl\":\"https:\\\/\\\/eurecat.org\\\/wp-content\\\/uploads\\\/2018\\\/03\\\/3d-integfoot.jpg\",\"datePublished\":\"2018-03-26T13:31:01+00:00\",\"dateModified\":\"2018-03-26T13:42:53+00:00\",\"author\":{\"@id\":\"https:\\\/\\\/eurecat.org\\\/es\\\/#\\\/schema\\\/person\\\/def9217eded50ee57a9dc4cf0c883f80\"},\"description\":\"El prototipo ha sido desarrollado conjuntamente entre el Consorcio Sanitario del Maresme y el centro tecnol\u00f3gico Eurecat.\",\"breadcrumb\":{\"@id\":\"https:\\\/\\\/eurecat.org\\\/es\\\/eurecat-3d-integfoot\\\/#breadcrumb\"},\"inLanguage\":\"es\",\"potentialAction\":[{\"@type\":\"ReadAction\",\"target\":[\"https:\\\/\\\/eurecat.org\\\/es\\\/eurecat-3d-integfoot\\\/\"]}]},{\"@type\":\"ImageObject\",\"inLanguage\":\"es\",\"@id\":\"https:\\\/\\\/eurecat.org\\\/es\\\/eurecat-3d-integfoot\\\/#primaryimage\",\"url\":\"https:\\\/\\\/eurecat.org\\\/wp-content\\\/uploads\\\/2018\\\/03\\\/3d-integfoot.jpg\",\"contentUrl\":\"https:\\\/\\\/eurecat.org\\\/wp-content\\\/uploads\\\/2018\\\/03\\\/3d-integfoot.jpg\",\"width\":774,\"height\":530},{\"@type\":\"BreadcrumbList\",\"@id\":\"https:\\\/\\\/eurecat.org\\\/es\\\/eurecat-3d-integfoot\\\/#breadcrumb\",\"itemListElement\":[{\"@type\":\"ListItem\",\"position\":1,\"name\":\"Inici\",\"item\":\"https:\\\/\\\/eurecat.org\\\/es\\\/\"},{\"@type\":\"ListItem\",\"position\":2,\"name\":\"Aplican tecnolog\u00eda textil 3D en la prevenci\u00f3n de las \u00falceras por presi\u00f3n en pacientes encamados\"}]},{\"@type\":\"WebSite\",\"@id\":\"https:\\\/\\\/eurecat.org\\\/es\\\/#website\",\"url\":\"https:\\\/\\\/eurecat.org\\\/es\\\/\",\"name\":\"Eurecat\",\"description\":\"Otro sitio realizado con WordPress\",\"potentialAction\":[{\"@type\":\"SearchAction\",\"target\":{\"@type\":\"EntryPoint\",\"urlTemplate\":\"https:\\\/\\\/eurecat.org\\\/es\\\/?s={search_term_string}\"},\"query-input\":{\"@type\":\"PropertyValueSpecification\",\"valueRequired\":true,\"valueName\":\"search_term_string\"}}],\"inLanguage\":\"es\"},{\"@type\":\"Person\",\"@id\":\"https:\\\/\\\/eurecat.org\\\/es\\\/#\\\/schema\\\/person\\\/def9217eded50ee57a9dc4cf0c883f80\",\"name\":\"EurecatEG\",\"image\":{\"@type\":\"ImageObject\",\"inLanguage\":\"es\",\"@id\":\"https:\\\/\\\/secure.gravatar.com\\\/avatar\\\/f40dd9b6ecd3e5c591f3c9b033e495ee0ec9877ba77249fbf268b3889350c824?s=96&d=mm&r=g\",\"url\":\"https:\\\/\\\/secure.gravatar.com\\\/avatar\\\/f40dd9b6ecd3e5c591f3c9b033e495ee0ec9877ba77249fbf268b3889350c824?s=96&d=mm&r=g\",\"contentUrl\":\"https:\\\/\\\/secure.gravatar.com\\\/avatar\\\/f40dd9b6ecd3e5c591f3c9b033e495ee0ec9877ba77249fbf268b3889350c824?s=96&d=mm&r=g\",\"caption\":\"EurecatEG\"}}]}<\/script>\n<!-- \/ Yoast SEO plugin. -->","yoast_head_json":{"title":"Aplican tecnolog\u00eda textil 3D en la prevenci\u00f3n de las \u00falceras por presi\u00f3n","description":"El prototipo ha sido desarrollado conjuntamente entre el Consorcio Sanitario del Maresme y el centro tecnol\u00f3gico Eurecat.","robots":{"index":"index","follow":"follow","max-snippet":"max-snippet:-1","max-image-preview":"max-image-preview:large","max-video-preview":"max-video-preview:-1"},"canonical":"https:\/\/eurecat.org\/es\/eurecat-3d-integfoot\/","og_locale":"es_ES","og_type":"article","og_title":"Aplican tecnolog\u00eda textil 3D en la prevenci\u00f3n de las \u00falceras por presi\u00f3n","og_description":"El prototipo ha sido desarrollado conjuntamente entre el Consorcio Sanitario del Maresme y el centro tecnol\u00f3gico Eurecat.","og_url":"https:\/\/eurecat.org\/es\/eurecat-3d-integfoot\/","og_site_name":"Eurecat","article_published_time":"2018-03-26T13:31:01+00:00","article_modified_time":"2018-03-26T13:42:53+00:00","og_image":[{"width":774,"height":530,"url":"https:\/\/eurecat.org\/wp-content\/uploads\/2018\/03\/3d-integfoot.jpg","type":"image\/jpeg"}],"author":"EurecatEG","twitter_card":"summary_large_image","twitter_misc":{"Escrito por":"EurecatEG","Tiempo de lectura":"3 minutos"},"schema":{"@context":"https:\/\/schema.org","@graph":[{"@type":"Article","@id":"https:\/\/eurecat.org\/es\/eurecat-3d-integfoot\/#article","isPartOf":{"@id":"https:\/\/eurecat.org\/es\/eurecat-3d-integfoot\/"},"author":{"name":"EurecatEG","@id":"https:\/\/eurecat.org\/es\/#\/schema\/person\/def9217eded50ee57a9dc4cf0c883f80"},"headline":"Aplican tecnolog\u00eda textil 3D en la prevenci\u00f3n de las \u00falceras por presi\u00f3n en pacientes encamados","datePublished":"2018-03-26T13:31:01+00:00","dateModified":"2018-03-26T13:42:53+00:00","mainEntityOfPage":{"@id":"https:\/\/eurecat.org\/es\/eurecat-3d-integfoot\/"},"wordCount":654,"commentCount":0,"image":{"@id":"https:\/\/eurecat.org\/es\/eurecat-3d-integfoot\/#primaryimage"},"thumbnailUrl":"https:\/\/eurecat.org\/wp-content\/uploads\/2018\/03\/3d-integfoot.jpg","keywords":["Integfoot"],"articleSection":["E-health","Notas de prensa"],"inLanguage":"es","potentialAction":[{"@type":"CommentAction","name":"Comment","target":["https:\/\/eurecat.org\/es\/eurecat-3d-integfoot\/#respond"]}]},{"@type":"WebPage","@id":"https:\/\/eurecat.org\/es\/eurecat-3d-integfoot\/","url":"https:\/\/eurecat.org\/es\/eurecat-3d-integfoot\/","name":"Aplican tecnolog\u00eda textil 3D en la prevenci\u00f3n de las \u00falceras por presi\u00f3n","isPartOf":{"@id":"https:\/\/eurecat.org\/es\/#website"},"primaryImageOfPage":{"@id":"https:\/\/eurecat.org\/es\/eurecat-3d-integfoot\/#primaryimage"},"image":{"@id":"https:\/\/eurecat.org\/es\/eurecat-3d-integfoot\/#primaryimage"},"thumbnailUrl":"https:\/\/eurecat.org\/wp-content\/uploads\/2018\/03\/3d-integfoot.jpg","datePublished":"2018-03-26T13:31:01+00:00","dateModified":"2018-03-26T13:42:53+00:00","author":{"@id":"https:\/\/eurecat.org\/es\/#\/schema\/person\/def9217eded50ee57a9dc4cf0c883f80"},"description":"El prototipo ha sido desarrollado conjuntamente entre el Consorcio Sanitario del Maresme y el centro tecnol\u00f3gico Eurecat.","breadcrumb":{"@id":"https:\/\/eurecat.org\/es\/eurecat-3d-integfoot\/#breadcrumb"},"inLanguage":"es","potentialAction":[{"@type":"ReadAction","target":["https:\/\/eurecat.org\/es\/eurecat-3d-integfoot\/"]}]},{"@type":"ImageObject","inLanguage":"es","@id":"https:\/\/eurecat.org\/es\/eurecat-3d-integfoot\/#primaryimage","url":"https:\/\/eurecat.org\/wp-content\/uploads\/2018\/03\/3d-integfoot.jpg","contentUrl":"https:\/\/eurecat.org\/wp-content\/uploads\/2018\/03\/3d-integfoot.jpg","width":774,"height":530},{"@type":"BreadcrumbList","@id":"https:\/\/eurecat.org\/es\/eurecat-3d-integfoot\/#breadcrumb","itemListElement":[{"@type":"ListItem","position":1,"name":"Inici","item":"https:\/\/eurecat.org\/es\/"},{"@type":"ListItem","position":2,"name":"Aplican tecnolog\u00eda textil 3D en la prevenci\u00f3n de las \u00falceras por presi\u00f3n en pacientes encamados"}]},{"@type":"WebSite","@id":"https:\/\/eurecat.org\/es\/#website","url":"https:\/\/eurecat.org\/es\/","name":"Eurecat","description":"Otro sitio realizado con WordPress","potentialAction":[{"@type":"SearchAction","target":{"@type":"EntryPoint","urlTemplate":"https:\/\/eurecat.org\/es\/?s={search_term_string}"},"query-input":{"@type":"PropertyValueSpecification","valueRequired":true,"valueName":"search_term_string"}}],"inLanguage":"es"},{"@type":"Person","@id":"https:\/\/eurecat.org\/es\/#\/schema\/person\/def9217eded50ee57a9dc4cf0c883f80","name":"EurecatEG","image":{"@type":"ImageObject","inLanguage":"es","@id":"https:\/\/secure.gravatar.com\/avatar\/f40dd9b6ecd3e5c591f3c9b033e495ee0ec9877ba77249fbf268b3889350c824?s=96&d=mm&r=g","url":"https:\/\/secure.gravatar.com\/avatar\/f40dd9b6ecd3e5c591f3c9b033e495ee0ec9877ba77249fbf268b3889350c824?s=96&d=mm&r=g","contentUrl":"https:\/\/secure.gravatar.com\/avatar\/f40dd9b6ecd3e5c591f3c9b033e495ee0ec9877ba77249fbf268b3889350c824?s=96&d=mm&r=g","caption":"EurecatEG"}}]}},"_links":{"self":[{"href":"https:\/\/eurecat.org\/es\/wp-json\/wp\/v2\/posts\/54358","targetHints":{"allow":["GET"]}}],"collection":[{"href":"https:\/\/eurecat.org\/es\/wp-json\/wp\/v2\/posts"}],"about":[{"href":"https:\/\/eurecat.org\/es\/wp-json\/wp\/v2\/types\/post"}],"author":[{"embeddable":true,"href":"https:\/\/eurecat.org\/es\/wp-json\/wp\/v2\/users\/12"}],"replies":[{"embeddable":true,"href":"https:\/\/eurecat.org\/es\/wp-json\/wp\/v2\/comments?post=54358"}],"version-history":[{"count":0,"href":"https:\/\/eurecat.org\/es\/wp-json\/wp\/v2\/posts\/54358\/revisions"}],"wp:featuredmedia":[{"embeddable":true,"href":"https:\/\/eurecat.org\/es\/wp-json\/wp\/v2\/media\/54357"}],"wp:attachment":[{"href":"https:\/\/eurecat.org\/es\/wp-json\/wp\/v2\/media?parent=54358"}],"wp:term":[{"taxonomy":"category","embeddable":true,"href":"https:\/\/eurecat.org\/es\/wp-json\/wp\/v2\/categories?post=54358"},{"taxonomy":"post_tag","embeddable":true,"href":"https:\/\/eurecat.org\/es\/wp-json\/wp\/v2\/tags?post=54358"}],"curies":[{"name":"wp","href":"https:\/\/api.w.org\/{rel}","templated":true}]}}