{"id":5635,"date":"2016-02-19T11:06:22","date_gmt":"2016-02-19T11:06:22","guid":{"rendered":"http:\/\/eurecat.org\/es\/?p=5635"},"modified":"2016-07-19T09:10:14","modified_gmt":"2016-07-19T09:10:14","slug":"el-centro-tecnologico-eurecat-pone-de-relieve-el-potencial-de-innovacion-de-las-pymes-de-girona","status":"publish","type":"post","link":"https:\/\/eurecat.org\/es\/el-centro-tecnologico-eurecat-pone-de-relieve-el-potencial-de-innovacion-de-las-pymes-de-girona\/","title":{"rendered":"El centro tecnol\u00f3gico Eurecat pone de relieve el potencial de innovaci\u00f3n de las pymes de Girona"},"content":{"rendered":"<p><strong><u>Girona, 17 de febrero de 2016.-<\/u><\/strong> Las alianzas con los centros de investigaci\u00f3n y las empresas de servicios \u00abson fundamentales en el trabajo conjunto para la innovaci\u00f3n en las peque\u00f1as y medianas empresas de Girona\u00bb, seg\u00fan ha destacado el director de Desarrollo de Negocio de Eurecat, Carles Fradera, que ha remarcado que \u00abla concentraci\u00f3n de agentes y conocimiento del Parque Cient\u00edfico y Tecnol\u00f3gico de Girona es muy apropiado para lograr catalizar el impacto del centro tecnol\u00f3gico en las empresas\u00bb.<\/p>\n<p>Durante su intervenci\u00f3n en la jornada de presentaci\u00f3n de Eurecat a los empresarios de Girona, Carles Fradera ha puesto especial \u00e9nfasis en la necesidad de innovaci\u00f3n en las peque\u00f1as y medianas empresas y en el acompa\u00f1amiento espec\u00edfico que Eurecat realiza para estas empresas que representan m\u00e1s del 70% del empleo en Catalu\u00f1a\u00bb.<\/p>\n<p>Para ilustrarlo, la directora de la Unidad de Tejidos Funcionales, Virginia Garc\u00eda, ha citado los wearables y los tejidos conductores smart como ejemplo de las tecnolog\u00edas que desarrolla el centro y que \u00abcada vez est\u00e1n m\u00e1s cerca de mercado\u00bb. En este sentido, Virginia Garc\u00eda ha especificado que \u00ablas nuevas prendas inteligentes se adaptan cada vez m\u00e1s a los requerimientos del uso diario, y pueden ser lavadas y tratadas como ropa normal\u00bb. Por otra parte, ha a\u00f1adido, \u00abla diversidad de tipos de metales y el tratamiento que reciben hacen que la conductividad de los tejidos pueda soportar intensidades de corriente elevadas, manteniendo las condiciones de flexibilidad y comodidad necesarias\u00bb.<\/p>\n<p>La jornada ha contado tambi\u00e9n con las intervenciones de Xavier Plant\u00e0, director del \u00c1rea de Tecnolog\u00edas Industriales; Joan Mas, director del \u00c1rea de Tecnolog\u00edas Digitales; Miquel Rovira, director de la Unidad de Sostenibilidad, y Guillen Quintana, responsable de la sede de Eurecat en Girona, que han mencionado numerosos ejemplos de innovaciones realizadas con empresas y llevadas a mercado.<\/p>\n<p>La actividad de Eurecat se dirige a todos los sectores pero, en especial, a los de automoci\u00f3n, alimentaci\u00f3n, comercio y turismo, salud, energ\u00eda y recursos, ferroviario y aeron\u00e1utico, industrias culturales y creativas, sistemas y procesos industriales, textil y TIC. Adem\u00e1s, apoya la implementaci\u00f3n de la Estrategia de Especializaci\u00f3n Inteligente de Catalu\u00f1a (RIS3CAT) que se desarrolla en los sectores prioritarios para las pol\u00edticas de investigaci\u00f3n, innovaci\u00f3n e industrial hasta el a\u00f1o 2020. Con este objetivo, Eurecat es impulsor de la Anella Industrial 4.0, una iniciativa p\u00fablico-privada para acelerar la convergencia entre los sectores industriales y las TIC.<\/p>\n<p>El centro provee al tejido industrial y empresarial con las \u00faltimas tecnolog\u00edas para que puedan acelerar su innovaci\u00f3n y eliminar el gasto en infraestructuras cient\u00edficas y tecnol\u00f3gicas, en un entorno marcado por la m\u00e1xima exigencia a nivel global.<\/p>\n<p>&nbsp;<\/p>\n<p><strong>Si quer\u00e9is ampliar la informaci\u00f3n o solicitar entrevistas, pod\u00e9is contactar con el Gabinete de Prensa de Eurecat en el m\u00f3vil 630425169 o en el email premsa@eurecat.org<\/strong><\/p>\n<p>&nbsp;<\/p>\n<p><strong>Sobre Eurecat<\/strong><\/p>\n<p>Eurecat, Centro Tecnol\u00f3gico de Catalu\u00f1a (miembro de TECNIO), aglutina la experiencia de m\u00e1s de <strong>450 profesionales<\/strong> que generan un volumen de ingresos de <strong>40 millones de euros anuales<\/strong> y presta servicio a m\u00e1s de <strong>1.000 empresas<\/strong>. Con instalaciones en Barcelona, Canet de Mar, Cerdanyola del Vall\u00e8s, Girona, Lleida, Manresa, Matar\u00f3 y Reus y con una sede en Brasil, participa a <strong>160 grandes proyectos consorciados de I+D+i<\/strong> nacionales e internacionales de alto valor estrat\u00e9gico y cuenta con <strong>79 patentes<\/strong> y <strong>7 spin-off<\/strong>. El valor a\u00f1adido que proporciona Eurecat <strong>acelera la innovaci\u00f3n<\/strong>, <strong>elimina el gasto en infraestructuras<\/strong> cient\u00edficas y tecnol\u00f3gicas, <strong>reduce los riesgos <\/strong>y proporciona <strong>conocimiento especializado <\/strong>a medida de cada empresa. <strong>M\u00e1s informaci\u00f3n en <\/strong><a href=\"http:\/\/www.eurecat.org\"><strong>www.eurecat.org<\/strong><\/a><\/p>\n<p><strong>\u00a0<\/strong><\/p>\n<p><strong><em>M\u00e1s informaci\u00f3n:<\/em><\/strong><\/p>\n<p>&nbsp;<\/p>\n<p><strong>Montse Mascar\u00f3<br \/>\nPrensa | Direcci\u00f3n de Comunicaci\u00f3n Corporativa <\/strong><strong>Eurecat<\/strong><\/p>\n<p><strong>Tel. (+34) 932 381 400 | M\u00f3vil: (+34) 630 425 169<br \/>\nC\/e: premsa@eurecat.org | <a href=\"http:\/\/www.eurecat.org\">www.eurecat.org<\/a><\/strong><\/p>\n","protected":false},"excerpt":{"rendered":"<p>Girona, 17 de febrero de 2016.- Las alianzas con los centros de investigaci\u00f3n y las empresas de servicios \u00abson fundamentales en el trabajo conjunto para la innovaci\u00f3n en las peque\u00f1as y medianas empresas de Girona\u00bb, seg\u00fan ha destacado el director de Desarrollo de Negocio de Eurecat, Carles Fradera, que ha remarcado que \u00abla concentraci\u00f3n de  [&#8230;]<\/p>\n","protected":false},"author":12,"featured_media":5655,"comment_status":"open","ping_status":"closed","sticky":false,"template":"","format":"standard","meta":{"footnotes":""},"categories":[394,134],"tags":[],"class_list":["post-5635","post","type-post","status-publish","format-standard","has-post-thumbnail","hentry","category-consultoria-es","category-notas-de-prensa"],"yoast_head":"<!-- This site is optimized with the Yoast SEO plugin v27.5 - https:\/\/yoast.com\/product\/yoast-seo-wordpress\/ -->\n<title>El centro tecnol\u00f3gico Eurecat pone de relieve el potencial de innovaci\u00f3n de las pymes de Girona - Eurecat<\/title>\n<meta name=\"robots\" content=\"index, follow, max-snippet:-1, max-image-preview:large, max-video-preview:-1\" \/>\n<link rel=\"canonical\" href=\"https:\/\/eurecat.org\/es\/el-centro-tecnologico-eurecat-pone-de-relieve-el-potencial-de-innovacion-de-las-pymes-de-girona\/\" \/>\n<meta property=\"og:locale\" content=\"es_ES\" \/>\n<meta property=\"og:type\" content=\"article\" \/>\n<meta property=\"og:title\" content=\"El centro tecnol\u00f3gico Eurecat pone de relieve el potencial de innovaci\u00f3n de las pymes de Girona - Eurecat\" \/>\n<meta property=\"og:description\" content=\"Girona, 17 de febrero de 2016.- Las alianzas con los centros de investigaci\u00f3n y las empresas de servicios \u00abson fundamentales en el trabajo conjunto para la innovaci\u00f3n en las peque\u00f1as y medianas empresas de Girona\u00bb, seg\u00fan ha destacado el director de Desarrollo de Negocio de Eurecat, Carles Fradera, que ha remarcado que \u00abla concentraci\u00f3n de [...]\" \/>\n<meta property=\"og:url\" content=\"https:\/\/eurecat.org\/es\/el-centro-tecnologico-eurecat-pone-de-relieve-el-potencial-de-innovacion-de-las-pymes-de-girona\/\" \/>\n<meta property=\"og:site_name\" content=\"Eurecat\" \/>\n<meta property=\"article:published_time\" content=\"2016-02-19T11:06:22+00:00\" \/>\n<meta property=\"article:modified_time\" content=\"2016-07-19T09:10:14+00:00\" \/>\n<meta property=\"og:image\" content=\"https:\/\/eurecat.org\/wp-content\/uploads\/2016\/02\/EurecatGirona.jpg\" \/>\n\t<meta property=\"og:image:width\" content=\"800\" \/>\n\t<meta property=\"og:image:height\" content=\"431\" \/>\n\t<meta property=\"og:image:type\" content=\"image\/jpeg\" \/>\n<meta name=\"author\" content=\"EurecatEG\" \/>\n<meta name=\"twitter:card\" content=\"summary_large_image\" \/>\n<meta name=\"twitter:label1\" content=\"Escrito por\" \/>\n\t<meta name=\"twitter:data1\" content=\"EurecatEG\" \/>\n\t<meta name=\"twitter:label2\" content=\"Tiempo de lectura\" \/>\n\t<meta name=\"twitter:data2\" content=\"3 minutos\" \/>\n<script type=\"application\/ld+json\" class=\"yoast-schema-graph\">{\"@context\":\"https:\\\/\\\/schema.org\",\"@graph\":[{\"@type\":\"Article\",\"@id\":\"https:\\\/\\\/eurecat.org\\\/es\\\/el-centro-tecnologico-eurecat-pone-de-relieve-el-potencial-de-innovacion-de-las-pymes-de-girona\\\/#article\",\"isPartOf\":{\"@id\":\"https:\\\/\\\/eurecat.org\\\/es\\\/el-centro-tecnologico-eurecat-pone-de-relieve-el-potencial-de-innovacion-de-las-pymes-de-girona\\\/\"},\"author\":{\"name\":\"EurecatEG\",\"@id\":\"https:\\\/\\\/eurecat.org\\\/es\\\/#\\\/schema\\\/person\\\/def9217eded50ee57a9dc4cf0c883f80\"},\"headline\":\"El centro tecnol\u00f3gico Eurecat pone de relieve el potencial de innovaci\u00f3n de las pymes de Girona\",\"datePublished\":\"2016-02-19T11:06:22+00:00\",\"dateModified\":\"2016-07-19T09:10:14+00:00\",\"mainEntityOfPage\":{\"@id\":\"https:\\\/\\\/eurecat.org\\\/es\\\/el-centro-tecnologico-eurecat-pone-de-relieve-el-potencial-de-innovacion-de-las-pymes-de-girona\\\/\"},\"wordCount\":675,\"commentCount\":0,\"image\":{\"@id\":\"https:\\\/\\\/eurecat.org\\\/es\\\/el-centro-tecnologico-eurecat-pone-de-relieve-el-potencial-de-innovacion-de-las-pymes-de-girona\\\/#primaryimage\"},\"thumbnailUrl\":\"https:\\\/\\\/eurecat.org\\\/wp-content\\\/uploads\\\/2016\\\/02\\\/EurecatGirona.jpg\",\"articleSection\":[\"Consultor\u00eda\",\"Notas de prensa\"],\"inLanguage\":\"es\",\"potentialAction\":[{\"@type\":\"CommentAction\",\"name\":\"Comment\",\"target\":[\"https:\\\/\\\/eurecat.org\\\/es\\\/el-centro-tecnologico-eurecat-pone-de-relieve-el-potencial-de-innovacion-de-las-pymes-de-girona\\\/#respond\"]}]},{\"@type\":\"WebPage\",\"@id\":\"https:\\\/\\\/eurecat.org\\\/es\\\/el-centro-tecnologico-eurecat-pone-de-relieve-el-potencial-de-innovacion-de-las-pymes-de-girona\\\/\",\"url\":\"https:\\\/\\\/eurecat.org\\\/es\\\/el-centro-tecnologico-eurecat-pone-de-relieve-el-potencial-de-innovacion-de-las-pymes-de-girona\\\/\",\"name\":\"El centro tecnol\u00f3gico Eurecat pone de relieve el potencial de innovaci\u00f3n de las pymes de Girona - Eurecat\",\"isPartOf\":{\"@id\":\"https:\\\/\\\/eurecat.org\\\/es\\\/#website\"},\"primaryImageOfPage\":{\"@id\":\"https:\\\/\\\/eurecat.org\\\/es\\\/el-centro-tecnologico-eurecat-pone-de-relieve-el-potencial-de-innovacion-de-las-pymes-de-girona\\\/#primaryimage\"},\"image\":{\"@id\":\"https:\\\/\\\/eurecat.org\\\/es\\\/el-centro-tecnologico-eurecat-pone-de-relieve-el-potencial-de-innovacion-de-las-pymes-de-girona\\\/#primaryimage\"},\"thumbnailUrl\":\"https:\\\/\\\/eurecat.org\\\/wp-content\\\/uploads\\\/2016\\\/02\\\/EurecatGirona.jpg\",\"datePublished\":\"2016-02-19T11:06:22+00:00\",\"dateModified\":\"2016-07-19T09:10:14+00:00\",\"author\":{\"@id\":\"https:\\\/\\\/eurecat.org\\\/es\\\/#\\\/schema\\\/person\\\/def9217eded50ee57a9dc4cf0c883f80\"},\"breadcrumb\":{\"@id\":\"https:\\\/\\\/eurecat.org\\\/es\\\/el-centro-tecnologico-eurecat-pone-de-relieve-el-potencial-de-innovacion-de-las-pymes-de-girona\\\/#breadcrumb\"},\"inLanguage\":\"es\",\"potentialAction\":[{\"@type\":\"ReadAction\",\"target\":[\"https:\\\/\\\/eurecat.org\\\/es\\\/el-centro-tecnologico-eurecat-pone-de-relieve-el-potencial-de-innovacion-de-las-pymes-de-girona\\\/\"]}]},{\"@type\":\"ImageObject\",\"inLanguage\":\"es\",\"@id\":\"https:\\\/\\\/eurecat.org\\\/es\\\/el-centro-tecnologico-eurecat-pone-de-relieve-el-potencial-de-innovacion-de-las-pymes-de-girona\\\/#primaryimage\",\"url\":\"https:\\\/\\\/eurecat.org\\\/wp-content\\\/uploads\\\/2016\\\/02\\\/EurecatGirona.jpg\",\"contentUrl\":\"https:\\\/\\\/eurecat.org\\\/wp-content\\\/uploads\\\/2016\\\/02\\\/EurecatGirona.jpg\",\"width\":800,\"height\":431},{\"@type\":\"BreadcrumbList\",\"@id\":\"https:\\\/\\\/eurecat.org\\\/es\\\/el-centro-tecnologico-eurecat-pone-de-relieve-el-potencial-de-innovacion-de-las-pymes-de-girona\\\/#breadcrumb\",\"itemListElement\":[{\"@type\":\"ListItem\",\"position\":1,\"name\":\"Inici\",\"item\":\"https:\\\/\\\/eurecat.org\\\/es\\\/\"},{\"@type\":\"ListItem\",\"position\":2,\"name\":\"El centro tecnol\u00f3gico Eurecat pone de relieve el potencial de innovaci\u00f3n de las pymes de Girona\"}]},{\"@type\":\"WebSite\",\"@id\":\"https:\\\/\\\/eurecat.org\\\/es\\\/#website\",\"url\":\"https:\\\/\\\/eurecat.org\\\/es\\\/\",\"name\":\"Eurecat\",\"description\":\"Otro sitio realizado con WordPress\",\"potentialAction\":[{\"@type\":\"SearchAction\",\"target\":{\"@type\":\"EntryPoint\",\"urlTemplate\":\"https:\\\/\\\/eurecat.org\\\/es\\\/?s={search_term_string}\"},\"query-input\":{\"@type\":\"PropertyValueSpecification\",\"valueRequired\":true,\"valueName\":\"search_term_string\"}}],\"inLanguage\":\"es\"},{\"@type\":\"Person\",\"@id\":\"https:\\\/\\\/eurecat.org\\\/es\\\/#\\\/schema\\\/person\\\/def9217eded50ee57a9dc4cf0c883f80\",\"name\":\"EurecatEG\",\"image\":{\"@type\":\"ImageObject\",\"inLanguage\":\"es\",\"@id\":\"https:\\\/\\\/secure.gravatar.com\\\/avatar\\\/f40dd9b6ecd3e5c591f3c9b033e495ee0ec9877ba77249fbf268b3889350c824?s=96&d=mm&r=g\",\"url\":\"https:\\\/\\\/secure.gravatar.com\\\/avatar\\\/f40dd9b6ecd3e5c591f3c9b033e495ee0ec9877ba77249fbf268b3889350c824?s=96&d=mm&r=g\",\"contentUrl\":\"https:\\\/\\\/secure.gravatar.com\\\/avatar\\\/f40dd9b6ecd3e5c591f3c9b033e495ee0ec9877ba77249fbf268b3889350c824?s=96&d=mm&r=g\",\"caption\":\"EurecatEG\"}}]}<\/script>\n<!-- \/ Yoast SEO plugin. -->","yoast_head_json":{"title":"El centro tecnol\u00f3gico Eurecat pone de relieve el potencial de innovaci\u00f3n de las pymes de Girona - Eurecat","robots":{"index":"index","follow":"follow","max-snippet":"max-snippet:-1","max-image-preview":"max-image-preview:large","max-video-preview":"max-video-preview:-1"},"canonical":"https:\/\/eurecat.org\/es\/el-centro-tecnologico-eurecat-pone-de-relieve-el-potencial-de-innovacion-de-las-pymes-de-girona\/","og_locale":"es_ES","og_type":"article","og_title":"El centro tecnol\u00f3gico Eurecat pone de relieve el potencial de innovaci\u00f3n de las pymes de Girona - Eurecat","og_description":"Girona, 17 de febrero de 2016.- Las alianzas con los centros de investigaci\u00f3n y las empresas de servicios \u00abson fundamentales en el trabajo conjunto para la innovaci\u00f3n en las peque\u00f1as y medianas empresas de Girona\u00bb, seg\u00fan ha destacado el director de Desarrollo de Negocio de Eurecat, Carles Fradera, que ha remarcado que \u00abla concentraci\u00f3n de [...]","og_url":"https:\/\/eurecat.org\/es\/el-centro-tecnologico-eurecat-pone-de-relieve-el-potencial-de-innovacion-de-las-pymes-de-girona\/","og_site_name":"Eurecat","article_published_time":"2016-02-19T11:06:22+00:00","article_modified_time":"2016-07-19T09:10:14+00:00","og_image":[{"width":800,"height":431,"url":"https:\/\/eurecat.org\/wp-content\/uploads\/2016\/02\/EurecatGirona.jpg","type":"image\/jpeg"}],"author":"EurecatEG","twitter_card":"summary_large_image","twitter_misc":{"Escrito por":"EurecatEG","Tiempo de lectura":"3 minutos"},"schema":{"@context":"https:\/\/schema.org","@graph":[{"@type":"Article","@id":"https:\/\/eurecat.org\/es\/el-centro-tecnologico-eurecat-pone-de-relieve-el-potencial-de-innovacion-de-las-pymes-de-girona\/#article","isPartOf":{"@id":"https:\/\/eurecat.org\/es\/el-centro-tecnologico-eurecat-pone-de-relieve-el-potencial-de-innovacion-de-las-pymes-de-girona\/"},"author":{"name":"EurecatEG","@id":"https:\/\/eurecat.org\/es\/#\/schema\/person\/def9217eded50ee57a9dc4cf0c883f80"},"headline":"El centro tecnol\u00f3gico Eurecat pone de relieve el potencial de innovaci\u00f3n de las pymes de Girona","datePublished":"2016-02-19T11:06:22+00:00","dateModified":"2016-07-19T09:10:14+00:00","mainEntityOfPage":{"@id":"https:\/\/eurecat.org\/es\/el-centro-tecnologico-eurecat-pone-de-relieve-el-potencial-de-innovacion-de-las-pymes-de-girona\/"},"wordCount":675,"commentCount":0,"image":{"@id":"https:\/\/eurecat.org\/es\/el-centro-tecnologico-eurecat-pone-de-relieve-el-potencial-de-innovacion-de-las-pymes-de-girona\/#primaryimage"},"thumbnailUrl":"https:\/\/eurecat.org\/wp-content\/uploads\/2016\/02\/EurecatGirona.jpg","articleSection":["Consultor\u00eda","Notas de prensa"],"inLanguage":"es","potentialAction":[{"@type":"CommentAction","name":"Comment","target":["https:\/\/eurecat.org\/es\/el-centro-tecnologico-eurecat-pone-de-relieve-el-potencial-de-innovacion-de-las-pymes-de-girona\/#respond"]}]},{"@type":"WebPage","@id":"https:\/\/eurecat.org\/es\/el-centro-tecnologico-eurecat-pone-de-relieve-el-potencial-de-innovacion-de-las-pymes-de-girona\/","url":"https:\/\/eurecat.org\/es\/el-centro-tecnologico-eurecat-pone-de-relieve-el-potencial-de-innovacion-de-las-pymes-de-girona\/","name":"El centro tecnol\u00f3gico Eurecat pone de relieve el potencial de innovaci\u00f3n de las pymes de Girona - Eurecat","isPartOf":{"@id":"https:\/\/eurecat.org\/es\/#website"},"primaryImageOfPage":{"@id":"https:\/\/eurecat.org\/es\/el-centro-tecnologico-eurecat-pone-de-relieve-el-potencial-de-innovacion-de-las-pymes-de-girona\/#primaryimage"},"image":{"@id":"https:\/\/eurecat.org\/es\/el-centro-tecnologico-eurecat-pone-de-relieve-el-potencial-de-innovacion-de-las-pymes-de-girona\/#primaryimage"},"thumbnailUrl":"https:\/\/eurecat.org\/wp-content\/uploads\/2016\/02\/EurecatGirona.jpg","datePublished":"2016-02-19T11:06:22+00:00","dateModified":"2016-07-19T09:10:14+00:00","author":{"@id":"https:\/\/eurecat.org\/es\/#\/schema\/person\/def9217eded50ee57a9dc4cf0c883f80"},"breadcrumb":{"@id":"https:\/\/eurecat.org\/es\/el-centro-tecnologico-eurecat-pone-de-relieve-el-potencial-de-innovacion-de-las-pymes-de-girona\/#breadcrumb"},"inLanguage":"es","potentialAction":[{"@type":"ReadAction","target":["https:\/\/eurecat.org\/es\/el-centro-tecnologico-eurecat-pone-de-relieve-el-potencial-de-innovacion-de-las-pymes-de-girona\/"]}]},{"@type":"ImageObject","inLanguage":"es","@id":"https:\/\/eurecat.org\/es\/el-centro-tecnologico-eurecat-pone-de-relieve-el-potencial-de-innovacion-de-las-pymes-de-girona\/#primaryimage","url":"https:\/\/eurecat.org\/wp-content\/uploads\/2016\/02\/EurecatGirona.jpg","contentUrl":"https:\/\/eurecat.org\/wp-content\/uploads\/2016\/02\/EurecatGirona.jpg","width":800,"height":431},{"@type":"BreadcrumbList","@id":"https:\/\/eurecat.org\/es\/el-centro-tecnologico-eurecat-pone-de-relieve-el-potencial-de-innovacion-de-las-pymes-de-girona\/#breadcrumb","itemListElement":[{"@type":"ListItem","position":1,"name":"Inici","item":"https:\/\/eurecat.org\/es\/"},{"@type":"ListItem","position":2,"name":"El centro tecnol\u00f3gico Eurecat pone de relieve el potencial de innovaci\u00f3n de las pymes de Girona"}]},{"@type":"WebSite","@id":"https:\/\/eurecat.org\/es\/#website","url":"https:\/\/eurecat.org\/es\/","name":"Eurecat","description":"Otro sitio realizado con WordPress","potentialAction":[{"@type":"SearchAction","target":{"@type":"EntryPoint","urlTemplate":"https:\/\/eurecat.org\/es\/?s={search_term_string}"},"query-input":{"@type":"PropertyValueSpecification","valueRequired":true,"valueName":"search_term_string"}}],"inLanguage":"es"},{"@type":"Person","@id":"https:\/\/eurecat.org\/es\/#\/schema\/person\/def9217eded50ee57a9dc4cf0c883f80","name":"EurecatEG","image":{"@type":"ImageObject","inLanguage":"es","@id":"https:\/\/secure.gravatar.com\/avatar\/f40dd9b6ecd3e5c591f3c9b033e495ee0ec9877ba77249fbf268b3889350c824?s=96&d=mm&r=g","url":"https:\/\/secure.gravatar.com\/avatar\/f40dd9b6ecd3e5c591f3c9b033e495ee0ec9877ba77249fbf268b3889350c824?s=96&d=mm&r=g","contentUrl":"https:\/\/secure.gravatar.com\/avatar\/f40dd9b6ecd3e5c591f3c9b033e495ee0ec9877ba77249fbf268b3889350c824?s=96&d=mm&r=g","caption":"EurecatEG"}}]}},"_links":{"self":[{"href":"https:\/\/eurecat.org\/es\/wp-json\/wp\/v2\/posts\/5635","targetHints":{"allow":["GET"]}}],"collection":[{"href":"https:\/\/eurecat.org\/es\/wp-json\/wp\/v2\/posts"}],"about":[{"href":"https:\/\/eurecat.org\/es\/wp-json\/wp\/v2\/types\/post"}],"author":[{"embeddable":true,"href":"https:\/\/eurecat.org\/es\/wp-json\/wp\/v2\/users\/12"}],"replies":[{"embeddable":true,"href":"https:\/\/eurecat.org\/es\/wp-json\/wp\/v2\/comments?post=5635"}],"version-history":[{"count":0,"href":"https:\/\/eurecat.org\/es\/wp-json\/wp\/v2\/posts\/5635\/revisions"}],"wp:featuredmedia":[{"embeddable":true,"href":"https:\/\/eurecat.org\/es\/wp-json\/wp\/v2\/media\/5655"}],"wp:attachment":[{"href":"https:\/\/eurecat.org\/es\/wp-json\/wp\/v2\/media?parent=5635"}],"wp:term":[{"taxonomy":"category","embeddable":true,"href":"https:\/\/eurecat.org\/es\/wp-json\/wp\/v2\/categories?post=5635"},{"taxonomy":"post_tag","embeddable":true,"href":"https:\/\/eurecat.org\/es\/wp-json\/wp\/v2\/tags?post=5635"}],"curies":[{"name":"wp","href":"https:\/\/api.w.org\/{rel}","templated":true}]}}