{"id":5638,"date":"2016-02-22T11:12:09","date_gmt":"2016-02-22T11:12:09","guid":{"rendered":"http:\/\/eurecat.org\/es\/?p=5638"},"modified":"2016-10-23T16:54:14","modified_gmt":"2016-10-23T16:54:14","slug":"tecnologia-catalana-pone-audio-3d-en-el-movil","status":"publish","type":"post","link":"https:\/\/eurecat.org\/es\/tecnologia-catalana-pone-audio-3d-en-el-movil\/","title":{"rendered":"Tecnolog\u00eda catalana pone audio 3D en el m\u00f3vil"},"content":{"rendered":"<blockquote><p>El Centro Tecnol\u00f3gico de Catalu\u00f1a lanza una nueva tecnolog\u00eda binaural al mercado con el pron\u00f3stico de que ser\u00e1 el futuro del audio y de la m\u00fasica en los dispositivos m\u00f3viles<\/p><\/blockquote>\n<p><strong>Barcelona, 22 de febrero de 2016.-<\/strong> Investigadores del centro tecnol\u00f3gico <a href=\"https:\/\/eurecat.org\/es\/\">Eurecat<\/a> han creado una nueva tecnolog\u00eda de sonido binaural que permite producir y distribuir m\u00fasica y contenidos de audio 3D inmersivo en los dispositivos m\u00f3viles, que se puede probar por primera vez durante el <a href=\"https:\/\/eurecat.org\/mwc2016\/\">Mobile World Congress<\/a> (MWC), desde hoy hasta el 25 de febrero.<\/p>\n<p>\u00abAl audio distribuido por m\u00f3vil le falta calidad, naturalidad e inmersividad\u00bb, subraya el director de Tecnolog\u00edas Audiovisuales de Eurecat, Adan Garriga, que sostiene que esta innovaci\u00f3n en el sonido binaural, fruto de un trabajo de investigaci\u00f3n iniciado en abril de 2015, tiene potencial para implantarse muy pronto en el mercado internacional, dado que se escucha \u00abcon un reproductor normal y con cualquier tipo de auricular\u00bb.<\/p>\n<p>Seg\u00fan el investigador del centro Tecnio, \u00abel sistema es igual que en el caso de la imagen en 3D, de forma que a cada oreja se le env\u00eda un sonido para que el cerebro pueda generar la sensaci\u00f3n tridimensional\u00bb. En cambio, especifica, \u00aben el caso del est\u00e9reo no tienes en consideraci\u00f3n las orejas humanas cuando env\u00edas el sonido a la derecha y a la izquierda\u00bb.<\/p>\n<p>En palabras del director general de Negocio de Eurecat, Miquel Rey, esta tecnolog\u00eda \u201ces un ejemplo de c\u00f3mo Eurecat pone a disposici\u00f3n de las empresas soluciones y conocimiento especializado para que puedan anticiparse a la demanda del mercado y aumentar su competitividad, mediante productos, procesos y servicios innovadores y de alto valor tecnol\u00f3gico\u201d. Eurecat ofrece tanto a las grandes como a las peque\u00f1as y medianas empresas \u201cherramientas y capacidades que les permiten acelerar la innovaci\u00f3n, eliminar el gasto en infraestructuras cient\u00edficas y tecnol\u00f3gicas y reducir los riesgos, en un entorno de m\u00e1xima exigencia a nivel global\u201d.<\/p>\n<p>En el caso del sonido 3D que Eurecat presenta en el MWC, los investigadores han desarrollado herramientas que permiten grabar y producir contenidos sonoros en este formato binaural en el Laboratorio de Audio del centro tecnol\u00f3gico, ubicado en la sede del centro tecnol\u00f3gico en Barcelona, situada en el Distrito 22@. Aunque el sonido binaural da la sensaci\u00f3n de audio 3D con cualquier tipo de auricular, Eurecat ya est\u00e1 trabajando para adaptar unos auriculares a su sistema, para que la experiencia inmersiva sea \u00abde la m\u00e1xima calidad\u00bb, adelanta el director de Tecnolog\u00edas audiovisuales del centro.<\/p>\n<blockquote><p>Esta tecnolog\u00eda es un ejemplo de c\u00f3mo Eurecat pone a disposici\u00f3n de las empresas soluciones tecnol\u00f3gicas para que puedan anticiparse a la demanda del mercado y aumentar su competitividad<\/p><\/blockquote>\n<p><strong>Proyectos de seguridad vinculados a los dispositivos m\u00f3viles e Internet of Things<\/strong><\/p>\n<p>Durante el Mobile World Congress, Eurecat presenta tambi\u00e9n los trabajos que sus investigadores est\u00e1n desarrollando dentro del proyecto <a href=\"http:\/\/www.pidaas.eu\/cms\/\">PIDaaS<\/a>, una plataforma de autenticaci\u00f3n de seguridad basada en tecnolog\u00edas de reconocimiento biom\u00e9trico a trav\u00e9s de dispositivos m\u00f3viles. Este proyecto estudia aplicar plantillas biom\u00e9tricas de la cara y de voz junto con elementos del dispositivo m\u00f3vil, la red y el software, con el fin de blindar los dispositivos m\u00f3viles y los objetos conectados a Internet (Internet of things) ante ciberataques. Adem\u00e1s de Eurecat, el proyecto cuenta con la participaci\u00f3n de CSI Piemonte, Bantec, Ricoh Spain, la Universidad de Kent, E-Bros, Ticsalut y Gj\u00f8vik University College<\/p>\n<p>Adem\u00e1s, el centro tecnol\u00f3gico ha desarrollado el sistema Floodr, un servicio bajo demanda de simulaci\u00f3n de ataques que permite a las empresas conocer su nivel de seguridad en sus aplicaciones m\u00f3viles simulando un asalto inform\u00e1tico Ddos, que muestra tambi\u00e9n en la feria mundial del m\u00f3vil.<\/p>\n<p>Otras soluciones para las empresas que Eurecat presenta en el Mobile World Congress son anal\u00edticas y t\u00e9cnicas Big Data para conjuntos de datos geoespaciales e innovaciones en el campo de las redes sociales, perfiles de usuario y recomendaciones basadas en el contexto, as\u00ed como tecnolog\u00edas de posicionamiento indoor, control de calidad para aplicaciones m\u00f3viles, reconstrucci\u00f3n 3D a partir de fotograf\u00edas m\u00f3viles, aplicaciones m\u00f3viles\u2028de \u00faltima generaci\u00f3n y herramientas de seguridad m\u00f3vil banking y de realidad aumentada.<\/p>\n<p><strong>Si quer\u00e9is ampliar la informaci\u00f3n o solicitar entrevistas, pod\u00e9is contactar con el Gabinete de Prensa de Eurecat en el email <\/strong><a href=\"mailto:premsa@eurecat.org\"><strong>premsa@eurecat.org<\/strong><\/a><strong> o en el m\u00f3vil 630425169<\/strong><\/p>\n<p><strong>\u00a1Venid a provar c\u00f3mo suena el audio 3D, en el estand de Eurecat! <\/strong><\/p>\n<p><strong>ESTAND DE EURECAT EN EL MWC: <\/strong>Hall Congress Square. Estand CS50<\/p>\n<p><strong>Im\u00e1genes <\/strong><a href=\"https:\/\/www.dropbox.com\/sh\/9vp0py0gb0y72q0\/AABGz7KNtb7CGwmdJNTH3LDFa?oref=e\"><strong>aqu\u00ed<\/strong><\/a><strong> (Autor Eurecat\/<a href=\"https:\/\/es.linkedin.com\/in\/enric-guillen-sola-48a5341b\" target=\"_blank\">Enric Guillem<\/a>)<\/strong><\/p>\n<p><strong>Recorrido virtual por el Laboratorio de Audio de Eurecat <\/strong><a href=\"https:\/\/www.google.es\/maps\/place\/Eurecat+-+Barcelona\/@41.4046427,2.1937885,3a,90y,32.23h,72.01t\/data=!3m7!1e1!3m5!1sWS3esDhXTf8AAAQ0QS_vqA!2e0!3e2!7i13312!8i6656!4m2!3m1!1s0x0:0xc5ec76ea18a47997!6m1!1e1\"><strong>aqu\u00ed<\/strong><\/a><\/p>\n<p><strong>Landing page Eurecat-MWC <\/strong><a href=\"\/?page_id=5411\"><strong>aqu\u00ed<\/strong><\/a><\/p>\n<p><strong>Web de Eurecat <\/strong><a href=\"https:\/\/eurecat.org\/es\/\"><strong>aqu\u00ed<\/strong><\/a><\/p>\n<p><strong>\u00a0<\/strong><\/p>\n<p><strong>Sobre Eurecat<\/strong><\/p>\n<p>Eurecat, Centro Tecnol\u00f3gico de Catalu\u00f1a (miembro de TECNIO), aglutina la experiencia de m\u00e1s de <strong>450 profesionales<\/strong> que generan un volumen de ingresos de <strong>40 millones de euros anuales<\/strong> y presta servicio a m\u00e1s de <strong>1.000 empresas<\/strong>. Con instalaciones en Barcelona, Canet de Mar, Cerdanyola del Vall\u00e8s, Girona, Lleida, Manresa, Matar\u00f3 y Reus y con una sede en Brasil, participa a <strong>160 grandes proyectos consorciados de I+D+i<\/strong> nacionales e internacionales de alto valor estrat\u00e9gico y cuenta con <strong>73 patentes<\/strong> y <strong>7 spin-off<\/strong>. El valor a\u00f1adido que proporciona Eurecat <strong>acelera la innovaci\u00f3n<\/strong>, <strong>elimina el gasto en infraestructuras<\/strong> cient\u00edficas y tecnol\u00f3gicas, <strong>reduce los riesgos <\/strong>y proporciona <strong>conocimiento especializado <\/strong>a medida de cada empresa. <strong>M\u00e1s informaci\u00f3n en <\/strong><a href=\"http:\/\/www.eurecat.org\"><strong>www.eurecat.org<\/strong><\/a><\/p>\n<p><strong><em>M\u00e1s informaci\u00f3n:<\/em><\/strong><\/p>\n<p>&nbsp;<\/p>\n<p><strong>Montse Mascar\u00f3<br \/>\nPrensa | Direcci\u00f3n de Comunicaci\u00f3n Corporativa <\/strong><strong>Eurecat<\/strong><\/p>\n<p><strong>Tel. (+34) 932 381 400 | M\u00f3vil: (+34) 630 425 169<br \/>\nC\/e: premsa@eurecat.org | <a href=\"http:\/\/www.eurecat.org\">www.eurecat.org<\/a><\/strong><\/p>\n","protected":false},"excerpt":{"rendered":"<p>El Centro Tecnol\u00f3gico de Catalu\u00f1a lanza una nueva tecnolog\u00eda binaural al mercado con el pron\u00f3stico de que ser\u00e1 el futuro del audio y de la m\u00fasica en los dispositivos m\u00f3viles Barcelona, 22 de febrero de 2016.- Investigadores del centro tecnol\u00f3gico Eurecat han creado una nueva tecnolog\u00eda de sonido binaural que permite producir y distribuir m\u00fasica  [&#8230;]<\/p>\n","protected":false},"author":12,"featured_media":5639,"comment_status":"open","ping_status":"closed","sticky":false,"template":"","format":"standard","meta":{"footnotes":""},"categories":[134],"tags":[],"class_list":["post-5638","post","type-post","status-publish","format-standard","has-post-thumbnail","hentry","category-notas-de-prensa"],"yoast_head":"<!-- This site is optimized with the Yoast SEO plugin v27.4 - https:\/\/yoast.com\/product\/yoast-seo-wordpress\/ -->\n<title>Tecnolog\u00eda catalana pone audio 3D en el m\u00f3vil - Eurecat<\/title>\n<meta name=\"robots\" content=\"index, follow, max-snippet:-1, max-image-preview:large, max-video-preview:-1\" \/>\n<link rel=\"canonical\" href=\"https:\/\/eurecat.org\/es\/tecnologia-catalana-pone-audio-3d-en-el-movil\/\" \/>\n<meta property=\"og:locale\" content=\"es_ES\" \/>\n<meta property=\"og:type\" content=\"article\" \/>\n<meta property=\"og:title\" content=\"Tecnolog\u00eda catalana pone audio 3D en el m\u00f3vil - Eurecat\" \/>\n<meta property=\"og:description\" content=\"El Centro Tecnol\u00f3gico de Catalu\u00f1a lanza una nueva tecnolog\u00eda binaural al mercado con el pron\u00f3stico de que ser\u00e1 el futuro del audio y de la m\u00fasica en los dispositivos m\u00f3viles Barcelona, 22 de febrero de 2016.- Investigadores del centro tecnol\u00f3gico Eurecat han creado una nueva tecnolog\u00eda de sonido binaural que permite producir y distribuir m\u00fasica [...]\" \/>\n<meta property=\"og:url\" content=\"https:\/\/eurecat.org\/es\/tecnologia-catalana-pone-audio-3d-en-el-movil\/\" \/>\n<meta property=\"og:site_name\" content=\"Eurecat\" \/>\n<meta property=\"article:published_time\" content=\"2016-02-22T11:12:09+00:00\" \/>\n<meta property=\"article:modified_time\" content=\"2016-10-23T16:54:14+00:00\" \/>\n<meta property=\"og:image\" content=\"https:\/\/eurecat.org\/wp-content\/uploads\/2016\/03\/eurecat6.jpg\" \/>\n\t<meta property=\"og:image:width\" content=\"1000\" \/>\n\t<meta property=\"og:image:height\" content=\"495\" \/>\n\t<meta property=\"og:image:type\" content=\"image\/jpeg\" \/>\n<meta name=\"author\" content=\"EurecatEG\" \/>\n<meta name=\"twitter:card\" content=\"summary_large_image\" \/>\n<meta name=\"twitter:label1\" content=\"Escrito por\" \/>\n\t<meta name=\"twitter:data1\" content=\"EurecatEG\" \/>\n\t<meta name=\"twitter:label2\" content=\"Tiempo de lectura\" \/>\n\t<meta name=\"twitter:data2\" content=\"5 minutos\" \/>\n<script type=\"application\/ld+json\" class=\"yoast-schema-graph\">{\"@context\":\"https:\\\/\\\/schema.org\",\"@graph\":[{\"@type\":\"Article\",\"@id\":\"https:\\\/\\\/eurecat.org\\\/es\\\/tecnologia-catalana-pone-audio-3d-en-el-movil\\\/#article\",\"isPartOf\":{\"@id\":\"https:\\\/\\\/eurecat.org\\\/es\\\/tecnologia-catalana-pone-audio-3d-en-el-movil\\\/\"},\"author\":{\"name\":\"EurecatEG\",\"@id\":\"https:\\\/\\\/eurecat.org\\\/es\\\/#\\\/schema\\\/person\\\/def9217eded50ee57a9dc4cf0c883f80\"},\"headline\":\"Tecnolog\u00eda catalana pone audio 3D en el m\u00f3vil\",\"datePublished\":\"2016-02-22T11:12:09+00:00\",\"dateModified\":\"2016-10-23T16:54:14+00:00\",\"mainEntityOfPage\":{\"@id\":\"https:\\\/\\\/eurecat.org\\\/es\\\/tecnologia-catalana-pone-audio-3d-en-el-movil\\\/\"},\"wordCount\":978,\"commentCount\":0,\"image\":{\"@id\":\"https:\\\/\\\/eurecat.org\\\/es\\\/tecnologia-catalana-pone-audio-3d-en-el-movil\\\/#primaryimage\"},\"thumbnailUrl\":\"https:\\\/\\\/eurecat.org\\\/wp-content\\\/uploads\\\/2016\\\/03\\\/eurecat6.jpg\",\"articleSection\":[\"Notas de prensa\"],\"inLanguage\":\"es\",\"potentialAction\":[{\"@type\":\"CommentAction\",\"name\":\"Comment\",\"target\":[\"https:\\\/\\\/eurecat.org\\\/es\\\/tecnologia-catalana-pone-audio-3d-en-el-movil\\\/#respond\"]}]},{\"@type\":\"WebPage\",\"@id\":\"https:\\\/\\\/eurecat.org\\\/es\\\/tecnologia-catalana-pone-audio-3d-en-el-movil\\\/\",\"url\":\"https:\\\/\\\/eurecat.org\\\/es\\\/tecnologia-catalana-pone-audio-3d-en-el-movil\\\/\",\"name\":\"Tecnolog\u00eda catalana pone audio 3D en el m\u00f3vil - Eurecat\",\"isPartOf\":{\"@id\":\"https:\\\/\\\/eurecat.org\\\/es\\\/#website\"},\"primaryImageOfPage\":{\"@id\":\"https:\\\/\\\/eurecat.org\\\/es\\\/tecnologia-catalana-pone-audio-3d-en-el-movil\\\/#primaryimage\"},\"image\":{\"@id\":\"https:\\\/\\\/eurecat.org\\\/es\\\/tecnologia-catalana-pone-audio-3d-en-el-movil\\\/#primaryimage\"},\"thumbnailUrl\":\"https:\\\/\\\/eurecat.org\\\/wp-content\\\/uploads\\\/2016\\\/03\\\/eurecat6.jpg\",\"datePublished\":\"2016-02-22T11:12:09+00:00\",\"dateModified\":\"2016-10-23T16:54:14+00:00\",\"author\":{\"@id\":\"https:\\\/\\\/eurecat.org\\\/es\\\/#\\\/schema\\\/person\\\/def9217eded50ee57a9dc4cf0c883f80\"},\"breadcrumb\":{\"@id\":\"https:\\\/\\\/eurecat.org\\\/es\\\/tecnologia-catalana-pone-audio-3d-en-el-movil\\\/#breadcrumb\"},\"inLanguage\":\"es\",\"potentialAction\":[{\"@type\":\"ReadAction\",\"target\":[\"https:\\\/\\\/eurecat.org\\\/es\\\/tecnologia-catalana-pone-audio-3d-en-el-movil\\\/\"]}]},{\"@type\":\"ImageObject\",\"inLanguage\":\"es\",\"@id\":\"https:\\\/\\\/eurecat.org\\\/es\\\/tecnologia-catalana-pone-audio-3d-en-el-movil\\\/#primaryimage\",\"url\":\"https:\\\/\\\/eurecat.org\\\/wp-content\\\/uploads\\\/2016\\\/03\\\/eurecat6.jpg\",\"contentUrl\":\"https:\\\/\\\/eurecat.org\\\/wp-content\\\/uploads\\\/2016\\\/03\\\/eurecat6.jpg\",\"width\":1000,\"height\":495},{\"@type\":\"BreadcrumbList\",\"@id\":\"https:\\\/\\\/eurecat.org\\\/es\\\/tecnologia-catalana-pone-audio-3d-en-el-movil\\\/#breadcrumb\",\"itemListElement\":[{\"@type\":\"ListItem\",\"position\":1,\"name\":\"Inici\",\"item\":\"https:\\\/\\\/eurecat.org\\\/es\\\/\"},{\"@type\":\"ListItem\",\"position\":2,\"name\":\"Tecnolog\u00eda catalana pone audio 3D en el m\u00f3vil\"}]},{\"@type\":\"WebSite\",\"@id\":\"https:\\\/\\\/eurecat.org\\\/es\\\/#website\",\"url\":\"https:\\\/\\\/eurecat.org\\\/es\\\/\",\"name\":\"Eurecat\",\"description\":\"Otro sitio realizado con WordPress\",\"potentialAction\":[{\"@type\":\"SearchAction\",\"target\":{\"@type\":\"EntryPoint\",\"urlTemplate\":\"https:\\\/\\\/eurecat.org\\\/es\\\/?s={search_term_string}\"},\"query-input\":{\"@type\":\"PropertyValueSpecification\",\"valueRequired\":true,\"valueName\":\"search_term_string\"}}],\"inLanguage\":\"es\"},{\"@type\":\"Person\",\"@id\":\"https:\\\/\\\/eurecat.org\\\/es\\\/#\\\/schema\\\/person\\\/def9217eded50ee57a9dc4cf0c883f80\",\"name\":\"EurecatEG\",\"image\":{\"@type\":\"ImageObject\",\"inLanguage\":\"es\",\"@id\":\"https:\\\/\\\/secure.gravatar.com\\\/avatar\\\/f40dd9b6ecd3e5c591f3c9b033e495ee0ec9877ba77249fbf268b3889350c824?s=96&d=mm&r=g\",\"url\":\"https:\\\/\\\/secure.gravatar.com\\\/avatar\\\/f40dd9b6ecd3e5c591f3c9b033e495ee0ec9877ba77249fbf268b3889350c824?s=96&d=mm&r=g\",\"contentUrl\":\"https:\\\/\\\/secure.gravatar.com\\\/avatar\\\/f40dd9b6ecd3e5c591f3c9b033e495ee0ec9877ba77249fbf268b3889350c824?s=96&d=mm&r=g\",\"caption\":\"EurecatEG\"}}]}<\/script>\n<!-- \/ Yoast SEO plugin. -->","yoast_head_json":{"title":"Tecnolog\u00eda catalana pone audio 3D en el m\u00f3vil - Eurecat","robots":{"index":"index","follow":"follow","max-snippet":"max-snippet:-1","max-image-preview":"max-image-preview:large","max-video-preview":"max-video-preview:-1"},"canonical":"https:\/\/eurecat.org\/es\/tecnologia-catalana-pone-audio-3d-en-el-movil\/","og_locale":"es_ES","og_type":"article","og_title":"Tecnolog\u00eda catalana pone audio 3D en el m\u00f3vil - Eurecat","og_description":"El Centro Tecnol\u00f3gico de Catalu\u00f1a lanza una nueva tecnolog\u00eda binaural al mercado con el pron\u00f3stico de que ser\u00e1 el futuro del audio y de la m\u00fasica en los dispositivos m\u00f3viles Barcelona, 22 de febrero de 2016.- Investigadores del centro tecnol\u00f3gico Eurecat han creado una nueva tecnolog\u00eda de sonido binaural que permite producir y distribuir m\u00fasica [...]","og_url":"https:\/\/eurecat.org\/es\/tecnologia-catalana-pone-audio-3d-en-el-movil\/","og_site_name":"Eurecat","article_published_time":"2016-02-22T11:12:09+00:00","article_modified_time":"2016-10-23T16:54:14+00:00","og_image":[{"width":1000,"height":495,"url":"https:\/\/eurecat.org\/wp-content\/uploads\/2016\/03\/eurecat6.jpg","type":"image\/jpeg"}],"author":"EurecatEG","twitter_card":"summary_large_image","twitter_misc":{"Escrito por":"EurecatEG","Tiempo de lectura":"5 minutos"},"schema":{"@context":"https:\/\/schema.org","@graph":[{"@type":"Article","@id":"https:\/\/eurecat.org\/es\/tecnologia-catalana-pone-audio-3d-en-el-movil\/#article","isPartOf":{"@id":"https:\/\/eurecat.org\/es\/tecnologia-catalana-pone-audio-3d-en-el-movil\/"},"author":{"name":"EurecatEG","@id":"https:\/\/eurecat.org\/es\/#\/schema\/person\/def9217eded50ee57a9dc4cf0c883f80"},"headline":"Tecnolog\u00eda catalana pone audio 3D en el m\u00f3vil","datePublished":"2016-02-22T11:12:09+00:00","dateModified":"2016-10-23T16:54:14+00:00","mainEntityOfPage":{"@id":"https:\/\/eurecat.org\/es\/tecnologia-catalana-pone-audio-3d-en-el-movil\/"},"wordCount":978,"commentCount":0,"image":{"@id":"https:\/\/eurecat.org\/es\/tecnologia-catalana-pone-audio-3d-en-el-movil\/#primaryimage"},"thumbnailUrl":"https:\/\/eurecat.org\/wp-content\/uploads\/2016\/03\/eurecat6.jpg","articleSection":["Notas de prensa"],"inLanguage":"es","potentialAction":[{"@type":"CommentAction","name":"Comment","target":["https:\/\/eurecat.org\/es\/tecnologia-catalana-pone-audio-3d-en-el-movil\/#respond"]}]},{"@type":"WebPage","@id":"https:\/\/eurecat.org\/es\/tecnologia-catalana-pone-audio-3d-en-el-movil\/","url":"https:\/\/eurecat.org\/es\/tecnologia-catalana-pone-audio-3d-en-el-movil\/","name":"Tecnolog\u00eda catalana pone audio 3D en el m\u00f3vil - Eurecat","isPartOf":{"@id":"https:\/\/eurecat.org\/es\/#website"},"primaryImageOfPage":{"@id":"https:\/\/eurecat.org\/es\/tecnologia-catalana-pone-audio-3d-en-el-movil\/#primaryimage"},"image":{"@id":"https:\/\/eurecat.org\/es\/tecnologia-catalana-pone-audio-3d-en-el-movil\/#primaryimage"},"thumbnailUrl":"https:\/\/eurecat.org\/wp-content\/uploads\/2016\/03\/eurecat6.jpg","datePublished":"2016-02-22T11:12:09+00:00","dateModified":"2016-10-23T16:54:14+00:00","author":{"@id":"https:\/\/eurecat.org\/es\/#\/schema\/person\/def9217eded50ee57a9dc4cf0c883f80"},"breadcrumb":{"@id":"https:\/\/eurecat.org\/es\/tecnologia-catalana-pone-audio-3d-en-el-movil\/#breadcrumb"},"inLanguage":"es","potentialAction":[{"@type":"ReadAction","target":["https:\/\/eurecat.org\/es\/tecnologia-catalana-pone-audio-3d-en-el-movil\/"]}]},{"@type":"ImageObject","inLanguage":"es","@id":"https:\/\/eurecat.org\/es\/tecnologia-catalana-pone-audio-3d-en-el-movil\/#primaryimage","url":"https:\/\/eurecat.org\/wp-content\/uploads\/2016\/03\/eurecat6.jpg","contentUrl":"https:\/\/eurecat.org\/wp-content\/uploads\/2016\/03\/eurecat6.jpg","width":1000,"height":495},{"@type":"BreadcrumbList","@id":"https:\/\/eurecat.org\/es\/tecnologia-catalana-pone-audio-3d-en-el-movil\/#breadcrumb","itemListElement":[{"@type":"ListItem","position":1,"name":"Inici","item":"https:\/\/eurecat.org\/es\/"},{"@type":"ListItem","position":2,"name":"Tecnolog\u00eda catalana pone audio 3D en el m\u00f3vil"}]},{"@type":"WebSite","@id":"https:\/\/eurecat.org\/es\/#website","url":"https:\/\/eurecat.org\/es\/","name":"Eurecat","description":"Otro sitio realizado con WordPress","potentialAction":[{"@type":"SearchAction","target":{"@type":"EntryPoint","urlTemplate":"https:\/\/eurecat.org\/es\/?s={search_term_string}"},"query-input":{"@type":"PropertyValueSpecification","valueRequired":true,"valueName":"search_term_string"}}],"inLanguage":"es"},{"@type":"Person","@id":"https:\/\/eurecat.org\/es\/#\/schema\/person\/def9217eded50ee57a9dc4cf0c883f80","name":"EurecatEG","image":{"@type":"ImageObject","inLanguage":"es","@id":"https:\/\/secure.gravatar.com\/avatar\/f40dd9b6ecd3e5c591f3c9b033e495ee0ec9877ba77249fbf268b3889350c824?s=96&d=mm&r=g","url":"https:\/\/secure.gravatar.com\/avatar\/f40dd9b6ecd3e5c591f3c9b033e495ee0ec9877ba77249fbf268b3889350c824?s=96&d=mm&r=g","contentUrl":"https:\/\/secure.gravatar.com\/avatar\/f40dd9b6ecd3e5c591f3c9b033e495ee0ec9877ba77249fbf268b3889350c824?s=96&d=mm&r=g","caption":"EurecatEG"}}]}},"_links":{"self":[{"href":"https:\/\/eurecat.org\/es\/wp-json\/wp\/v2\/posts\/5638","targetHints":{"allow":["GET"]}}],"collection":[{"href":"https:\/\/eurecat.org\/es\/wp-json\/wp\/v2\/posts"}],"about":[{"href":"https:\/\/eurecat.org\/es\/wp-json\/wp\/v2\/types\/post"}],"author":[{"embeddable":true,"href":"https:\/\/eurecat.org\/es\/wp-json\/wp\/v2\/users\/12"}],"replies":[{"embeddable":true,"href":"https:\/\/eurecat.org\/es\/wp-json\/wp\/v2\/comments?post=5638"}],"version-history":[{"count":0,"href":"https:\/\/eurecat.org\/es\/wp-json\/wp\/v2\/posts\/5638\/revisions"}],"wp:featuredmedia":[{"embeddable":true,"href":"https:\/\/eurecat.org\/es\/wp-json\/wp\/v2\/media\/5639"}],"wp:attachment":[{"href":"https:\/\/eurecat.org\/es\/wp-json\/wp\/v2\/media?parent=5638"}],"wp:term":[{"taxonomy":"category","embeddable":true,"href":"https:\/\/eurecat.org\/es\/wp-json\/wp\/v2\/categories?post=5638"},{"taxonomy":"post_tag","embeddable":true,"href":"https:\/\/eurecat.org\/es\/wp-json\/wp\/v2\/tags?post=5638"}],"curies":[{"name":"wp","href":"https:\/\/api.w.org\/{rel}","templated":true}]}}