{"id":58176,"date":"2018-02-14T09:13:12","date_gmt":"2018-02-14T09:13:12","guid":{"rendered":"https:\/\/eurecat.org\/?p=58176"},"modified":"2018-04-17T09:27:06","modified_gmt":"2018-04-17T09:27:06","slug":"fiberox-nutraceuticals","status":"publish","type":"post","link":"https:\/\/eurecat.org\/es\/fiberox-nutraceuticals\/","title":{"rendered":"Eurecat demuestra el efecto saludable de un extracto de la piel de avellana"},"content":{"rendered":"<h2 style=\"text-align: center;\"><span style=\"color: #000000;\"><strong>FERIA NUTRACEUTICALS<\/strong><\/span><\/h2>\n<h1 style=\"text-align: center;\"><span style=\"color: #000000;\"><strong>Eurecat demuestra el efecto saludable de un extracto de la piel de avellana<\/strong><\/span><\/h1>\n<ul>\n<li style=\"text-align: center;\">\n<h2><span style=\"color: #000000;\"><strong>El centro tecnol\u00f3gico Eurecat ha validado la valorizaci\u00f3n de subproductos como la piel de avellana como fuente de antioxidantes bioactivos y rica en fibra.<\/strong><\/span><\/h2>\n<\/li>\n<\/ul>\n<p><strong><u>Madrid, 14 de febrero de 2018.-<\/u> <\/strong>El centro tecnol\u00f3gico <span style=\"color: #800080;\"><strong><a style=\"color: #800080;\" href=\"http:\/\/eurecat.org\/es\/\">Eurecat<\/a><\/strong><\/span> (miembro de Tecnio) ha demostrado en modelos in vivo el efecto saludable de un extracto de piel de avellana para la reducci\u00f3n del colesterol y su posible aplicaci\u00f3n para la prevenci\u00f3n del c\u00e1ncer de colon, con un estudio que ha dado pie a la patente de una fibra antioxidante con el nombre de FIBEROX\u00ae por parte de la empresa Uni\u00f3 Corporaci\u00f3\u00a0Alimentaria.<\/p>\n<p>El trabajo del equipo de la Unidad Tecnol\u00f3gica de Nutrici\u00f3n y Salud de Eurecat \u201cha validado la valorizaci\u00f3n de subproductos alimentarios como la piel de almendra y avellana, una fuente de antioxidantes bioactivos y rica en fibra que, actualmente, se elimina en el proceso industrial de repelado\u201d, explica Llu\u00eds Arola, director cient\u00edfico de Eurecat.<\/p>\n<p>Seg\u00fan destaca Josep Maria del Bas, director de la Unidad Tecnol\u00f3gica de Nutrici\u00f3n y Salud de Eurecat, \u201cen el \u00e1mbito de la industria alimentaria, la valorizaci\u00f3n de subproductos es un campo estrat\u00e9gico de investigaci\u00f3n muy activo ya que permite dar valor a\u00f1adido a productos que, de otro modo, ser\u00edan descartados. Al mismo tiempo, aumenta la sostenibilidad de los procesos industriales reduciendo la generaci\u00f3n de resiudos\u201d.<\/p>\n<p>Uni\u00f3 Corporaci\u00f3 Alimentaria ha recibido recientemente el Premio a la Innovaci\u00f3n que otorgan las Cooperativas Agroalimentarias de Espa\u00f1a por sus proyectos de I+D+i que, en conjunto, ha permitido desarrollar cuatro patentes en los \u00faltimos a\u00f1os y valorizar subproductos como la piel de avellana.<\/p>\n<p>Uni\u00f3, que aglutina unas 180 cooperativas y 22.000 socios productores tiene presencia en las comarcas de Tarragona, Lleida, Castell\u00f3, Alacant, Teruel y Mallorca, con una sede central en Reus y tres centros de producci\u00f3n que suman 32.000 m<sup>2<\/sup>.<\/p>\n","protected":false},"excerpt":{"rendered":"<p>FERIA NUTRACEUTICALS Eurecat demuestra el efecto saludable de un extracto de la piel de avellana El centro tecnol\u00f3gico Eurecat ha validado la valorizaci\u00f3n de subproductos como la piel de avellana como fuente de antioxidantes bioactivos y rica en fibra. Madrid, 14 de febrero de 2018.- El centro tecnol\u00f3gico Eurecat (miembro de Tecnio) ha demostrado en  [&#8230;]<\/p>\n","protected":false},"author":12,"featured_media":49655,"comment_status":"open","ping_status":"closed","sticky":false,"template":"","format":"standard","meta":{"footnotes":""},"categories":[393,134],"tags":[1407,1201,584],"class_list":["post-58176","post","type-post","status-publish","format-standard","has-post-thumbnail","hentry","category-ciencias-omicas","category-notas-de-prensa","tag-nutraceuticals-es","tag-nutricio-i-salut-es","tag-nutricion-y-salud"],"yoast_head":"<!-- This site is optimized with the Yoast SEO plugin v27.4 - https:\/\/yoast.com\/product\/yoast-seo-wordpress\/ -->\n<title>Demuestran el efecto saludable de un extracto de la piel de avellana<\/title>\n<meta name=\"description\" content=\"El centro tecnol\u00f3gico Eurecat ha validado la valorizaci\u00f3n de subproductos como la piel de avellana como fuente de antioxidantes bioactivos y rica en fibra.\" \/>\n<meta name=\"robots\" content=\"noindex, nofollow\" \/>\n<meta property=\"og:locale\" content=\"es_ES\" \/>\n<meta property=\"og:type\" content=\"article\" \/>\n<meta property=\"og:title\" content=\"Demuestran el efecto saludable de un extracto de la piel de avellana\" \/>\n<meta property=\"og:description\" content=\"El centro tecnol\u00f3gico Eurecat ha validado la valorizaci\u00f3n de subproductos como la piel de avellana como fuente de antioxidantes bioactivos y rica en fibra.\" \/>\n<meta property=\"og:url\" content=\"https:\/\/eurecat.org\/es\/fiberox-nutraceuticals\/\" \/>\n<meta property=\"og:site_name\" content=\"Eurecat\" \/>\n<meta property=\"article:published_time\" content=\"2018-02-14T09:13:12+00:00\" \/>\n<meta property=\"article:modified_time\" content=\"2018-04-17T09:27:06+00:00\" \/>\n<meta property=\"og:image\" content=\"https:\/\/eurecat.org\/wp-content\/uploads\/2018\/02\/fiberox.jpg\" \/>\n\t<meta property=\"og:image:width\" content=\"1000\" \/>\n\t<meta property=\"og:image:height\" content=\"800\" \/>\n\t<meta property=\"og:image:type\" content=\"image\/jpeg\" \/>\n<meta name=\"author\" content=\"EurecatEG\" \/>\n<meta name=\"twitter:card\" content=\"summary_large_image\" \/>\n<meta name=\"twitter:label1\" content=\"Escrito por\" \/>\n\t<meta name=\"twitter:data1\" content=\"EurecatEG\" \/>\n\t<meta name=\"twitter:label2\" content=\"Tiempo de lectura\" \/>\n\t<meta name=\"twitter:data2\" content=\"2 minutos\" \/>\n<script type=\"application\/ld+json\" class=\"yoast-schema-graph\">{\"@context\":\"https:\\\/\\\/schema.org\",\"@graph\":[{\"@type\":\"Article\",\"@id\":\"https:\\\/\\\/eurecat.org\\\/es\\\/fiberox-nutraceuticals\\\/#article\",\"isPartOf\":{\"@id\":\"https:\\\/\\\/eurecat.org\\\/es\\\/fiberox-nutraceuticals\\\/\"},\"author\":{\"name\":\"EurecatEG\",\"@id\":\"https:\\\/\\\/eurecat.org\\\/es\\\/#\\\/schema\\\/person\\\/def9217eded50ee57a9dc4cf0c883f80\"},\"headline\":\"Eurecat demuestra el efecto saludable de un extracto de la piel de avellana\",\"datePublished\":\"2018-02-14T09:13:12+00:00\",\"dateModified\":\"2018-04-17T09:27:06+00:00\",\"mainEntityOfPage\":{\"@id\":\"https:\\\/\\\/eurecat.org\\\/es\\\/fiberox-nutraceuticals\\\/\"},\"wordCount\":347,\"commentCount\":0,\"image\":{\"@id\":\"https:\\\/\\\/eurecat.org\\\/es\\\/fiberox-nutraceuticals\\\/#primaryimage\"},\"thumbnailUrl\":\"https:\\\/\\\/eurecat.org\\\/wp-content\\\/uploads\\\/2018\\\/02\\\/fiberox.jpg\",\"keywords\":[\"Nutraceuticals\",\"Nutrici\u00f3 i Salut\",\"nutricion y salud\"],\"articleSection\":[\"Ciencias \u00d3micas\",\"Notas de prensa\"],\"inLanguage\":\"es\",\"potentialAction\":[{\"@type\":\"CommentAction\",\"name\":\"Comment\",\"target\":[\"https:\\\/\\\/eurecat.org\\\/es\\\/fiberox-nutraceuticals\\\/#respond\"]}]},{\"@type\":\"WebPage\",\"@id\":\"https:\\\/\\\/eurecat.org\\\/es\\\/fiberox-nutraceuticals\\\/\",\"url\":\"https:\\\/\\\/eurecat.org\\\/es\\\/fiberox-nutraceuticals\\\/\",\"name\":\"Demuestran el efecto saludable de un extracto de la piel de avellana\",\"isPartOf\":{\"@id\":\"https:\\\/\\\/eurecat.org\\\/es\\\/#website\"},\"primaryImageOfPage\":{\"@id\":\"https:\\\/\\\/eurecat.org\\\/es\\\/fiberox-nutraceuticals\\\/#primaryimage\"},\"image\":{\"@id\":\"https:\\\/\\\/eurecat.org\\\/es\\\/fiberox-nutraceuticals\\\/#primaryimage\"},\"thumbnailUrl\":\"https:\\\/\\\/eurecat.org\\\/wp-content\\\/uploads\\\/2018\\\/02\\\/fiberox.jpg\",\"datePublished\":\"2018-02-14T09:13:12+00:00\",\"dateModified\":\"2018-04-17T09:27:06+00:00\",\"author\":{\"@id\":\"https:\\\/\\\/eurecat.org\\\/es\\\/#\\\/schema\\\/person\\\/def9217eded50ee57a9dc4cf0c883f80\"},\"description\":\"El centro tecnol\u00f3gico Eurecat ha validado la valorizaci\u00f3n de subproductos como la piel de avellana como fuente de antioxidantes bioactivos y rica en fibra.\",\"breadcrumb\":{\"@id\":\"https:\\\/\\\/eurecat.org\\\/es\\\/fiberox-nutraceuticals\\\/#breadcrumb\"},\"inLanguage\":\"es\",\"potentialAction\":[{\"@type\":\"ReadAction\",\"target\":[\"https:\\\/\\\/eurecat.org\\\/es\\\/fiberox-nutraceuticals\\\/\"]}]},{\"@type\":\"ImageObject\",\"inLanguage\":\"es\",\"@id\":\"https:\\\/\\\/eurecat.org\\\/es\\\/fiberox-nutraceuticals\\\/#primaryimage\",\"url\":\"https:\\\/\\\/eurecat.org\\\/wp-content\\\/uploads\\\/2018\\\/02\\\/fiberox.jpg\",\"contentUrl\":\"https:\\\/\\\/eurecat.org\\\/wp-content\\\/uploads\\\/2018\\\/02\\\/fiberox.jpg\",\"width\":1000,\"height\":800},{\"@type\":\"BreadcrumbList\",\"@id\":\"https:\\\/\\\/eurecat.org\\\/es\\\/fiberox-nutraceuticals\\\/#breadcrumb\",\"itemListElement\":[{\"@type\":\"ListItem\",\"position\":1,\"name\":\"Inici\",\"item\":\"https:\\\/\\\/eurecat.org\\\/es\\\/\"},{\"@type\":\"ListItem\",\"position\":2,\"name\":\"Eurecat demuestra el efecto saludable de un extracto de la piel de avellana\"}]},{\"@type\":\"WebSite\",\"@id\":\"https:\\\/\\\/eurecat.org\\\/es\\\/#website\",\"url\":\"https:\\\/\\\/eurecat.org\\\/es\\\/\",\"name\":\"Eurecat\",\"description\":\"Otro sitio realizado con WordPress\",\"potentialAction\":[{\"@type\":\"SearchAction\",\"target\":{\"@type\":\"EntryPoint\",\"urlTemplate\":\"https:\\\/\\\/eurecat.org\\\/es\\\/?s={search_term_string}\"},\"query-input\":{\"@type\":\"PropertyValueSpecification\",\"valueRequired\":true,\"valueName\":\"search_term_string\"}}],\"inLanguage\":\"es\"},{\"@type\":\"Person\",\"@id\":\"https:\\\/\\\/eurecat.org\\\/es\\\/#\\\/schema\\\/person\\\/def9217eded50ee57a9dc4cf0c883f80\",\"name\":\"EurecatEG\",\"image\":{\"@type\":\"ImageObject\",\"inLanguage\":\"es\",\"@id\":\"https:\\\/\\\/secure.gravatar.com\\\/avatar\\\/f40dd9b6ecd3e5c591f3c9b033e495ee0ec9877ba77249fbf268b3889350c824?s=96&d=mm&r=g\",\"url\":\"https:\\\/\\\/secure.gravatar.com\\\/avatar\\\/f40dd9b6ecd3e5c591f3c9b033e495ee0ec9877ba77249fbf268b3889350c824?s=96&d=mm&r=g\",\"contentUrl\":\"https:\\\/\\\/secure.gravatar.com\\\/avatar\\\/f40dd9b6ecd3e5c591f3c9b033e495ee0ec9877ba77249fbf268b3889350c824?s=96&d=mm&r=g\",\"caption\":\"EurecatEG\"}}]}<\/script>\n<!-- \/ Yoast SEO plugin. -->","yoast_head_json":{"title":"Demuestran el efecto saludable de un extracto de la piel de avellana","description":"El centro tecnol\u00f3gico Eurecat ha validado la valorizaci\u00f3n de subproductos como la piel de avellana como fuente de antioxidantes bioactivos y rica en fibra.","robots":{"index":"noindex","follow":"nofollow"},"og_locale":"es_ES","og_type":"article","og_title":"Demuestran el efecto saludable de un extracto de la piel de avellana","og_description":"El centro tecnol\u00f3gico Eurecat ha validado la valorizaci\u00f3n de subproductos como la piel de avellana como fuente de antioxidantes bioactivos y rica en fibra.","og_url":"https:\/\/eurecat.org\/es\/fiberox-nutraceuticals\/","og_site_name":"Eurecat","article_published_time":"2018-02-14T09:13:12+00:00","article_modified_time":"2018-04-17T09:27:06+00:00","og_image":[{"width":1000,"height":800,"url":"https:\/\/eurecat.org\/wp-content\/uploads\/2018\/02\/fiberox.jpg","type":"image\/jpeg"}],"author":"EurecatEG","twitter_card":"summary_large_image","twitter_misc":{"Escrito por":"EurecatEG","Tiempo de lectura":"2 minutos"},"schema":{"@context":"https:\/\/schema.org","@graph":[{"@type":"Article","@id":"https:\/\/eurecat.org\/es\/fiberox-nutraceuticals\/#article","isPartOf":{"@id":"https:\/\/eurecat.org\/es\/fiberox-nutraceuticals\/"},"author":{"name":"EurecatEG","@id":"https:\/\/eurecat.org\/es\/#\/schema\/person\/def9217eded50ee57a9dc4cf0c883f80"},"headline":"Eurecat demuestra el efecto saludable de un extracto de la piel de avellana","datePublished":"2018-02-14T09:13:12+00:00","dateModified":"2018-04-17T09:27:06+00:00","mainEntityOfPage":{"@id":"https:\/\/eurecat.org\/es\/fiberox-nutraceuticals\/"},"wordCount":347,"commentCount":0,"image":{"@id":"https:\/\/eurecat.org\/es\/fiberox-nutraceuticals\/#primaryimage"},"thumbnailUrl":"https:\/\/eurecat.org\/wp-content\/uploads\/2018\/02\/fiberox.jpg","keywords":["Nutraceuticals","Nutrici\u00f3 i Salut","nutricion y salud"],"articleSection":["Ciencias \u00d3micas","Notas de prensa"],"inLanguage":"es","potentialAction":[{"@type":"CommentAction","name":"Comment","target":["https:\/\/eurecat.org\/es\/fiberox-nutraceuticals\/#respond"]}]},{"@type":"WebPage","@id":"https:\/\/eurecat.org\/es\/fiberox-nutraceuticals\/","url":"https:\/\/eurecat.org\/es\/fiberox-nutraceuticals\/","name":"Demuestran el efecto saludable de un extracto de la piel de avellana","isPartOf":{"@id":"https:\/\/eurecat.org\/es\/#website"},"primaryImageOfPage":{"@id":"https:\/\/eurecat.org\/es\/fiberox-nutraceuticals\/#primaryimage"},"image":{"@id":"https:\/\/eurecat.org\/es\/fiberox-nutraceuticals\/#primaryimage"},"thumbnailUrl":"https:\/\/eurecat.org\/wp-content\/uploads\/2018\/02\/fiberox.jpg","datePublished":"2018-02-14T09:13:12+00:00","dateModified":"2018-04-17T09:27:06+00:00","author":{"@id":"https:\/\/eurecat.org\/es\/#\/schema\/person\/def9217eded50ee57a9dc4cf0c883f80"},"description":"El centro tecnol\u00f3gico Eurecat ha validado la valorizaci\u00f3n de subproductos como la piel de avellana como fuente de antioxidantes bioactivos y rica en fibra.","breadcrumb":{"@id":"https:\/\/eurecat.org\/es\/fiberox-nutraceuticals\/#breadcrumb"},"inLanguage":"es","potentialAction":[{"@type":"ReadAction","target":["https:\/\/eurecat.org\/es\/fiberox-nutraceuticals\/"]}]},{"@type":"ImageObject","inLanguage":"es","@id":"https:\/\/eurecat.org\/es\/fiberox-nutraceuticals\/#primaryimage","url":"https:\/\/eurecat.org\/wp-content\/uploads\/2018\/02\/fiberox.jpg","contentUrl":"https:\/\/eurecat.org\/wp-content\/uploads\/2018\/02\/fiberox.jpg","width":1000,"height":800},{"@type":"BreadcrumbList","@id":"https:\/\/eurecat.org\/es\/fiberox-nutraceuticals\/#breadcrumb","itemListElement":[{"@type":"ListItem","position":1,"name":"Inici","item":"https:\/\/eurecat.org\/es\/"},{"@type":"ListItem","position":2,"name":"Eurecat demuestra el efecto saludable de un extracto de la piel de avellana"}]},{"@type":"WebSite","@id":"https:\/\/eurecat.org\/es\/#website","url":"https:\/\/eurecat.org\/es\/","name":"Eurecat","description":"Otro sitio realizado con WordPress","potentialAction":[{"@type":"SearchAction","target":{"@type":"EntryPoint","urlTemplate":"https:\/\/eurecat.org\/es\/?s={search_term_string}"},"query-input":{"@type":"PropertyValueSpecification","valueRequired":true,"valueName":"search_term_string"}}],"inLanguage":"es"},{"@type":"Person","@id":"https:\/\/eurecat.org\/es\/#\/schema\/person\/def9217eded50ee57a9dc4cf0c883f80","name":"EurecatEG","image":{"@type":"ImageObject","inLanguage":"es","@id":"https:\/\/secure.gravatar.com\/avatar\/f40dd9b6ecd3e5c591f3c9b033e495ee0ec9877ba77249fbf268b3889350c824?s=96&d=mm&r=g","url":"https:\/\/secure.gravatar.com\/avatar\/f40dd9b6ecd3e5c591f3c9b033e495ee0ec9877ba77249fbf268b3889350c824?s=96&d=mm&r=g","contentUrl":"https:\/\/secure.gravatar.com\/avatar\/f40dd9b6ecd3e5c591f3c9b033e495ee0ec9877ba77249fbf268b3889350c824?s=96&d=mm&r=g","caption":"EurecatEG"}}]}},"_links":{"self":[{"href":"https:\/\/eurecat.org\/es\/wp-json\/wp\/v2\/posts\/58176","targetHints":{"allow":["GET"]}}],"collection":[{"href":"https:\/\/eurecat.org\/es\/wp-json\/wp\/v2\/posts"}],"about":[{"href":"https:\/\/eurecat.org\/es\/wp-json\/wp\/v2\/types\/post"}],"author":[{"embeddable":true,"href":"https:\/\/eurecat.org\/es\/wp-json\/wp\/v2\/users\/12"}],"replies":[{"embeddable":true,"href":"https:\/\/eurecat.org\/es\/wp-json\/wp\/v2\/comments?post=58176"}],"version-history":[{"count":0,"href":"https:\/\/eurecat.org\/es\/wp-json\/wp\/v2\/posts\/58176\/revisions"}],"wp:featuredmedia":[{"embeddable":true,"href":"https:\/\/eurecat.org\/es\/wp-json\/wp\/v2\/media\/49655"}],"wp:attachment":[{"href":"https:\/\/eurecat.org\/es\/wp-json\/wp\/v2\/media?parent=58176"}],"wp:term":[{"taxonomy":"category","embeddable":true,"href":"https:\/\/eurecat.org\/es\/wp-json\/wp\/v2\/categories?post=58176"},{"taxonomy":"post_tag","embeddable":true,"href":"https:\/\/eurecat.org\/es\/wp-json\/wp\/v2\/tags?post=58176"}],"curies":[{"name":"wp","href":"https:\/\/api.w.org\/{rel}","templated":true}]}}