{"id":58205,"date":"2018-04-16T10:53:56","date_gmt":"2018-04-16T10:53:56","guid":{"rendered":"https:\/\/eurecat.org\/itworldedu-2018-eduard-calvo\/"},"modified":"2018-04-17T11:05:08","modified_gmt":"2018-04-17T11:05:08","slug":"itworldedu-2018-eduard-calvo","status":"publish","type":"post","link":"https:\/\/eurecat.org\/es\/itworldedu-2018-eduard-calvo\/","title":{"rendered":"El uso de la tecnolog\u00eda en el aula \u201cestimula el aprendizaje\u201d, seg\u00fan el experto Eduard Calvo"},"content":{"rendered":"<h1 style=\"text-align: center;\"><strong><span style=\"color: #000000;\">El uso de la tecnolog\u00eda en el aula \u201cestimula el aprendizaje\u201d, seg\u00fan el experto Eduard Calvo<\/span><\/strong><\/h1>\n<ul>\n<li style=\"text-align: center;\">\n<h2><strong><span style=\"color: #000000;\">El congreso ITworldEdu de tecnolog\u00eda educativa llega este a\u00f1o a la d\u00e9cima edici\u00f3n.<\/span><\/strong><\/h2>\n<\/li>\n<li style=\"text-align: center;\">\n<h2><strong><span style=\"color: #000000;\">El evento, que se celebra hasta ma\u00f1ana en Sant Cugat, aborda c\u00f3mo mejorar los procesos pedag\u00f3gicos con las TIC.<\/span><\/strong><\/h2>\n<\/li>\n<\/ul>\n<p><strong><u>Sant Cugat, 16 de abril de 2018.-<\/u> <\/strong>El uso de las nuevas tecnolog\u00edas en el aula \u201cestimula el aprendizaje y puede dar lugar a m\u00e9todos pedag\u00f3gicos m\u00e1s efectivos\u201d, adem\u00e1s de automatizar procesos de los centros educativos no relacionados con la docencia \u201cy que no aportan valor\u201d, hecho que permite \u201cfocalizar los esfuerzos en una mejor atenci\u00f3n al alumnado\u201d.<\/p>\n<p>As\u00ed lo cree el profesor de Operaciones de la escuela de negocios IESE Eduard Calvo, que hoy ha ofrecido la conferencia inaugural del congreso <span style=\"color: #800080;\"><strong><a style=\"color: #800080;\" href=\"https:\/\/itworldedu.cat\/es\/\">ITworldEdu<\/a><\/strong><\/span>, el principal evento sobre tecnolog\u00eda educativa en Catalu\u00f1a que se celebra hasta ma\u00f1ana en el Auditorio de Sant Cugat organizado por el Cl\u00faster Edutech con la colaboraci\u00f3n del centro tecnol\u00f3gico <span style=\"color: #800080;\"><strong><a style=\"color: #800080;\" href=\"http:\/\/eurecat.org\/es\">Eurecat<\/a><\/strong><\/span>.<\/p>\n<p>Calvo, que ha hablado sobre c\u00f3mo los centros educativos pueden alcanzar la excelencia tomando como ejemplo organizaciones empresariales, recalca que \u201cla tecnolog\u00eda es un medio y no un fin\u201d, y \u201cdebe estar al servicio del aprendizaje y del desarrollo del alumno\u201d. En palabras del experto, los centros educativos \u201ctienen el reto de trabajar a m\u00e1s largo plazo que otras instituciones\u201d, porque \u201csu aproximaci\u00f3n pedag\u00f3gica con el alumnado es un trabajo que puede durar quince a\u00f1os\u201d.<\/p>\n<p>En este sentido, el director del Cl\u00faster Edutech, Ignasi Nogu\u00e9s, subralla que actualmente \u201cla escuela est\u00e1 en un proceso de transformaci\u00f3n\u201d y cree que \u201ces interesante hacer la comparativa con otras organizaciones para aprender de sus aciertos y errores\u201d.<\/p>\n<p>Otro de los ejes de la primera jornada del congreso ha sido el papel de las mujeres en las carreras de ciencia, tecnolog\u00eda, ingenier\u00eda y matem\u00e1ticas, conocidas como STEM, que ha contado con la participaci\u00f3n de Elsa Rodr\u00edguez, estudiante de segundo de bachillerato y cofundadora de Young IT Girls, una organizaci\u00f3n sin \u00e1nimo de lucro para incentivar las carreras STEM entre las chicas.<\/p>\n<p>En la misma sesi\u00f3n tambi\u00e9n ha hablado el experto en Recursos Humanos Virginio Gallardo, que ha explicado su visi\u00f3n sobre c\u00f3mo liderar equipos directivos en momentos de cambio como el que vive la educaci\u00f3n e Ismael Palac\u00edn, director de la Fundaci\u00f3n Bofill de investigaci\u00f3n en educaci\u00f3n, que ha hablado sobre transformaci\u00f3n educativa y liderazgo econ\u00f3mico.<\/p>\n<p><strong>Reconocimiento a la divulgaci\u00f3n de la tecnolog\u00eda educativa<\/strong><\/p>\n<p>Durante la primera jornada del congreso la organizaci\u00f3n ha entregado un reconocimiento a la divulgaci\u00f3n de las TIC aplicadas a la educaci\u00f3n al medio de comunicaci\u00f3n Educaci\u00f3n 3.0, que aborda la incidencia de las nuevas tecnolog\u00edas en el \u00e1mbito educativo mediante una edici\u00f3n digital e impresa. Su director editorial, el periodista Javier Palaz\u00f3n, ha recogido el premio que reconoce la trayectoria del medio.<\/p>\n<p><strong>Diez a\u00f1os de congreso<\/strong><\/p>\n<p>La edici\u00f3n de este a\u00f1o del ITworldEdu coincide con el d\u00e9cimo aniversario de la iniciativa, que empez\u00f3 en 2008 como un punto de encuentro entre profesionales, instituciones y empresas del \u00e1mbito educativo para abordar los retos de la digitalizaci\u00f3n en el aula y los nuevos modelos pedag\u00f3gicos derivados.<\/p>\n<p>Ignasi Nogu\u00e9s, director de la entidad organizadora, explica que \u201cen los \u00faltimos diez a\u00f1os la escuela ha sufrido una gran transformaci\u00f3n e ITworldEdu ha acercado a los distintos actores de esta transformaci\u00f3n\u201d. Nogu\u00e9s pone en valor la creciente colaboraci\u00f3n entre los centros educativos y las empresas que ofrecen material pedag\u00f3gico basado en la tecnolog\u00eda, y remarca que \u201chace una d\u00e9cada hab\u00eda una mayor reticencia, pero actualmente escuelas e institutos han entendido que la empresa tiene que ser un aliado en el proceso educativo\u201d.<\/p>\n<p>En diez a\u00f1os, ITworldEdu se ha convertido en el evento de referencia en tecnolog\u00eda educativa en Catalu\u00f1a y est\u00e1 reconocido por el Departament d\u2019Ensenyament de la Generalitat como una actividad de formaci\u00f3n permanente dirigida al profesorado no universitario.<\/p>\n<p>El congreso ITworldEdu es una iniciativa del Cl\u00faster Edutech con la colaboraci\u00f3n del centro tecnol\u00f3gico Eurecat, promovido por la estrategia SmartCATALONIA de la Generalitat de Catalunya y el Ayuntamiento de Sant Cugat con el patrocinio de Clickedu-Qualiteasy, Microsoft-Aula Planeta, Semic, SM Educamos, Cru\u00eflla y Wiris, entre otros.<\/p>\n","protected":false},"excerpt":{"rendered":"<p>El uso de la tecnolog\u00eda en el aula \u201cestimula el aprendizaje\u201d, seg\u00fan el experto Eduard Calvo El congreso ITworldEdu de tecnolog\u00eda educativa llega este a\u00f1o a la d\u00e9cima edici\u00f3n. El evento, que se celebra hasta ma\u00f1ana en Sant Cugat, aborda c\u00f3mo mejorar los procesos pedag\u00f3gicos con las TIC. Sant Cugat, 16 de abril de 2018.-  [&#8230;]<\/p>\n","protected":false},"author":12,"featured_media":58203,"comment_status":"open","ping_status":"closed","sticky":false,"template":"","format":"standard","meta":{"footnotes":""},"categories":[702,134],"tags":[704],"class_list":["post-58205","post","type-post","status-publish","format-standard","has-post-thumbnail","hentry","category-eventos","category-notas-de-prensa","tag-itworldedu-es"],"yoast_head":"<!-- This site is optimized with the Yoast SEO plugin v27.5 - https:\/\/yoast.com\/product\/yoast-seo-wordpress\/ -->\n<title>El uso de la tecnolog\u00eda en el aula \u201cestimula el aprendizaje\u201d<\/title>\n<meta name=\"description\" content=\"El congreso ITworldEdu de tecnolog\u00eda educativa llega este a\u00f1o a la d\u00e9cima edici\u00f3n. El evento, que se celebra en Sant Cugat, aborda c\u00f3mo mejorar los procesos pedag\u00f3gicos con las TIC.\" \/>\n<meta name=\"robots\" content=\"index, follow, max-snippet:-1, max-image-preview:large, max-video-preview:-1\" \/>\n<link rel=\"canonical\" href=\"https:\/\/eurecat.org\/es\/itworldedu-2018-eduard-calvo\/\" \/>\n<meta property=\"og:locale\" content=\"es_ES\" \/>\n<meta property=\"og:type\" content=\"article\" \/>\n<meta property=\"og:title\" content=\"El uso de la tecnolog\u00eda en el aula \u201cestimula el aprendizaje\u201d\" \/>\n<meta property=\"og:description\" content=\"El congreso ITworldEdu de tecnolog\u00eda educativa llega este a\u00f1o a la d\u00e9cima edici\u00f3n. El evento, que se celebra en Sant Cugat, aborda c\u00f3mo mejorar los procesos pedag\u00f3gicos con las TIC.\" \/>\n<meta property=\"og:url\" content=\"https:\/\/eurecat.org\/es\/itworldedu-2018-eduard-calvo\/\" \/>\n<meta property=\"og:site_name\" content=\"Eurecat\" \/>\n<meta property=\"article:published_time\" content=\"2018-04-16T10:53:56+00:00\" \/>\n<meta property=\"article:modified_time\" content=\"2018-04-17T11:05:08+00:00\" \/>\n<meta property=\"og:image\" content=\"https:\/\/eurecat.org\/wp-content\/uploads\/2018\/04\/ITworldEdu_Eurecat_EduardCalvo.jpg\" \/>\n\t<meta property=\"og:image:width\" content=\"1477\" \/>\n\t<meta property=\"og:image:height\" content=\"985\" \/>\n\t<meta property=\"og:image:type\" content=\"image\/jpeg\" \/>\n<meta name=\"author\" content=\"EurecatEG\" \/>\n<meta name=\"twitter:card\" content=\"summary_large_image\" \/>\n<meta name=\"twitter:label1\" content=\"Escrito por\" \/>\n\t<meta name=\"twitter:data1\" content=\"EurecatEG\" \/>\n\t<meta name=\"twitter:label2\" content=\"Tiempo de lectura\" \/>\n\t<meta name=\"twitter:data2\" content=\"4 minutos\" \/>\n<script type=\"application\/ld+json\" class=\"yoast-schema-graph\">{\"@context\":\"https:\\\/\\\/schema.org\",\"@graph\":[{\"@type\":\"Article\",\"@id\":\"https:\\\/\\\/eurecat.org\\\/es\\\/itworldedu-2018-eduard-calvo\\\/#article\",\"isPartOf\":{\"@id\":\"https:\\\/\\\/eurecat.org\\\/es\\\/itworldedu-2018-eduard-calvo\\\/\"},\"author\":{\"name\":\"EurecatEG\",\"@id\":\"https:\\\/\\\/eurecat.org\\\/es\\\/#\\\/schema\\\/person\\\/def9217eded50ee57a9dc4cf0c883f80\"},\"headline\":\"El uso de la tecnolog\u00eda en el aula \u201cestimula el aprendizaje\u201d, seg\u00fan el experto Eduard Calvo\",\"datePublished\":\"2018-04-16T10:53:56+00:00\",\"dateModified\":\"2018-04-17T11:05:08+00:00\",\"mainEntityOfPage\":{\"@id\":\"https:\\\/\\\/eurecat.org\\\/es\\\/itworldedu-2018-eduard-calvo\\\/\"},\"wordCount\":782,\"commentCount\":0,\"image\":{\"@id\":\"https:\\\/\\\/eurecat.org\\\/es\\\/itworldedu-2018-eduard-calvo\\\/#primaryimage\"},\"thumbnailUrl\":\"https:\\\/\\\/eurecat.org\\\/wp-content\\\/uploads\\\/2018\\\/04\\\/ITworldEdu_Eurecat_EduardCalvo.jpg\",\"keywords\":[\"ITWorldEdu\"],\"articleSection\":[\"Eventos\",\"Notas de prensa\"],\"inLanguage\":\"es\",\"potentialAction\":[{\"@type\":\"CommentAction\",\"name\":\"Comment\",\"target\":[\"https:\\\/\\\/eurecat.org\\\/es\\\/itworldedu-2018-eduard-calvo\\\/#respond\"]}]},{\"@type\":\"WebPage\",\"@id\":\"https:\\\/\\\/eurecat.org\\\/es\\\/itworldedu-2018-eduard-calvo\\\/\",\"url\":\"https:\\\/\\\/eurecat.org\\\/es\\\/itworldedu-2018-eduard-calvo\\\/\",\"name\":\"El uso de la tecnolog\u00eda en el aula \u201cestimula el aprendizaje\u201d\",\"isPartOf\":{\"@id\":\"https:\\\/\\\/eurecat.org\\\/es\\\/#website\"},\"primaryImageOfPage\":{\"@id\":\"https:\\\/\\\/eurecat.org\\\/es\\\/itworldedu-2018-eduard-calvo\\\/#primaryimage\"},\"image\":{\"@id\":\"https:\\\/\\\/eurecat.org\\\/es\\\/itworldedu-2018-eduard-calvo\\\/#primaryimage\"},\"thumbnailUrl\":\"https:\\\/\\\/eurecat.org\\\/wp-content\\\/uploads\\\/2018\\\/04\\\/ITworldEdu_Eurecat_EduardCalvo.jpg\",\"datePublished\":\"2018-04-16T10:53:56+00:00\",\"dateModified\":\"2018-04-17T11:05:08+00:00\",\"author\":{\"@id\":\"https:\\\/\\\/eurecat.org\\\/es\\\/#\\\/schema\\\/person\\\/def9217eded50ee57a9dc4cf0c883f80\"},\"description\":\"El congreso ITworldEdu de tecnolog\u00eda educativa llega este a\u00f1o a la d\u00e9cima edici\u00f3n. El evento, que se celebra en Sant Cugat, aborda c\u00f3mo mejorar los procesos pedag\u00f3gicos con las TIC.\",\"breadcrumb\":{\"@id\":\"https:\\\/\\\/eurecat.org\\\/es\\\/itworldedu-2018-eduard-calvo\\\/#breadcrumb\"},\"inLanguage\":\"es\",\"potentialAction\":[{\"@type\":\"ReadAction\",\"target\":[\"https:\\\/\\\/eurecat.org\\\/es\\\/itworldedu-2018-eduard-calvo\\\/\"]}]},{\"@type\":\"ImageObject\",\"inLanguage\":\"es\",\"@id\":\"https:\\\/\\\/eurecat.org\\\/es\\\/itworldedu-2018-eduard-calvo\\\/#primaryimage\",\"url\":\"https:\\\/\\\/eurecat.org\\\/wp-content\\\/uploads\\\/2018\\\/04\\\/ITworldEdu_Eurecat_EduardCalvo.jpg\",\"contentUrl\":\"https:\\\/\\\/eurecat.org\\\/wp-content\\\/uploads\\\/2018\\\/04\\\/ITworldEdu_Eurecat_EduardCalvo.jpg\",\"width\":1477,\"height\":985},{\"@type\":\"BreadcrumbList\",\"@id\":\"https:\\\/\\\/eurecat.org\\\/es\\\/itworldedu-2018-eduard-calvo\\\/#breadcrumb\",\"itemListElement\":[{\"@type\":\"ListItem\",\"position\":1,\"name\":\"Inici\",\"item\":\"https:\\\/\\\/eurecat.org\\\/es\\\/\"},{\"@type\":\"ListItem\",\"position\":2,\"name\":\"El uso de la tecnolog\u00eda en el aula \u201cestimula el aprendizaje\u201d, seg\u00fan el experto Eduard Calvo\"}]},{\"@type\":\"WebSite\",\"@id\":\"https:\\\/\\\/eurecat.org\\\/es\\\/#website\",\"url\":\"https:\\\/\\\/eurecat.org\\\/es\\\/\",\"name\":\"Eurecat\",\"description\":\"Otro sitio realizado con WordPress\",\"potentialAction\":[{\"@type\":\"SearchAction\",\"target\":{\"@type\":\"EntryPoint\",\"urlTemplate\":\"https:\\\/\\\/eurecat.org\\\/es\\\/?s={search_term_string}\"},\"query-input\":{\"@type\":\"PropertyValueSpecification\",\"valueRequired\":true,\"valueName\":\"search_term_string\"}}],\"inLanguage\":\"es\"},{\"@type\":\"Person\",\"@id\":\"https:\\\/\\\/eurecat.org\\\/es\\\/#\\\/schema\\\/person\\\/def9217eded50ee57a9dc4cf0c883f80\",\"name\":\"EurecatEG\",\"image\":{\"@type\":\"ImageObject\",\"inLanguage\":\"es\",\"@id\":\"https:\\\/\\\/secure.gravatar.com\\\/avatar\\\/f40dd9b6ecd3e5c591f3c9b033e495ee0ec9877ba77249fbf268b3889350c824?s=96&d=mm&r=g\",\"url\":\"https:\\\/\\\/secure.gravatar.com\\\/avatar\\\/f40dd9b6ecd3e5c591f3c9b033e495ee0ec9877ba77249fbf268b3889350c824?s=96&d=mm&r=g\",\"contentUrl\":\"https:\\\/\\\/secure.gravatar.com\\\/avatar\\\/f40dd9b6ecd3e5c591f3c9b033e495ee0ec9877ba77249fbf268b3889350c824?s=96&d=mm&r=g\",\"caption\":\"EurecatEG\"}}]}<\/script>\n<!-- \/ Yoast SEO plugin. -->","yoast_head_json":{"title":"El uso de la tecnolog\u00eda en el aula \u201cestimula el aprendizaje\u201d","description":"El congreso ITworldEdu de tecnolog\u00eda educativa llega este a\u00f1o a la d\u00e9cima edici\u00f3n. El evento, que se celebra en Sant Cugat, aborda c\u00f3mo mejorar los procesos pedag\u00f3gicos con las TIC.","robots":{"index":"index","follow":"follow","max-snippet":"max-snippet:-1","max-image-preview":"max-image-preview:large","max-video-preview":"max-video-preview:-1"},"canonical":"https:\/\/eurecat.org\/es\/itworldedu-2018-eduard-calvo\/","og_locale":"es_ES","og_type":"article","og_title":"El uso de la tecnolog\u00eda en el aula \u201cestimula el aprendizaje\u201d","og_description":"El congreso ITworldEdu de tecnolog\u00eda educativa llega este a\u00f1o a la d\u00e9cima edici\u00f3n. El evento, que se celebra en Sant Cugat, aborda c\u00f3mo mejorar los procesos pedag\u00f3gicos con las TIC.","og_url":"https:\/\/eurecat.org\/es\/itworldedu-2018-eduard-calvo\/","og_site_name":"Eurecat","article_published_time":"2018-04-16T10:53:56+00:00","article_modified_time":"2018-04-17T11:05:08+00:00","og_image":[{"width":1477,"height":985,"url":"https:\/\/eurecat.org\/wp-content\/uploads\/2018\/04\/ITworldEdu_Eurecat_EduardCalvo.jpg","type":"image\/jpeg"}],"author":"EurecatEG","twitter_card":"summary_large_image","twitter_misc":{"Escrito por":"EurecatEG","Tiempo de lectura":"4 minutos"},"schema":{"@context":"https:\/\/schema.org","@graph":[{"@type":"Article","@id":"https:\/\/eurecat.org\/es\/itworldedu-2018-eduard-calvo\/#article","isPartOf":{"@id":"https:\/\/eurecat.org\/es\/itworldedu-2018-eduard-calvo\/"},"author":{"name":"EurecatEG","@id":"https:\/\/eurecat.org\/es\/#\/schema\/person\/def9217eded50ee57a9dc4cf0c883f80"},"headline":"El uso de la tecnolog\u00eda en el aula \u201cestimula el aprendizaje\u201d, seg\u00fan el experto Eduard Calvo","datePublished":"2018-04-16T10:53:56+00:00","dateModified":"2018-04-17T11:05:08+00:00","mainEntityOfPage":{"@id":"https:\/\/eurecat.org\/es\/itworldedu-2018-eduard-calvo\/"},"wordCount":782,"commentCount":0,"image":{"@id":"https:\/\/eurecat.org\/es\/itworldedu-2018-eduard-calvo\/#primaryimage"},"thumbnailUrl":"https:\/\/eurecat.org\/wp-content\/uploads\/2018\/04\/ITworldEdu_Eurecat_EduardCalvo.jpg","keywords":["ITWorldEdu"],"articleSection":["Eventos","Notas de prensa"],"inLanguage":"es","potentialAction":[{"@type":"CommentAction","name":"Comment","target":["https:\/\/eurecat.org\/es\/itworldedu-2018-eduard-calvo\/#respond"]}]},{"@type":"WebPage","@id":"https:\/\/eurecat.org\/es\/itworldedu-2018-eduard-calvo\/","url":"https:\/\/eurecat.org\/es\/itworldedu-2018-eduard-calvo\/","name":"El uso de la tecnolog\u00eda en el aula \u201cestimula el aprendizaje\u201d","isPartOf":{"@id":"https:\/\/eurecat.org\/es\/#website"},"primaryImageOfPage":{"@id":"https:\/\/eurecat.org\/es\/itworldedu-2018-eduard-calvo\/#primaryimage"},"image":{"@id":"https:\/\/eurecat.org\/es\/itworldedu-2018-eduard-calvo\/#primaryimage"},"thumbnailUrl":"https:\/\/eurecat.org\/wp-content\/uploads\/2018\/04\/ITworldEdu_Eurecat_EduardCalvo.jpg","datePublished":"2018-04-16T10:53:56+00:00","dateModified":"2018-04-17T11:05:08+00:00","author":{"@id":"https:\/\/eurecat.org\/es\/#\/schema\/person\/def9217eded50ee57a9dc4cf0c883f80"},"description":"El congreso ITworldEdu de tecnolog\u00eda educativa llega este a\u00f1o a la d\u00e9cima edici\u00f3n. El evento, que se celebra en Sant Cugat, aborda c\u00f3mo mejorar los procesos pedag\u00f3gicos con las TIC.","breadcrumb":{"@id":"https:\/\/eurecat.org\/es\/itworldedu-2018-eduard-calvo\/#breadcrumb"},"inLanguage":"es","potentialAction":[{"@type":"ReadAction","target":["https:\/\/eurecat.org\/es\/itworldedu-2018-eduard-calvo\/"]}]},{"@type":"ImageObject","inLanguage":"es","@id":"https:\/\/eurecat.org\/es\/itworldedu-2018-eduard-calvo\/#primaryimage","url":"https:\/\/eurecat.org\/wp-content\/uploads\/2018\/04\/ITworldEdu_Eurecat_EduardCalvo.jpg","contentUrl":"https:\/\/eurecat.org\/wp-content\/uploads\/2018\/04\/ITworldEdu_Eurecat_EduardCalvo.jpg","width":1477,"height":985},{"@type":"BreadcrumbList","@id":"https:\/\/eurecat.org\/es\/itworldedu-2018-eduard-calvo\/#breadcrumb","itemListElement":[{"@type":"ListItem","position":1,"name":"Inici","item":"https:\/\/eurecat.org\/es\/"},{"@type":"ListItem","position":2,"name":"El uso de la tecnolog\u00eda en el aula \u201cestimula el aprendizaje\u201d, seg\u00fan el experto Eduard Calvo"}]},{"@type":"WebSite","@id":"https:\/\/eurecat.org\/es\/#website","url":"https:\/\/eurecat.org\/es\/","name":"Eurecat","description":"Otro sitio realizado con WordPress","potentialAction":[{"@type":"SearchAction","target":{"@type":"EntryPoint","urlTemplate":"https:\/\/eurecat.org\/es\/?s={search_term_string}"},"query-input":{"@type":"PropertyValueSpecification","valueRequired":true,"valueName":"search_term_string"}}],"inLanguage":"es"},{"@type":"Person","@id":"https:\/\/eurecat.org\/es\/#\/schema\/person\/def9217eded50ee57a9dc4cf0c883f80","name":"EurecatEG","image":{"@type":"ImageObject","inLanguage":"es","@id":"https:\/\/secure.gravatar.com\/avatar\/f40dd9b6ecd3e5c591f3c9b033e495ee0ec9877ba77249fbf268b3889350c824?s=96&d=mm&r=g","url":"https:\/\/secure.gravatar.com\/avatar\/f40dd9b6ecd3e5c591f3c9b033e495ee0ec9877ba77249fbf268b3889350c824?s=96&d=mm&r=g","contentUrl":"https:\/\/secure.gravatar.com\/avatar\/f40dd9b6ecd3e5c591f3c9b033e495ee0ec9877ba77249fbf268b3889350c824?s=96&d=mm&r=g","caption":"EurecatEG"}}]}},"_links":{"self":[{"href":"https:\/\/eurecat.org\/es\/wp-json\/wp\/v2\/posts\/58205","targetHints":{"allow":["GET"]}}],"collection":[{"href":"https:\/\/eurecat.org\/es\/wp-json\/wp\/v2\/posts"}],"about":[{"href":"https:\/\/eurecat.org\/es\/wp-json\/wp\/v2\/types\/post"}],"author":[{"embeddable":true,"href":"https:\/\/eurecat.org\/es\/wp-json\/wp\/v2\/users\/12"}],"replies":[{"embeddable":true,"href":"https:\/\/eurecat.org\/es\/wp-json\/wp\/v2\/comments?post=58205"}],"version-history":[{"count":0,"href":"https:\/\/eurecat.org\/es\/wp-json\/wp\/v2\/posts\/58205\/revisions"}],"wp:featuredmedia":[{"embeddable":true,"href":"https:\/\/eurecat.org\/es\/wp-json\/wp\/v2\/media\/58203"}],"wp:attachment":[{"href":"https:\/\/eurecat.org\/es\/wp-json\/wp\/v2\/media?parent=58205"}],"wp:term":[{"taxonomy":"category","embeddable":true,"href":"https:\/\/eurecat.org\/es\/wp-json\/wp\/v2\/categories?post=58205"},{"taxonomy":"post_tag","embeddable":true,"href":"https:\/\/eurecat.org\/es\/wp-json\/wp\/v2\/tags?post=58205"}],"curies":[{"name":"wp","href":"https:\/\/api.w.org\/{rel}","templated":true}]}}