{"id":61434,"date":"2018-05-23T14:06:56","date_gmt":"2018-05-23T14:06:56","guid":{"rendered":"https:\/\/eurecat.org\/?p=61434"},"modified":"2018-05-23T14:10:36","modified_gmt":"2018-05-23T14:10:36","slug":"ibiza-acoge-la-primera-instalacion-con-tecnologia-de-sonido-inmersivo-3d","status":"publish","type":"post","link":"https:\/\/eurecat.org\/es\/ibiza-acoge-la-primera-instalacion-con-tecnologia-de-sonido-inmersivo-3d\/","title":{"rendered":"Ibiza acoge la primera instalaci\u00f3n con tecnolog\u00eda de sonido inmersivo 3D"},"content":{"rendered":"<p>El estudio <a href=\"http:\/\/www.metricasound.com\/\">Metrica<\/a> y <a href=\"https:\/\/eurecat.org\/es\/\">Eurecat<\/a>, a trav\u00e9s de su marca de audio inmersivo <a href=\"https:\/\/sfear.com\/\">Sf\u00ebar<\/a>, han instalado por primera vez en Ibiza, desde hoy hasta el viernes 25 de mayo, una carpa con sonido inmersivo 3D, en el marco del <a href=\"https:\/\/www.internationalmusicsummit.com\/ibiza\/\">International Music Summit<\/a> (IMS), la conferencia que engloba negocio, cultura y educaci\u00f3n alrededor de la industria de la m\u00fasica electr\u00f3nica, a fin de ofrecer al p\u00fablico una experiencia sensorial basada en un nuevo audio totalmente envolvente.<\/p>\n<p>El objetivo de la instalaci\u00f3n, ubicada en el escenario del Hard Rock Hotel, es dar a conocer la tecnolog\u00eda de sonido 3D y promocionar el primer estudio profesional que est\u00e1 a punto de estrenar Metrica en Ibiza, con tecnolog\u00eda Sf\u00ebar desarrollada por Eurecat y capacidad para producir, grabar y mezclar con sonido en tres dimensiones y binaural, dos conceptos que marcar\u00e1n el nuevo est\u00e1ndar en el mundo de las producciones audiovisuales.<\/p>\n<p>Metrica y Eurecat \u201cest\u00e1n ultimando el estudio en Ibiza para que sea un laboratorio de investigaci\u00f3n y de desarrollo de herramientas que sit\u00faen a la m\u00fasica y al sonido al nivel tridimensional al que ha llegado el audio en la industria cinematogr\u00e1fica\u201d, explica Shams Faure, jefe de Operaciones de Metrica.<\/p>\n<p>En palabras del ingeniero de sonido ibicenco y director del estudio, Javier Ferrer, uno de los art\u00edfices de la innovaci\u00f3n dentro del equipo de Metrica, las nuevas herramientas de producci\u00f3n musical que se presentan en IMS permiten \u201ccrear canciones y sesiones de m\u00fasica en tres dimensiones en directo y producir y distribuir m\u00fasica y contenidos de audio inmersivo en los dispositivos m\u00f3viles mediante auriculares\u201d.<\/p>\n<p>De acuerdo con el director de Tecnolog\u00edas Audiovisuales de Eurecat (miembro de Tecnio) y responsable de Sf\u00ebar, Adan Garriga, \u201cel sonido 3D ser\u00e1 la nueva pauta en el campo del audio, como lo fue la irrupci\u00f3n del sonido est\u00e9reo en los a\u00f1os cincuenta y el paso del est\u00e9reo al sistema 5.1 en la d\u00e9cada de los ochenta\u201d.<\/p>\n<p>Desarrollada dentro del centro tecnol\u00f3gico Eurecat, Sf\u00ebar es la nueva tecnolog\u00eda de audio 3D inmersivo e interactivo que ahora el estudio Metrica ofrecer\u00e1 en primicia desde Ibiza a la industria musical y audiovisual de todo el mundo.<\/p>\n<p><strong>Instalaci\u00f3n de audio 3D inmersivo en Ibiza<\/strong><\/p>\n<ul>\n<li><strong>D\u00edas:<\/strong> 23-25 de mayo de 2018<\/li>\n<li><strong>Horario:<\/strong> de 11 a 18 h (una demo por hora)<\/li>\n<li><strong>Lugar:<\/strong> escenario de Hard Rock Hotel Ibiza (Playa de\u2019n Bossa, Ibiza)<\/li>\n<li><strong>Acreditaciones de prensa: premsa@eurecat.org<\/strong><\/li>\n<\/ul>\n","protected":false},"excerpt":{"rendered":"<p>El estudio Metrica y Eurecat, a trav\u00e9s de su marca de audio inmersivo Sf\u00ebar, han instalado por primera vez en Ibiza, desde hoy hasta el viernes 25 de mayo, una carpa con sonido inmersivo 3D, en el marco del International Music Summit (IMS), la conferencia que engloba negocio, cultura y educaci\u00f3n alrededor de la industria  [&#8230;]<\/p>\n","protected":false},"author":6,"featured_media":61438,"comment_status":"open","ping_status":"closed","sticky":false,"template":"","format":"standard","meta":{"footnotes":""},"categories":[134,412],"tags":[1645],"class_list":["post-61434","post","type-post","status-publish","format-standard","has-post-thumbnail","hentry","category-notas-de-prensa","category-tecnologias-audiovisuales","tag-sonido-inmersivo"],"yoast_head":"<!-- This site is optimized with the Yoast SEO plugin v27.4 - https:\/\/yoast.com\/product\/yoast-seo-wordpress\/ -->\n<title>Ibiza acoge la primera instalaci\u00f3n con tecnolog\u00eda de sonido inmersivo 3D<\/title>\n<meta name=\"description\" content=\"La nstalaci\u00f3n de sonido inmersivo ubicada en el escenario del Hard Rock Hotel dar\u00e1 a conocer la tecnolog\u00eda de sonido 3D y promocionar el primer estudio profesional de audio 3D en Ibiza\" \/>\n<meta name=\"robots\" content=\"index, follow, max-snippet:-1, max-image-preview:large, max-video-preview:-1\" \/>\n<link rel=\"canonical\" href=\"https:\/\/eurecat.org\/es\/ibiza-acoge-la-primera-instalacion-con-tecnologia-de-sonido-inmersivo-3d\/\" \/>\n<meta property=\"og:locale\" content=\"es_ES\" \/>\n<meta property=\"og:type\" content=\"article\" \/>\n<meta property=\"og:title\" content=\"Ibiza acoge la primera instalaci\u00f3n con tecnolog\u00eda de sonido inmersivo 3D\" \/>\n<meta property=\"og:description\" content=\"La nstalaci\u00f3n de sonido inmersivo ubicada en el escenario del Hard Rock Hotel dar\u00e1 a conocer la tecnolog\u00eda de sonido 3D y promocionar el primer estudio profesional de audio 3D en Ibiza\" \/>\n<meta property=\"og:url\" content=\"https:\/\/eurecat.org\/es\/ibiza-acoge-la-primera-instalacion-con-tecnologia-de-sonido-inmersivo-3d\/\" \/>\n<meta property=\"og:site_name\" content=\"Eurecat\" \/>\n<meta property=\"article:published_time\" content=\"2018-05-23T14:06:56+00:00\" \/>\n<meta property=\"article:modified_time\" content=\"2018-05-23T14:10:36+00:00\" \/>\n<meta property=\"og:image\" content=\"https:\/\/eurecat.org\/wp-content\/uploads\/2018\/05\/sonido-inmersivo-ibiza.jpg\" \/>\n\t<meta property=\"og:image:width\" content=\"774\" \/>\n\t<meta property=\"og:image:height\" content=\"530\" \/>\n\t<meta property=\"og:image:type\" content=\"image\/jpeg\" \/>\n<meta name=\"author\" content=\"EurecatEM\" \/>\n<meta name=\"twitter:card\" content=\"summary_large_image\" \/>\n<meta name=\"twitter:label1\" content=\"Escrito por\" \/>\n\t<meta name=\"twitter:data1\" content=\"EurecatEM\" \/>\n\t<meta name=\"twitter:label2\" content=\"Tiempo de lectura\" \/>\n\t<meta name=\"twitter:data2\" content=\"2 minutos\" \/>\n<script type=\"application\/ld+json\" class=\"yoast-schema-graph\">{\"@context\":\"https:\\\/\\\/schema.org\",\"@graph\":[{\"@type\":\"Article\",\"@id\":\"https:\\\/\\\/eurecat.org\\\/es\\\/ibiza-acoge-la-primera-instalacion-con-tecnologia-de-sonido-inmersivo-3d\\\/#article\",\"isPartOf\":{\"@id\":\"https:\\\/\\\/eurecat.org\\\/es\\\/ibiza-acoge-la-primera-instalacion-con-tecnologia-de-sonido-inmersivo-3d\\\/\"},\"author\":{\"name\":\"EurecatEM\",\"@id\":\"https:\\\/\\\/eurecat.org\\\/es\\\/#\\\/schema\\\/person\\\/540d47fd9da63c4587cbae01b88e4db3\"},\"headline\":\"Ibiza acoge la primera instalaci\u00f3n con tecnolog\u00eda de sonido inmersivo 3D\",\"datePublished\":\"2018-05-23T14:06:56+00:00\",\"dateModified\":\"2018-05-23T14:10:36+00:00\",\"mainEntityOfPage\":{\"@id\":\"https:\\\/\\\/eurecat.org\\\/es\\\/ibiza-acoge-la-primera-instalacion-con-tecnologia-de-sonido-inmersivo-3d\\\/\"},\"wordCount\":438,\"commentCount\":0,\"image\":{\"@id\":\"https:\\\/\\\/eurecat.org\\\/es\\\/ibiza-acoge-la-primera-instalacion-con-tecnologia-de-sonido-inmersivo-3d\\\/#primaryimage\"},\"thumbnailUrl\":\"https:\\\/\\\/eurecat.org\\\/wp-content\\\/uploads\\\/2018\\\/05\\\/sonido-inmersivo-ibiza.jpg\",\"keywords\":[\"sonido inmersivo\"],\"articleSection\":[\"Notas de prensa\",\"Tecnolog\u00edas Audiovisuales\"],\"inLanguage\":\"es\",\"potentialAction\":[{\"@type\":\"CommentAction\",\"name\":\"Comment\",\"target\":[\"https:\\\/\\\/eurecat.org\\\/es\\\/ibiza-acoge-la-primera-instalacion-con-tecnologia-de-sonido-inmersivo-3d\\\/#respond\"]}]},{\"@type\":\"WebPage\",\"@id\":\"https:\\\/\\\/eurecat.org\\\/es\\\/ibiza-acoge-la-primera-instalacion-con-tecnologia-de-sonido-inmersivo-3d\\\/\",\"url\":\"https:\\\/\\\/eurecat.org\\\/es\\\/ibiza-acoge-la-primera-instalacion-con-tecnologia-de-sonido-inmersivo-3d\\\/\",\"name\":\"Ibiza acoge la primera instalaci\u00f3n con tecnolog\u00eda de sonido inmersivo 3D\",\"isPartOf\":{\"@id\":\"https:\\\/\\\/eurecat.org\\\/es\\\/#website\"},\"primaryImageOfPage\":{\"@id\":\"https:\\\/\\\/eurecat.org\\\/es\\\/ibiza-acoge-la-primera-instalacion-con-tecnologia-de-sonido-inmersivo-3d\\\/#primaryimage\"},\"image\":{\"@id\":\"https:\\\/\\\/eurecat.org\\\/es\\\/ibiza-acoge-la-primera-instalacion-con-tecnologia-de-sonido-inmersivo-3d\\\/#primaryimage\"},\"thumbnailUrl\":\"https:\\\/\\\/eurecat.org\\\/wp-content\\\/uploads\\\/2018\\\/05\\\/sonido-inmersivo-ibiza.jpg\",\"datePublished\":\"2018-05-23T14:06:56+00:00\",\"dateModified\":\"2018-05-23T14:10:36+00:00\",\"author\":{\"@id\":\"https:\\\/\\\/eurecat.org\\\/es\\\/#\\\/schema\\\/person\\\/540d47fd9da63c4587cbae01b88e4db3\"},\"description\":\"La nstalaci\u00f3n de sonido inmersivo ubicada en el escenario del Hard Rock Hotel dar\u00e1 a conocer la tecnolog\u00eda de sonido 3D y promocionar el primer estudio profesional de audio 3D en Ibiza\",\"breadcrumb\":{\"@id\":\"https:\\\/\\\/eurecat.org\\\/es\\\/ibiza-acoge-la-primera-instalacion-con-tecnologia-de-sonido-inmersivo-3d\\\/#breadcrumb\"},\"inLanguage\":\"es\",\"potentialAction\":[{\"@type\":\"ReadAction\",\"target\":[\"https:\\\/\\\/eurecat.org\\\/es\\\/ibiza-acoge-la-primera-instalacion-con-tecnologia-de-sonido-inmersivo-3d\\\/\"]}]},{\"@type\":\"ImageObject\",\"inLanguage\":\"es\",\"@id\":\"https:\\\/\\\/eurecat.org\\\/es\\\/ibiza-acoge-la-primera-instalacion-con-tecnologia-de-sonido-inmersivo-3d\\\/#primaryimage\",\"url\":\"https:\\\/\\\/eurecat.org\\\/wp-content\\\/uploads\\\/2018\\\/05\\\/sonido-inmersivo-ibiza.jpg\",\"contentUrl\":\"https:\\\/\\\/eurecat.org\\\/wp-content\\\/uploads\\\/2018\\\/05\\\/sonido-inmersivo-ibiza.jpg\",\"width\":774,\"height\":530},{\"@type\":\"BreadcrumbList\",\"@id\":\"https:\\\/\\\/eurecat.org\\\/es\\\/ibiza-acoge-la-primera-instalacion-con-tecnologia-de-sonido-inmersivo-3d\\\/#breadcrumb\",\"itemListElement\":[{\"@type\":\"ListItem\",\"position\":1,\"name\":\"Inici\",\"item\":\"https:\\\/\\\/eurecat.org\\\/es\\\/\"},{\"@type\":\"ListItem\",\"position\":2,\"name\":\"Ibiza acoge la primera instalaci\u00f3n con tecnolog\u00eda de sonido inmersivo 3D\"}]},{\"@type\":\"WebSite\",\"@id\":\"https:\\\/\\\/eurecat.org\\\/es\\\/#website\",\"url\":\"https:\\\/\\\/eurecat.org\\\/es\\\/\",\"name\":\"Eurecat\",\"description\":\"Otro sitio realizado con WordPress\",\"potentialAction\":[{\"@type\":\"SearchAction\",\"target\":{\"@type\":\"EntryPoint\",\"urlTemplate\":\"https:\\\/\\\/eurecat.org\\\/es\\\/?s={search_term_string}\"},\"query-input\":{\"@type\":\"PropertyValueSpecification\",\"valueRequired\":true,\"valueName\":\"search_term_string\"}}],\"inLanguage\":\"es\"},{\"@type\":\"Person\",\"@id\":\"https:\\\/\\\/eurecat.org\\\/es\\\/#\\\/schema\\\/person\\\/540d47fd9da63c4587cbae01b88e4db3\",\"name\":\"EurecatEM\",\"image\":{\"@type\":\"ImageObject\",\"inLanguage\":\"es\",\"@id\":\"https:\\\/\\\/secure.gravatar.com\\\/avatar\\\/deb330c0660ac5bf74cae5724d94229935e34c26df9bce576399b4da2212af05?s=96&d=mm&r=g\",\"url\":\"https:\\\/\\\/secure.gravatar.com\\\/avatar\\\/deb330c0660ac5bf74cae5724d94229935e34c26df9bce576399b4da2212af05?s=96&d=mm&r=g\",\"contentUrl\":\"https:\\\/\\\/secure.gravatar.com\\\/avatar\\\/deb330c0660ac5bf74cae5724d94229935e34c26df9bce576399b4da2212af05?s=96&d=mm&r=g\",\"caption\":\"EurecatEM\"}}]}<\/script>\n<!-- \/ Yoast SEO plugin. -->","yoast_head_json":{"title":"Ibiza acoge la primera instalaci\u00f3n con tecnolog\u00eda de sonido inmersivo 3D","description":"La nstalaci\u00f3n de sonido inmersivo ubicada en el escenario del Hard Rock Hotel dar\u00e1 a conocer la tecnolog\u00eda de sonido 3D y promocionar el primer estudio profesional de audio 3D en Ibiza","robots":{"index":"index","follow":"follow","max-snippet":"max-snippet:-1","max-image-preview":"max-image-preview:large","max-video-preview":"max-video-preview:-1"},"canonical":"https:\/\/eurecat.org\/es\/ibiza-acoge-la-primera-instalacion-con-tecnologia-de-sonido-inmersivo-3d\/","og_locale":"es_ES","og_type":"article","og_title":"Ibiza acoge la primera instalaci\u00f3n con tecnolog\u00eda de sonido inmersivo 3D","og_description":"La nstalaci\u00f3n de sonido inmersivo ubicada en el escenario del Hard Rock Hotel dar\u00e1 a conocer la tecnolog\u00eda de sonido 3D y promocionar el primer estudio profesional de audio 3D en Ibiza","og_url":"https:\/\/eurecat.org\/es\/ibiza-acoge-la-primera-instalacion-con-tecnologia-de-sonido-inmersivo-3d\/","og_site_name":"Eurecat","article_published_time":"2018-05-23T14:06:56+00:00","article_modified_time":"2018-05-23T14:10:36+00:00","og_image":[{"width":774,"height":530,"url":"https:\/\/eurecat.org\/wp-content\/uploads\/2018\/05\/sonido-inmersivo-ibiza.jpg","type":"image\/jpeg"}],"author":"EurecatEM","twitter_card":"summary_large_image","twitter_misc":{"Escrito por":"EurecatEM","Tiempo de lectura":"2 minutos"},"schema":{"@context":"https:\/\/schema.org","@graph":[{"@type":"Article","@id":"https:\/\/eurecat.org\/es\/ibiza-acoge-la-primera-instalacion-con-tecnologia-de-sonido-inmersivo-3d\/#article","isPartOf":{"@id":"https:\/\/eurecat.org\/es\/ibiza-acoge-la-primera-instalacion-con-tecnologia-de-sonido-inmersivo-3d\/"},"author":{"name":"EurecatEM","@id":"https:\/\/eurecat.org\/es\/#\/schema\/person\/540d47fd9da63c4587cbae01b88e4db3"},"headline":"Ibiza acoge la primera instalaci\u00f3n con tecnolog\u00eda de sonido inmersivo 3D","datePublished":"2018-05-23T14:06:56+00:00","dateModified":"2018-05-23T14:10:36+00:00","mainEntityOfPage":{"@id":"https:\/\/eurecat.org\/es\/ibiza-acoge-la-primera-instalacion-con-tecnologia-de-sonido-inmersivo-3d\/"},"wordCount":438,"commentCount":0,"image":{"@id":"https:\/\/eurecat.org\/es\/ibiza-acoge-la-primera-instalacion-con-tecnologia-de-sonido-inmersivo-3d\/#primaryimage"},"thumbnailUrl":"https:\/\/eurecat.org\/wp-content\/uploads\/2018\/05\/sonido-inmersivo-ibiza.jpg","keywords":["sonido inmersivo"],"articleSection":["Notas de prensa","Tecnolog\u00edas Audiovisuales"],"inLanguage":"es","potentialAction":[{"@type":"CommentAction","name":"Comment","target":["https:\/\/eurecat.org\/es\/ibiza-acoge-la-primera-instalacion-con-tecnologia-de-sonido-inmersivo-3d\/#respond"]}]},{"@type":"WebPage","@id":"https:\/\/eurecat.org\/es\/ibiza-acoge-la-primera-instalacion-con-tecnologia-de-sonido-inmersivo-3d\/","url":"https:\/\/eurecat.org\/es\/ibiza-acoge-la-primera-instalacion-con-tecnologia-de-sonido-inmersivo-3d\/","name":"Ibiza acoge la primera instalaci\u00f3n con tecnolog\u00eda de sonido inmersivo 3D","isPartOf":{"@id":"https:\/\/eurecat.org\/es\/#website"},"primaryImageOfPage":{"@id":"https:\/\/eurecat.org\/es\/ibiza-acoge-la-primera-instalacion-con-tecnologia-de-sonido-inmersivo-3d\/#primaryimage"},"image":{"@id":"https:\/\/eurecat.org\/es\/ibiza-acoge-la-primera-instalacion-con-tecnologia-de-sonido-inmersivo-3d\/#primaryimage"},"thumbnailUrl":"https:\/\/eurecat.org\/wp-content\/uploads\/2018\/05\/sonido-inmersivo-ibiza.jpg","datePublished":"2018-05-23T14:06:56+00:00","dateModified":"2018-05-23T14:10:36+00:00","author":{"@id":"https:\/\/eurecat.org\/es\/#\/schema\/person\/540d47fd9da63c4587cbae01b88e4db3"},"description":"La nstalaci\u00f3n de sonido inmersivo ubicada en el escenario del Hard Rock Hotel dar\u00e1 a conocer la tecnolog\u00eda de sonido 3D y promocionar el primer estudio profesional de audio 3D en Ibiza","breadcrumb":{"@id":"https:\/\/eurecat.org\/es\/ibiza-acoge-la-primera-instalacion-con-tecnologia-de-sonido-inmersivo-3d\/#breadcrumb"},"inLanguage":"es","potentialAction":[{"@type":"ReadAction","target":["https:\/\/eurecat.org\/es\/ibiza-acoge-la-primera-instalacion-con-tecnologia-de-sonido-inmersivo-3d\/"]}]},{"@type":"ImageObject","inLanguage":"es","@id":"https:\/\/eurecat.org\/es\/ibiza-acoge-la-primera-instalacion-con-tecnologia-de-sonido-inmersivo-3d\/#primaryimage","url":"https:\/\/eurecat.org\/wp-content\/uploads\/2018\/05\/sonido-inmersivo-ibiza.jpg","contentUrl":"https:\/\/eurecat.org\/wp-content\/uploads\/2018\/05\/sonido-inmersivo-ibiza.jpg","width":774,"height":530},{"@type":"BreadcrumbList","@id":"https:\/\/eurecat.org\/es\/ibiza-acoge-la-primera-instalacion-con-tecnologia-de-sonido-inmersivo-3d\/#breadcrumb","itemListElement":[{"@type":"ListItem","position":1,"name":"Inici","item":"https:\/\/eurecat.org\/es\/"},{"@type":"ListItem","position":2,"name":"Ibiza acoge la primera instalaci\u00f3n con tecnolog\u00eda de sonido inmersivo 3D"}]},{"@type":"WebSite","@id":"https:\/\/eurecat.org\/es\/#website","url":"https:\/\/eurecat.org\/es\/","name":"Eurecat","description":"Otro sitio realizado con WordPress","potentialAction":[{"@type":"SearchAction","target":{"@type":"EntryPoint","urlTemplate":"https:\/\/eurecat.org\/es\/?s={search_term_string}"},"query-input":{"@type":"PropertyValueSpecification","valueRequired":true,"valueName":"search_term_string"}}],"inLanguage":"es"},{"@type":"Person","@id":"https:\/\/eurecat.org\/es\/#\/schema\/person\/540d47fd9da63c4587cbae01b88e4db3","name":"EurecatEM","image":{"@type":"ImageObject","inLanguage":"es","@id":"https:\/\/secure.gravatar.com\/avatar\/deb330c0660ac5bf74cae5724d94229935e34c26df9bce576399b4da2212af05?s=96&d=mm&r=g","url":"https:\/\/secure.gravatar.com\/avatar\/deb330c0660ac5bf74cae5724d94229935e34c26df9bce576399b4da2212af05?s=96&d=mm&r=g","contentUrl":"https:\/\/secure.gravatar.com\/avatar\/deb330c0660ac5bf74cae5724d94229935e34c26df9bce576399b4da2212af05?s=96&d=mm&r=g","caption":"EurecatEM"}}]}},"_links":{"self":[{"href":"https:\/\/eurecat.org\/es\/wp-json\/wp\/v2\/posts\/61434","targetHints":{"allow":["GET"]}}],"collection":[{"href":"https:\/\/eurecat.org\/es\/wp-json\/wp\/v2\/posts"}],"about":[{"href":"https:\/\/eurecat.org\/es\/wp-json\/wp\/v2\/types\/post"}],"author":[{"embeddable":true,"href":"https:\/\/eurecat.org\/es\/wp-json\/wp\/v2\/users\/6"}],"replies":[{"embeddable":true,"href":"https:\/\/eurecat.org\/es\/wp-json\/wp\/v2\/comments?post=61434"}],"version-history":[{"count":0,"href":"https:\/\/eurecat.org\/es\/wp-json\/wp\/v2\/posts\/61434\/revisions"}],"wp:featuredmedia":[{"embeddable":true,"href":"https:\/\/eurecat.org\/es\/wp-json\/wp\/v2\/media\/61438"}],"wp:attachment":[{"href":"https:\/\/eurecat.org\/es\/wp-json\/wp\/v2\/media?parent=61434"}],"wp:term":[{"taxonomy":"category","embeddable":true,"href":"https:\/\/eurecat.org\/es\/wp-json\/wp\/v2\/categories?post=61434"},{"taxonomy":"post_tag","embeddable":true,"href":"https:\/\/eurecat.org\/es\/wp-json\/wp\/v2\/tags?post=61434"}],"curies":[{"name":"wp","href":"https:\/\/api.w.org\/{rel}","templated":true}]}}