{"id":62104,"date":"2018-05-25T14:07:05","date_gmt":"2018-05-25T14:07:05","guid":{"rendered":"https:\/\/eurecat.org\/?p=62104"},"modified":"2018-05-28T14:07:47","modified_gmt":"2018-05-28T14:07:47","slug":"eurecat-lidera-un-proyecto-europeo-que-ayudara-a-las-pymes-a-adaptarse-al-reglamento-de-proteccion-de-datos","status":"publish","type":"post","link":"https:\/\/eurecat.org\/es\/eurecat-lidera-un-proyecto-europeo-que-ayudara-a-las-pymes-a-adaptarse-al-reglamento-de-proteccion-de-datos\/","title":{"rendered":"Eurecat lidera un proyecto europeo que ayudar\u00e1 a las pymes a adaptarse al reglamento de protecci\u00f3n de datos"},"content":{"rendered":"<p>El centro tecnol\u00f3gico <a href=\"http:\/\/eurecat.org\/es\/\">Eurecat<\/a> (miembro de Tecnio) lidera un proyecto europeo que ayudar\u00e1 las peque\u00f1as y medianas empresas a adaptarse al nuevo Reglamento General de Protecci\u00f3n de Datos europeo (RGPD), que entra en vigor hoy viernes y que se focaliza en proteger la privacidad de los ciudadanos con una normativa de aplicaci\u00f3n com\u00fan a toda la Uni\u00f3n Europea.<\/p>\n<p>En este sentido, uno de los objetivos del proyecto, llamado SMOOTH (GDPR Compliance Cloud Platform), es \u00abhacer llegar a las peque\u00f1as y medianas empresas herramientas para adaptarse a la nueva normativa, ya que muchas pymes no disponen de los recursos ni de la formaci\u00f3n para adecuarse al nuevo reglamento e ignoran sus obligaciones en este sentido\u00bb, explica el director de Data Science de Eurecat, Nikolaos Laoutaris.<\/p>\n<p>Para ello, el proyecto cuenta con la participaci\u00f3n de las autoridades europeas de protecci\u00f3n de datos y varias asociaciones de pymes y editar\u00e1 una gu\u00eda interactiva a disposici\u00f3n de las empresas, en forma de aplicaci\u00f3n m\u00f3vil y de web, dirigida espec\u00edficamente a las peque\u00f1as y medianas empresas.<\/p>\n<p>Aparte, se crear\u00e1 una plataforma en la nube que utilizar\u00e1 tecnolog\u00edas como el aprendizaje autom\u00e1tico o Machine Learning, miner\u00eda de texto y datos y m\u00e9todos de auditor\u00eda avanzada automatizados para generar informes personalizados sobre los aspectos m\u00e1s cr\u00edticos de la nueva ley para las empresas que lo soliciten.<\/p>\n<p>Asimismo, SMOOTH dotar\u00e1 a las pymes de herramientas avanzadas para resolver los aspectos a mejorar detectados y dar\u00e1 como resultado un informe de cumplimiento. El objetivo final, en palabras de Laoutaris, es \u00abcontribuir a respetar los derechos de privacidad de los ciudadanos a la hora que se evita que las empresas con menos recursos sean penalizadas por la nueva normativa, que contempla sanciones de hasta un 4 por ciento de sus ingresos anuales\u00bb.<\/p>\n<p>En total, participan en el proyecto doce instituciones de toda Europa, entre centros tecnol\u00f3gicos, universidades, asociaciones de peque\u00f1as y medianas empresas, instituciones de normalizaci\u00f3n y agencias europeas de protecci\u00f3n de datos. El proyecto, que ha recibido financiaci\u00f3n de la Comisi\u00f3n Europea en el marco del programa H2020- Digital Security, est\u00e1 dise\u00f1ado para convertirse en una plataforma est\u00e1ndar de adopci\u00f3n de la nueva normativa a nivel europeo.<\/p>\n<p><strong>Tecnolog\u00eda para que los internautas decidan qu\u00e9 compartir<\/strong><\/p>\n<p>En el marco del cumplimiento en materia de privacidad de datos en Internet, Eurecat ha aportado su conocimiento del proyecto TYPES, en el marco del cual tambi\u00e9n ha desarrollado tecnolog\u00edas espec\u00edficas de anonimizaci\u00f3n de datos personales y de detecci\u00f3n de discriminaci\u00f3n algor\u00edtmica para facilitar el adaptaci\u00f3n de las empresas al nuevo Reglamento General de Protecci\u00f3n de Datos europeo.<\/p>\n<p>El proyecto ha planteado la introducci\u00f3n de varias herramientas y tecnolog\u00edas que abren la puerta a un nuevo paradigma de publicidad en la red, m\u00e1s transparente y respetuoso, basado en la cesi\u00f3n de datos de los internautas a un intermediario, con la misi\u00f3n de gestionar adecuadamente el perfil los internautas y actuar como garante de su privacidad.<\/p>\n","protected":false},"excerpt":{"rendered":"<p>El centro tecnol\u00f3gico Eurecat (miembro de Tecnio) lidera un proyecto europeo que ayudar\u00e1 las peque\u00f1as y medianas empresas a adaptarse al nuevo Reglamento General de Protecci\u00f3n de Datos europeo (RGPD), que entra en vigor hoy viernes y que se focaliza en proteger la privacidad de los ciudadanos con una normativa de aplicaci\u00f3n com\u00fan a toda  [&#8230;]<\/p>\n","protected":false},"author":6,"featured_media":62108,"comment_status":"open","ping_status":"closed","sticky":false,"template":"","format":"standard","meta":{"footnotes":""},"categories":[392,134],"tags":[],"class_list":["post-62104","post","type-post","status-publish","format-standard","has-post-thumbnail","hentry","category-big-data-analytics","category-notas-de-prensa"],"yoast_head":"<!-- This site is optimized with the Yoast SEO plugin v27.5 - https:\/\/yoast.com\/product\/yoast-seo-wordpress\/ -->\n<title>Un proyecto para adaptarse al reglamento de protecci\u00f3n de datos<\/title>\n<meta name=\"description\" content=\"Eurecat liderar\u00e1 un proyecto que ayudar\u00e1 a la pymes a adaptarse al nuevo reglamento de protecci\u00f3n de datos (GDPR) a nivel europeo.\" \/>\n<meta name=\"robots\" content=\"index, follow, max-snippet:-1, max-image-preview:large, max-video-preview:-1\" \/>\n<link rel=\"canonical\" href=\"https:\/\/eurecat.org\/es\/eurecat-lidera-un-proyecto-europeo-que-ayudara-a-las-pymes-a-adaptarse-al-reglamento-de-proteccion-de-datos\/\" \/>\n<meta property=\"og:locale\" content=\"es_ES\" \/>\n<meta property=\"og:type\" content=\"article\" \/>\n<meta property=\"og:title\" content=\"Un proyecto para adaptarse al reglamento de protecci\u00f3n de datos\" \/>\n<meta property=\"og:description\" content=\"Eurecat liderar\u00e1 un proyecto que ayudar\u00e1 a la pymes a adaptarse al nuevo reglamento de protecci\u00f3n de datos (GDPR) a nivel europeo.\" \/>\n<meta property=\"og:url\" content=\"https:\/\/eurecat.org\/es\/eurecat-lidera-un-proyecto-europeo-que-ayudara-a-las-pymes-a-adaptarse-al-reglamento-de-proteccion-de-datos\/\" \/>\n<meta property=\"og:site_name\" content=\"Eurecat\" \/>\n<meta property=\"article:published_time\" content=\"2018-05-25T14:07:05+00:00\" \/>\n<meta property=\"article:modified_time\" content=\"2018-05-28T14:07:47+00:00\" \/>\n<meta property=\"og:image\" content=\"https:\/\/eurecat.org\/wp-content\/uploads\/2018\/05\/reglamento-de-proteccion-datos.jpg\" \/>\n\t<meta property=\"og:image:width\" content=\"774\" \/>\n\t<meta property=\"og:image:height\" content=\"530\" \/>\n\t<meta property=\"og:image:type\" content=\"image\/jpeg\" \/>\n<meta name=\"author\" content=\"EurecatEM\" \/>\n<meta name=\"twitter:card\" content=\"summary_large_image\" \/>\n<meta name=\"twitter:label1\" content=\"Escrito por\" \/>\n\t<meta name=\"twitter:data1\" content=\"EurecatEM\" \/>\n\t<meta name=\"twitter:label2\" content=\"Tiempo de lectura\" \/>\n\t<meta name=\"twitter:data2\" content=\"3 minutos\" \/>\n<script type=\"application\/ld+json\" class=\"yoast-schema-graph\">{\"@context\":\"https:\\\/\\\/schema.org\",\"@graph\":[{\"@type\":\"Article\",\"@id\":\"https:\\\/\\\/eurecat.org\\\/es\\\/eurecat-lidera-un-proyecto-europeo-que-ayudara-a-las-pymes-a-adaptarse-al-reglamento-de-proteccion-de-datos\\\/#article\",\"isPartOf\":{\"@id\":\"https:\\\/\\\/eurecat.org\\\/es\\\/eurecat-lidera-un-proyecto-europeo-que-ayudara-a-las-pymes-a-adaptarse-al-reglamento-de-proteccion-de-datos\\\/\"},\"author\":{\"name\":\"EurecatEM\",\"@id\":\"https:\\\/\\\/eurecat.org\\\/es\\\/#\\\/schema\\\/person\\\/540d47fd9da63c4587cbae01b88e4db3\"},\"headline\":\"Eurecat lidera un proyecto europeo que ayudar\u00e1 a las pymes a adaptarse al reglamento de protecci\u00f3n de datos\",\"datePublished\":\"2018-05-25T14:07:05+00:00\",\"dateModified\":\"2018-05-28T14:07:47+00:00\",\"mainEntityOfPage\":{\"@id\":\"https:\\\/\\\/eurecat.org\\\/es\\\/eurecat-lidera-un-proyecto-europeo-que-ayudara-a-las-pymes-a-adaptarse-al-reglamento-de-proteccion-de-datos\\\/\"},\"wordCount\":547,\"commentCount\":0,\"image\":{\"@id\":\"https:\\\/\\\/eurecat.org\\\/es\\\/eurecat-lidera-un-proyecto-europeo-que-ayudara-a-las-pymes-a-adaptarse-al-reglamento-de-proteccion-de-datos\\\/#primaryimage\"},\"thumbnailUrl\":\"https:\\\/\\\/eurecat.org\\\/wp-content\\\/uploads\\\/2018\\\/05\\\/reglamento-de-proteccion-datos.jpg\",\"articleSection\":[\"Data Science &amp; Big Data Analytics\",\"Notas de prensa\"],\"inLanguage\":\"es\",\"potentialAction\":[{\"@type\":\"CommentAction\",\"name\":\"Comment\",\"target\":[\"https:\\\/\\\/eurecat.org\\\/es\\\/eurecat-lidera-un-proyecto-europeo-que-ayudara-a-las-pymes-a-adaptarse-al-reglamento-de-proteccion-de-datos\\\/#respond\"]}]},{\"@type\":\"WebPage\",\"@id\":\"https:\\\/\\\/eurecat.org\\\/es\\\/eurecat-lidera-un-proyecto-europeo-que-ayudara-a-las-pymes-a-adaptarse-al-reglamento-de-proteccion-de-datos\\\/\",\"url\":\"https:\\\/\\\/eurecat.org\\\/es\\\/eurecat-lidera-un-proyecto-europeo-que-ayudara-a-las-pymes-a-adaptarse-al-reglamento-de-proteccion-de-datos\\\/\",\"name\":\"Un proyecto para adaptarse al reglamento de protecci\u00f3n de datos\",\"isPartOf\":{\"@id\":\"https:\\\/\\\/eurecat.org\\\/es\\\/#website\"},\"primaryImageOfPage\":{\"@id\":\"https:\\\/\\\/eurecat.org\\\/es\\\/eurecat-lidera-un-proyecto-europeo-que-ayudara-a-las-pymes-a-adaptarse-al-reglamento-de-proteccion-de-datos\\\/#primaryimage\"},\"image\":{\"@id\":\"https:\\\/\\\/eurecat.org\\\/es\\\/eurecat-lidera-un-proyecto-europeo-que-ayudara-a-las-pymes-a-adaptarse-al-reglamento-de-proteccion-de-datos\\\/#primaryimage\"},\"thumbnailUrl\":\"https:\\\/\\\/eurecat.org\\\/wp-content\\\/uploads\\\/2018\\\/05\\\/reglamento-de-proteccion-datos.jpg\",\"datePublished\":\"2018-05-25T14:07:05+00:00\",\"dateModified\":\"2018-05-28T14:07:47+00:00\",\"author\":{\"@id\":\"https:\\\/\\\/eurecat.org\\\/es\\\/#\\\/schema\\\/person\\\/540d47fd9da63c4587cbae01b88e4db3\"},\"description\":\"Eurecat liderar\u00e1 un proyecto que ayudar\u00e1 a la pymes a adaptarse al nuevo reglamento de protecci\u00f3n de datos (GDPR) a nivel europeo.\",\"breadcrumb\":{\"@id\":\"https:\\\/\\\/eurecat.org\\\/es\\\/eurecat-lidera-un-proyecto-europeo-que-ayudara-a-las-pymes-a-adaptarse-al-reglamento-de-proteccion-de-datos\\\/#breadcrumb\"},\"inLanguage\":\"es\",\"potentialAction\":[{\"@type\":\"ReadAction\",\"target\":[\"https:\\\/\\\/eurecat.org\\\/es\\\/eurecat-lidera-un-proyecto-europeo-que-ayudara-a-las-pymes-a-adaptarse-al-reglamento-de-proteccion-de-datos\\\/\"]}]},{\"@type\":\"ImageObject\",\"inLanguage\":\"es\",\"@id\":\"https:\\\/\\\/eurecat.org\\\/es\\\/eurecat-lidera-un-proyecto-europeo-que-ayudara-a-las-pymes-a-adaptarse-al-reglamento-de-proteccion-de-datos\\\/#primaryimage\",\"url\":\"https:\\\/\\\/eurecat.org\\\/wp-content\\\/uploads\\\/2018\\\/05\\\/reglamento-de-proteccion-datos.jpg\",\"contentUrl\":\"https:\\\/\\\/eurecat.org\\\/wp-content\\\/uploads\\\/2018\\\/05\\\/reglamento-de-proteccion-datos.jpg\",\"width\":\"774\",\"height\":\"530\",\"caption\":\"reglament de protecci\u00f3 de dades\"},{\"@type\":\"BreadcrumbList\",\"@id\":\"https:\\\/\\\/eurecat.org\\\/es\\\/eurecat-lidera-un-proyecto-europeo-que-ayudara-a-las-pymes-a-adaptarse-al-reglamento-de-proteccion-de-datos\\\/#breadcrumb\",\"itemListElement\":[{\"@type\":\"ListItem\",\"position\":1,\"name\":\"Inici\",\"item\":\"https:\\\/\\\/eurecat.org\\\/es\\\/\"},{\"@type\":\"ListItem\",\"position\":2,\"name\":\"Eurecat lidera un proyecto europeo que ayudar\u00e1 a las pymes a adaptarse al reglamento de protecci\u00f3n de datos\"}]},{\"@type\":\"WebSite\",\"@id\":\"https:\\\/\\\/eurecat.org\\\/es\\\/#website\",\"url\":\"https:\\\/\\\/eurecat.org\\\/es\\\/\",\"name\":\"Eurecat\",\"description\":\"Otro sitio realizado con WordPress\",\"potentialAction\":[{\"@type\":\"SearchAction\",\"target\":{\"@type\":\"EntryPoint\",\"urlTemplate\":\"https:\\\/\\\/eurecat.org\\\/es\\\/?s={search_term_string}\"},\"query-input\":{\"@type\":\"PropertyValueSpecification\",\"valueRequired\":true,\"valueName\":\"search_term_string\"}}],\"inLanguage\":\"es\"},{\"@type\":\"Person\",\"@id\":\"https:\\\/\\\/eurecat.org\\\/es\\\/#\\\/schema\\\/person\\\/540d47fd9da63c4587cbae01b88e4db3\",\"name\":\"EurecatEM\",\"image\":{\"@type\":\"ImageObject\",\"inLanguage\":\"es\",\"@id\":\"https:\\\/\\\/secure.gravatar.com\\\/avatar\\\/deb330c0660ac5bf74cae5724d94229935e34c26df9bce576399b4da2212af05?s=96&d=mm&r=g\",\"url\":\"https:\\\/\\\/secure.gravatar.com\\\/avatar\\\/deb330c0660ac5bf74cae5724d94229935e34c26df9bce576399b4da2212af05?s=96&d=mm&r=g\",\"contentUrl\":\"https:\\\/\\\/secure.gravatar.com\\\/avatar\\\/deb330c0660ac5bf74cae5724d94229935e34c26df9bce576399b4da2212af05?s=96&d=mm&r=g\",\"caption\":\"EurecatEM\"}}]}<\/script>\n<!-- \/ Yoast SEO plugin. -->","yoast_head_json":{"title":"Un proyecto para adaptarse al reglamento de protecci\u00f3n de datos","description":"Eurecat liderar\u00e1 un proyecto que ayudar\u00e1 a la pymes a adaptarse al nuevo reglamento de protecci\u00f3n de datos (GDPR) a nivel europeo.","robots":{"index":"index","follow":"follow","max-snippet":"max-snippet:-1","max-image-preview":"max-image-preview:large","max-video-preview":"max-video-preview:-1"},"canonical":"https:\/\/eurecat.org\/es\/eurecat-lidera-un-proyecto-europeo-que-ayudara-a-las-pymes-a-adaptarse-al-reglamento-de-proteccion-de-datos\/","og_locale":"es_ES","og_type":"article","og_title":"Un proyecto para adaptarse al reglamento de protecci\u00f3n de datos","og_description":"Eurecat liderar\u00e1 un proyecto que ayudar\u00e1 a la pymes a adaptarse al nuevo reglamento de protecci\u00f3n de datos (GDPR) a nivel europeo.","og_url":"https:\/\/eurecat.org\/es\/eurecat-lidera-un-proyecto-europeo-que-ayudara-a-las-pymes-a-adaptarse-al-reglamento-de-proteccion-de-datos\/","og_site_name":"Eurecat","article_published_time":"2018-05-25T14:07:05+00:00","article_modified_time":"2018-05-28T14:07:47+00:00","og_image":[{"width":774,"height":530,"url":"https:\/\/eurecat.org\/wp-content\/uploads\/2018\/05\/reglamento-de-proteccion-datos.jpg","type":"image\/jpeg"}],"author":"EurecatEM","twitter_card":"summary_large_image","twitter_misc":{"Escrito por":"EurecatEM","Tiempo de lectura":"3 minutos"},"schema":{"@context":"https:\/\/schema.org","@graph":[{"@type":"Article","@id":"https:\/\/eurecat.org\/es\/eurecat-lidera-un-proyecto-europeo-que-ayudara-a-las-pymes-a-adaptarse-al-reglamento-de-proteccion-de-datos\/#article","isPartOf":{"@id":"https:\/\/eurecat.org\/es\/eurecat-lidera-un-proyecto-europeo-que-ayudara-a-las-pymes-a-adaptarse-al-reglamento-de-proteccion-de-datos\/"},"author":{"name":"EurecatEM","@id":"https:\/\/eurecat.org\/es\/#\/schema\/person\/540d47fd9da63c4587cbae01b88e4db3"},"headline":"Eurecat lidera un proyecto europeo que ayudar\u00e1 a las pymes a adaptarse al reglamento de protecci\u00f3n de datos","datePublished":"2018-05-25T14:07:05+00:00","dateModified":"2018-05-28T14:07:47+00:00","mainEntityOfPage":{"@id":"https:\/\/eurecat.org\/es\/eurecat-lidera-un-proyecto-europeo-que-ayudara-a-las-pymes-a-adaptarse-al-reglamento-de-proteccion-de-datos\/"},"wordCount":547,"commentCount":0,"image":{"@id":"https:\/\/eurecat.org\/es\/eurecat-lidera-un-proyecto-europeo-que-ayudara-a-las-pymes-a-adaptarse-al-reglamento-de-proteccion-de-datos\/#primaryimage"},"thumbnailUrl":"https:\/\/eurecat.org\/wp-content\/uploads\/2018\/05\/reglamento-de-proteccion-datos.jpg","articleSection":["Data Science &amp; Big Data Analytics","Notas de prensa"],"inLanguage":"es","potentialAction":[{"@type":"CommentAction","name":"Comment","target":["https:\/\/eurecat.org\/es\/eurecat-lidera-un-proyecto-europeo-que-ayudara-a-las-pymes-a-adaptarse-al-reglamento-de-proteccion-de-datos\/#respond"]}]},{"@type":"WebPage","@id":"https:\/\/eurecat.org\/es\/eurecat-lidera-un-proyecto-europeo-que-ayudara-a-las-pymes-a-adaptarse-al-reglamento-de-proteccion-de-datos\/","url":"https:\/\/eurecat.org\/es\/eurecat-lidera-un-proyecto-europeo-que-ayudara-a-las-pymes-a-adaptarse-al-reglamento-de-proteccion-de-datos\/","name":"Un proyecto para adaptarse al reglamento de protecci\u00f3n de datos","isPartOf":{"@id":"https:\/\/eurecat.org\/es\/#website"},"primaryImageOfPage":{"@id":"https:\/\/eurecat.org\/es\/eurecat-lidera-un-proyecto-europeo-que-ayudara-a-las-pymes-a-adaptarse-al-reglamento-de-proteccion-de-datos\/#primaryimage"},"image":{"@id":"https:\/\/eurecat.org\/es\/eurecat-lidera-un-proyecto-europeo-que-ayudara-a-las-pymes-a-adaptarse-al-reglamento-de-proteccion-de-datos\/#primaryimage"},"thumbnailUrl":"https:\/\/eurecat.org\/wp-content\/uploads\/2018\/05\/reglamento-de-proteccion-datos.jpg","datePublished":"2018-05-25T14:07:05+00:00","dateModified":"2018-05-28T14:07:47+00:00","author":{"@id":"https:\/\/eurecat.org\/es\/#\/schema\/person\/540d47fd9da63c4587cbae01b88e4db3"},"description":"Eurecat liderar\u00e1 un proyecto que ayudar\u00e1 a la pymes a adaptarse al nuevo reglamento de protecci\u00f3n de datos (GDPR) a nivel europeo.","breadcrumb":{"@id":"https:\/\/eurecat.org\/es\/eurecat-lidera-un-proyecto-europeo-que-ayudara-a-las-pymes-a-adaptarse-al-reglamento-de-proteccion-de-datos\/#breadcrumb"},"inLanguage":"es","potentialAction":[{"@type":"ReadAction","target":["https:\/\/eurecat.org\/es\/eurecat-lidera-un-proyecto-europeo-que-ayudara-a-las-pymes-a-adaptarse-al-reglamento-de-proteccion-de-datos\/"]}]},{"@type":"ImageObject","inLanguage":"es","@id":"https:\/\/eurecat.org\/es\/eurecat-lidera-un-proyecto-europeo-que-ayudara-a-las-pymes-a-adaptarse-al-reglamento-de-proteccion-de-datos\/#primaryimage","url":"https:\/\/eurecat.org\/wp-content\/uploads\/2018\/05\/reglamento-de-proteccion-datos.jpg","contentUrl":"https:\/\/eurecat.org\/wp-content\/uploads\/2018\/05\/reglamento-de-proteccion-datos.jpg","width":"774","height":"530","caption":"reglament de protecci\u00f3 de dades"},{"@type":"BreadcrumbList","@id":"https:\/\/eurecat.org\/es\/eurecat-lidera-un-proyecto-europeo-que-ayudara-a-las-pymes-a-adaptarse-al-reglamento-de-proteccion-de-datos\/#breadcrumb","itemListElement":[{"@type":"ListItem","position":1,"name":"Inici","item":"https:\/\/eurecat.org\/es\/"},{"@type":"ListItem","position":2,"name":"Eurecat lidera un proyecto europeo que ayudar\u00e1 a las pymes a adaptarse al reglamento de protecci\u00f3n de datos"}]},{"@type":"WebSite","@id":"https:\/\/eurecat.org\/es\/#website","url":"https:\/\/eurecat.org\/es\/","name":"Eurecat","description":"Otro sitio realizado con WordPress","potentialAction":[{"@type":"SearchAction","target":{"@type":"EntryPoint","urlTemplate":"https:\/\/eurecat.org\/es\/?s={search_term_string}"},"query-input":{"@type":"PropertyValueSpecification","valueRequired":true,"valueName":"search_term_string"}}],"inLanguage":"es"},{"@type":"Person","@id":"https:\/\/eurecat.org\/es\/#\/schema\/person\/540d47fd9da63c4587cbae01b88e4db3","name":"EurecatEM","image":{"@type":"ImageObject","inLanguage":"es","@id":"https:\/\/secure.gravatar.com\/avatar\/deb330c0660ac5bf74cae5724d94229935e34c26df9bce576399b4da2212af05?s=96&d=mm&r=g","url":"https:\/\/secure.gravatar.com\/avatar\/deb330c0660ac5bf74cae5724d94229935e34c26df9bce576399b4da2212af05?s=96&d=mm&r=g","contentUrl":"https:\/\/secure.gravatar.com\/avatar\/deb330c0660ac5bf74cae5724d94229935e34c26df9bce576399b4da2212af05?s=96&d=mm&r=g","caption":"EurecatEM"}}]}},"_links":{"self":[{"href":"https:\/\/eurecat.org\/es\/wp-json\/wp\/v2\/posts\/62104","targetHints":{"allow":["GET"]}}],"collection":[{"href":"https:\/\/eurecat.org\/es\/wp-json\/wp\/v2\/posts"}],"about":[{"href":"https:\/\/eurecat.org\/es\/wp-json\/wp\/v2\/types\/post"}],"author":[{"embeddable":true,"href":"https:\/\/eurecat.org\/es\/wp-json\/wp\/v2\/users\/6"}],"replies":[{"embeddable":true,"href":"https:\/\/eurecat.org\/es\/wp-json\/wp\/v2\/comments?post=62104"}],"version-history":[{"count":0,"href":"https:\/\/eurecat.org\/es\/wp-json\/wp\/v2\/posts\/62104\/revisions"}],"wp:featuredmedia":[{"embeddable":true,"href":"https:\/\/eurecat.org\/es\/wp-json\/wp\/v2\/media\/62108"}],"wp:attachment":[{"href":"https:\/\/eurecat.org\/es\/wp-json\/wp\/v2\/media?parent=62104"}],"wp:term":[{"taxonomy":"category","embeddable":true,"href":"https:\/\/eurecat.org\/es\/wp-json\/wp\/v2\/categories?post=62104"},{"taxonomy":"post_tag","embeddable":true,"href":"https:\/\/eurecat.org\/es\/wp-json\/wp\/v2\/tags?post=62104"}],"curies":[{"name":"wp","href":"https:\/\/api.w.org\/{rel}","templated":true}]}}