{"id":62621,"date":"2018-05-20T09:42:15","date_gmt":"2018-05-20T09:42:15","guid":{"rendered":"https:\/\/eurecat.org\/?p=62621"},"modified":"2018-05-29T09:44:51","modified_gmt":"2018-05-29T09:44:51","slug":"fomentar-la-empatia-contra-el-acoso-escolar-con-realidad-virtual","status":"publish","type":"post","link":"https:\/\/eurecat.org\/es\/fomentar-la-empatia-contra-el-acoso-escolar-con-realidad-virtual\/","title":{"rendered":"Fomentar la empat\u00eda contra el acoso escolar con realidad virtual"},"content":{"rendered":"<p>Poner a los j\u00f3venes en la piel de una v\u00edctima de acoso escolar para fomentar la empat\u00eda y luchar contra el bullying. Es la propuesta que llevar\u00e1 adelante un proyecto de la Corporaci\u00f3n Sanitaria Parc Taul\u00ed de Sabadell y un equipo de la unidad de Data Science y Big Data de Eurecat, que utilizar\u00e1 entornos de realidad virtual co-creados por los mismos alumnos.<\/p>\n<p>Actualmente, <strong>se estima que uno de cada cuatro ni\u00f1os en Espa\u00f1a es v\u00edctima de acoso escolar<\/strong>, una realidad que ha tomado nuevas formas con la implantaci\u00f3n de las redes sociales \u2500 el llamado ciberbullying\u2500 pero que a\u00fan es muy evidente en las aulas.<\/p>\n<p>En el estudio, que tiene una duraci\u00f3n de dos a\u00f1os, participar\u00e1n m\u00e1s de 200 alumnos de Secundaria divididos en tres grupos, el primero de los cuales se encargar\u00e1 de crear un entorno virtual que simula la experiencia cotidiana de una v\u00edctima de acoso. Un segundo grupo de j\u00f3venes visualizar\u00e1 el contenido con unas gafas de realidad virtual y debatir\u00e1 la experiencia en clase, mientras que el tercero servir\u00e1 como grupo de control.<\/p>\n<p>As\u00ed pues, <strong>la investigaci\u00f3n se plantea como un trabajo transversal en el aula, que propone la recopilaci\u00f3n de informaci\u00f3n sobre el acoso escolar, la elaboraci\u00f3n del material audiovisual en todas sus fases y una visualizaci\u00f3n y debate posterior<\/strong>, por parte de grupos de adolescentes de institutos diferentes.<\/p>\n<p>El investigador de la unidad de Data Science y Big Data de Eurecat Miguel Barreda, explica que la evaluaci\u00f3n de los resultados se har\u00e1 combinando m\u00e9todos tradicionales con \u00abuna aproximaci\u00f3n innovadora basada en un test experimental de empat\u00eda que evaluar\u00e1 la respuesta cerebral y psicofisiol\u00f3gica de los alumnos\u00bb, mientras visualizan y reflexionan sobre las im\u00e1genes.<\/p>\n<p>Barreda explica que <strong>el uso de la neurociencia y la realidad virtual para prevenir el acoso<\/strong> \u00abcombina dos de los \u00e1mbitos m\u00e1s punteros en la investigaci\u00f3n cient\u00edfico-tecnol\u00f3gica\u00bb y \u00ababre la puerta a resultados efectivos para aumentar la empat\u00eda de los alumnos gracias a tecnolog\u00edas poco explotadas hasta ahora en el \u00e1mbito cient\u00edfico\u00bb.<\/p>\n<p>\u00abEn el caso de la empat\u00eda, sabemos que existe una clara relaci\u00f3n entre la activaci\u00f3n de ciertas \u00e1reas del cerebro y la empat\u00eda ante est\u00edmulos emocionales y esto nos ayudar\u00e1 a entender mejor c\u00f3mo prevenir casos de acoso poniendo a los alumnos a la piel de la v\u00edctima\u00bb, concluye el investigador.<\/p>\n<p>Est\u00e1 previsto que el estudio, que ha recibido el apoyo del programa <strong>RecerCaixa<\/strong>, comience a obtener los primeros resultados el pr\u00f3ximo a\u00f1o gracias a la participaci\u00f3n del Parc Taul\u00ed en el programa Salud y Escuela del Departamento de Salud de la Generalitat, que trabaja con 28 centros educativos para mejorar los h\u00e1bitos y la salud de los estudiantes.<\/p>\n<p><strong><a href=\"https:\/\/eurecat.org\/ambits-de-coneixement\/big-data\/\">Aqu\u00ed<\/a><\/strong><strong> pod\u00e9is encontrar m\u00e1s informaci\u00f3n sobre la experiencia de la Unidad de Data Science y Big Data Analytics de Eurecat, que participa en <a href=\"https:\/\/www.bigdatabcn.com\/\">Centro de Excelencia en Big Data de Barcelona de Eurecat<\/a>.<\/strong><\/p>\n","protected":false},"excerpt":{"rendered":"<p>Poner a los j\u00f3venes en la piel de una v\u00edctima de acoso escolar para fomentar la empat\u00eda y luchar contra el bullying. Es la propuesta que llevar\u00e1 adelante un proyecto de la Corporaci\u00f3n Sanitaria Parc Taul\u00ed de Sabadell y un equipo de la unidad de Data Science y Big Data de Eurecat, que utilizar\u00e1 entornos  [&#8230;]<\/p>\n","protected":false},"author":6,"featured_media":62626,"comment_status":"open","ping_status":"closed","sticky":false,"template":"","format":"standard","meta":{"footnotes":""},"categories":[133,392],"tags":[],"class_list":["post-62621","post","type-post","status-publish","format-standard","has-post-thumbnail","hentry","category-blog","category-big-data-analytics"],"yoast_head":"<!-- This site is optimized with the Yoast SEO plugin v27.5 - https:\/\/yoast.com\/product\/yoast-seo-wordpress\/ -->\n<title>Fomentar la empat\u00eda contra el acoso escolar con realidad virtual - Eurecat<\/title>\n<meta name=\"description\" content=\"Un proyecto basado en la realidad virtual pondr\u00e1 a los j\u00f3venes en la piel de una v\u00edctima de acoso escolar para fomentar la empat\u00eda y luchar contra el bullying\" \/>\n<meta name=\"robots\" content=\"index, follow, max-snippet:-1, max-image-preview:large, max-video-preview:-1\" \/>\n<link rel=\"canonical\" href=\"https:\/\/eurecat.org\/es\/fomentar-la-empatia-contra-el-acoso-escolar-con-realidad-virtual\/\" \/>\n<meta property=\"og:locale\" content=\"es_ES\" \/>\n<meta property=\"og:type\" content=\"article\" \/>\n<meta property=\"og:title\" content=\"Fomentar la empat\u00eda contra el acoso escolar con realidad virtual - Eurecat\" \/>\n<meta property=\"og:description\" content=\"Un proyecto basado en la realidad virtual pondr\u00e1 a los j\u00f3venes en la piel de una v\u00edctima de acoso escolar para fomentar la empat\u00eda y luchar contra el bullying\" \/>\n<meta property=\"og:url\" content=\"https:\/\/eurecat.org\/es\/fomentar-la-empatia-contra-el-acoso-escolar-con-realidad-virtual\/\" \/>\n<meta property=\"og:site_name\" content=\"Eurecat\" \/>\n<meta property=\"article:published_time\" content=\"2018-05-20T09:42:15+00:00\" \/>\n<meta property=\"article:modified_time\" content=\"2018-05-29T09:44:51+00:00\" \/>\n<meta property=\"og:image\" content=\"https:\/\/eurecat.org\/wp-content\/uploads\/2018\/05\/assetjament_escolar.jpg\" \/>\n\t<meta property=\"og:image:width\" content=\"774\" \/>\n\t<meta property=\"og:image:height\" content=\"530\" \/>\n\t<meta property=\"og:image:type\" content=\"image\/jpeg\" \/>\n<meta name=\"author\" content=\"EurecatEM\" \/>\n<meta name=\"twitter:card\" content=\"summary_large_image\" \/>\n<meta name=\"twitter:label1\" content=\"Escrito por\" \/>\n\t<meta name=\"twitter:data1\" content=\"EurecatEM\" \/>\n\t<meta name=\"twitter:label2\" content=\"Tiempo de lectura\" \/>\n\t<meta name=\"twitter:data2\" content=\"3 minutos\" \/>\n<script type=\"application\/ld+json\" class=\"yoast-schema-graph\">{\"@context\":\"https:\\\/\\\/schema.org\",\"@graph\":[{\"@type\":\"Article\",\"@id\":\"https:\\\/\\\/eurecat.org\\\/es\\\/fomentar-la-empatia-contra-el-acoso-escolar-con-realidad-virtual\\\/#article\",\"isPartOf\":{\"@id\":\"https:\\\/\\\/eurecat.org\\\/es\\\/fomentar-la-empatia-contra-el-acoso-escolar-con-realidad-virtual\\\/\"},\"author\":{\"name\":\"EurecatEM\",\"@id\":\"https:\\\/\\\/eurecat.org\\\/es\\\/#\\\/schema\\\/person\\\/540d47fd9da63c4587cbae01b88e4db3\"},\"headline\":\"Fomentar la empat\u00eda contra el acoso escolar con realidad virtual\",\"datePublished\":\"2018-05-20T09:42:15+00:00\",\"dateModified\":\"2018-05-29T09:44:51+00:00\",\"mainEntityOfPage\":{\"@id\":\"https:\\\/\\\/eurecat.org\\\/es\\\/fomentar-la-empatia-contra-el-acoso-escolar-con-realidad-virtual\\\/\"},\"wordCount\":529,\"commentCount\":0,\"image\":{\"@id\":\"https:\\\/\\\/eurecat.org\\\/es\\\/fomentar-la-empatia-contra-el-acoso-escolar-con-realidad-virtual\\\/#primaryimage\"},\"thumbnailUrl\":\"https:\\\/\\\/eurecat.org\\\/wp-content\\\/uploads\\\/2018\\\/05\\\/assetjament_escolar.jpg\",\"articleSection\":[\"Blog\",\"Data Science &amp; Big Data Analytics\"],\"inLanguage\":\"es\",\"potentialAction\":[{\"@type\":\"CommentAction\",\"name\":\"Comment\",\"target\":[\"https:\\\/\\\/eurecat.org\\\/es\\\/fomentar-la-empatia-contra-el-acoso-escolar-con-realidad-virtual\\\/#respond\"]}]},{\"@type\":\"WebPage\",\"@id\":\"https:\\\/\\\/eurecat.org\\\/es\\\/fomentar-la-empatia-contra-el-acoso-escolar-con-realidad-virtual\\\/\",\"url\":\"https:\\\/\\\/eurecat.org\\\/es\\\/fomentar-la-empatia-contra-el-acoso-escolar-con-realidad-virtual\\\/\",\"name\":\"Fomentar la empat\u00eda contra el acoso escolar con realidad virtual - Eurecat\",\"isPartOf\":{\"@id\":\"https:\\\/\\\/eurecat.org\\\/es\\\/#website\"},\"primaryImageOfPage\":{\"@id\":\"https:\\\/\\\/eurecat.org\\\/es\\\/fomentar-la-empatia-contra-el-acoso-escolar-con-realidad-virtual\\\/#primaryimage\"},\"image\":{\"@id\":\"https:\\\/\\\/eurecat.org\\\/es\\\/fomentar-la-empatia-contra-el-acoso-escolar-con-realidad-virtual\\\/#primaryimage\"},\"thumbnailUrl\":\"https:\\\/\\\/eurecat.org\\\/wp-content\\\/uploads\\\/2018\\\/05\\\/assetjament_escolar.jpg\",\"datePublished\":\"2018-05-20T09:42:15+00:00\",\"dateModified\":\"2018-05-29T09:44:51+00:00\",\"author\":{\"@id\":\"https:\\\/\\\/eurecat.org\\\/es\\\/#\\\/schema\\\/person\\\/540d47fd9da63c4587cbae01b88e4db3\"},\"description\":\"Un proyecto basado en la realidad virtual pondr\u00e1 a los j\u00f3venes en la piel de una v\u00edctima de acoso escolar para fomentar la empat\u00eda y luchar contra el bullying\",\"breadcrumb\":{\"@id\":\"https:\\\/\\\/eurecat.org\\\/es\\\/fomentar-la-empatia-contra-el-acoso-escolar-con-realidad-virtual\\\/#breadcrumb\"},\"inLanguage\":\"es\",\"potentialAction\":[{\"@type\":\"ReadAction\",\"target\":[\"https:\\\/\\\/eurecat.org\\\/es\\\/fomentar-la-empatia-contra-el-acoso-escolar-con-realidad-virtual\\\/\"]}]},{\"@type\":\"ImageObject\",\"inLanguage\":\"es\",\"@id\":\"https:\\\/\\\/eurecat.org\\\/es\\\/fomentar-la-empatia-contra-el-acoso-escolar-con-realidad-virtual\\\/#primaryimage\",\"url\":\"https:\\\/\\\/eurecat.org\\\/wp-content\\\/uploads\\\/2018\\\/05\\\/assetjament_escolar.jpg\",\"contentUrl\":\"https:\\\/\\\/eurecat.org\\\/wp-content\\\/uploads\\\/2018\\\/05\\\/assetjament_escolar.jpg\",\"width\":\"774\",\"height\":\"530\",\"caption\":\"assetjament escolar\"},{\"@type\":\"BreadcrumbList\",\"@id\":\"https:\\\/\\\/eurecat.org\\\/es\\\/fomentar-la-empatia-contra-el-acoso-escolar-con-realidad-virtual\\\/#breadcrumb\",\"itemListElement\":[{\"@type\":\"ListItem\",\"position\":1,\"name\":\"Inici\",\"item\":\"https:\\\/\\\/eurecat.org\\\/es\\\/\"},{\"@type\":\"ListItem\",\"position\":2,\"name\":\"Fomentar la empat\u00eda contra el acoso escolar con realidad virtual\"}]},{\"@type\":\"WebSite\",\"@id\":\"https:\\\/\\\/eurecat.org\\\/es\\\/#website\",\"url\":\"https:\\\/\\\/eurecat.org\\\/es\\\/\",\"name\":\"Eurecat\",\"description\":\"Otro sitio realizado con WordPress\",\"potentialAction\":[{\"@type\":\"SearchAction\",\"target\":{\"@type\":\"EntryPoint\",\"urlTemplate\":\"https:\\\/\\\/eurecat.org\\\/es\\\/?s={search_term_string}\"},\"query-input\":{\"@type\":\"PropertyValueSpecification\",\"valueRequired\":true,\"valueName\":\"search_term_string\"}}],\"inLanguage\":\"es\"},{\"@type\":\"Person\",\"@id\":\"https:\\\/\\\/eurecat.org\\\/es\\\/#\\\/schema\\\/person\\\/540d47fd9da63c4587cbae01b88e4db3\",\"name\":\"EurecatEM\",\"image\":{\"@type\":\"ImageObject\",\"inLanguage\":\"es\",\"@id\":\"https:\\\/\\\/secure.gravatar.com\\\/avatar\\\/deb330c0660ac5bf74cae5724d94229935e34c26df9bce576399b4da2212af05?s=96&d=mm&r=g\",\"url\":\"https:\\\/\\\/secure.gravatar.com\\\/avatar\\\/deb330c0660ac5bf74cae5724d94229935e34c26df9bce576399b4da2212af05?s=96&d=mm&r=g\",\"contentUrl\":\"https:\\\/\\\/secure.gravatar.com\\\/avatar\\\/deb330c0660ac5bf74cae5724d94229935e34c26df9bce576399b4da2212af05?s=96&d=mm&r=g\",\"caption\":\"EurecatEM\"}}]}<\/script>\n<!-- \/ Yoast SEO plugin. -->","yoast_head_json":{"title":"Fomentar la empat\u00eda contra el acoso escolar con realidad virtual - Eurecat","description":"Un proyecto basado en la realidad virtual pondr\u00e1 a los j\u00f3venes en la piel de una v\u00edctima de acoso escolar para fomentar la empat\u00eda y luchar contra el bullying","robots":{"index":"index","follow":"follow","max-snippet":"max-snippet:-1","max-image-preview":"max-image-preview:large","max-video-preview":"max-video-preview:-1"},"canonical":"https:\/\/eurecat.org\/es\/fomentar-la-empatia-contra-el-acoso-escolar-con-realidad-virtual\/","og_locale":"es_ES","og_type":"article","og_title":"Fomentar la empat\u00eda contra el acoso escolar con realidad virtual - Eurecat","og_description":"Un proyecto basado en la realidad virtual pondr\u00e1 a los j\u00f3venes en la piel de una v\u00edctima de acoso escolar para fomentar la empat\u00eda y luchar contra el bullying","og_url":"https:\/\/eurecat.org\/es\/fomentar-la-empatia-contra-el-acoso-escolar-con-realidad-virtual\/","og_site_name":"Eurecat","article_published_time":"2018-05-20T09:42:15+00:00","article_modified_time":"2018-05-29T09:44:51+00:00","og_image":[{"width":774,"height":530,"url":"https:\/\/eurecat.org\/wp-content\/uploads\/2018\/05\/assetjament_escolar.jpg","type":"image\/jpeg"}],"author":"EurecatEM","twitter_card":"summary_large_image","twitter_misc":{"Escrito por":"EurecatEM","Tiempo de lectura":"3 minutos"},"schema":{"@context":"https:\/\/schema.org","@graph":[{"@type":"Article","@id":"https:\/\/eurecat.org\/es\/fomentar-la-empatia-contra-el-acoso-escolar-con-realidad-virtual\/#article","isPartOf":{"@id":"https:\/\/eurecat.org\/es\/fomentar-la-empatia-contra-el-acoso-escolar-con-realidad-virtual\/"},"author":{"name":"EurecatEM","@id":"https:\/\/eurecat.org\/es\/#\/schema\/person\/540d47fd9da63c4587cbae01b88e4db3"},"headline":"Fomentar la empat\u00eda contra el acoso escolar con realidad virtual","datePublished":"2018-05-20T09:42:15+00:00","dateModified":"2018-05-29T09:44:51+00:00","mainEntityOfPage":{"@id":"https:\/\/eurecat.org\/es\/fomentar-la-empatia-contra-el-acoso-escolar-con-realidad-virtual\/"},"wordCount":529,"commentCount":0,"image":{"@id":"https:\/\/eurecat.org\/es\/fomentar-la-empatia-contra-el-acoso-escolar-con-realidad-virtual\/#primaryimage"},"thumbnailUrl":"https:\/\/eurecat.org\/wp-content\/uploads\/2018\/05\/assetjament_escolar.jpg","articleSection":["Blog","Data Science &amp; Big Data Analytics"],"inLanguage":"es","potentialAction":[{"@type":"CommentAction","name":"Comment","target":["https:\/\/eurecat.org\/es\/fomentar-la-empatia-contra-el-acoso-escolar-con-realidad-virtual\/#respond"]}]},{"@type":"WebPage","@id":"https:\/\/eurecat.org\/es\/fomentar-la-empatia-contra-el-acoso-escolar-con-realidad-virtual\/","url":"https:\/\/eurecat.org\/es\/fomentar-la-empatia-contra-el-acoso-escolar-con-realidad-virtual\/","name":"Fomentar la empat\u00eda contra el acoso escolar con realidad virtual - Eurecat","isPartOf":{"@id":"https:\/\/eurecat.org\/es\/#website"},"primaryImageOfPage":{"@id":"https:\/\/eurecat.org\/es\/fomentar-la-empatia-contra-el-acoso-escolar-con-realidad-virtual\/#primaryimage"},"image":{"@id":"https:\/\/eurecat.org\/es\/fomentar-la-empatia-contra-el-acoso-escolar-con-realidad-virtual\/#primaryimage"},"thumbnailUrl":"https:\/\/eurecat.org\/wp-content\/uploads\/2018\/05\/assetjament_escolar.jpg","datePublished":"2018-05-20T09:42:15+00:00","dateModified":"2018-05-29T09:44:51+00:00","author":{"@id":"https:\/\/eurecat.org\/es\/#\/schema\/person\/540d47fd9da63c4587cbae01b88e4db3"},"description":"Un proyecto basado en la realidad virtual pondr\u00e1 a los j\u00f3venes en la piel de una v\u00edctima de acoso escolar para fomentar la empat\u00eda y luchar contra el bullying","breadcrumb":{"@id":"https:\/\/eurecat.org\/es\/fomentar-la-empatia-contra-el-acoso-escolar-con-realidad-virtual\/#breadcrumb"},"inLanguage":"es","potentialAction":[{"@type":"ReadAction","target":["https:\/\/eurecat.org\/es\/fomentar-la-empatia-contra-el-acoso-escolar-con-realidad-virtual\/"]}]},{"@type":"ImageObject","inLanguage":"es","@id":"https:\/\/eurecat.org\/es\/fomentar-la-empatia-contra-el-acoso-escolar-con-realidad-virtual\/#primaryimage","url":"https:\/\/eurecat.org\/wp-content\/uploads\/2018\/05\/assetjament_escolar.jpg","contentUrl":"https:\/\/eurecat.org\/wp-content\/uploads\/2018\/05\/assetjament_escolar.jpg","width":"774","height":"530","caption":"assetjament escolar"},{"@type":"BreadcrumbList","@id":"https:\/\/eurecat.org\/es\/fomentar-la-empatia-contra-el-acoso-escolar-con-realidad-virtual\/#breadcrumb","itemListElement":[{"@type":"ListItem","position":1,"name":"Inici","item":"https:\/\/eurecat.org\/es\/"},{"@type":"ListItem","position":2,"name":"Fomentar la empat\u00eda contra el acoso escolar con realidad virtual"}]},{"@type":"WebSite","@id":"https:\/\/eurecat.org\/es\/#website","url":"https:\/\/eurecat.org\/es\/","name":"Eurecat","description":"Otro sitio realizado con WordPress","potentialAction":[{"@type":"SearchAction","target":{"@type":"EntryPoint","urlTemplate":"https:\/\/eurecat.org\/es\/?s={search_term_string}"},"query-input":{"@type":"PropertyValueSpecification","valueRequired":true,"valueName":"search_term_string"}}],"inLanguage":"es"},{"@type":"Person","@id":"https:\/\/eurecat.org\/es\/#\/schema\/person\/540d47fd9da63c4587cbae01b88e4db3","name":"EurecatEM","image":{"@type":"ImageObject","inLanguage":"es","@id":"https:\/\/secure.gravatar.com\/avatar\/deb330c0660ac5bf74cae5724d94229935e34c26df9bce576399b4da2212af05?s=96&d=mm&r=g","url":"https:\/\/secure.gravatar.com\/avatar\/deb330c0660ac5bf74cae5724d94229935e34c26df9bce576399b4da2212af05?s=96&d=mm&r=g","contentUrl":"https:\/\/secure.gravatar.com\/avatar\/deb330c0660ac5bf74cae5724d94229935e34c26df9bce576399b4da2212af05?s=96&d=mm&r=g","caption":"EurecatEM"}}]}},"_links":{"self":[{"href":"https:\/\/eurecat.org\/es\/wp-json\/wp\/v2\/posts\/62621","targetHints":{"allow":["GET"]}}],"collection":[{"href":"https:\/\/eurecat.org\/es\/wp-json\/wp\/v2\/posts"}],"about":[{"href":"https:\/\/eurecat.org\/es\/wp-json\/wp\/v2\/types\/post"}],"author":[{"embeddable":true,"href":"https:\/\/eurecat.org\/es\/wp-json\/wp\/v2\/users\/6"}],"replies":[{"embeddable":true,"href":"https:\/\/eurecat.org\/es\/wp-json\/wp\/v2\/comments?post=62621"}],"version-history":[{"count":0,"href":"https:\/\/eurecat.org\/es\/wp-json\/wp\/v2\/posts\/62621\/revisions"}],"wp:featuredmedia":[{"embeddable":true,"href":"https:\/\/eurecat.org\/es\/wp-json\/wp\/v2\/media\/62626"}],"wp:attachment":[{"href":"https:\/\/eurecat.org\/es\/wp-json\/wp\/v2\/media?parent=62621"}],"wp:term":[{"taxonomy":"category","embeddable":true,"href":"https:\/\/eurecat.org\/es\/wp-json\/wp\/v2\/categories?post=62621"},{"taxonomy":"post_tag","embeddable":true,"href":"https:\/\/eurecat.org\/es\/wp-json\/wp\/v2\/tags?post=62621"}],"curies":[{"name":"wp","href":"https:\/\/api.w.org\/{rel}","templated":true}]}}