{"id":64848,"date":"2018-06-11T08:11:33","date_gmt":"2018-06-11T08:11:33","guid":{"rendered":"https:\/\/eurecat.org\/?p=64848"},"modified":"2018-06-15T08:22:04","modified_gmt":"2018-06-15T08:22:04","slug":"una-carpa-inmersiva-acogera-la-creacion-sonora-luminica-the-zero-gravity-band-que-inducira-al-publico-a-sensaciones-de-gravedad-cero","status":"publish","type":"post","link":"https:\/\/eurecat.org\/es\/una-carpa-inmersiva-acogera-la-creacion-sonora-luminica-the-zero-gravity-band-que-inducira-al-publico-a-sensaciones-de-gravedad-cero\/","title":{"rendered":"Una carpa inmersiva acoger\u00e1 la creaci\u00f3n sonora-lum\u00ednica The Zero-Gravity Band, que inducir\u00e1 al p\u00fablico a sensaciones de gravedad cero"},"content":{"rendered":"<p>Una carpa con la tecnolog\u00eda <a href=\"https:\/\/sfear.com\/\">Sf\u00ebar<\/a> de producci\u00f3n de audio 3D desarrollada por el centro tecnol\u00f3gico <a href=\"https:\/\/eurecat.org\/es\/\">Eurecat<\/a>, acoger\u00e1 durante el Sonar+D la creaci\u00f3n sonora-lum\u00ednica <strong>The Zero-Gravity Band<\/strong>, un proyecto ideado y conceptualizado por Albert Barque-Duran y Marc Marzenit y producido por la <a href=\"http:\/\/quoartis.org\/?lang=es\">Fundaci\u00f3n Quo Artis<\/a> que pretende, a trav\u00e9s de la creaci\u00f3n art\u00edstica, inducir al p\u00fablico a sensaciones de gravedad cero, similares a las que se tienen fuera de la Tierra.<\/p>\n<p>La carpa de trece metros de di\u00e1metro que acoge la creaci\u00f3n sonora-lum\u00ednica ha sido dise\u00f1ada por <a href=\"http:\/\/www.portablemultimediasolutions.com\/\">Portable Multimedia Solutions<\/a>, que ha configurado un sistema inflable estanco pensado para acomodar el sistema de audio 3D, que ofrece unas caracter\u00edsticas \u00fanicas de sonido inmersivo, gracias a la singularidad que aporta el sistema de reverberaci\u00f3n 3D de Sf\u00ebar, patentado por Eurecat.<\/p>\n<p>Tal y como explica Adan Garriga, director de la Unidad de Tecnolog\u00edas Audiovisuales de Eurecat, los requerimientos de la estructura de la carpa hicieron necesario dise\u00f1ar \u00abun nuevo concepto de cubierta inflable aplicando nuevos materiales, nuevos procedimientos de soldadura y c\u00e1lculos estructurales\u00bb, que se llevaron a cabo con software desarrollado por el <a href=\"http:\/\/www.cimne.com\/\">Centro Internacional de M\u00e9todos Num\u00e9ricos en Ingenier\u00eda<\/a> (CIMNE).<\/p>\n<p>Para conseguir la sensaci\u00f3n de inmersi\u00f3n, la estructura utiliza un sistema de altavoces 25.3 y audio basado en tecnolog\u00eda Sf\u00ebar, un sistema de sonido 3D creado por Eurecat que permite crear m\u00fasica inmersiva en tres dimensiones de manera intuitiva utilizando herramientas comunes de producci\u00f3n sonora.<\/p>\n<p>La carpa est\u00e1 confeccionada en poliuretano con un tejido interno de nylon. El peso y la escasa complejidad de montaje hacen viable su instalaci\u00f3n en 90 minutos por dos operarios. Una vez hinchada, la carpa no requiere de una alimentaci\u00f3n continua de aire, por lo que se evitan ruidos y consumos innecesarios de energ\u00eda.<\/p>\n<p>Portable Multimedia Solutions (PMS) es una empresa participada por el Centro Internacional de M\u00e9todos Num\u00e9ricos en Ingenier\u00eda que desarrolla estructuras hinchables con sistemas multimedia integrados.<\/p>\n<p><strong>Los trajes \u00abespaciales\u00bb inteligentes y la colaboraci\u00f3n de la Unidad Tecnol\u00f3gica de Impresi\u00f3n funcional de Eurecat.<\/strong><\/p>\n<p>Fruto de la experimentaci\u00f3n realizada por los artistas e ide\u00f3logos sobre c\u00f3mo ser\u00e1 el arte y su percepci\u00f3n cuando el hombre viva fuera del planeta Tierra se exhibir\u00e1n, tambi\u00e9n en el marco del proyecto, dos prototipos para realizar creaciones pl\u00e1sticas y musicales en situaci\u00f3n de gravedad cero y unos trajes \u00abespaciales\u00bb inteligentes, que han contado con la colaboraci\u00f3n de la Unidad Tecnol\u00f3gica de Impresi\u00f3n funcional de Eurecat.<\/p>\n<p>En concreto, los prototipos de trajes \u00abespaciales\u00bb dise\u00f1ados para ser llevados en situaci\u00f3n de gravedad cero llevan incorporado un dispositivo, realizado por la Unidad Tecnol\u00f3gica de Impresi\u00f3n funcional de Eurecat, que incorpora dos sensores que miden la frecuencia cardiaca y respiratoria de la persona que lo lleva para poder informar sobre su estado fisiol\u00f3gico.<\/p>\n<p>Los datos recopilados se env\u00edan v\u00eda inal\u00e1mbrica a un tel\u00e9fono inteligente, una tablet u ordenador, por lo que el individuo tiene una lectura precisa, en tiempo real, sobre su estado f\u00edsico. El dispositivo se alimenta por una bater\u00eda recargable, con un adaptador de pared externo, conectado mediante un cable micro USB.<\/p>\n","protected":false},"excerpt":{"rendered":"<p>Una carpa con la tecnolog\u00eda Sf\u00ebar de producci\u00f3n de audio 3D desarrollada por el centro tecnol\u00f3gico Eurecat, acoger\u00e1 durante el Sonar+D la creaci\u00f3n sonora-lum\u00ednica The Zero-Gravity Band, un proyecto ideado y conceptualizado por Albert Barque-Duran y Marc Marzenit y producido por la Fundaci\u00f3n Quo Artis que pretende, a trav\u00e9s de la creaci\u00f3n art\u00edstica, inducir al  [&#8230;]<\/p>\n","protected":false},"author":6,"featured_media":64851,"comment_status":"open","ping_status":"closed","sticky":false,"template":"","format":"standard","meta":{"footnotes":""},"categories":[134,412],"tags":[],"class_list":["post-64848","post","type-post","status-publish","format-standard","has-post-thumbnail","hentry","category-notas-de-prensa","category-tecnologias-audiovisuales"],"yoast_head":"<!-- This site is optimized with the Yoast SEO plugin v27.4 - https:\/\/yoast.com\/product\/yoast-seo-wordpress\/ -->\n<title>Una carpa inmersiva acoger\u00e1 la creaci\u00f3n The Zero-Gravity Band<\/title>\n<meta name=\"description\" content=\"Una carpa con la tecnolog\u00eda Sf\u00ebar de producci\u00f3n de audio 3D desarrollada por Eurecat, acoger\u00e1 durante el Sonar+D la creaci\u00f3n The Zero-Gravity Band\" \/>\n<meta name=\"robots\" content=\"index, follow, max-snippet:-1, max-image-preview:large, max-video-preview:-1\" \/>\n<link rel=\"canonical\" href=\"https:\/\/eurecat.org\/es\/una-carpa-inmersiva-acogera-la-creacion-sonora-luminica-the-zero-gravity-band-que-inducira-al-publico-a-sensaciones-de-gravedad-cero\/\" \/>\n<meta property=\"og:locale\" content=\"es_ES\" \/>\n<meta property=\"og:type\" content=\"article\" \/>\n<meta property=\"og:title\" content=\"Una carpa inmersiva acoger\u00e1 la creaci\u00f3n The Zero-Gravity Band\" \/>\n<meta property=\"og:description\" content=\"Una carpa con la tecnolog\u00eda Sf\u00ebar de producci\u00f3n de audio 3D desarrollada por Eurecat, acoger\u00e1 durante el Sonar+D la creaci\u00f3n The Zero-Gravity Band\" \/>\n<meta property=\"og:url\" content=\"https:\/\/eurecat.org\/es\/una-carpa-inmersiva-acogera-la-creacion-sonora-luminica-the-zero-gravity-band-que-inducira-al-publico-a-sensaciones-de-gravedad-cero\/\" \/>\n<meta property=\"og:site_name\" content=\"Eurecat\" \/>\n<meta property=\"article:published_time\" content=\"2018-06-11T08:11:33+00:00\" \/>\n<meta property=\"article:modified_time\" content=\"2018-06-15T08:22:04+00:00\" \/>\n<meta property=\"og:image\" content=\"https:\/\/eurecat.org\/wp-content\/uploads\/2018\/06\/carpa_zero_gravity.jpg\" \/>\n\t<meta property=\"og:image:width\" content=\"640\" \/>\n\t<meta property=\"og:image:height\" content=\"380\" \/>\n\t<meta property=\"og:image:type\" content=\"image\/jpeg\" \/>\n<meta name=\"author\" content=\"EurecatEM\" \/>\n<meta name=\"twitter:card\" content=\"summary_large_image\" \/>\n<meta name=\"twitter:label1\" content=\"Escrito por\" \/>\n\t<meta name=\"twitter:data1\" content=\"EurecatEM\" \/>\n\t<meta name=\"twitter:label2\" content=\"Tiempo de lectura\" \/>\n\t<meta name=\"twitter:data2\" content=\"3 minutos\" \/>\n<script type=\"application\/ld+json\" class=\"yoast-schema-graph\">{\"@context\":\"https:\\\/\\\/schema.org\",\"@graph\":[{\"@type\":\"Article\",\"@id\":\"https:\\\/\\\/eurecat.org\\\/es\\\/una-carpa-inmersiva-acogera-la-creacion-sonora-luminica-the-zero-gravity-band-que-inducira-al-publico-a-sensaciones-de-gravedad-cero\\\/#article\",\"isPartOf\":{\"@id\":\"https:\\\/\\\/eurecat.org\\\/es\\\/una-carpa-inmersiva-acogera-la-creacion-sonora-luminica-the-zero-gravity-band-que-inducira-al-publico-a-sensaciones-de-gravedad-cero\\\/\"},\"author\":{\"name\":\"EurecatEM\",\"@id\":\"https:\\\/\\\/eurecat.org\\\/es\\\/#\\\/schema\\\/person\\\/540d47fd9da63c4587cbae01b88e4db3\"},\"headline\":\"Una carpa inmersiva acoger\u00e1 la creaci\u00f3n sonora-lum\u00ednica The Zero-Gravity Band, que inducir\u00e1 al p\u00fablico a sensaciones de gravedad cero\",\"datePublished\":\"2018-06-11T08:11:33+00:00\",\"dateModified\":\"2018-06-15T08:22:04+00:00\",\"mainEntityOfPage\":{\"@id\":\"https:\\\/\\\/eurecat.org\\\/es\\\/una-carpa-inmersiva-acogera-la-creacion-sonora-luminica-the-zero-gravity-band-que-inducira-al-publico-a-sensaciones-de-gravedad-cero\\\/\"},\"wordCount\":583,\"commentCount\":0,\"image\":{\"@id\":\"https:\\\/\\\/eurecat.org\\\/es\\\/una-carpa-inmersiva-acogera-la-creacion-sonora-luminica-the-zero-gravity-band-que-inducira-al-publico-a-sensaciones-de-gravedad-cero\\\/#primaryimage\"},\"thumbnailUrl\":\"https:\\\/\\\/eurecat.org\\\/wp-content\\\/uploads\\\/2018\\\/06\\\/carpa_zero_gravity.jpg\",\"articleSection\":[\"Notas de prensa\",\"Tecnolog\u00edas Audiovisuales\"],\"inLanguage\":\"es\",\"potentialAction\":[{\"@type\":\"CommentAction\",\"name\":\"Comment\",\"target\":[\"https:\\\/\\\/eurecat.org\\\/es\\\/una-carpa-inmersiva-acogera-la-creacion-sonora-luminica-the-zero-gravity-band-que-inducira-al-publico-a-sensaciones-de-gravedad-cero\\\/#respond\"]}]},{\"@type\":\"WebPage\",\"@id\":\"https:\\\/\\\/eurecat.org\\\/es\\\/una-carpa-inmersiva-acogera-la-creacion-sonora-luminica-the-zero-gravity-band-que-inducira-al-publico-a-sensaciones-de-gravedad-cero\\\/\",\"url\":\"https:\\\/\\\/eurecat.org\\\/es\\\/una-carpa-inmersiva-acogera-la-creacion-sonora-luminica-the-zero-gravity-band-que-inducira-al-publico-a-sensaciones-de-gravedad-cero\\\/\",\"name\":\"Una carpa inmersiva acoger\u00e1 la creaci\u00f3n The Zero-Gravity Band\",\"isPartOf\":{\"@id\":\"https:\\\/\\\/eurecat.org\\\/es\\\/#website\"},\"primaryImageOfPage\":{\"@id\":\"https:\\\/\\\/eurecat.org\\\/es\\\/una-carpa-inmersiva-acogera-la-creacion-sonora-luminica-the-zero-gravity-band-que-inducira-al-publico-a-sensaciones-de-gravedad-cero\\\/#primaryimage\"},\"image\":{\"@id\":\"https:\\\/\\\/eurecat.org\\\/es\\\/una-carpa-inmersiva-acogera-la-creacion-sonora-luminica-the-zero-gravity-band-que-inducira-al-publico-a-sensaciones-de-gravedad-cero\\\/#primaryimage\"},\"thumbnailUrl\":\"https:\\\/\\\/eurecat.org\\\/wp-content\\\/uploads\\\/2018\\\/06\\\/carpa_zero_gravity.jpg\",\"datePublished\":\"2018-06-11T08:11:33+00:00\",\"dateModified\":\"2018-06-15T08:22:04+00:00\",\"author\":{\"@id\":\"https:\\\/\\\/eurecat.org\\\/es\\\/#\\\/schema\\\/person\\\/540d47fd9da63c4587cbae01b88e4db3\"},\"description\":\"Una carpa con la tecnolog\u00eda Sf\u00ebar de producci\u00f3n de audio 3D desarrollada por Eurecat, acoger\u00e1 durante el Sonar+D la creaci\u00f3n The Zero-Gravity Band\",\"breadcrumb\":{\"@id\":\"https:\\\/\\\/eurecat.org\\\/es\\\/una-carpa-inmersiva-acogera-la-creacion-sonora-luminica-the-zero-gravity-band-que-inducira-al-publico-a-sensaciones-de-gravedad-cero\\\/#breadcrumb\"},\"inLanguage\":\"es\",\"potentialAction\":[{\"@type\":\"ReadAction\",\"target\":[\"https:\\\/\\\/eurecat.org\\\/es\\\/una-carpa-inmersiva-acogera-la-creacion-sonora-luminica-the-zero-gravity-band-que-inducira-al-publico-a-sensaciones-de-gravedad-cero\\\/\"]}]},{\"@type\":\"ImageObject\",\"inLanguage\":\"es\",\"@id\":\"https:\\\/\\\/eurecat.org\\\/es\\\/una-carpa-inmersiva-acogera-la-creacion-sonora-luminica-the-zero-gravity-band-que-inducira-al-publico-a-sensaciones-de-gravedad-cero\\\/#primaryimage\",\"url\":\"https:\\\/\\\/eurecat.org\\\/wp-content\\\/uploads\\\/2018\\\/06\\\/carpa_zero_gravity.jpg\",\"contentUrl\":\"https:\\\/\\\/eurecat.org\\\/wp-content\\\/uploads\\\/2018\\\/06\\\/carpa_zero_gravity.jpg\",\"width\":\"640\",\"height\":\"380\",\"caption\":\"The Zero-Gravity Band\"},{\"@type\":\"BreadcrumbList\",\"@id\":\"https:\\\/\\\/eurecat.org\\\/es\\\/una-carpa-inmersiva-acogera-la-creacion-sonora-luminica-the-zero-gravity-band-que-inducira-al-publico-a-sensaciones-de-gravedad-cero\\\/#breadcrumb\",\"itemListElement\":[{\"@type\":\"ListItem\",\"position\":1,\"name\":\"Inici\",\"item\":\"https:\\\/\\\/eurecat.org\\\/es\\\/\"},{\"@type\":\"ListItem\",\"position\":2,\"name\":\"Una carpa inmersiva acoger\u00e1 la creaci\u00f3n sonora-lum\u00ednica The Zero-Gravity Band, que inducir\u00e1 al p\u00fablico a sensaciones de gravedad cero\"}]},{\"@type\":\"WebSite\",\"@id\":\"https:\\\/\\\/eurecat.org\\\/es\\\/#website\",\"url\":\"https:\\\/\\\/eurecat.org\\\/es\\\/\",\"name\":\"Eurecat\",\"description\":\"Otro sitio realizado con WordPress\",\"potentialAction\":[{\"@type\":\"SearchAction\",\"target\":{\"@type\":\"EntryPoint\",\"urlTemplate\":\"https:\\\/\\\/eurecat.org\\\/es\\\/?s={search_term_string}\"},\"query-input\":{\"@type\":\"PropertyValueSpecification\",\"valueRequired\":true,\"valueName\":\"search_term_string\"}}],\"inLanguage\":\"es\"},{\"@type\":\"Person\",\"@id\":\"https:\\\/\\\/eurecat.org\\\/es\\\/#\\\/schema\\\/person\\\/540d47fd9da63c4587cbae01b88e4db3\",\"name\":\"EurecatEM\",\"image\":{\"@type\":\"ImageObject\",\"inLanguage\":\"es\",\"@id\":\"https:\\\/\\\/secure.gravatar.com\\\/avatar\\\/deb330c0660ac5bf74cae5724d94229935e34c26df9bce576399b4da2212af05?s=96&d=mm&r=g\",\"url\":\"https:\\\/\\\/secure.gravatar.com\\\/avatar\\\/deb330c0660ac5bf74cae5724d94229935e34c26df9bce576399b4da2212af05?s=96&d=mm&r=g\",\"contentUrl\":\"https:\\\/\\\/secure.gravatar.com\\\/avatar\\\/deb330c0660ac5bf74cae5724d94229935e34c26df9bce576399b4da2212af05?s=96&d=mm&r=g\",\"caption\":\"EurecatEM\"}}]}<\/script>\n<!-- \/ Yoast SEO plugin. -->","yoast_head_json":{"title":"Una carpa inmersiva acoger\u00e1 la creaci\u00f3n The Zero-Gravity Band","description":"Una carpa con la tecnolog\u00eda Sf\u00ebar de producci\u00f3n de audio 3D desarrollada por Eurecat, acoger\u00e1 durante el Sonar+D la creaci\u00f3n The Zero-Gravity Band","robots":{"index":"index","follow":"follow","max-snippet":"max-snippet:-1","max-image-preview":"max-image-preview:large","max-video-preview":"max-video-preview:-1"},"canonical":"https:\/\/eurecat.org\/es\/una-carpa-inmersiva-acogera-la-creacion-sonora-luminica-the-zero-gravity-band-que-inducira-al-publico-a-sensaciones-de-gravedad-cero\/","og_locale":"es_ES","og_type":"article","og_title":"Una carpa inmersiva acoger\u00e1 la creaci\u00f3n The Zero-Gravity Band","og_description":"Una carpa con la tecnolog\u00eda Sf\u00ebar de producci\u00f3n de audio 3D desarrollada por Eurecat, acoger\u00e1 durante el Sonar+D la creaci\u00f3n The Zero-Gravity Band","og_url":"https:\/\/eurecat.org\/es\/una-carpa-inmersiva-acogera-la-creacion-sonora-luminica-the-zero-gravity-band-que-inducira-al-publico-a-sensaciones-de-gravedad-cero\/","og_site_name":"Eurecat","article_published_time":"2018-06-11T08:11:33+00:00","article_modified_time":"2018-06-15T08:22:04+00:00","og_image":[{"width":640,"height":380,"url":"https:\/\/eurecat.org\/wp-content\/uploads\/2018\/06\/carpa_zero_gravity.jpg","type":"image\/jpeg"}],"author":"EurecatEM","twitter_card":"summary_large_image","twitter_misc":{"Escrito por":"EurecatEM","Tiempo de lectura":"3 minutos"},"schema":{"@context":"https:\/\/schema.org","@graph":[{"@type":"Article","@id":"https:\/\/eurecat.org\/es\/una-carpa-inmersiva-acogera-la-creacion-sonora-luminica-the-zero-gravity-band-que-inducira-al-publico-a-sensaciones-de-gravedad-cero\/#article","isPartOf":{"@id":"https:\/\/eurecat.org\/es\/una-carpa-inmersiva-acogera-la-creacion-sonora-luminica-the-zero-gravity-band-que-inducira-al-publico-a-sensaciones-de-gravedad-cero\/"},"author":{"name":"EurecatEM","@id":"https:\/\/eurecat.org\/es\/#\/schema\/person\/540d47fd9da63c4587cbae01b88e4db3"},"headline":"Una carpa inmersiva acoger\u00e1 la creaci\u00f3n sonora-lum\u00ednica The Zero-Gravity Band, que inducir\u00e1 al p\u00fablico a sensaciones de gravedad cero","datePublished":"2018-06-11T08:11:33+00:00","dateModified":"2018-06-15T08:22:04+00:00","mainEntityOfPage":{"@id":"https:\/\/eurecat.org\/es\/una-carpa-inmersiva-acogera-la-creacion-sonora-luminica-the-zero-gravity-band-que-inducira-al-publico-a-sensaciones-de-gravedad-cero\/"},"wordCount":583,"commentCount":0,"image":{"@id":"https:\/\/eurecat.org\/es\/una-carpa-inmersiva-acogera-la-creacion-sonora-luminica-the-zero-gravity-band-que-inducira-al-publico-a-sensaciones-de-gravedad-cero\/#primaryimage"},"thumbnailUrl":"https:\/\/eurecat.org\/wp-content\/uploads\/2018\/06\/carpa_zero_gravity.jpg","articleSection":["Notas de prensa","Tecnolog\u00edas Audiovisuales"],"inLanguage":"es","potentialAction":[{"@type":"CommentAction","name":"Comment","target":["https:\/\/eurecat.org\/es\/una-carpa-inmersiva-acogera-la-creacion-sonora-luminica-the-zero-gravity-band-que-inducira-al-publico-a-sensaciones-de-gravedad-cero\/#respond"]}]},{"@type":"WebPage","@id":"https:\/\/eurecat.org\/es\/una-carpa-inmersiva-acogera-la-creacion-sonora-luminica-the-zero-gravity-band-que-inducira-al-publico-a-sensaciones-de-gravedad-cero\/","url":"https:\/\/eurecat.org\/es\/una-carpa-inmersiva-acogera-la-creacion-sonora-luminica-the-zero-gravity-band-que-inducira-al-publico-a-sensaciones-de-gravedad-cero\/","name":"Una carpa inmersiva acoger\u00e1 la creaci\u00f3n The Zero-Gravity Band","isPartOf":{"@id":"https:\/\/eurecat.org\/es\/#website"},"primaryImageOfPage":{"@id":"https:\/\/eurecat.org\/es\/una-carpa-inmersiva-acogera-la-creacion-sonora-luminica-the-zero-gravity-band-que-inducira-al-publico-a-sensaciones-de-gravedad-cero\/#primaryimage"},"image":{"@id":"https:\/\/eurecat.org\/es\/una-carpa-inmersiva-acogera-la-creacion-sonora-luminica-the-zero-gravity-band-que-inducira-al-publico-a-sensaciones-de-gravedad-cero\/#primaryimage"},"thumbnailUrl":"https:\/\/eurecat.org\/wp-content\/uploads\/2018\/06\/carpa_zero_gravity.jpg","datePublished":"2018-06-11T08:11:33+00:00","dateModified":"2018-06-15T08:22:04+00:00","author":{"@id":"https:\/\/eurecat.org\/es\/#\/schema\/person\/540d47fd9da63c4587cbae01b88e4db3"},"description":"Una carpa con la tecnolog\u00eda Sf\u00ebar de producci\u00f3n de audio 3D desarrollada por Eurecat, acoger\u00e1 durante el Sonar+D la creaci\u00f3n The Zero-Gravity Band","breadcrumb":{"@id":"https:\/\/eurecat.org\/es\/una-carpa-inmersiva-acogera-la-creacion-sonora-luminica-the-zero-gravity-band-que-inducira-al-publico-a-sensaciones-de-gravedad-cero\/#breadcrumb"},"inLanguage":"es","potentialAction":[{"@type":"ReadAction","target":["https:\/\/eurecat.org\/es\/una-carpa-inmersiva-acogera-la-creacion-sonora-luminica-the-zero-gravity-band-que-inducira-al-publico-a-sensaciones-de-gravedad-cero\/"]}]},{"@type":"ImageObject","inLanguage":"es","@id":"https:\/\/eurecat.org\/es\/una-carpa-inmersiva-acogera-la-creacion-sonora-luminica-the-zero-gravity-band-que-inducira-al-publico-a-sensaciones-de-gravedad-cero\/#primaryimage","url":"https:\/\/eurecat.org\/wp-content\/uploads\/2018\/06\/carpa_zero_gravity.jpg","contentUrl":"https:\/\/eurecat.org\/wp-content\/uploads\/2018\/06\/carpa_zero_gravity.jpg","width":"640","height":"380","caption":"The Zero-Gravity Band"},{"@type":"BreadcrumbList","@id":"https:\/\/eurecat.org\/es\/una-carpa-inmersiva-acogera-la-creacion-sonora-luminica-the-zero-gravity-band-que-inducira-al-publico-a-sensaciones-de-gravedad-cero\/#breadcrumb","itemListElement":[{"@type":"ListItem","position":1,"name":"Inici","item":"https:\/\/eurecat.org\/es\/"},{"@type":"ListItem","position":2,"name":"Una carpa inmersiva acoger\u00e1 la creaci\u00f3n sonora-lum\u00ednica The Zero-Gravity Band, que inducir\u00e1 al p\u00fablico a sensaciones de gravedad cero"}]},{"@type":"WebSite","@id":"https:\/\/eurecat.org\/es\/#website","url":"https:\/\/eurecat.org\/es\/","name":"Eurecat","description":"Otro sitio realizado con WordPress","potentialAction":[{"@type":"SearchAction","target":{"@type":"EntryPoint","urlTemplate":"https:\/\/eurecat.org\/es\/?s={search_term_string}"},"query-input":{"@type":"PropertyValueSpecification","valueRequired":true,"valueName":"search_term_string"}}],"inLanguage":"es"},{"@type":"Person","@id":"https:\/\/eurecat.org\/es\/#\/schema\/person\/540d47fd9da63c4587cbae01b88e4db3","name":"EurecatEM","image":{"@type":"ImageObject","inLanguage":"es","@id":"https:\/\/secure.gravatar.com\/avatar\/deb330c0660ac5bf74cae5724d94229935e34c26df9bce576399b4da2212af05?s=96&d=mm&r=g","url":"https:\/\/secure.gravatar.com\/avatar\/deb330c0660ac5bf74cae5724d94229935e34c26df9bce576399b4da2212af05?s=96&d=mm&r=g","contentUrl":"https:\/\/secure.gravatar.com\/avatar\/deb330c0660ac5bf74cae5724d94229935e34c26df9bce576399b4da2212af05?s=96&d=mm&r=g","caption":"EurecatEM"}}]}},"_links":{"self":[{"href":"https:\/\/eurecat.org\/es\/wp-json\/wp\/v2\/posts\/64848","targetHints":{"allow":["GET"]}}],"collection":[{"href":"https:\/\/eurecat.org\/es\/wp-json\/wp\/v2\/posts"}],"about":[{"href":"https:\/\/eurecat.org\/es\/wp-json\/wp\/v2\/types\/post"}],"author":[{"embeddable":true,"href":"https:\/\/eurecat.org\/es\/wp-json\/wp\/v2\/users\/6"}],"replies":[{"embeddable":true,"href":"https:\/\/eurecat.org\/es\/wp-json\/wp\/v2\/comments?post=64848"}],"version-history":[{"count":0,"href":"https:\/\/eurecat.org\/es\/wp-json\/wp\/v2\/posts\/64848\/revisions"}],"wp:featuredmedia":[{"embeddable":true,"href":"https:\/\/eurecat.org\/es\/wp-json\/wp\/v2\/media\/64851"}],"wp:attachment":[{"href":"https:\/\/eurecat.org\/es\/wp-json\/wp\/v2\/media?parent=64848"}],"wp:term":[{"taxonomy":"category","embeddable":true,"href":"https:\/\/eurecat.org\/es\/wp-json\/wp\/v2\/categories?post=64848"},{"taxonomy":"post_tag","embeddable":true,"href":"https:\/\/eurecat.org\/es\/wp-json\/wp\/v2\/tags?post=64848"}],"curies":[{"name":"wp","href":"https:\/\/api.w.org\/{rel}","templated":true}]}}