{"id":6805,"date":"2016-04-04T14:11:50","date_gmt":"2016-04-04T14:11:50","guid":{"rendered":"http:\/\/eurecat.org\/es\/?p=6805"},"modified":"2016-10-23T16:54:08","modified_gmt":"2016-10-23T16:54:08","slug":"barcelona-sera-en-abril-la-capital-de-las-nuevas-tecnologias-en-turismo","status":"publish","type":"post","link":"https:\/\/eurecat.org\/es\/barcelona-sera-en-abril-la-capital-de-las-nuevas-tecnologias-en-turismo\/","title":{"rendered":"Barcelona ser\u00e1 en abril la capital de las nuevas tecnolog\u00edas en turismo"},"content":{"rendered":"<blockquote><p>El turismo experiencial y gastron\u00f3mico, la accesibilidad y el Big Data son algunos de los ejes del Forum TurisTIC de este a\u00f1o.<\/p><\/blockquote>\n<p><strong>Barcelona, x de abril de 2016.-<\/strong> C\u00f3mo impactan las nuevas tecnolog\u00edas en el turismo gastron\u00f3mico, el auge del turismo experiencial o las claves para anticiparse a los deseos del viajero mediante el Big Data son algunas de las tendencias que abordar\u00e1 la presente edici\u00f3n del <a href=\"http:\/\/www.forumturistic.com\">Forum TurisTIC<\/a>, los pr\u00f3ximos d\u00edas 13 y 14 de abril en Barcelona.<\/p>\n<p>Organizado por el centro tecnol\u00f3gico Eurecat (miembro de Tecnio), el Forum TurisTIC tratar\u00e1 tambi\u00e9n sobre c\u00f3mo potenciar la accesibilidad de los destinos y los negocios emergentes en turismo, un sector en el que el 43 por ciento de todo el tr\u00e1fico web de viajes ya se vende desde smartphones y con una creciente demanda por parte del 15 por ciento de la poblaci\u00f3n que vive con alg\u00fan tipo de discapacidad.<\/p>\n<p>Abrir\u00e1n el congreso el conseller de Empresa y Conocimiento de la Generalitat de Catalunya, Jordi Baiget Cantons, el concejal de Ocupaci\u00f3n, Empresa, Comercio y Turismo del Ayuntamiento de Barcelona, Agust\u00ed Colom Palau; Pere Regull, diputado Adjunto de Turismo de la Diputaci\u00f3n de Barcelona, y el presidente de Eurecat, Xavier Torra. A continuaci\u00f3n, C\u00e9sar del Barrio, director de Innovaci\u00f3n del sector P\u00fablico e industrial de Tecnocom, presentar\u00e1 la plataforma de recomendaciones contextualizadas ETUR2020.<\/p>\n<p><strong>Presentaci\u00f3n del proyecto de la SGTIC en materia de turismo<\/strong><\/p>\n<p>El secretario para la Gobernanza de las Tecnolog\u00edas de la Informaci\u00f3n y la Comunicaci\u00f3n de la Generalitat de Catalunya, Jordi Puigner\u00f3, presentar\u00e1 el proyecto de la SGTIC en materia de turismo. <strong>\u00a0<\/strong><\/p>\n<p><strong>Impacto de la tecnolog\u00eda en la empresa tur\u00edstica y en la sociedad<\/strong><\/p>\n<p>Para explicar el impacto del turismo en la empresa y en la sociedad, el primer d\u00eda de TurisTIC contar\u00e1 con Eric Philippart, principal administrator de la Comisi\u00f3n Europea, y Dimitrios Buhalis, responsable del Departamento de Turismo de la Universidad de Bournemouth y director de eTurismo Lab.<\/p>\n<p><strong>Turismo gastron\u00f3mico y turismo experiencial<\/strong><\/p>\n<p>Los retos de futuro en el turismo gastron\u00f3mico centrar\u00e1n una mesa redonda que ser\u00e1 moderada por el director General\u2028de la Fundaci\u00f3n Alicia, Toni Massan\u00e9s, y en la que participar\u00e1 Mayte Carre\u00f1o, directora comercial de Michelin Travel, as\u00ed como el chef con Estrella Michelin Carles Abellan; Poli Su\u00f1er, cofundador de\u2028Bistr\u00f3 Creativo RPA Food; la Foodblogger y estilista gastron\u00f3mica Marta Sanahuja (Delicious Martha); Flor Somaschini, cofundadora\u2028Check-eat, y Rafael Gonz\u00e1lez, socio director de\u2028Vivential Value.<\/p>\n<p>El turismo experiencial tendr\u00e1 un gran peso en la presente edici\u00f3n de TurisTIC, a trav\u00e9s de Ludo Verheggen, director de Marketing de Amadeus Espa\u00f1a; Jes\u00fas Garrido, country manager de Virtualware; Mireia Massagu\u00e9, directora Comercial de Gaud\u00ed Exhibition; Ana Requejo, responsable de proyectos de Cultura y Turismo de Eurecat; Albert Sierra y Gabriel de Prado, de la Agencia Catalana de Patrimonio Cultural MAC-Ullastret; Elena Rodr\u00edguez, fundadora de AuthentiCitys, y Charles Elias, CEO y cofundador de\u2028TripUniq.<\/p>\n<p><strong>Tendencias, tecnolog\u00eda e innovaci\u00f3n en turismo accesible<\/strong><\/p>\n<p>El segundo d\u00eda de TurisTIC repasar\u00e1 innovaciones en el \u00e1mbito del turismo accesible, a partir de las aportaciones de Jes\u00fas Hern\u00e1ndez, director de Accesibilidad Universal de la Fundaci\u00f3n ONCE; Angelika Hild, \u00a0Project Manager del Proyecto PANTOU, y Dimitrios Buhalis, director de eTurismo Lab Bournemouth University.<\/p>\n<p>Asimismo, la inclusividad y la accesibilidad ser\u00e1 analizada dentro de la sesi\u00f3n \u201cTurismo para todos\u201d, a partir de las aportaciones de Xavier Catas\u00fas, responsable de Negocio de los Sectores Salud y Deporte de Eurecat; Josep Esteba Garc\u00eda-Valdecasas, fundador y CEO\u2028de Mapp4all; Juli\u00e0 Montero, CEO\u2028de Barcelona Zero Limits; Robin Ribback, CIO\u2028de VerbaVoice, y Toribio Yun, CEO\u2028de Natura Local.<\/p>\n<p><strong>Innovaci\u00f3n en hoteles y turismo y Big Data<\/strong><\/p>\n<p>TurisTIC dedicar\u00e1 una sesi\u00f3n a la innovaci\u00f3n en hoteles, que ir\u00e1 a cargo de Roger Callej\u00e0, director de Innovaci\u00f3n y Ecommerce del Gremio de Hoteles de Barcelona; Agustin Navarro, CEO de Lhings, y Carlos Garc\u00eda, director general de Unsheeping.<\/p>\n<p>El turismo y el Big Data centrar\u00e1 la \u00faltima sesi\u00f3n de TurisTIC, en la que intervendr\u00e1n Xavier Font, responsable\u00a0de la Oficina T\u00e9cnica de Turismo de la Diputaci\u00f3 de Barcelona; Ivan\u00a0Leanizbarrutia, CEO de Quimera Social CRM; Nacho Lafuente, CEO de Datumize; Ester Manzano, gerente del sector p\u00fablico de Altran Innovaci\u00f3n, y Rodrigo Menchaca, Chief Development de WeGo City.<\/p>\n<p>TurisTIC se ha consolidado como el congreso de referencia en torno a c\u00f3mo las nuevas tecnolog\u00edas fortalecen el sector tur\u00edstico haci\u00e9ndolo m\u00e1s productivo y competitivo en un entorno cambiante y en constante evoluci\u00f3n. El congreso, que se celebrar\u00e1 en CaixaForum Barcelona, cuenta con el respaldo de la Generalitat de Catalunya, la Diputaci\u00f3n de Barcelona, el Ayuntamiento de Barcelona, Tecnocom y Caixabank.<\/p>\n<p><strong>Para acreditarse en el Forum TurisTIC o solicitar entrevistas sobre el congreso, pod\u00e9is contactar con el Gabinete de Prensa de Eurecat en el email <\/strong><a href=\"mailto:premsa@eurecat.org\"><strong>premsa@eurecat.org<\/strong><\/a><strong> o en el m\u00f3vil 630425169<\/strong><\/p>\n<p>&nbsp;<\/p>\n<p><strong>Forum TurisTIC<\/strong><\/p>\n<p><strong>D\u00edas:<\/strong> 13 y 14 de abril<\/p>\n<p><strong>Lugar:<\/strong> CaixaForum Barcelona (C\/ Francesc Ferrer i Gu\u00e0rdia, 6-8.\u00a008038 Barcelona)<\/p>\n<p><strong>Pod\u00e9is consultar todos los detalles en la <\/strong><a href=\"http:\/\/www.forumturistic.com\"><strong>web<\/strong><\/a><\/p>\n<p><strong>ACREDITACIONES EN EL EMAIL premsa@eurecat.org<\/strong><\/p>\n<p>&nbsp;<\/p>\n<p><strong>Sobre Eurecat<\/strong><\/p>\n<p>Eurecat, Centro Tecnol\u00f3gico de Catalu\u00f1a (miembro de TECNIO), aglutina la experiencia de m\u00e1s de <strong>450 profesionales<\/strong> que generan un volumen de ingresos de <strong>40 millones de euros anuales<\/strong> y presta servicio a m\u00e1s de <strong>1.000 empresas<\/strong>. Con instalaciones en Barcelona, Canet de Mar, Cerdanyola del Vall\u00e8s, Girona, Lleida, Manresa, Matar\u00f3 y Reus y con una sede en Brasil, participa a <strong>160 grandes proyectos consorciados de I+D+i<\/strong> nacionales e internacionales de alto valor estrat\u00e9gico y cuenta con <strong>79 patentes<\/strong> y <strong>7 spin-off<\/strong>. El valor a\u00f1adido que proporciona Eurecat <strong>acelera la innovaci\u00f3n<\/strong>, <strong>elimina el gasto en infraestructuras<\/strong> cient\u00edficas y tecnol\u00f3gicas, <strong>reduce los riesgos <\/strong>y proporciona <strong>conocimiento especializado <\/strong>a medida de cada empresa. <strong>M\u00e1s informaci\u00f3n en <\/strong><a href=\"http:\/\/www.eurecat.org\"><strong>www.eurecat.org<\/strong><\/a><\/p>\n<p>&nbsp;<\/p>\n<p><strong><em>M\u00e1s informaci\u00f3n:<br \/>\n<\/em><\/strong><\/p>\n<p><strong>Montse Mascar\u00f3<br \/>\nPrensa | Direcci\u00f3n de Comunicaci\u00f3n Corporativa <\/strong><strong>Eurecat<\/strong><\/p>\n<p><strong>Tel. (+34) 932 381 400 | M\u00f3vil: (+34) 630 425 169<br \/>\nC\/e: premsa@eurecat.org | <\/strong><a href=\"http:\/\/www.eurecat.org\">www.eurecat.org<\/a><\/p>\n","protected":false},"excerpt":{"rendered":"<p>El turismo experiencial y gastron\u00f3mico, la accesibilidad y el Big Data son algunos de los ejes del Forum TurisTIC de este a\u00f1o. Barcelona, x de abril de 2016.- C\u00f3mo impactan las nuevas tecnolog\u00edas en el turismo gastron\u00f3mico, el auge del turismo experiencial o las claves para anticiparse a los deseos del viajero mediante el Big  [&#8230;]<\/p>\n","protected":false},"author":12,"featured_media":6802,"comment_status":"open","ping_status":"closed","sticky":false,"template":"","format":"standard","meta":{"footnotes":""},"categories":[392,134],"tags":[],"class_list":["post-6805","post","type-post","status-publish","format-standard","has-post-thumbnail","hentry","category-big-data-analytics","category-notas-de-prensa"],"yoast_head":"<!-- This site is optimized with the Yoast SEO plugin v27.5 - https:\/\/yoast.com\/product\/yoast-seo-wordpress\/ -->\n<title>Barcelona ser\u00e1 la capital de las nuevas tecnolog\u00edas en turismo<\/title>\n<meta name=\"description\" content=\"C\u00f3mo impactan las nuevas tecnolog\u00edas en el turismo gastron\u00f3mico, el auge del turismo experiencial o las claves para anticiparse a los deseos del viajero\" \/>\n<meta name=\"robots\" content=\"index, follow, max-snippet:-1, max-image-preview:large, max-video-preview:-1\" \/>\n<link rel=\"canonical\" href=\"https:\/\/eurecat.org\/es\/barcelona-sera-en-abril-la-capital-de-las-nuevas-tecnologias-en-turismo\/\" \/>\n<meta property=\"og:locale\" content=\"es_ES\" \/>\n<meta property=\"og:type\" content=\"article\" \/>\n<meta property=\"og:title\" content=\"Barcelona ser\u00e1 la capital de las nuevas tecnolog\u00edas en turismo\" \/>\n<meta property=\"og:description\" content=\"C\u00f3mo impactan las nuevas tecnolog\u00edas en el turismo gastron\u00f3mico, el auge del turismo experiencial o las claves para anticiparse a los deseos del viajero\" \/>\n<meta property=\"og:url\" content=\"https:\/\/eurecat.org\/es\/barcelona-sera-en-abril-la-capital-de-las-nuevas-tecnologias-en-turismo\/\" \/>\n<meta property=\"og:site_name\" content=\"Eurecat\" \/>\n<meta property=\"article:published_time\" content=\"2016-04-04T14:11:50+00:00\" \/>\n<meta property=\"article:modified_time\" content=\"2016-10-23T16:54:08+00:00\" \/>\n<meta property=\"og:image\" content=\"https:\/\/eurecat.org\/wp-content\/uploads\/2016\/04\/imatgeTUristic.jpg\" \/>\n\t<meta property=\"og:image:width\" content=\"800\" \/>\n\t<meta property=\"og:image:height\" content=\"533\" \/>\n\t<meta property=\"og:image:type\" content=\"image\/jpeg\" \/>\n<meta name=\"author\" content=\"EurecatEG\" \/>\n<meta name=\"twitter:card\" content=\"summary_large_image\" \/>\n<meta name=\"twitter:label1\" content=\"Escrito por\" \/>\n\t<meta name=\"twitter:data1\" content=\"EurecatEG\" \/>\n\t<meta name=\"twitter:label2\" content=\"Tiempo de lectura\" \/>\n\t<meta name=\"twitter:data2\" content=\"5 minutos\" \/>\n<script type=\"application\/ld+json\" class=\"yoast-schema-graph\">{\"@context\":\"https:\\\/\\\/schema.org\",\"@graph\":[{\"@type\":\"Article\",\"@id\":\"https:\\\/\\\/eurecat.org\\\/es\\\/barcelona-sera-en-abril-la-capital-de-las-nuevas-tecnologias-en-turismo\\\/#article\",\"isPartOf\":{\"@id\":\"https:\\\/\\\/eurecat.org\\\/es\\\/barcelona-sera-en-abril-la-capital-de-las-nuevas-tecnologias-en-turismo\\\/\"},\"author\":{\"name\":\"EurecatEG\",\"@id\":\"https:\\\/\\\/eurecat.org\\\/es\\\/#\\\/schema\\\/person\\\/def9217eded50ee57a9dc4cf0c883f80\"},\"headline\":\"Barcelona ser\u00e1 en abril la capital de las nuevas tecnolog\u00edas en turismo\",\"datePublished\":\"2016-04-04T14:11:50+00:00\",\"dateModified\":\"2016-10-23T16:54:08+00:00\",\"mainEntityOfPage\":{\"@id\":\"https:\\\/\\\/eurecat.org\\\/es\\\/barcelona-sera-en-abril-la-capital-de-las-nuevas-tecnologias-en-turismo\\\/\"},\"wordCount\":1055,\"commentCount\":0,\"image\":{\"@id\":\"https:\\\/\\\/eurecat.org\\\/es\\\/barcelona-sera-en-abril-la-capital-de-las-nuevas-tecnologias-en-turismo\\\/#primaryimage\"},\"thumbnailUrl\":\"https:\\\/\\\/eurecat.org\\\/wp-content\\\/uploads\\\/2016\\\/04\\\/imatgeTUristic.jpg\",\"articleSection\":[\"Data Science &amp; Big Data Analytics\",\"Notas de prensa\"],\"inLanguage\":\"es\",\"potentialAction\":[{\"@type\":\"CommentAction\",\"name\":\"Comment\",\"target\":[\"https:\\\/\\\/eurecat.org\\\/es\\\/barcelona-sera-en-abril-la-capital-de-las-nuevas-tecnologias-en-turismo\\\/#respond\"]}]},{\"@type\":\"WebPage\",\"@id\":\"https:\\\/\\\/eurecat.org\\\/es\\\/barcelona-sera-en-abril-la-capital-de-las-nuevas-tecnologias-en-turismo\\\/\",\"url\":\"https:\\\/\\\/eurecat.org\\\/es\\\/barcelona-sera-en-abril-la-capital-de-las-nuevas-tecnologias-en-turismo\\\/\",\"name\":\"Barcelona ser\u00e1 la capital de las nuevas tecnolog\u00edas en turismo\",\"isPartOf\":{\"@id\":\"https:\\\/\\\/eurecat.org\\\/es\\\/#website\"},\"primaryImageOfPage\":{\"@id\":\"https:\\\/\\\/eurecat.org\\\/es\\\/barcelona-sera-en-abril-la-capital-de-las-nuevas-tecnologias-en-turismo\\\/#primaryimage\"},\"image\":{\"@id\":\"https:\\\/\\\/eurecat.org\\\/es\\\/barcelona-sera-en-abril-la-capital-de-las-nuevas-tecnologias-en-turismo\\\/#primaryimage\"},\"thumbnailUrl\":\"https:\\\/\\\/eurecat.org\\\/wp-content\\\/uploads\\\/2016\\\/04\\\/imatgeTUristic.jpg\",\"datePublished\":\"2016-04-04T14:11:50+00:00\",\"dateModified\":\"2016-10-23T16:54:08+00:00\",\"author\":{\"@id\":\"https:\\\/\\\/eurecat.org\\\/es\\\/#\\\/schema\\\/person\\\/def9217eded50ee57a9dc4cf0c883f80\"},\"description\":\"C\u00f3mo impactan las nuevas tecnolog\u00edas en el turismo gastron\u00f3mico, el auge del turismo experiencial o las claves para anticiparse a los deseos del viajero\",\"breadcrumb\":{\"@id\":\"https:\\\/\\\/eurecat.org\\\/es\\\/barcelona-sera-en-abril-la-capital-de-las-nuevas-tecnologias-en-turismo\\\/#breadcrumb\"},\"inLanguage\":\"es\",\"potentialAction\":[{\"@type\":\"ReadAction\",\"target\":[\"https:\\\/\\\/eurecat.org\\\/es\\\/barcelona-sera-en-abril-la-capital-de-las-nuevas-tecnologias-en-turismo\\\/\"]}]},{\"@type\":\"ImageObject\",\"inLanguage\":\"es\",\"@id\":\"https:\\\/\\\/eurecat.org\\\/es\\\/barcelona-sera-en-abril-la-capital-de-las-nuevas-tecnologias-en-turismo\\\/#primaryimage\",\"url\":\"https:\\\/\\\/eurecat.org\\\/wp-content\\\/uploads\\\/2016\\\/04\\\/imatgeTUristic.jpg\",\"contentUrl\":\"https:\\\/\\\/eurecat.org\\\/wp-content\\\/uploads\\\/2016\\\/04\\\/imatgeTUristic.jpg\",\"width\":800,\"height\":533,\"caption\":\"TurisTIC Eurecat\"},{\"@type\":\"BreadcrumbList\",\"@id\":\"https:\\\/\\\/eurecat.org\\\/es\\\/barcelona-sera-en-abril-la-capital-de-las-nuevas-tecnologias-en-turismo\\\/#breadcrumb\",\"itemListElement\":[{\"@type\":\"ListItem\",\"position\":1,\"name\":\"Inici\",\"item\":\"https:\\\/\\\/eurecat.org\\\/es\\\/\"},{\"@type\":\"ListItem\",\"position\":2,\"name\":\"Barcelona ser\u00e1 en abril la capital de las nuevas tecnolog\u00edas en turismo\"}]},{\"@type\":\"WebSite\",\"@id\":\"https:\\\/\\\/eurecat.org\\\/es\\\/#website\",\"url\":\"https:\\\/\\\/eurecat.org\\\/es\\\/\",\"name\":\"Eurecat\",\"description\":\"Otro sitio realizado con WordPress\",\"potentialAction\":[{\"@type\":\"SearchAction\",\"target\":{\"@type\":\"EntryPoint\",\"urlTemplate\":\"https:\\\/\\\/eurecat.org\\\/es\\\/?s={search_term_string}\"},\"query-input\":{\"@type\":\"PropertyValueSpecification\",\"valueRequired\":true,\"valueName\":\"search_term_string\"}}],\"inLanguage\":\"es\"},{\"@type\":\"Person\",\"@id\":\"https:\\\/\\\/eurecat.org\\\/es\\\/#\\\/schema\\\/person\\\/def9217eded50ee57a9dc4cf0c883f80\",\"name\":\"EurecatEG\",\"image\":{\"@type\":\"ImageObject\",\"inLanguage\":\"es\",\"@id\":\"https:\\\/\\\/secure.gravatar.com\\\/avatar\\\/f40dd9b6ecd3e5c591f3c9b033e495ee0ec9877ba77249fbf268b3889350c824?s=96&d=mm&r=g\",\"url\":\"https:\\\/\\\/secure.gravatar.com\\\/avatar\\\/f40dd9b6ecd3e5c591f3c9b033e495ee0ec9877ba77249fbf268b3889350c824?s=96&d=mm&r=g\",\"contentUrl\":\"https:\\\/\\\/secure.gravatar.com\\\/avatar\\\/f40dd9b6ecd3e5c591f3c9b033e495ee0ec9877ba77249fbf268b3889350c824?s=96&d=mm&r=g\",\"caption\":\"EurecatEG\"}}]}<\/script>\n<!-- \/ Yoast SEO plugin. -->","yoast_head_json":{"title":"Barcelona ser\u00e1 la capital de las nuevas tecnolog\u00edas en turismo","description":"C\u00f3mo impactan las nuevas tecnolog\u00edas en el turismo gastron\u00f3mico, el auge del turismo experiencial o las claves para anticiparse a los deseos del viajero","robots":{"index":"index","follow":"follow","max-snippet":"max-snippet:-1","max-image-preview":"max-image-preview:large","max-video-preview":"max-video-preview:-1"},"canonical":"https:\/\/eurecat.org\/es\/barcelona-sera-en-abril-la-capital-de-las-nuevas-tecnologias-en-turismo\/","og_locale":"es_ES","og_type":"article","og_title":"Barcelona ser\u00e1 la capital de las nuevas tecnolog\u00edas en turismo","og_description":"C\u00f3mo impactan las nuevas tecnolog\u00edas en el turismo gastron\u00f3mico, el auge del turismo experiencial o las claves para anticiparse a los deseos del viajero","og_url":"https:\/\/eurecat.org\/es\/barcelona-sera-en-abril-la-capital-de-las-nuevas-tecnologias-en-turismo\/","og_site_name":"Eurecat","article_published_time":"2016-04-04T14:11:50+00:00","article_modified_time":"2016-10-23T16:54:08+00:00","og_image":[{"width":800,"height":533,"url":"https:\/\/eurecat.org\/wp-content\/uploads\/2016\/04\/imatgeTUristic.jpg","type":"image\/jpeg"}],"author":"EurecatEG","twitter_card":"summary_large_image","twitter_misc":{"Escrito por":"EurecatEG","Tiempo de lectura":"5 minutos"},"schema":{"@context":"https:\/\/schema.org","@graph":[{"@type":"Article","@id":"https:\/\/eurecat.org\/es\/barcelona-sera-en-abril-la-capital-de-las-nuevas-tecnologias-en-turismo\/#article","isPartOf":{"@id":"https:\/\/eurecat.org\/es\/barcelona-sera-en-abril-la-capital-de-las-nuevas-tecnologias-en-turismo\/"},"author":{"name":"EurecatEG","@id":"https:\/\/eurecat.org\/es\/#\/schema\/person\/def9217eded50ee57a9dc4cf0c883f80"},"headline":"Barcelona ser\u00e1 en abril la capital de las nuevas tecnolog\u00edas en turismo","datePublished":"2016-04-04T14:11:50+00:00","dateModified":"2016-10-23T16:54:08+00:00","mainEntityOfPage":{"@id":"https:\/\/eurecat.org\/es\/barcelona-sera-en-abril-la-capital-de-las-nuevas-tecnologias-en-turismo\/"},"wordCount":1055,"commentCount":0,"image":{"@id":"https:\/\/eurecat.org\/es\/barcelona-sera-en-abril-la-capital-de-las-nuevas-tecnologias-en-turismo\/#primaryimage"},"thumbnailUrl":"https:\/\/eurecat.org\/wp-content\/uploads\/2016\/04\/imatgeTUristic.jpg","articleSection":["Data Science &amp; Big Data Analytics","Notas de prensa"],"inLanguage":"es","potentialAction":[{"@type":"CommentAction","name":"Comment","target":["https:\/\/eurecat.org\/es\/barcelona-sera-en-abril-la-capital-de-las-nuevas-tecnologias-en-turismo\/#respond"]}]},{"@type":"WebPage","@id":"https:\/\/eurecat.org\/es\/barcelona-sera-en-abril-la-capital-de-las-nuevas-tecnologias-en-turismo\/","url":"https:\/\/eurecat.org\/es\/barcelona-sera-en-abril-la-capital-de-las-nuevas-tecnologias-en-turismo\/","name":"Barcelona ser\u00e1 la capital de las nuevas tecnolog\u00edas en turismo","isPartOf":{"@id":"https:\/\/eurecat.org\/es\/#website"},"primaryImageOfPage":{"@id":"https:\/\/eurecat.org\/es\/barcelona-sera-en-abril-la-capital-de-las-nuevas-tecnologias-en-turismo\/#primaryimage"},"image":{"@id":"https:\/\/eurecat.org\/es\/barcelona-sera-en-abril-la-capital-de-las-nuevas-tecnologias-en-turismo\/#primaryimage"},"thumbnailUrl":"https:\/\/eurecat.org\/wp-content\/uploads\/2016\/04\/imatgeTUristic.jpg","datePublished":"2016-04-04T14:11:50+00:00","dateModified":"2016-10-23T16:54:08+00:00","author":{"@id":"https:\/\/eurecat.org\/es\/#\/schema\/person\/def9217eded50ee57a9dc4cf0c883f80"},"description":"C\u00f3mo impactan las nuevas tecnolog\u00edas en el turismo gastron\u00f3mico, el auge del turismo experiencial o las claves para anticiparse a los deseos del viajero","breadcrumb":{"@id":"https:\/\/eurecat.org\/es\/barcelona-sera-en-abril-la-capital-de-las-nuevas-tecnologias-en-turismo\/#breadcrumb"},"inLanguage":"es","potentialAction":[{"@type":"ReadAction","target":["https:\/\/eurecat.org\/es\/barcelona-sera-en-abril-la-capital-de-las-nuevas-tecnologias-en-turismo\/"]}]},{"@type":"ImageObject","inLanguage":"es","@id":"https:\/\/eurecat.org\/es\/barcelona-sera-en-abril-la-capital-de-las-nuevas-tecnologias-en-turismo\/#primaryimage","url":"https:\/\/eurecat.org\/wp-content\/uploads\/2016\/04\/imatgeTUristic.jpg","contentUrl":"https:\/\/eurecat.org\/wp-content\/uploads\/2016\/04\/imatgeTUristic.jpg","width":800,"height":533,"caption":"TurisTIC Eurecat"},{"@type":"BreadcrumbList","@id":"https:\/\/eurecat.org\/es\/barcelona-sera-en-abril-la-capital-de-las-nuevas-tecnologias-en-turismo\/#breadcrumb","itemListElement":[{"@type":"ListItem","position":1,"name":"Inici","item":"https:\/\/eurecat.org\/es\/"},{"@type":"ListItem","position":2,"name":"Barcelona ser\u00e1 en abril la capital de las nuevas tecnolog\u00edas en turismo"}]},{"@type":"WebSite","@id":"https:\/\/eurecat.org\/es\/#website","url":"https:\/\/eurecat.org\/es\/","name":"Eurecat","description":"Otro sitio realizado con WordPress","potentialAction":[{"@type":"SearchAction","target":{"@type":"EntryPoint","urlTemplate":"https:\/\/eurecat.org\/es\/?s={search_term_string}"},"query-input":{"@type":"PropertyValueSpecification","valueRequired":true,"valueName":"search_term_string"}}],"inLanguage":"es"},{"@type":"Person","@id":"https:\/\/eurecat.org\/es\/#\/schema\/person\/def9217eded50ee57a9dc4cf0c883f80","name":"EurecatEG","image":{"@type":"ImageObject","inLanguage":"es","@id":"https:\/\/secure.gravatar.com\/avatar\/f40dd9b6ecd3e5c591f3c9b033e495ee0ec9877ba77249fbf268b3889350c824?s=96&d=mm&r=g","url":"https:\/\/secure.gravatar.com\/avatar\/f40dd9b6ecd3e5c591f3c9b033e495ee0ec9877ba77249fbf268b3889350c824?s=96&d=mm&r=g","contentUrl":"https:\/\/secure.gravatar.com\/avatar\/f40dd9b6ecd3e5c591f3c9b033e495ee0ec9877ba77249fbf268b3889350c824?s=96&d=mm&r=g","caption":"EurecatEG"}}]}},"_links":{"self":[{"href":"https:\/\/eurecat.org\/es\/wp-json\/wp\/v2\/posts\/6805","targetHints":{"allow":["GET"]}}],"collection":[{"href":"https:\/\/eurecat.org\/es\/wp-json\/wp\/v2\/posts"}],"about":[{"href":"https:\/\/eurecat.org\/es\/wp-json\/wp\/v2\/types\/post"}],"author":[{"embeddable":true,"href":"https:\/\/eurecat.org\/es\/wp-json\/wp\/v2\/users\/12"}],"replies":[{"embeddable":true,"href":"https:\/\/eurecat.org\/es\/wp-json\/wp\/v2\/comments?post=6805"}],"version-history":[{"count":0,"href":"https:\/\/eurecat.org\/es\/wp-json\/wp\/v2\/posts\/6805\/revisions"}],"wp:featuredmedia":[{"embeddable":true,"href":"https:\/\/eurecat.org\/es\/wp-json\/wp\/v2\/media\/6802"}],"wp:attachment":[{"href":"https:\/\/eurecat.org\/es\/wp-json\/wp\/v2\/media?parent=6805"}],"wp:term":[{"taxonomy":"category","embeddable":true,"href":"https:\/\/eurecat.org\/es\/wp-json\/wp\/v2\/categories?post=6805"},{"taxonomy":"post_tag","embeddable":true,"href":"https:\/\/eurecat.org\/es\/wp-json\/wp\/v2\/tags?post=6805"}],"curies":[{"name":"wp","href":"https:\/\/api.w.org\/{rel}","templated":true}]}}