{"id":71121,"date":"2018-09-27T10:33:06","date_gmt":"2018-09-27T10:33:06","guid":{"rendered":"https:\/\/eurecat.org\/?p=71121"},"modified":"2018-09-27T10:34:33","modified_gmt":"2018-09-27T10:34:33","slug":"la-innovacion-empresarial-eje-central-de-la-inaguracion-de-la-sede-de-eurecat-en-barcelona","status":"publish","type":"post","link":"https:\/\/eurecat.org\/es\/la-innovacion-empresarial-eje-central-de-la-inaguracion-de-la-sede-de-eurecat-en-barcelona\/","title":{"rendered":"La innovaci\u00f3n empresarial, eje central de la inaguraci\u00f3n de la sede de Eurecat en Barcelona"},"content":{"rendered":"<p>La sede de Eurecat en Barcelona acogi\u00f3 d\u00eda 20 de septiembre, con motivo de la inauguraci\u00f3n de las nuevas instalaciones en el 22@, diferentes presentaciones con ejemplos de la innovaci\u00f3n del centro tecnol\u00f3gico para los <strong>sectores de la automoci\u00f3n<\/strong>, con Nissan; <strong>la salud<\/strong>, con HIPRA; <strong>la cultura, la comunicaci\u00f3n y el turismo<\/strong>, con Advanced Leisure Services, ALS; <strong>la rob\u00f3tica y la automatizaci\u00f3n<\/strong>, con FCC; y la <strong>alimentaci\u00f3n<\/strong>, con la empresa Andr\u00e9s Pintaluba.<\/p>\n<p>La presentaci\u00f3n dedicada a la automoci\u00f3n cont\u00f3 con la presencia del General Manager de ingenier\u00eda de nuevos modelos de <strong>Nissan Europa<\/strong>, <strong>Sergio Alcaraz<\/strong>, que destac\u00f3 que Nissan trabaja para \u00abredefinir el futuro del sector de la automoci\u00f3n\u00bb y quiere hacerlo potenciando su \u00ab<strong>capacidad de imaginar, crear y estar siempre a la b\u00fasqueda de la mejora continua en los procesos productivos \u00ab<\/strong>.<\/p>\n<p>Eurecat como Centro Tecnol\u00f3gico de Catalu\u00f1a \u00abes un importante colaborador que ha mostrado a Nissan su experiencia innovadora, de la que esperamos que surjan una serie de colaboraciones estrat\u00e9gicas que maximizar\u00e1n las oportunidades de innovaci\u00f3n que tenemos en nuestra planta de Barcelona \u00ab, resalt\u00f3 Sergio Alcaraz.<\/p>\n<p>\u00abLa innovaci\u00f3n es clave en HIPRA y est\u00e1 presente en todas las \u00e1reas de la empresa. Sin embargo, necesitamos investigaci\u00f3n b\u00e1sica y puntera que desarrollamos conjuntamente con universidades catalanas y centros de investigaci\u00f3n y tecnol\u00f3gicos de todo el mundo\u00bb, se\u00f1al\u00f3 <strong>la directora de I+D y Registros de Laboratorios de HIPRA<\/strong>, \u00c8lia Torroella, en su presentaci\u00f3n dedicada a la salud. En este sentido, remarc\u00f3 que Eurecat aporta a HIPRA \u00abentre otras cosas, conocimientos en \u00e1reas como la electr\u00f3nica, software, sensores, y mec\u00e1nica de fluidos que no tenemos integradas, desde un punto de vista pragm\u00e1tico y enfocado a la salida de un nuevo producto en el mercado\u00bb.<\/p>\n<p>El director general de Andr\u00e9s Pintaluba, Andreu Pintaluba, estuvo presente en la presentaci\u00f3n dedicada a la alimentaci\u00f3n y destac\u00f3 la colaboraci\u00f3n con Eurecat \u00aben diferentes proyectos de validaci\u00f3n de nuevos ingredientes y productos para nutrici\u00f3n animal y humana, lo que conlleva una colaboraci\u00f3n estrecha entre mi empresa y el centro tecnol\u00f3gico para resolver nuevos retos innovadores para nuestro sector\u00bb.<\/p>\n<p>En la parte sobre la comunicaci\u00f3n y el turismo, el presidente de Advanced Leisure Services (ALS), \u00c1ngel D\u00edaz, subray\u00f3 el trabajo conjunto con Eurecat \u00aben la creaci\u00f3n de espacios visitables innovadores, como el Mobile World Center, en la generaci\u00f3n de contenidos dirigidos a poner en valor el patrimonio catal\u00e1n, en el Visitor Center del Palau Moja en la Rambla de Barcelona y, en estos momentos, en la creaci\u00f3n de la Estrategia de Marketing Tur\u00edstico del Destino Barcelona\u00bb.<\/p>\n<p>Tambi\u00e9n hubo un espacio dedicado a las infraestructuras, donde el director de la Delegaci\u00f3n de Medio Ambiente de Barcelona y Baleares de FCC, Francesc Xavier Grau Alafont, se refiri\u00f3 a la colaboraci\u00f3n con Eurecat en el desarrollo del proyecto ARSI, que aplica drones a la inspecci\u00f3n del alcantarillado. \u00abLa uni\u00f3n de experiencias y capacidades de organizaciones tan diferentes para llegar a la creaci\u00f3n de ARSI ha sido un ejemplo de \u00e9xito que con toda seguridad repetiremos en el futuro\u00bb, dijo.<\/p>\n<h2>Cultura, comunicaci\u00f3n y turismo: Big Data para el turismo y nuevos formatos de audio 3D<\/h2>\n<p>La presentaci\u00f3n dedicada a la cultura y el turismo incluy\u00f3 un ejemplo de aplicaci\u00f3n de Big Data y de soluciones de Internet de las Cosas en el an\u00e1lisis de los flujos tur\u00edsticos en torno a la Sagrada Familia, de forma que es posible conocer las din\u00e1micas de movilidad de los visitantes, c\u00f3mo impacta su presencia en el entorno y el uso que hacen del transporte p\u00fablico para desplazarse, entre otros aspectos.<\/p>\n<p>Tambi\u00e9n se mostr\u00f3 el funcionamiento del sistema de audio 3D inmersivo del proyecto BINCI, financiado por la Uni\u00f3n Europea en el marco del programa Horizonte 2020, el cual ofrece una soluci\u00f3n integrada de software y hardware para facilitar la producci\u00f3n, post-producci\u00f3n y distribuci\u00f3n de contenido de audio binaural o audio 3D para permitir a dise\u00f1adores de sonido, productores y artistas crear contenidos en audio 3D para el sector de la m\u00fasica, la realidad virtual y el cine.<\/p>\n<h2>Innovaci\u00f3n empresarial en Infraestructuras: drones para inspeccionar cloacas<\/h2>\n<p>Los drones para inspeccionar las alcantarillas de Barcelona fueron los protagonistas de la presentaci\u00f3n centrada en infraestructuras. En este caso, la compa\u00f1\u00eda FCC y Eurecat participan, junto a las empresas Simtech Design e IBAKA, en el proyecto europeo ARSI, que ha dise\u00f1ado, creado y probado un dron para examinar la red de alcantarillado.<\/p>\n<p>El consorcio ha probado con \u00e9xito un veh\u00edculo micro a\u00e9reo (MAV), multirrotor y equipado con sensores de navegaci\u00f3n, que es capaz de reducir los riesgos laborales asociados a esta actividad y recortar los gastos de mantenimiento, mediante inspecciones m\u00e1s precisas y r\u00e1pidas.<\/p>\n<p>Adem\u00e1s, el aparato tambi\u00e9n puede llegar donde los veh\u00edculos terrestres no lo hacen, ya que la acumulaci\u00f3n de residuos y de aguas pluviales lo impide.<\/p>\n<h2><strong>Investigaci\u00f3n aplicada en Automoci\u00f3n: rob\u00f3tica colaborativa<\/strong><\/h2>\n<p>La parte dedicada a automoci\u00f3n incluy\u00f3 desde ejemplos de rob\u00f3tica colaborativa para la industria y la aplicabilidad de exoesqueletos en procesos de fabricaci\u00f3n para la reducci\u00f3n del riesgo de lesiones en operaciones que requieran un esfuerzo f\u00edsico o posturas inc\u00f3modas hasta piezas de composites que tienen propiedades que permiten aligerar el peso de los veh\u00edculos.<\/p>\n<p>Tambi\u00e9n se mostr\u00f3 el paragolpes Structlight, que es un ejemplo de desarrollo de nuevos componentes estructurales para automoci\u00f3n en matriz termopl\u00e1stica con diferentes tipolog\u00edas de fibras no met\u00e1licas que permite la reducci\u00f3n del 30 por ciento de peso, aumento de los niveles de seguridad del veh\u00edculo y garant\u00eda de la reciclabilidad de los componentes.<\/p>\n<p>Otros elementos del stand fueron la aplicabilidad de aceros avanzados de alta resistencia para aplicaciones estructurales del veh\u00edculo y la validaci\u00f3n y testeo de bater\u00edas.<\/p>\n<h2><strong>Innovaci\u00f3n empresarial en Salud: monitorizaci\u00f3n remota de pacientes, tejidos 3D<\/strong><\/h2>\n<p>En el espacio dedicado a la salud, se pudo ver un nuevo sistema de monitorizaci\u00f3n remota de los pacientes desarrollado por Eurecat, denominado ekenku, que permite el seguimiento de las constantes vitales en casos de enfermos cr\u00f3nicos complejos o de pacientes que requieren esta atenci\u00f3n, como puede ser despu\u00e9s de episodios agudos o antes y despu\u00e9s de una intervenci\u00f3n.<\/p>\n<p>Otros elementos de la presentaci\u00f3n fueron un textil 3D para la prevenci\u00f3n de las \u00falceras por presi\u00f3n en pacientes encamados desarrollado por el Consorcio Sanitario del Maresme y Eurecat y iCardio, el electrocardi\u00f3grafo digital inal\u00e1mbrico m\u00e1s peque\u00f1o del mundo de la empresa especializada en sistemas de telemedicina Telehealth Devices, as\u00ed como dispositivos innovadores de neurocirug\u00eda craneal y espinal del startup de Eurecat NEOS Surgery.<strong>\u00a0<\/strong><\/p>\n<h2><strong>Innovaci\u00f3n empresarial en Alimentaci\u00f3n: estudio de productos saludables<\/strong><\/h2>\n<p>La presentaci\u00f3n sobre alimentaci\u00f3n hizo referencia a un estudio, denominado CITRUS, que Eurecat ha realizado para comprobar los efectos saludables del consumo de zumo de naranja natural sobre la presi\u00f3n arterial, encargado por un consorcio internacional llamado Citrus Health Claim Initiative, formado por el Estado de Florida de los Estados Unidos, la filial europea de la Asociaci\u00f3n Internacional de fabricantes de zumos (AIJN) y los productores m\u00e1s importantes de c\u00edtricos y jugos de Brasil, dentro de su estrategia cient\u00edfica.<\/p>\n<p>Tambi\u00e9n se mostr\u00f3 el resultado de un estudio sobre el efecto saludable de un extracto de la piel de avellana que ha dado pie a la patente de una fibra antioxidante con el nombre de FIBEROX\u00ae por parte de la empresa Uni\u00f3 Corporaci\u00f3 Aliment\u00e0ria y un prototipo de esp\u00e1tula inteligente que mide la salinidad de los alimentos autom\u00e1ticamente y que ha sido dise\u00f1ado en colaboraci\u00f3n con Eurecat, en el marco del proyecto Do CHANGE<\/p>\n","protected":false},"excerpt":{"rendered":"<p>La sede de Eurecat en Barcelona acogi\u00f3 d\u00eda 20 de septiembre, con motivo de la inauguraci\u00f3n de las nuevas instalaciones en el 22@, diferentes presentaciones con ejemplos de la innovaci\u00f3n del centro tecnol\u00f3gico para los sectores de la automoci\u00f3n, con Nissan; la salud, con HIPRA; la cultura, la comunicaci\u00f3n y el turismo, con Advanced Leisure  [&#8230;]<\/p>\n","protected":false},"author":6,"featured_media":71150,"comment_status":"open","ping_status":"closed","sticky":false,"template":"","format":"standard","meta":{"footnotes":""},"categories":[133,682],"tags":[],"class_list":["post-71121","post","type-post","status-publish","format-standard","has-post-thumbnail","hentry","category-blog","category-corporatiu-es"],"yoast_head":"<!-- This site is optimized with the Yoast SEO plugin v27.4 - https:\/\/yoast.com\/product\/yoast-seo-wordpress\/ -->\n<title>La innovaci\u00f3n empresarial, eje central de la inaguraci\u00f3n de la sede de Eurecat en Barcelona - Eurecat<\/title>\n<meta name=\"description\" content=\"Eureca ha mostrado su innovaci\u00f3n con empresas durante el acto de inauguraci\u00f3n de la sede en Barcelona mediante mostraciones pr\u00e1cticas.\" \/>\n<meta name=\"robots\" content=\"index, follow, max-snippet:-1, max-image-preview:large, max-video-preview:-1\" \/>\n<link rel=\"canonical\" href=\"https:\/\/eurecat.org\/es\/la-innovacion-empresarial-eje-central-de-la-inaguracion-de-la-sede-de-eurecat-en-barcelona\/\" \/>\n<meta property=\"og:locale\" content=\"es_ES\" \/>\n<meta property=\"og:type\" content=\"article\" \/>\n<meta property=\"og:title\" content=\"La innovaci\u00f3n empresarial, eje central de la inaguraci\u00f3n de la sede de Eurecat en Barcelona - Eurecat\" \/>\n<meta property=\"og:description\" content=\"Eureca ha mostrado su innovaci\u00f3n con empresas durante el acto de inauguraci\u00f3n de la sede en Barcelona mediante mostraciones pr\u00e1cticas.\" \/>\n<meta property=\"og:url\" content=\"https:\/\/eurecat.org\/es\/la-innovacion-empresarial-eje-central-de-la-inaguracion-de-la-sede-de-eurecat-en-barcelona\/\" \/>\n<meta property=\"og:site_name\" content=\"Eurecat\" \/>\n<meta property=\"article:published_time\" content=\"2018-09-27T10:33:06+00:00\" \/>\n<meta property=\"article:modified_time\" content=\"2018-09-27T10:34:33+00:00\" \/>\n<meta property=\"og:image\" content=\"https:\/\/eurecat.org\/wp-content\/uploads\/2018\/09\/innovacion-empresarial.jpg\" \/>\n\t<meta property=\"og:image:width\" content=\"800\" \/>\n\t<meta property=\"og:image:height\" content=\"442\" \/>\n\t<meta property=\"og:image:type\" content=\"image\/jpeg\" \/>\n<meta name=\"author\" content=\"EurecatEM\" \/>\n<meta name=\"twitter:card\" content=\"summary_large_image\" \/>\n<meta name=\"twitter:label1\" content=\"Escrito por\" \/>\n\t<meta name=\"twitter:data1\" content=\"EurecatEM\" \/>\n\t<meta name=\"twitter:label2\" content=\"Tiempo de lectura\" \/>\n\t<meta name=\"twitter:data2\" content=\"7 minutos\" \/>\n<script type=\"application\/ld+json\" class=\"yoast-schema-graph\">{\"@context\":\"https:\\\/\\\/schema.org\",\"@graph\":[{\"@type\":\"Article\",\"@id\":\"https:\\\/\\\/eurecat.org\\\/es\\\/la-innovacion-empresarial-eje-central-de-la-inaguracion-de-la-sede-de-eurecat-en-barcelona\\\/#article\",\"isPartOf\":{\"@id\":\"https:\\\/\\\/eurecat.org\\\/es\\\/la-innovacion-empresarial-eje-central-de-la-inaguracion-de-la-sede-de-eurecat-en-barcelona\\\/\"},\"author\":{\"name\":\"EurecatEM\",\"@id\":\"https:\\\/\\\/eurecat.org\\\/es\\\/#\\\/schema\\\/person\\\/540d47fd9da63c4587cbae01b88e4db3\"},\"headline\":\"La innovaci\u00f3n empresarial, eje central de la inaguraci\u00f3n de la sede de Eurecat en Barcelona\",\"datePublished\":\"2018-09-27T10:33:06+00:00\",\"dateModified\":\"2018-09-27T10:34:33+00:00\",\"mainEntityOfPage\":{\"@id\":\"https:\\\/\\\/eurecat.org\\\/es\\\/la-innovacion-empresarial-eje-central-de-la-inaguracion-de-la-sede-de-eurecat-en-barcelona\\\/\"},\"wordCount\":1369,\"commentCount\":0,\"image\":{\"@id\":\"https:\\\/\\\/eurecat.org\\\/es\\\/la-innovacion-empresarial-eje-central-de-la-inaguracion-de-la-sede-de-eurecat-en-barcelona\\\/#primaryimage\"},\"thumbnailUrl\":\"https:\\\/\\\/eurecat.org\\\/wp-content\\\/uploads\\\/2018\\\/09\\\/innovacion-empresarial.jpg\",\"articleSection\":[\"Blog\",\"Corporativo\"],\"inLanguage\":\"es\",\"potentialAction\":[{\"@type\":\"CommentAction\",\"name\":\"Comment\",\"target\":[\"https:\\\/\\\/eurecat.org\\\/es\\\/la-innovacion-empresarial-eje-central-de-la-inaguracion-de-la-sede-de-eurecat-en-barcelona\\\/#respond\"]}]},{\"@type\":\"WebPage\",\"@id\":\"https:\\\/\\\/eurecat.org\\\/es\\\/la-innovacion-empresarial-eje-central-de-la-inaguracion-de-la-sede-de-eurecat-en-barcelona\\\/\",\"url\":\"https:\\\/\\\/eurecat.org\\\/es\\\/la-innovacion-empresarial-eje-central-de-la-inaguracion-de-la-sede-de-eurecat-en-barcelona\\\/\",\"name\":\"La innovaci\u00f3n empresarial, eje central de la inaguraci\u00f3n de la sede de Eurecat en Barcelona - Eurecat\",\"isPartOf\":{\"@id\":\"https:\\\/\\\/eurecat.org\\\/es\\\/#website\"},\"primaryImageOfPage\":{\"@id\":\"https:\\\/\\\/eurecat.org\\\/es\\\/la-innovacion-empresarial-eje-central-de-la-inaguracion-de-la-sede-de-eurecat-en-barcelona\\\/#primaryimage\"},\"image\":{\"@id\":\"https:\\\/\\\/eurecat.org\\\/es\\\/la-innovacion-empresarial-eje-central-de-la-inaguracion-de-la-sede-de-eurecat-en-barcelona\\\/#primaryimage\"},\"thumbnailUrl\":\"https:\\\/\\\/eurecat.org\\\/wp-content\\\/uploads\\\/2018\\\/09\\\/innovacion-empresarial.jpg\",\"datePublished\":\"2018-09-27T10:33:06+00:00\",\"dateModified\":\"2018-09-27T10:34:33+00:00\",\"author\":{\"@id\":\"https:\\\/\\\/eurecat.org\\\/es\\\/#\\\/schema\\\/person\\\/540d47fd9da63c4587cbae01b88e4db3\"},\"description\":\"Eureca ha mostrado su innovaci\u00f3n con empresas durante el acto de inauguraci\u00f3n de la sede en Barcelona mediante mostraciones pr\u00e1cticas.\",\"breadcrumb\":{\"@id\":\"https:\\\/\\\/eurecat.org\\\/es\\\/la-innovacion-empresarial-eje-central-de-la-inaguracion-de-la-sede-de-eurecat-en-barcelona\\\/#breadcrumb\"},\"inLanguage\":\"es\",\"potentialAction\":[{\"@type\":\"ReadAction\",\"target\":[\"https:\\\/\\\/eurecat.org\\\/es\\\/la-innovacion-empresarial-eje-central-de-la-inaguracion-de-la-sede-de-eurecat-en-barcelona\\\/\"]}]},{\"@type\":\"ImageObject\",\"inLanguage\":\"es\",\"@id\":\"https:\\\/\\\/eurecat.org\\\/es\\\/la-innovacion-empresarial-eje-central-de-la-inaguracion-de-la-sede-de-eurecat-en-barcelona\\\/#primaryimage\",\"url\":\"https:\\\/\\\/eurecat.org\\\/wp-content\\\/uploads\\\/2018\\\/09\\\/innovacion-empresarial.jpg\",\"contentUrl\":\"https:\\\/\\\/eurecat.org\\\/wp-content\\\/uploads\\\/2018\\\/09\\\/innovacion-empresarial.jpg\",\"width\":800,\"height\":442,\"caption\":\"innovaci\u00f3 amb empreses\"},{\"@type\":\"BreadcrumbList\",\"@id\":\"https:\\\/\\\/eurecat.org\\\/es\\\/la-innovacion-empresarial-eje-central-de-la-inaguracion-de-la-sede-de-eurecat-en-barcelona\\\/#breadcrumb\",\"itemListElement\":[{\"@type\":\"ListItem\",\"position\":1,\"name\":\"Inici\",\"item\":\"https:\\\/\\\/eurecat.org\\\/es\\\/\"},{\"@type\":\"ListItem\",\"position\":2,\"name\":\"La innovaci\u00f3n empresarial, eje central de la inaguraci\u00f3n de la sede de Eurecat en Barcelona\"}]},{\"@type\":\"WebSite\",\"@id\":\"https:\\\/\\\/eurecat.org\\\/es\\\/#website\",\"url\":\"https:\\\/\\\/eurecat.org\\\/es\\\/\",\"name\":\"Eurecat\",\"description\":\"Otro sitio realizado con WordPress\",\"potentialAction\":[{\"@type\":\"SearchAction\",\"target\":{\"@type\":\"EntryPoint\",\"urlTemplate\":\"https:\\\/\\\/eurecat.org\\\/es\\\/?s={search_term_string}\"},\"query-input\":{\"@type\":\"PropertyValueSpecification\",\"valueRequired\":true,\"valueName\":\"search_term_string\"}}],\"inLanguage\":\"es\"},{\"@type\":\"Person\",\"@id\":\"https:\\\/\\\/eurecat.org\\\/es\\\/#\\\/schema\\\/person\\\/540d47fd9da63c4587cbae01b88e4db3\",\"name\":\"EurecatEM\",\"image\":{\"@type\":\"ImageObject\",\"inLanguage\":\"es\",\"@id\":\"https:\\\/\\\/secure.gravatar.com\\\/avatar\\\/deb330c0660ac5bf74cae5724d94229935e34c26df9bce576399b4da2212af05?s=96&d=mm&r=g\",\"url\":\"https:\\\/\\\/secure.gravatar.com\\\/avatar\\\/deb330c0660ac5bf74cae5724d94229935e34c26df9bce576399b4da2212af05?s=96&d=mm&r=g\",\"contentUrl\":\"https:\\\/\\\/secure.gravatar.com\\\/avatar\\\/deb330c0660ac5bf74cae5724d94229935e34c26df9bce576399b4da2212af05?s=96&d=mm&r=g\",\"caption\":\"EurecatEM\"}}]}<\/script>\n<!-- \/ Yoast SEO plugin. -->","yoast_head_json":{"title":"La innovaci\u00f3n empresarial, eje central de la inaguraci\u00f3n de la sede de Eurecat en Barcelona - Eurecat","description":"Eureca ha mostrado su innovaci\u00f3n con empresas durante el acto de inauguraci\u00f3n de la sede en Barcelona mediante mostraciones pr\u00e1cticas.","robots":{"index":"index","follow":"follow","max-snippet":"max-snippet:-1","max-image-preview":"max-image-preview:large","max-video-preview":"max-video-preview:-1"},"canonical":"https:\/\/eurecat.org\/es\/la-innovacion-empresarial-eje-central-de-la-inaguracion-de-la-sede-de-eurecat-en-barcelona\/","og_locale":"es_ES","og_type":"article","og_title":"La innovaci\u00f3n empresarial, eje central de la inaguraci\u00f3n de la sede de Eurecat en Barcelona - Eurecat","og_description":"Eureca ha mostrado su innovaci\u00f3n con empresas durante el acto de inauguraci\u00f3n de la sede en Barcelona mediante mostraciones pr\u00e1cticas.","og_url":"https:\/\/eurecat.org\/es\/la-innovacion-empresarial-eje-central-de-la-inaguracion-de-la-sede-de-eurecat-en-barcelona\/","og_site_name":"Eurecat","article_published_time":"2018-09-27T10:33:06+00:00","article_modified_time":"2018-09-27T10:34:33+00:00","og_image":[{"width":800,"height":442,"url":"https:\/\/eurecat.org\/wp-content\/uploads\/2018\/09\/innovacion-empresarial.jpg","type":"image\/jpeg"}],"author":"EurecatEM","twitter_card":"summary_large_image","twitter_misc":{"Escrito por":"EurecatEM","Tiempo de lectura":"7 minutos"},"schema":{"@context":"https:\/\/schema.org","@graph":[{"@type":"Article","@id":"https:\/\/eurecat.org\/es\/la-innovacion-empresarial-eje-central-de-la-inaguracion-de-la-sede-de-eurecat-en-barcelona\/#article","isPartOf":{"@id":"https:\/\/eurecat.org\/es\/la-innovacion-empresarial-eje-central-de-la-inaguracion-de-la-sede-de-eurecat-en-barcelona\/"},"author":{"name":"EurecatEM","@id":"https:\/\/eurecat.org\/es\/#\/schema\/person\/540d47fd9da63c4587cbae01b88e4db3"},"headline":"La innovaci\u00f3n empresarial, eje central de la inaguraci\u00f3n de la sede de Eurecat en Barcelona","datePublished":"2018-09-27T10:33:06+00:00","dateModified":"2018-09-27T10:34:33+00:00","mainEntityOfPage":{"@id":"https:\/\/eurecat.org\/es\/la-innovacion-empresarial-eje-central-de-la-inaguracion-de-la-sede-de-eurecat-en-barcelona\/"},"wordCount":1369,"commentCount":0,"image":{"@id":"https:\/\/eurecat.org\/es\/la-innovacion-empresarial-eje-central-de-la-inaguracion-de-la-sede-de-eurecat-en-barcelona\/#primaryimage"},"thumbnailUrl":"https:\/\/eurecat.org\/wp-content\/uploads\/2018\/09\/innovacion-empresarial.jpg","articleSection":["Blog","Corporativo"],"inLanguage":"es","potentialAction":[{"@type":"CommentAction","name":"Comment","target":["https:\/\/eurecat.org\/es\/la-innovacion-empresarial-eje-central-de-la-inaguracion-de-la-sede-de-eurecat-en-barcelona\/#respond"]}]},{"@type":"WebPage","@id":"https:\/\/eurecat.org\/es\/la-innovacion-empresarial-eje-central-de-la-inaguracion-de-la-sede-de-eurecat-en-barcelona\/","url":"https:\/\/eurecat.org\/es\/la-innovacion-empresarial-eje-central-de-la-inaguracion-de-la-sede-de-eurecat-en-barcelona\/","name":"La innovaci\u00f3n empresarial, eje central de la inaguraci\u00f3n de la sede de Eurecat en Barcelona - Eurecat","isPartOf":{"@id":"https:\/\/eurecat.org\/es\/#website"},"primaryImageOfPage":{"@id":"https:\/\/eurecat.org\/es\/la-innovacion-empresarial-eje-central-de-la-inaguracion-de-la-sede-de-eurecat-en-barcelona\/#primaryimage"},"image":{"@id":"https:\/\/eurecat.org\/es\/la-innovacion-empresarial-eje-central-de-la-inaguracion-de-la-sede-de-eurecat-en-barcelona\/#primaryimage"},"thumbnailUrl":"https:\/\/eurecat.org\/wp-content\/uploads\/2018\/09\/innovacion-empresarial.jpg","datePublished":"2018-09-27T10:33:06+00:00","dateModified":"2018-09-27T10:34:33+00:00","author":{"@id":"https:\/\/eurecat.org\/es\/#\/schema\/person\/540d47fd9da63c4587cbae01b88e4db3"},"description":"Eureca ha mostrado su innovaci\u00f3n con empresas durante el acto de inauguraci\u00f3n de la sede en Barcelona mediante mostraciones pr\u00e1cticas.","breadcrumb":{"@id":"https:\/\/eurecat.org\/es\/la-innovacion-empresarial-eje-central-de-la-inaguracion-de-la-sede-de-eurecat-en-barcelona\/#breadcrumb"},"inLanguage":"es","potentialAction":[{"@type":"ReadAction","target":["https:\/\/eurecat.org\/es\/la-innovacion-empresarial-eje-central-de-la-inaguracion-de-la-sede-de-eurecat-en-barcelona\/"]}]},{"@type":"ImageObject","inLanguage":"es","@id":"https:\/\/eurecat.org\/es\/la-innovacion-empresarial-eje-central-de-la-inaguracion-de-la-sede-de-eurecat-en-barcelona\/#primaryimage","url":"https:\/\/eurecat.org\/wp-content\/uploads\/2018\/09\/innovacion-empresarial.jpg","contentUrl":"https:\/\/eurecat.org\/wp-content\/uploads\/2018\/09\/innovacion-empresarial.jpg","width":800,"height":442,"caption":"innovaci\u00f3 amb empreses"},{"@type":"BreadcrumbList","@id":"https:\/\/eurecat.org\/es\/la-innovacion-empresarial-eje-central-de-la-inaguracion-de-la-sede-de-eurecat-en-barcelona\/#breadcrumb","itemListElement":[{"@type":"ListItem","position":1,"name":"Inici","item":"https:\/\/eurecat.org\/es\/"},{"@type":"ListItem","position":2,"name":"La innovaci\u00f3n empresarial, eje central de la inaguraci\u00f3n de la sede de Eurecat en Barcelona"}]},{"@type":"WebSite","@id":"https:\/\/eurecat.org\/es\/#website","url":"https:\/\/eurecat.org\/es\/","name":"Eurecat","description":"Otro sitio realizado con WordPress","potentialAction":[{"@type":"SearchAction","target":{"@type":"EntryPoint","urlTemplate":"https:\/\/eurecat.org\/es\/?s={search_term_string}"},"query-input":{"@type":"PropertyValueSpecification","valueRequired":true,"valueName":"search_term_string"}}],"inLanguage":"es"},{"@type":"Person","@id":"https:\/\/eurecat.org\/es\/#\/schema\/person\/540d47fd9da63c4587cbae01b88e4db3","name":"EurecatEM","image":{"@type":"ImageObject","inLanguage":"es","@id":"https:\/\/secure.gravatar.com\/avatar\/deb330c0660ac5bf74cae5724d94229935e34c26df9bce576399b4da2212af05?s=96&d=mm&r=g","url":"https:\/\/secure.gravatar.com\/avatar\/deb330c0660ac5bf74cae5724d94229935e34c26df9bce576399b4da2212af05?s=96&d=mm&r=g","contentUrl":"https:\/\/secure.gravatar.com\/avatar\/deb330c0660ac5bf74cae5724d94229935e34c26df9bce576399b4da2212af05?s=96&d=mm&r=g","caption":"EurecatEM"}}]}},"_links":{"self":[{"href":"https:\/\/eurecat.org\/es\/wp-json\/wp\/v2\/posts\/71121","targetHints":{"allow":["GET"]}}],"collection":[{"href":"https:\/\/eurecat.org\/es\/wp-json\/wp\/v2\/posts"}],"about":[{"href":"https:\/\/eurecat.org\/es\/wp-json\/wp\/v2\/types\/post"}],"author":[{"embeddable":true,"href":"https:\/\/eurecat.org\/es\/wp-json\/wp\/v2\/users\/6"}],"replies":[{"embeddable":true,"href":"https:\/\/eurecat.org\/es\/wp-json\/wp\/v2\/comments?post=71121"}],"version-history":[{"count":0,"href":"https:\/\/eurecat.org\/es\/wp-json\/wp\/v2\/posts\/71121\/revisions"}],"wp:featuredmedia":[{"embeddable":true,"href":"https:\/\/eurecat.org\/es\/wp-json\/wp\/v2\/media\/71150"}],"wp:attachment":[{"href":"https:\/\/eurecat.org\/es\/wp-json\/wp\/v2\/media?parent=71121"}],"wp:term":[{"taxonomy":"category","embeddable":true,"href":"https:\/\/eurecat.org\/es\/wp-json\/wp\/v2\/categories?post=71121"},{"taxonomy":"post_tag","embeddable":true,"href":"https:\/\/eurecat.org\/es\/wp-json\/wp\/v2\/tags?post=71121"}],"curies":[{"name":"wp","href":"https:\/\/api.w.org\/{rel}","templated":true}]}}