{"id":71205,"date":"2018-09-28T10:10:29","date_gmt":"2018-09-28T10:10:29","guid":{"rendered":"https:\/\/eurecat.org\/?p=71205"},"modified":"2018-10-01T10:43:38","modified_gmt":"2018-10-01T10:43:38","slug":"desarrollan-un-nuevo-sistema-de-recubrimiento-de-fachadas-y-tejados-mas-sostenible","status":"publish","type":"post","link":"https:\/\/eurecat.org\/es\/desarrollan-un-nuevo-sistema-de-recubrimiento-de-fachadas-y-tejados-mas-sostenible\/","title":{"rendered":"Desarrollan un nuevo sistema de recubrimiento de fachadas y tejados m\u00e1s sostenible"},"content":{"rendered":"<p>Eurecat participa en el proyecto europeo\u00a0<strong>BRESAER<\/strong>, que se <strong>centra en la rehabilitaci\u00f3n sostenible de edificios y que tiene la finalidad de crear un nuevo sistema de recubrimiento de fachadas y tejados para hacer que estos procesos sean m\u00e1s asequibles<\/strong> y respetuosos con el medio ambiente.<\/p>\n<p>Seg\u00fan destaca la ingeniera de I+D del centro tecnol\u00f3gico responsable de este proyecto, Mariona Ciscar, el Sistema BRESAER, que ya est\u00e1 en su tercer a\u00f1o, \u201cune productos de diferentes desarrolladores ofreciendo un sistema completo industrializado para rehabilitaci\u00f3n de edificios\u201c.<\/p>\n<p>La soluci\u00f3n de\u00a0BREASER\u00a0incluye una combinaci\u00f3n de estructuras prefabricadas activas y pasivas que se integran en una estructura ligera y vers\u00e1til. Esta nueva tecnolog\u00eda permite reducir significativamente el gasto energ\u00e9tico de los edificios y las emisiones de gases de efecto invern\u00e1culo con un coste de obra asequible.<\/p>\n<p>Por otro lado, el sistema\u00a0BRESAER, en el que ha participado la <a href=\"https:\/\/eurecat.org\/es\/ambitos-de-conocimiento\/innovacion-producto-simulacion-multifisica\/\">unidad de Desarrollo de Producto de Eurecat<\/a>, dentro del programa H2020 financiado por la Comisi\u00f3n Europea, permite aumentar el bienestar y el confort interior del edificio, ya que tambi\u00e9n regula el aislamiento ac\u00fastico y t\u00e9rmico, as\u00ed como el nivel de luz y la calidad del aire. El rol de Eurecat en este proyecto ha sido dise\u00f1ar un nuevo modelo de persiana autom\u00e1tica conectada con el edificio que contribuye a su aislamiento integr\u00e1ndose con los otros sistemas.<\/p>\n<p>El proyecto \u201ces un gran reto\u201d para la Unidad de Producto de Eurecat, donde \u201cdesarrollamos un producto innovador, una persiana de altas prestaciones, desde el concepto inicial seguido de la fabricaci\u00f3n de las persianas hasta la instalaci\u00f3n final en el edificio\u201d, recalca Ciscar.<\/p>\n<p>BREASER est\u00e1 desarrollado como soluci\u00f3n integral, ya que permite monitorizar los par\u00e1metros de eficiencia del edificio mediante un sistema de gesti\u00f3n de la energ\u00eda que posibilita ver el ahorro que aporta el sistema.<\/p>\n","protected":false},"excerpt":{"rendered":"<p>Eurecat participa en el proyecto europeo\u00a0BRESAER, que se centra en la rehabilitaci\u00f3n sostenible de edificios y que tiene la finalidad de crear un nuevo sistema de recubrimiento de fachadas y tejados para hacer que estos procesos sean m\u00e1s asequibles y respetuosos con el medio ambiente. Seg\u00fan destaca la ingeniera de I+D del centro tecnol\u00f3gico responsable  [&#8230;]<\/p>\n","protected":false},"author":6,"featured_media":71210,"comment_status":"open","ping_status":"closed","sticky":false,"template":"","format":"standard","meta":{"footnotes":""},"categories":[400,134],"tags":[],"class_list":["post-71205","post","type-post","status-publish","format-standard","has-post-thumbnail","hentry","category-desarrollo-producto","category-notas-de-prensa"],"yoast_head":"<!-- This site is optimized with the Yoast SEO plugin v27.5 - https:\/\/yoast.com\/product\/yoast-seo-wordpress\/ -->\n<title>Desarrollan un nuevo sistema de recubrimiento de fachadas y tejados m\u00e1s sostenible - Eurecat<\/title>\n<meta name=\"description\" content=\"Un proyecto crear\u00e1 un nuevo sistema de recubrimiento de fachada y tejados para hacer que estos procesos sean m\u00e1s asequibles y sostenibles.\" \/>\n<meta name=\"robots\" content=\"index, follow, max-snippet:-1, max-image-preview:large, max-video-preview:-1\" \/>\n<link rel=\"canonical\" href=\"https:\/\/eurecat.org\/es\/desarrollan-un-nuevo-sistema-de-recubrimiento-de-fachadas-y-tejados-mas-sostenible\/\" \/>\n<meta property=\"og:locale\" content=\"es_ES\" \/>\n<meta property=\"og:type\" content=\"article\" \/>\n<meta property=\"og:title\" content=\"Desarrollan un nuevo sistema de recubrimiento de fachadas y tejados m\u00e1s sostenible - Eurecat\" \/>\n<meta property=\"og:description\" content=\"Un proyecto crear\u00e1 un nuevo sistema de recubrimiento de fachada y tejados para hacer que estos procesos sean m\u00e1s asequibles y sostenibles.\" \/>\n<meta property=\"og:url\" content=\"https:\/\/eurecat.org\/es\/desarrollan-un-nuevo-sistema-de-recubrimiento-de-fachadas-y-tejados-mas-sostenible\/\" \/>\n<meta property=\"og:site_name\" content=\"Eurecat\" \/>\n<meta property=\"article:published_time\" content=\"2018-09-28T10:10:29+00:00\" \/>\n<meta property=\"article:modified_time\" content=\"2018-10-01T10:43:38+00:00\" \/>\n<meta property=\"og:image\" content=\"https:\/\/eurecat.org\/wp-content\/uploads\/2018\/09\/recobriment_facanes.jpg\" \/>\n\t<meta property=\"og:image:width\" content=\"800\" \/>\n\t<meta property=\"og:image:height\" content=\"442\" \/>\n\t<meta property=\"og:image:type\" content=\"image\/jpeg\" \/>\n<meta name=\"author\" content=\"EurecatEM\" \/>\n<meta name=\"twitter:card\" content=\"summary_large_image\" \/>\n<meta name=\"twitter:label1\" content=\"Escrito por\" \/>\n\t<meta name=\"twitter:data1\" content=\"EurecatEM\" \/>\n\t<meta name=\"twitter:label2\" content=\"Tiempo de lectura\" \/>\n\t<meta name=\"twitter:data2\" content=\"2 minutos\" \/>\n<script type=\"application\/ld+json\" class=\"yoast-schema-graph\">{\"@context\":\"https:\\\/\\\/schema.org\",\"@graph\":[{\"@type\":\"Article\",\"@id\":\"https:\\\/\\\/eurecat.org\\\/es\\\/desarrollan-un-nuevo-sistema-de-recubrimiento-de-fachadas-y-tejados-mas-sostenible\\\/#article\",\"isPartOf\":{\"@id\":\"https:\\\/\\\/eurecat.org\\\/es\\\/desarrollan-un-nuevo-sistema-de-recubrimiento-de-fachadas-y-tejados-mas-sostenible\\\/\"},\"author\":{\"name\":\"EurecatEM\",\"@id\":\"https:\\\/\\\/eurecat.org\\\/es\\\/#\\\/schema\\\/person\\\/540d47fd9da63c4587cbae01b88e4db3\"},\"headline\":\"Desarrollan un nuevo sistema de recubrimiento de fachadas y tejados m\u00e1s sostenible\",\"datePublished\":\"2018-09-28T10:10:29+00:00\",\"dateModified\":\"2018-10-01T10:43:38+00:00\",\"mainEntityOfPage\":{\"@id\":\"https:\\\/\\\/eurecat.org\\\/es\\\/desarrollan-un-nuevo-sistema-de-recubrimiento-de-fachadas-y-tejados-mas-sostenible\\\/\"},\"wordCount\":336,\"commentCount\":0,\"image\":{\"@id\":\"https:\\\/\\\/eurecat.org\\\/es\\\/desarrollan-un-nuevo-sistema-de-recubrimiento-de-fachadas-y-tejados-mas-sostenible\\\/#primaryimage\"},\"thumbnailUrl\":\"https:\\\/\\\/eurecat.org\\\/wp-content\\\/uploads\\\/2018\\\/09\\\/recobriment_facanes.jpg\",\"articleSection\":[\"Desarrollo de Producto\",\"Notas de prensa\"],\"inLanguage\":\"es\",\"potentialAction\":[{\"@type\":\"CommentAction\",\"name\":\"Comment\",\"target\":[\"https:\\\/\\\/eurecat.org\\\/es\\\/desarrollan-un-nuevo-sistema-de-recubrimiento-de-fachadas-y-tejados-mas-sostenible\\\/#respond\"]}]},{\"@type\":\"WebPage\",\"@id\":\"https:\\\/\\\/eurecat.org\\\/es\\\/desarrollan-un-nuevo-sistema-de-recubrimiento-de-fachadas-y-tejados-mas-sostenible\\\/\",\"url\":\"https:\\\/\\\/eurecat.org\\\/es\\\/desarrollan-un-nuevo-sistema-de-recubrimiento-de-fachadas-y-tejados-mas-sostenible\\\/\",\"name\":\"Desarrollan un nuevo sistema de recubrimiento de fachadas y tejados m\u00e1s sostenible - Eurecat\",\"isPartOf\":{\"@id\":\"https:\\\/\\\/eurecat.org\\\/es\\\/#website\"},\"primaryImageOfPage\":{\"@id\":\"https:\\\/\\\/eurecat.org\\\/es\\\/desarrollan-un-nuevo-sistema-de-recubrimiento-de-fachadas-y-tejados-mas-sostenible\\\/#primaryimage\"},\"image\":{\"@id\":\"https:\\\/\\\/eurecat.org\\\/es\\\/desarrollan-un-nuevo-sistema-de-recubrimiento-de-fachadas-y-tejados-mas-sostenible\\\/#primaryimage\"},\"thumbnailUrl\":\"https:\\\/\\\/eurecat.org\\\/wp-content\\\/uploads\\\/2018\\\/09\\\/recobriment_facanes.jpg\",\"datePublished\":\"2018-09-28T10:10:29+00:00\",\"dateModified\":\"2018-10-01T10:43:38+00:00\",\"author\":{\"@id\":\"https:\\\/\\\/eurecat.org\\\/es\\\/#\\\/schema\\\/person\\\/540d47fd9da63c4587cbae01b88e4db3\"},\"description\":\"Un proyecto crear\u00e1 un nuevo sistema de recubrimiento de fachada y tejados para hacer que estos procesos sean m\u00e1s asequibles y sostenibles.\",\"breadcrumb\":{\"@id\":\"https:\\\/\\\/eurecat.org\\\/es\\\/desarrollan-un-nuevo-sistema-de-recubrimiento-de-fachadas-y-tejados-mas-sostenible\\\/#breadcrumb\"},\"inLanguage\":\"es\",\"potentialAction\":[{\"@type\":\"ReadAction\",\"target\":[\"https:\\\/\\\/eurecat.org\\\/es\\\/desarrollan-un-nuevo-sistema-de-recubrimiento-de-fachadas-y-tejados-mas-sostenible\\\/\"]}]},{\"@type\":\"ImageObject\",\"inLanguage\":\"es\",\"@id\":\"https:\\\/\\\/eurecat.org\\\/es\\\/desarrollan-un-nuevo-sistema-de-recubrimiento-de-fachadas-y-tejados-mas-sostenible\\\/#primaryimage\",\"url\":\"https:\\\/\\\/eurecat.org\\\/wp-content\\\/uploads\\\/2018\\\/09\\\/recobriment_facanes.jpg\",\"contentUrl\":\"https:\\\/\\\/eurecat.org\\\/wp-content\\\/uploads\\\/2018\\\/09\\\/recobriment_facanes.jpg\",\"width\":800,\"height\":442,\"caption\":\"recobriment de fa\u00e7anes\"},{\"@type\":\"BreadcrumbList\",\"@id\":\"https:\\\/\\\/eurecat.org\\\/es\\\/desarrollan-un-nuevo-sistema-de-recubrimiento-de-fachadas-y-tejados-mas-sostenible\\\/#breadcrumb\",\"itemListElement\":[{\"@type\":\"ListItem\",\"position\":1,\"name\":\"Inici\",\"item\":\"https:\\\/\\\/eurecat.org\\\/es\\\/\"},{\"@type\":\"ListItem\",\"position\":2,\"name\":\"Desarrollan un nuevo sistema de recubrimiento de fachadas y tejados m\u00e1s sostenible\"}]},{\"@type\":\"WebSite\",\"@id\":\"https:\\\/\\\/eurecat.org\\\/es\\\/#website\",\"url\":\"https:\\\/\\\/eurecat.org\\\/es\\\/\",\"name\":\"Eurecat\",\"description\":\"Otro sitio realizado con WordPress\",\"potentialAction\":[{\"@type\":\"SearchAction\",\"target\":{\"@type\":\"EntryPoint\",\"urlTemplate\":\"https:\\\/\\\/eurecat.org\\\/es\\\/?s={search_term_string}\"},\"query-input\":{\"@type\":\"PropertyValueSpecification\",\"valueRequired\":true,\"valueName\":\"search_term_string\"}}],\"inLanguage\":\"es\"},{\"@type\":\"Person\",\"@id\":\"https:\\\/\\\/eurecat.org\\\/es\\\/#\\\/schema\\\/person\\\/540d47fd9da63c4587cbae01b88e4db3\",\"name\":\"EurecatEM\",\"image\":{\"@type\":\"ImageObject\",\"inLanguage\":\"es\",\"@id\":\"https:\\\/\\\/secure.gravatar.com\\\/avatar\\\/deb330c0660ac5bf74cae5724d94229935e34c26df9bce576399b4da2212af05?s=96&d=mm&r=g\",\"url\":\"https:\\\/\\\/secure.gravatar.com\\\/avatar\\\/deb330c0660ac5bf74cae5724d94229935e34c26df9bce576399b4da2212af05?s=96&d=mm&r=g\",\"contentUrl\":\"https:\\\/\\\/secure.gravatar.com\\\/avatar\\\/deb330c0660ac5bf74cae5724d94229935e34c26df9bce576399b4da2212af05?s=96&d=mm&r=g\",\"caption\":\"EurecatEM\"}}]}<\/script>\n<!-- \/ Yoast SEO plugin. -->","yoast_head_json":{"title":"Desarrollan un nuevo sistema de recubrimiento de fachadas y tejados m\u00e1s sostenible - Eurecat","description":"Un proyecto crear\u00e1 un nuevo sistema de recubrimiento de fachada y tejados para hacer que estos procesos sean m\u00e1s asequibles y sostenibles.","robots":{"index":"index","follow":"follow","max-snippet":"max-snippet:-1","max-image-preview":"max-image-preview:large","max-video-preview":"max-video-preview:-1"},"canonical":"https:\/\/eurecat.org\/es\/desarrollan-un-nuevo-sistema-de-recubrimiento-de-fachadas-y-tejados-mas-sostenible\/","og_locale":"es_ES","og_type":"article","og_title":"Desarrollan un nuevo sistema de recubrimiento de fachadas y tejados m\u00e1s sostenible - Eurecat","og_description":"Un proyecto crear\u00e1 un nuevo sistema de recubrimiento de fachada y tejados para hacer que estos procesos sean m\u00e1s asequibles y sostenibles.","og_url":"https:\/\/eurecat.org\/es\/desarrollan-un-nuevo-sistema-de-recubrimiento-de-fachadas-y-tejados-mas-sostenible\/","og_site_name":"Eurecat","article_published_time":"2018-09-28T10:10:29+00:00","article_modified_time":"2018-10-01T10:43:38+00:00","og_image":[{"width":800,"height":442,"url":"https:\/\/eurecat.org\/wp-content\/uploads\/2018\/09\/recobriment_facanes.jpg","type":"image\/jpeg"}],"author":"EurecatEM","twitter_card":"summary_large_image","twitter_misc":{"Escrito por":"EurecatEM","Tiempo de lectura":"2 minutos"},"schema":{"@context":"https:\/\/schema.org","@graph":[{"@type":"Article","@id":"https:\/\/eurecat.org\/es\/desarrollan-un-nuevo-sistema-de-recubrimiento-de-fachadas-y-tejados-mas-sostenible\/#article","isPartOf":{"@id":"https:\/\/eurecat.org\/es\/desarrollan-un-nuevo-sistema-de-recubrimiento-de-fachadas-y-tejados-mas-sostenible\/"},"author":{"name":"EurecatEM","@id":"https:\/\/eurecat.org\/es\/#\/schema\/person\/540d47fd9da63c4587cbae01b88e4db3"},"headline":"Desarrollan un nuevo sistema de recubrimiento de fachadas y tejados m\u00e1s sostenible","datePublished":"2018-09-28T10:10:29+00:00","dateModified":"2018-10-01T10:43:38+00:00","mainEntityOfPage":{"@id":"https:\/\/eurecat.org\/es\/desarrollan-un-nuevo-sistema-de-recubrimiento-de-fachadas-y-tejados-mas-sostenible\/"},"wordCount":336,"commentCount":0,"image":{"@id":"https:\/\/eurecat.org\/es\/desarrollan-un-nuevo-sistema-de-recubrimiento-de-fachadas-y-tejados-mas-sostenible\/#primaryimage"},"thumbnailUrl":"https:\/\/eurecat.org\/wp-content\/uploads\/2018\/09\/recobriment_facanes.jpg","articleSection":["Desarrollo de Producto","Notas de prensa"],"inLanguage":"es","potentialAction":[{"@type":"CommentAction","name":"Comment","target":["https:\/\/eurecat.org\/es\/desarrollan-un-nuevo-sistema-de-recubrimiento-de-fachadas-y-tejados-mas-sostenible\/#respond"]}]},{"@type":"WebPage","@id":"https:\/\/eurecat.org\/es\/desarrollan-un-nuevo-sistema-de-recubrimiento-de-fachadas-y-tejados-mas-sostenible\/","url":"https:\/\/eurecat.org\/es\/desarrollan-un-nuevo-sistema-de-recubrimiento-de-fachadas-y-tejados-mas-sostenible\/","name":"Desarrollan un nuevo sistema de recubrimiento de fachadas y tejados m\u00e1s sostenible - Eurecat","isPartOf":{"@id":"https:\/\/eurecat.org\/es\/#website"},"primaryImageOfPage":{"@id":"https:\/\/eurecat.org\/es\/desarrollan-un-nuevo-sistema-de-recubrimiento-de-fachadas-y-tejados-mas-sostenible\/#primaryimage"},"image":{"@id":"https:\/\/eurecat.org\/es\/desarrollan-un-nuevo-sistema-de-recubrimiento-de-fachadas-y-tejados-mas-sostenible\/#primaryimage"},"thumbnailUrl":"https:\/\/eurecat.org\/wp-content\/uploads\/2018\/09\/recobriment_facanes.jpg","datePublished":"2018-09-28T10:10:29+00:00","dateModified":"2018-10-01T10:43:38+00:00","author":{"@id":"https:\/\/eurecat.org\/es\/#\/schema\/person\/540d47fd9da63c4587cbae01b88e4db3"},"description":"Un proyecto crear\u00e1 un nuevo sistema de recubrimiento de fachada y tejados para hacer que estos procesos sean m\u00e1s asequibles y sostenibles.","breadcrumb":{"@id":"https:\/\/eurecat.org\/es\/desarrollan-un-nuevo-sistema-de-recubrimiento-de-fachadas-y-tejados-mas-sostenible\/#breadcrumb"},"inLanguage":"es","potentialAction":[{"@type":"ReadAction","target":["https:\/\/eurecat.org\/es\/desarrollan-un-nuevo-sistema-de-recubrimiento-de-fachadas-y-tejados-mas-sostenible\/"]}]},{"@type":"ImageObject","inLanguage":"es","@id":"https:\/\/eurecat.org\/es\/desarrollan-un-nuevo-sistema-de-recubrimiento-de-fachadas-y-tejados-mas-sostenible\/#primaryimage","url":"https:\/\/eurecat.org\/wp-content\/uploads\/2018\/09\/recobriment_facanes.jpg","contentUrl":"https:\/\/eurecat.org\/wp-content\/uploads\/2018\/09\/recobriment_facanes.jpg","width":800,"height":442,"caption":"recobriment de fa\u00e7anes"},{"@type":"BreadcrumbList","@id":"https:\/\/eurecat.org\/es\/desarrollan-un-nuevo-sistema-de-recubrimiento-de-fachadas-y-tejados-mas-sostenible\/#breadcrumb","itemListElement":[{"@type":"ListItem","position":1,"name":"Inici","item":"https:\/\/eurecat.org\/es\/"},{"@type":"ListItem","position":2,"name":"Desarrollan un nuevo sistema de recubrimiento de fachadas y tejados m\u00e1s sostenible"}]},{"@type":"WebSite","@id":"https:\/\/eurecat.org\/es\/#website","url":"https:\/\/eurecat.org\/es\/","name":"Eurecat","description":"Otro sitio realizado con WordPress","potentialAction":[{"@type":"SearchAction","target":{"@type":"EntryPoint","urlTemplate":"https:\/\/eurecat.org\/es\/?s={search_term_string}"},"query-input":{"@type":"PropertyValueSpecification","valueRequired":true,"valueName":"search_term_string"}}],"inLanguage":"es"},{"@type":"Person","@id":"https:\/\/eurecat.org\/es\/#\/schema\/person\/540d47fd9da63c4587cbae01b88e4db3","name":"EurecatEM","image":{"@type":"ImageObject","inLanguage":"es","@id":"https:\/\/secure.gravatar.com\/avatar\/deb330c0660ac5bf74cae5724d94229935e34c26df9bce576399b4da2212af05?s=96&d=mm&r=g","url":"https:\/\/secure.gravatar.com\/avatar\/deb330c0660ac5bf74cae5724d94229935e34c26df9bce576399b4da2212af05?s=96&d=mm&r=g","contentUrl":"https:\/\/secure.gravatar.com\/avatar\/deb330c0660ac5bf74cae5724d94229935e34c26df9bce576399b4da2212af05?s=96&d=mm&r=g","caption":"EurecatEM"}}]}},"_links":{"self":[{"href":"https:\/\/eurecat.org\/es\/wp-json\/wp\/v2\/posts\/71205","targetHints":{"allow":["GET"]}}],"collection":[{"href":"https:\/\/eurecat.org\/es\/wp-json\/wp\/v2\/posts"}],"about":[{"href":"https:\/\/eurecat.org\/es\/wp-json\/wp\/v2\/types\/post"}],"author":[{"embeddable":true,"href":"https:\/\/eurecat.org\/es\/wp-json\/wp\/v2\/users\/6"}],"replies":[{"embeddable":true,"href":"https:\/\/eurecat.org\/es\/wp-json\/wp\/v2\/comments?post=71205"}],"version-history":[{"count":0,"href":"https:\/\/eurecat.org\/es\/wp-json\/wp\/v2\/posts\/71205\/revisions"}],"wp:featuredmedia":[{"embeddable":true,"href":"https:\/\/eurecat.org\/es\/wp-json\/wp\/v2\/media\/71210"}],"wp:attachment":[{"href":"https:\/\/eurecat.org\/es\/wp-json\/wp\/v2\/media?parent=71205"}],"wp:term":[{"taxonomy":"category","embeddable":true,"href":"https:\/\/eurecat.org\/es\/wp-json\/wp\/v2\/categories?post=71205"},{"taxonomy":"post_tag","embeddable":true,"href":"https:\/\/eurecat.org\/es\/wp-json\/wp\/v2\/tags?post=71205"}],"curies":[{"name":"wp","href":"https:\/\/api.w.org\/{rel}","templated":true}]}}