{"id":71482,"date":"2018-10-05T06:57:29","date_gmt":"2018-10-05T06:57:29","guid":{"rendered":"https:\/\/eurecat.org\/?p=71482"},"modified":"2018-10-05T14:43:25","modified_gmt":"2018-10-05T14:43:25","slug":"un-mono-de-triatlon-inteligente-para-el-ironman-barcelona-2018","status":"publish","type":"post","link":"https:\/\/eurecat.org\/es\/un-mono-de-triatlon-inteligente-para-el-ironman-barcelona-2018\/","title":{"rendered":"Un mono de triatl\u00f3n inteligente para el Ironman Barcelona 2018"},"content":{"rendered":"<p>Stefan Dauwalder es investigador de la <a href=\"https:\/\/eurecat.org\/es\/ambitos-de-conocimiento\/digital-health\/\"><strong>Unidad de eHealth<\/strong><\/a> de Eurecat. Tambi\u00e9n es un experimentado triatleta en su tiempo libre.<\/p>\n<p>Este domingo participar\u00e1 en el\u00a0<a href=\"http:\/\/eu.ironman.com\/es-es\/triathlon\/events\/emea\/ironman\/barcelona.aspx#axzz5SzcQn5WX\"><strong>Ironman de Barcelona 2018<\/strong><\/a> que se celebra en Calella, considerado la tercera prueba m\u00e1s relevante triatletismo en el calendario europeo, equipado con un mono de triatl\u00f3n inteligente que controlar\u00e1 sus constantes vitales.<\/p>\n<h2>Un mono de triatl\u00f3n inteligente desarrollado en el Maresme<\/h2>\n<div id=\"attachment_71477\" style=\"width: 650px\" class=\"wp-caption alignnone\"><img decoding=\"async\" aria-describedby=\"caption-attachment-71477\" class=\"wp-image-71477 size-full\" src=\"https:\/\/eurecat.org\/wp-content\/uploads\/2018\/10\/detall_mono.jpg\" alt=\"\" width=\"640\" height=\"420\" srcset=\"https:\/\/eurecat.org\/wp-content\/uploads\/2018\/10\/detall_mono-200x131.jpg 200w, https:\/\/eurecat.org\/wp-content\/uploads\/2018\/10\/detall_mono-300x197.jpg 300w, https:\/\/eurecat.org\/wp-content\/uploads\/2018\/10\/detall_mono-400x263.jpg 400w, https:\/\/eurecat.org\/wp-content\/uploads\/2018\/10\/detall_mono-600x394.jpg 600w, https:\/\/eurecat.org\/wp-content\/uploads\/2018\/10\/detall_mono.jpg 640w\" sizes=\"(max-width: 640px) 100vw, 640px\" \/><p id=\"caption-attachment-71477\" class=\"wp-caption-text\">Detalle de la pieza de ropa t\u00e9cnica.<\/p><\/div>\n<p>Se trata de una prenda deportiva desarrollada por el <strong>centro tecnol\u00f3gico Eurecat<\/strong> y <a href=\"https:\/\/www.hokosport.com\/es\/\"><strong>Hoko<\/strong><\/a>, una empresa de ropa deportiva t\u00e9cnica ubicada en Matar\u00f3.<\/p>\n<p>La pieza incorpora sensoria y electr\u00f3nica integrada para medir el ritmo card\u00edaco y otros par\u00e1metros. El mono se validar\u00e1 funcionalmente por primera vez en las pruebas de carrera y de bicicleta de esta carrera tan exigente.<\/p>\n<p>\u00abEn una competici\u00f3n de larga duraci\u00f3n y tan exigente como es el Ironman, <strong>permitir\u00e1 medir la correlaci\u00f3n entre par\u00e1metros como el ritmo respiratorio, el ritmo card\u00edaco y la actividad f\u00edsica<\/strong>\u00ab, se\u00f1ala Stefan.<\/p>\n<p>La validaci\u00f3n funcional de la tecnolog\u00eda wearable desarrollada en Eurecat-Matar\u00f3 para un cliente internacional har\u00e1 posible la medici\u00f3n y la recogida de datos para correlacionarlos y extraer conclusiones que podr\u00edan ser de aplicaci\u00f3n, tanto en el \u00e1mbito del <strong>deporte<\/strong>, como en el campo de la <strong>salud<\/strong>.<\/p>\n<p>Con este objetivo, Stefan tambi\u00e9n llevar\u00e1 otros dispositivos de mercado como un potenci\u00f3metro y un GPS.<\/p>\n<p>Para Hoko los resultados le servir\u00e1n para producir una nueva l\u00ednea espec\u00edfica de ropa deportiva pensada para pruebas de triatl\u00f3n.<\/p>\n<h2>Una iniciativa para impulsar el sector textil del Maresme<\/h2>\n<div id=\"attachment_71480\" style=\"width: 650px\" class=\"wp-caption alignnone\"><img decoding=\"async\" aria-describedby=\"caption-attachment-71480\" class=\"wp-image-71480 size-full\" src=\"https:\/\/eurecat.org\/wp-content\/uploads\/2018\/10\/bicicleta.jpg\" alt=\"bicicleta\" width=\"640\" height=\"420\" srcset=\"https:\/\/eurecat.org\/wp-content\/uploads\/2018\/10\/bicicleta-200x131.jpg 200w, https:\/\/eurecat.org\/wp-content\/uploads\/2018\/10\/bicicleta-300x197.jpg 300w, https:\/\/eurecat.org\/wp-content\/uploads\/2018\/10\/bicicleta-400x263.jpg 400w, https:\/\/eurecat.org\/wp-content\/uploads\/2018\/10\/bicicleta-600x394.jpg 600w, https:\/\/eurecat.org\/wp-content\/uploads\/2018\/10\/bicicleta.jpg 640w\" sizes=\"(max-width: 640px) 100vw, 640px\" \/><p id=\"caption-attachment-71480\" class=\"wp-caption-text\">La bicicleta es la especialidad de Stefan en la prueba.<\/p><\/div>\n<p>Esta iniciativa se engloba en el marco del Proyecto de Especializaci\u00f3n y Competitividad Territorial (PECT) de Matar\u00f3-Maresme, que engloba la estrategia <a href=\"http:\/\/reimaginetextile.com\"><strong>ReimagineTextile<\/strong><\/a>, liderada por Eurecat y el TecnoCampus de Matar\u00f3, y el <strong>Calella Sport City Lab<\/strong>, impulsado por convertir el municipio en un laboratorio urbano de innovaciones en el \u00e1mbito del deporte aprovechando que acoge un importante calendario de competiciones deportivas de alto nivel, como es el caso del Ironman.<\/p>\n<p>El PECT de Matar\u00f3-Maresme destinar\u00e1 al impulso del smart textil cerca de <strong>2 millones de euros<\/strong>, de los que 951.857,62 euros provienen del Fondo Europeo de Desarrollo Regional (FEDER) Catalu\u00f1a 2014-2020.<\/p>\n<p>El proyecto est\u00e1 coordinado por el Ayuntamiento de Matar\u00f3 y participado activamente por TecnoCampus, Eurecat y el Ayuntamiento de Calella, que desarrollar\u00e1n operaciones enmarcadas dentro del PECT y cofinanciadas en un 50 por ciento por los fondos FEDER.<\/p>\n","protected":false},"excerpt":{"rendered":"<p>Stefan Dauwalder es investigador de la Unidad de eHealth de Eurecat. Tambi\u00e9n es un experimentado triatleta en su tiempo libre. Este domingo participar\u00e1 en el\u00a0Ironman de Barcelona 2018 que se celebra en Calella, considerado la tercera prueba m\u00e1s relevante triatletismo en el calendario europeo, equipado con un mono de triatl\u00f3n inteligente que controlar\u00e1 sus constantes  [&#8230;]<\/p>\n","protected":false},"author":6,"featured_media":71474,"comment_status":"open","ping_status":"closed","sticky":false,"template":"","format":"standard","meta":{"footnotes":""},"categories":[133,413],"tags":[],"class_list":["post-71482","post","type-post","status-publish","format-standard","has-post-thumbnail","hentry","category-blog","category-tejidos-funcionales"],"yoast_head":"<!-- This site is optimized with the Yoast SEO plugin v27.4 - https:\/\/yoast.com\/product\/yoast-seo-wordpress\/ -->\n<title>Un mono de triatl\u00f3n inteligente para el Ironman Barcelona 2018 - Eurecat<\/title>\n<meta name=\"description\" content=\"Un investigador de Eurecat participar\u00e1 en el Ironman Barcelona 2018 equipado con un mono de triatl\u00f3n inteligente que controlar\u00e1 sus constantes vitales.\" \/>\n<meta name=\"robots\" content=\"index, follow, max-snippet:-1, max-image-preview:large, max-video-preview:-1\" \/>\n<link rel=\"canonical\" href=\"https:\/\/eurecat.org\/es\/un-mono-de-triatlon-inteligente-para-el-ironman-barcelona-2018\/\" \/>\n<meta property=\"og:locale\" content=\"es_ES\" \/>\n<meta property=\"og:type\" content=\"article\" \/>\n<meta property=\"og:title\" content=\"Un mono de triatl\u00f3n inteligente para el Ironman Barcelona 2018 - Eurecat\" \/>\n<meta property=\"og:description\" content=\"Un investigador de Eurecat participar\u00e1 en el Ironman Barcelona 2018 equipado con un mono de triatl\u00f3n inteligente que controlar\u00e1 sus constantes vitales.\" \/>\n<meta property=\"og:url\" content=\"https:\/\/eurecat.org\/es\/un-mono-de-triatlon-inteligente-para-el-ironman-barcelona-2018\/\" \/>\n<meta property=\"og:site_name\" content=\"Eurecat\" \/>\n<meta property=\"article:published_time\" content=\"2018-10-05T06:57:29+00:00\" \/>\n<meta property=\"article:modified_time\" content=\"2018-10-05T14:43:25+00:00\" \/>\n<meta property=\"og:image\" content=\"https:\/\/eurecat.org\/wp-content\/uploads\/2018\/10\/mono_triatlon.jpg\" \/>\n\t<meta property=\"og:image:width\" content=\"640\" \/>\n\t<meta property=\"og:image:height\" content=\"420\" \/>\n\t<meta property=\"og:image:type\" content=\"image\/jpeg\" \/>\n<meta name=\"author\" content=\"EurecatEM\" \/>\n<meta name=\"twitter:card\" content=\"summary_large_image\" \/>\n<meta name=\"twitter:label1\" content=\"Escrito por\" \/>\n\t<meta name=\"twitter:data1\" content=\"EurecatEM\" \/>\n\t<meta name=\"twitter:label2\" content=\"Tiempo de lectura\" \/>\n\t<meta name=\"twitter:data2\" content=\"2 minutos\" \/>\n<script type=\"application\/ld+json\" class=\"yoast-schema-graph\">{\"@context\":\"https:\\\/\\\/schema.org\",\"@graph\":[{\"@type\":\"Article\",\"@id\":\"https:\\\/\\\/eurecat.org\\\/es\\\/un-mono-de-triatlon-inteligente-para-el-ironman-barcelona-2018\\\/#article\",\"isPartOf\":{\"@id\":\"https:\\\/\\\/eurecat.org\\\/es\\\/un-mono-de-triatlon-inteligente-para-el-ironman-barcelona-2018\\\/\"},\"author\":{\"name\":\"EurecatEM\",\"@id\":\"https:\\\/\\\/eurecat.org\\\/es\\\/#\\\/schema\\\/person\\\/540d47fd9da63c4587cbae01b88e4db3\"},\"headline\":\"Un mono de triatl\u00f3n inteligente para el Ironman Barcelona 2018\",\"datePublished\":\"2018-10-05T06:57:29+00:00\",\"dateModified\":\"2018-10-05T14:43:25+00:00\",\"mainEntityOfPage\":{\"@id\":\"https:\\\/\\\/eurecat.org\\\/es\\\/un-mono-de-triatlon-inteligente-para-el-ironman-barcelona-2018\\\/\"},\"wordCount\":457,\"commentCount\":0,\"image\":{\"@id\":\"https:\\\/\\\/eurecat.org\\\/es\\\/un-mono-de-triatlon-inteligente-para-el-ironman-barcelona-2018\\\/#primaryimage\"},\"thumbnailUrl\":\"https:\\\/\\\/eurecat.org\\\/wp-content\\\/uploads\\\/2018\\\/10\\\/mono_triatlon.jpg\",\"articleSection\":[\"Blog\",\"Tejidos Funcionales\"],\"inLanguage\":\"es\",\"potentialAction\":[{\"@type\":\"CommentAction\",\"name\":\"Comment\",\"target\":[\"https:\\\/\\\/eurecat.org\\\/es\\\/un-mono-de-triatlon-inteligente-para-el-ironman-barcelona-2018\\\/#respond\"]}]},{\"@type\":\"WebPage\",\"@id\":\"https:\\\/\\\/eurecat.org\\\/es\\\/un-mono-de-triatlon-inteligente-para-el-ironman-barcelona-2018\\\/\",\"url\":\"https:\\\/\\\/eurecat.org\\\/es\\\/un-mono-de-triatlon-inteligente-para-el-ironman-barcelona-2018\\\/\",\"name\":\"Un mono de triatl\u00f3n inteligente para el Ironman Barcelona 2018 - Eurecat\",\"isPartOf\":{\"@id\":\"https:\\\/\\\/eurecat.org\\\/es\\\/#website\"},\"primaryImageOfPage\":{\"@id\":\"https:\\\/\\\/eurecat.org\\\/es\\\/un-mono-de-triatlon-inteligente-para-el-ironman-barcelona-2018\\\/#primaryimage\"},\"image\":{\"@id\":\"https:\\\/\\\/eurecat.org\\\/es\\\/un-mono-de-triatlon-inteligente-para-el-ironman-barcelona-2018\\\/#primaryimage\"},\"thumbnailUrl\":\"https:\\\/\\\/eurecat.org\\\/wp-content\\\/uploads\\\/2018\\\/10\\\/mono_triatlon.jpg\",\"datePublished\":\"2018-10-05T06:57:29+00:00\",\"dateModified\":\"2018-10-05T14:43:25+00:00\",\"author\":{\"@id\":\"https:\\\/\\\/eurecat.org\\\/es\\\/#\\\/schema\\\/person\\\/540d47fd9da63c4587cbae01b88e4db3\"},\"description\":\"Un investigador de Eurecat participar\u00e1 en el Ironman Barcelona 2018 equipado con un mono de triatl\u00f3n inteligente que controlar\u00e1 sus constantes vitales.\",\"breadcrumb\":{\"@id\":\"https:\\\/\\\/eurecat.org\\\/es\\\/un-mono-de-triatlon-inteligente-para-el-ironman-barcelona-2018\\\/#breadcrumb\"},\"inLanguage\":\"es\",\"potentialAction\":[{\"@type\":\"ReadAction\",\"target\":[\"https:\\\/\\\/eurecat.org\\\/es\\\/un-mono-de-triatlon-inteligente-para-el-ironman-barcelona-2018\\\/\"]}]},{\"@type\":\"ImageObject\",\"inLanguage\":\"es\",\"@id\":\"https:\\\/\\\/eurecat.org\\\/es\\\/un-mono-de-triatlon-inteligente-para-el-ironman-barcelona-2018\\\/#primaryimage\",\"url\":\"https:\\\/\\\/eurecat.org\\\/wp-content\\\/uploads\\\/2018\\\/10\\\/mono_triatlon.jpg\",\"contentUrl\":\"https:\\\/\\\/eurecat.org\\\/wp-content\\\/uploads\\\/2018\\\/10\\\/mono_triatlon.jpg\",\"width\":640,\"height\":420,\"caption\":\"mono de triatlo\"},{\"@type\":\"BreadcrumbList\",\"@id\":\"https:\\\/\\\/eurecat.org\\\/es\\\/un-mono-de-triatlon-inteligente-para-el-ironman-barcelona-2018\\\/#breadcrumb\",\"itemListElement\":[{\"@type\":\"ListItem\",\"position\":1,\"name\":\"Inici\",\"item\":\"https:\\\/\\\/eurecat.org\\\/es\\\/\"},{\"@type\":\"ListItem\",\"position\":2,\"name\":\"Un mono de triatl\u00f3n inteligente para el Ironman Barcelona 2018\"}]},{\"@type\":\"WebSite\",\"@id\":\"https:\\\/\\\/eurecat.org\\\/es\\\/#website\",\"url\":\"https:\\\/\\\/eurecat.org\\\/es\\\/\",\"name\":\"Eurecat\",\"description\":\"Otro sitio realizado con WordPress\",\"potentialAction\":[{\"@type\":\"SearchAction\",\"target\":{\"@type\":\"EntryPoint\",\"urlTemplate\":\"https:\\\/\\\/eurecat.org\\\/es\\\/?s={search_term_string}\"},\"query-input\":{\"@type\":\"PropertyValueSpecification\",\"valueRequired\":true,\"valueName\":\"search_term_string\"}}],\"inLanguage\":\"es\"},{\"@type\":\"Person\",\"@id\":\"https:\\\/\\\/eurecat.org\\\/es\\\/#\\\/schema\\\/person\\\/540d47fd9da63c4587cbae01b88e4db3\",\"name\":\"EurecatEM\",\"image\":{\"@type\":\"ImageObject\",\"inLanguage\":\"es\",\"@id\":\"https:\\\/\\\/secure.gravatar.com\\\/avatar\\\/deb330c0660ac5bf74cae5724d94229935e34c26df9bce576399b4da2212af05?s=96&d=mm&r=g\",\"url\":\"https:\\\/\\\/secure.gravatar.com\\\/avatar\\\/deb330c0660ac5bf74cae5724d94229935e34c26df9bce576399b4da2212af05?s=96&d=mm&r=g\",\"contentUrl\":\"https:\\\/\\\/secure.gravatar.com\\\/avatar\\\/deb330c0660ac5bf74cae5724d94229935e34c26df9bce576399b4da2212af05?s=96&d=mm&r=g\",\"caption\":\"EurecatEM\"}}]}<\/script>\n<!-- \/ Yoast SEO plugin. -->","yoast_head_json":{"title":"Un mono de triatl\u00f3n inteligente para el Ironman Barcelona 2018 - Eurecat","description":"Un investigador de Eurecat participar\u00e1 en el Ironman Barcelona 2018 equipado con un mono de triatl\u00f3n inteligente que controlar\u00e1 sus constantes vitales.","robots":{"index":"index","follow":"follow","max-snippet":"max-snippet:-1","max-image-preview":"max-image-preview:large","max-video-preview":"max-video-preview:-1"},"canonical":"https:\/\/eurecat.org\/es\/un-mono-de-triatlon-inteligente-para-el-ironman-barcelona-2018\/","og_locale":"es_ES","og_type":"article","og_title":"Un mono de triatl\u00f3n inteligente para el Ironman Barcelona 2018 - Eurecat","og_description":"Un investigador de Eurecat participar\u00e1 en el Ironman Barcelona 2018 equipado con un mono de triatl\u00f3n inteligente que controlar\u00e1 sus constantes vitales.","og_url":"https:\/\/eurecat.org\/es\/un-mono-de-triatlon-inteligente-para-el-ironman-barcelona-2018\/","og_site_name":"Eurecat","article_published_time":"2018-10-05T06:57:29+00:00","article_modified_time":"2018-10-05T14:43:25+00:00","og_image":[{"width":640,"height":420,"url":"https:\/\/eurecat.org\/wp-content\/uploads\/2018\/10\/mono_triatlon.jpg","type":"image\/jpeg"}],"author":"EurecatEM","twitter_card":"summary_large_image","twitter_misc":{"Escrito por":"EurecatEM","Tiempo de lectura":"2 minutos"},"schema":{"@context":"https:\/\/schema.org","@graph":[{"@type":"Article","@id":"https:\/\/eurecat.org\/es\/un-mono-de-triatlon-inteligente-para-el-ironman-barcelona-2018\/#article","isPartOf":{"@id":"https:\/\/eurecat.org\/es\/un-mono-de-triatlon-inteligente-para-el-ironman-barcelona-2018\/"},"author":{"name":"EurecatEM","@id":"https:\/\/eurecat.org\/es\/#\/schema\/person\/540d47fd9da63c4587cbae01b88e4db3"},"headline":"Un mono de triatl\u00f3n inteligente para el Ironman Barcelona 2018","datePublished":"2018-10-05T06:57:29+00:00","dateModified":"2018-10-05T14:43:25+00:00","mainEntityOfPage":{"@id":"https:\/\/eurecat.org\/es\/un-mono-de-triatlon-inteligente-para-el-ironman-barcelona-2018\/"},"wordCount":457,"commentCount":0,"image":{"@id":"https:\/\/eurecat.org\/es\/un-mono-de-triatlon-inteligente-para-el-ironman-barcelona-2018\/#primaryimage"},"thumbnailUrl":"https:\/\/eurecat.org\/wp-content\/uploads\/2018\/10\/mono_triatlon.jpg","articleSection":["Blog","Tejidos Funcionales"],"inLanguage":"es","potentialAction":[{"@type":"CommentAction","name":"Comment","target":["https:\/\/eurecat.org\/es\/un-mono-de-triatlon-inteligente-para-el-ironman-barcelona-2018\/#respond"]}]},{"@type":"WebPage","@id":"https:\/\/eurecat.org\/es\/un-mono-de-triatlon-inteligente-para-el-ironman-barcelona-2018\/","url":"https:\/\/eurecat.org\/es\/un-mono-de-triatlon-inteligente-para-el-ironman-barcelona-2018\/","name":"Un mono de triatl\u00f3n inteligente para el Ironman Barcelona 2018 - Eurecat","isPartOf":{"@id":"https:\/\/eurecat.org\/es\/#website"},"primaryImageOfPage":{"@id":"https:\/\/eurecat.org\/es\/un-mono-de-triatlon-inteligente-para-el-ironman-barcelona-2018\/#primaryimage"},"image":{"@id":"https:\/\/eurecat.org\/es\/un-mono-de-triatlon-inteligente-para-el-ironman-barcelona-2018\/#primaryimage"},"thumbnailUrl":"https:\/\/eurecat.org\/wp-content\/uploads\/2018\/10\/mono_triatlon.jpg","datePublished":"2018-10-05T06:57:29+00:00","dateModified":"2018-10-05T14:43:25+00:00","author":{"@id":"https:\/\/eurecat.org\/es\/#\/schema\/person\/540d47fd9da63c4587cbae01b88e4db3"},"description":"Un investigador de Eurecat participar\u00e1 en el Ironman Barcelona 2018 equipado con un mono de triatl\u00f3n inteligente que controlar\u00e1 sus constantes vitales.","breadcrumb":{"@id":"https:\/\/eurecat.org\/es\/un-mono-de-triatlon-inteligente-para-el-ironman-barcelona-2018\/#breadcrumb"},"inLanguage":"es","potentialAction":[{"@type":"ReadAction","target":["https:\/\/eurecat.org\/es\/un-mono-de-triatlon-inteligente-para-el-ironman-barcelona-2018\/"]}]},{"@type":"ImageObject","inLanguage":"es","@id":"https:\/\/eurecat.org\/es\/un-mono-de-triatlon-inteligente-para-el-ironman-barcelona-2018\/#primaryimage","url":"https:\/\/eurecat.org\/wp-content\/uploads\/2018\/10\/mono_triatlon.jpg","contentUrl":"https:\/\/eurecat.org\/wp-content\/uploads\/2018\/10\/mono_triatlon.jpg","width":640,"height":420,"caption":"mono de triatlo"},{"@type":"BreadcrumbList","@id":"https:\/\/eurecat.org\/es\/un-mono-de-triatlon-inteligente-para-el-ironman-barcelona-2018\/#breadcrumb","itemListElement":[{"@type":"ListItem","position":1,"name":"Inici","item":"https:\/\/eurecat.org\/es\/"},{"@type":"ListItem","position":2,"name":"Un mono de triatl\u00f3n inteligente para el Ironman Barcelona 2018"}]},{"@type":"WebSite","@id":"https:\/\/eurecat.org\/es\/#website","url":"https:\/\/eurecat.org\/es\/","name":"Eurecat","description":"Otro sitio realizado con WordPress","potentialAction":[{"@type":"SearchAction","target":{"@type":"EntryPoint","urlTemplate":"https:\/\/eurecat.org\/es\/?s={search_term_string}"},"query-input":{"@type":"PropertyValueSpecification","valueRequired":true,"valueName":"search_term_string"}}],"inLanguage":"es"},{"@type":"Person","@id":"https:\/\/eurecat.org\/es\/#\/schema\/person\/540d47fd9da63c4587cbae01b88e4db3","name":"EurecatEM","image":{"@type":"ImageObject","inLanguage":"es","@id":"https:\/\/secure.gravatar.com\/avatar\/deb330c0660ac5bf74cae5724d94229935e34c26df9bce576399b4da2212af05?s=96&d=mm&r=g","url":"https:\/\/secure.gravatar.com\/avatar\/deb330c0660ac5bf74cae5724d94229935e34c26df9bce576399b4da2212af05?s=96&d=mm&r=g","contentUrl":"https:\/\/secure.gravatar.com\/avatar\/deb330c0660ac5bf74cae5724d94229935e34c26df9bce576399b4da2212af05?s=96&d=mm&r=g","caption":"EurecatEM"}}]}},"_links":{"self":[{"href":"https:\/\/eurecat.org\/es\/wp-json\/wp\/v2\/posts\/71482","targetHints":{"allow":["GET"]}}],"collection":[{"href":"https:\/\/eurecat.org\/es\/wp-json\/wp\/v2\/posts"}],"about":[{"href":"https:\/\/eurecat.org\/es\/wp-json\/wp\/v2\/types\/post"}],"author":[{"embeddable":true,"href":"https:\/\/eurecat.org\/es\/wp-json\/wp\/v2\/users\/6"}],"replies":[{"embeddable":true,"href":"https:\/\/eurecat.org\/es\/wp-json\/wp\/v2\/comments?post=71482"}],"version-history":[{"count":0,"href":"https:\/\/eurecat.org\/es\/wp-json\/wp\/v2\/posts\/71482\/revisions"}],"wp:featuredmedia":[{"embeddable":true,"href":"https:\/\/eurecat.org\/es\/wp-json\/wp\/v2\/media\/71474"}],"wp:attachment":[{"href":"https:\/\/eurecat.org\/es\/wp-json\/wp\/v2\/media?parent=71482"}],"wp:term":[{"taxonomy":"category","embeddable":true,"href":"https:\/\/eurecat.org\/es\/wp-json\/wp\/v2\/categories?post=71482"},{"taxonomy":"post_tag","embeddable":true,"href":"https:\/\/eurecat.org\/es\/wp-json\/wp\/v2\/tags?post=71482"}],"curies":[{"name":"wp","href":"https:\/\/api.w.org\/{rel}","templated":true}]}}