{"id":77115,"date":"2019-02-22T09:22:12","date_gmt":"2019-02-22T09:22:12","guid":{"rendered":"https:\/\/eurecat.org\/?p=77115"},"modified":"2019-02-22T09:25:56","modified_gmt":"2019-02-22T09:25:56","slug":"el-pcttoc-y-eurecat-culminan-su-fusion","status":"publish","type":"post","link":"https:\/\/eurecat.org\/es\/el-pcttoc-y-eurecat-culminan-su-fusion\/","title":{"rendered":"El Parque Cient\u00edfico y Tecnol\u00f3gico de Turismo y Ocio de Catalu\u00f1a y Eurecat culminan su fusi\u00f3n"},"content":{"rendered":"<p><span lang=\"ES\">El Registro de Fundaciones de la Generalitat de Catalunya ha inscrito la <strong>fusi\u00f3n de la Fundaci\u00f3n del <\/strong><\/span><strong><span lang=\"ES\"><a href=\"http:\/\/www.pct-turisme.cat\/cast\/\">Parque Cient\u00edfico y Tecnol\u00f3gico de Turismo y Ocio de Catalu\u00f1a<\/a><\/span><\/strong><span lang=\"ES\"><strong> (PCTTOC)<\/strong>, con sede en Vila-seca, <strong>con el centro tecnol\u00f3gico <\/strong><\/span><strong><span lang=\"ES\"><a href=\"https:\/\/eurecat.org\/es\/\">Eurecat<\/a><\/span><\/strong><span lang=\"ES\">, por lo que se consolida su integraci\u00f3n, enfocada a impulsar la innovaci\u00f3n y la competitividad de los destinos y de las empresas tur\u00edsticas.<\/span><\/p>\n<p><span lang=\"ES\">La integraci\u00f3n <strong>supone la creaci\u00f3n del Departamento de Innovaci\u00f3n Tur\u00edstica de Eurecat<\/strong> y refuerza el posicionamiento del centro tecnol\u00f3gico como uno de los m\u00e1s importantes del Sur de Europa. La operaci\u00f3n conlleva la integraci\u00f3n del personal de la Fundaci\u00f3n del Parque Cient\u00edfico y Tecnol\u00f3gico de Turismo y Ocio de Catalu\u00f1a a Eurecat y se enmarca dentro de la estrategia del centro tecnol\u00f3gico de consolidaci\u00f3n de alianzas con agentes muy relevantes del sistema de innovaci\u00f3n, tanto desde el punto de vista sectorial como territorial.<\/span><\/p>\n<p><span lang=\"ES\">La integraci\u00f3n \u201cmejora el posicionamiento de Eurecat en un sector tan estrat\u00e9gico para la econom\u00eda catalana como es el tur\u00edstico y ampl\u00eda la presencia del centro tecnol\u00f3gico en el Sur de Catalu\u00f1a\u201d, destaca el presidente de Eurecat, Xavier Torra, quien pone de relieve el impacto que tendr\u00e1 la fusi\u00f3n en \u201cla aportaci\u00f3n de conocimiento tur\u00edstico especializado complementario al tejido empresarial, para mejorar y ampliar la oferta de servicios y productos, mediante la innovaci\u00f3n tecnol\u00f3gica\u201d.<\/span><\/p>\n<p><span lang=\"ES\">La operaci\u00f3n \u201cpermitir\u00e1 llegar a m\u00e1s empresas tur\u00edsticas y potenciar la innovaci\u00f3n, la competitividad y la sostenibilidad de los destinos, de la actividad y de los recursos tur\u00edsticos\u201d, mediante una \u201cmayor colaboraci\u00f3n entre agentes p\u00fablicos y privados vinculados al sector\u201d, remarca el director general Corporativo y de Operaciones de Eurecat, Xavier L\u00f3pez.<\/span><\/p>\n<p><span lang=\"ES\">De acuerdo con el director cient\u00edfico de la Fundaci\u00f3n del PCTTOC, Salvador Anton Clav\u00e9, que a partir de ahora asumir\u00e1 la direcci\u00f3n del Departamento de Innovaci\u00f3n Tur\u00edstica de Eurecat, la integraci\u00f3n significa la consolidaci\u00f3n en Catalu\u00f1a de un espacio de innovaci\u00f3n \u201corientado a promover la aplicaci\u00f3n de tecnolog\u00edas, inteligencia de mercados y sistemas de informaci\u00f3n en el \u00e1mbito del turismo, el ocio y otras actividades relacionadas como la cultura o los eventos\u201d.<\/span><\/p>\n<p><span lang=\"ES\">Catalu\u00f1a es uno de los principales destinos tur\u00edsticos del mundo. En conjunto, atrae anualmente m\u00e1s de 36 millones de turistas y genera unos ingresos cercanos a los 20.000 millones. Esto representa m\u00e1s del 11 por ciento del PIB catal\u00e1n y cerca del 14 por ciento del empleo en Catalu\u00f1a, con m\u00e1s de 400.000 puestos de trabajo, seg\u00fan datos de 2016. En 2030, Catalu\u00f1a podr\u00eda recibir entre 28 y 36 millones de turistas internacionales, de acuerdo con la proyecci\u00f3n de crecimiento estimada en el Plan Estrat\u00e9gico de Turismo de Catalu\u00f1a.<\/span><\/p>\n<p><span lang=\"ES\">La Fundaci\u00f3n del Parque Cient\u00edfico y Tecnol\u00f3gico de Turismo y Ocio de Catalu\u00f1a tuvo unos ingresos totales de 972.000 euros en el a\u00f1o 2018. Ubicado en Vila-seca, fue impulsado en 2006 por la Universitat Rovira i Virgili, el Ayuntamiento de Vila-seca y la Federaci\u00f3n Empresarial de Hosteler\u00eda y Turismo de la Provincia de Tarragona (FEHT).<\/span><\/p>\n<p><span lang=\"ES\">Con la integraci\u00f3n, los miembros del Patronato de la Fundaci\u00f3n del PCTTOC formar\u00e1n parte de la Comisi\u00f3n Sectorial de Turismo de Eurecat y de la Comisi\u00f3n Territorial de Tarragona del centro tecnol\u00f3gico.<\/span><\/p>\n","protected":false},"excerpt":{"rendered":"<p>El Registro de Fundaciones de la Generalitat de Catalunya ha inscrito la fusi\u00f3n de la Fundaci\u00f3n del Parque Cient\u00edfico y Tecnol\u00f3gico de Turismo y Ocio de Catalu\u00f1a (PCTTOC), con sede en Vila-seca, con el centro tecnol\u00f3gico Eurecat, por lo que se consolida su integraci\u00f3n, enfocada a impulsar la innovaci\u00f3n y la competitividad de los destinos  [&#8230;]<\/p>\n","protected":false},"author":27,"featured_media":77111,"comment_status":"open","ping_status":"closed","sticky":false,"template":"","format":"standard","meta":{"footnotes":""},"categories":[682,134],"tags":[],"class_list":["post-77115","post","type-post","status-publish","format-standard","has-post-thumbnail","hentry","category-corporatiu-es","category-notas-de-prensa"],"yoast_head":"<!-- This site is optimized with the Yoast SEO plugin v27.4 - https:\/\/yoast.com\/product\/yoast-seo-wordpress\/ -->\n<title>El Parc Cient\u00edfic i Tecnol\u00f2gic de Turisme i Oci de Catalunya i Eurecat culminen la seva fusi\u00f3<\/title>\n<meta name=\"description\" content=\"El PCTTOC y Eurecat culminan su fusi\u00f3n, que supone la creaci\u00f3n del Departamento de Innovaci\u00f3n Tur\u00edstica del centro tecnol\u00f3gico.\" \/>\n<meta name=\"robots\" content=\"index, follow, max-snippet:-1, max-image-preview:large, max-video-preview:-1\" \/>\n<link rel=\"canonical\" href=\"https:\/\/eurecat.org\/es\/el-pcttoc-y-eurecat-culminan-su-fusion\/\" \/>\n<meta property=\"og:locale\" content=\"es_ES\" \/>\n<meta property=\"og:type\" content=\"article\" \/>\n<meta property=\"og:title\" content=\"El Parc Cient\u00edfic i Tecnol\u00f2gic de Turisme i Oci de Catalunya i Eurecat culminen la seva fusi\u00f3\" \/>\n<meta property=\"og:description\" content=\"El PCTTOC y Eurecat culminan su fusi\u00f3n, que supone la creaci\u00f3n del Departamento de Innovaci\u00f3n Tur\u00edstica del centro tecnol\u00f3gico.\" \/>\n<meta property=\"og:url\" content=\"https:\/\/eurecat.org\/es\/el-pcttoc-y-eurecat-culminan-su-fusion\/\" \/>\n<meta property=\"og:site_name\" content=\"Eurecat\" \/>\n<meta property=\"article:published_time\" content=\"2019-02-22T09:22:12+00:00\" \/>\n<meta property=\"article:modified_time\" content=\"2019-02-22T09:25:56+00:00\" \/>\n<meta property=\"og:image\" content=\"https:\/\/eurecat.org\/wp-content\/uploads\/2019\/02\/EurecatPCTTOvilaseca_930x515px-1.jpg\" \/>\n\t<meta property=\"og:image:width\" content=\"930\" \/>\n\t<meta property=\"og:image:height\" content=\"566\" \/>\n\t<meta property=\"og:image:type\" content=\"image\/jpeg\" \/>\n<meta name=\"author\" content=\"eurecatNG\" \/>\n<meta name=\"twitter:card\" content=\"summary_large_image\" \/>\n<meta name=\"twitter:label1\" content=\"Escrito por\" \/>\n\t<meta name=\"twitter:data1\" content=\"eurecatNG\" \/>\n\t<meta name=\"twitter:label2\" content=\"Tiempo de lectura\" \/>\n\t<meta name=\"twitter:data2\" content=\"3 minutos\" \/>\n<script type=\"application\/ld+json\" class=\"yoast-schema-graph\">{\"@context\":\"https:\\\/\\\/schema.org\",\"@graph\":[{\"@type\":\"Article\",\"@id\":\"https:\\\/\\\/eurecat.org\\\/es\\\/el-pcttoc-y-eurecat-culminan-su-fusion\\\/#article\",\"isPartOf\":{\"@id\":\"https:\\\/\\\/eurecat.org\\\/es\\\/el-pcttoc-y-eurecat-culminan-su-fusion\\\/\"},\"author\":{\"name\":\"eurecatNG\",\"@id\":\"https:\\\/\\\/eurecat.org\\\/es\\\/#\\\/schema\\\/person\\\/8342992d6929ad043b305d3cac68b3f4\"},\"headline\":\"El Parque Cient\u00edfico y Tecnol\u00f3gico de Turismo y Ocio de Catalu\u00f1a y Eurecat culminan su fusi\u00f3n\",\"datePublished\":\"2019-02-22T09:22:12+00:00\",\"dateModified\":\"2019-02-22T09:25:56+00:00\",\"mainEntityOfPage\":{\"@id\":\"https:\\\/\\\/eurecat.org\\\/es\\\/el-pcttoc-y-eurecat-culminan-su-fusion\\\/\"},\"wordCount\":607,\"commentCount\":0,\"image\":{\"@id\":\"https:\\\/\\\/eurecat.org\\\/es\\\/el-pcttoc-y-eurecat-culminan-su-fusion\\\/#primaryimage\"},\"thumbnailUrl\":\"https:\\\/\\\/eurecat.org\\\/wp-content\\\/uploads\\\/2019\\\/02\\\/EurecatPCTTOvilaseca_930x515px-1.jpg\",\"articleSection\":[\"Corporativo\",\"Notas de prensa\"],\"inLanguage\":\"es\",\"potentialAction\":[{\"@type\":\"CommentAction\",\"name\":\"Comment\",\"target\":[\"https:\\\/\\\/eurecat.org\\\/es\\\/el-pcttoc-y-eurecat-culminan-su-fusion\\\/#respond\"]}]},{\"@type\":\"WebPage\",\"@id\":\"https:\\\/\\\/eurecat.org\\\/es\\\/el-pcttoc-y-eurecat-culminan-su-fusion\\\/\",\"url\":\"https:\\\/\\\/eurecat.org\\\/es\\\/el-pcttoc-y-eurecat-culminan-su-fusion\\\/\",\"name\":\"El Parc Cient\u00edfic i Tecnol\u00f2gic de Turisme i Oci de Catalunya i Eurecat culminen la seva fusi\u00f3\",\"isPartOf\":{\"@id\":\"https:\\\/\\\/eurecat.org\\\/es\\\/#website\"},\"primaryImageOfPage\":{\"@id\":\"https:\\\/\\\/eurecat.org\\\/es\\\/el-pcttoc-y-eurecat-culminan-su-fusion\\\/#primaryimage\"},\"image\":{\"@id\":\"https:\\\/\\\/eurecat.org\\\/es\\\/el-pcttoc-y-eurecat-culminan-su-fusion\\\/#primaryimage\"},\"thumbnailUrl\":\"https:\\\/\\\/eurecat.org\\\/wp-content\\\/uploads\\\/2019\\\/02\\\/EurecatPCTTOvilaseca_930x515px-1.jpg\",\"datePublished\":\"2019-02-22T09:22:12+00:00\",\"dateModified\":\"2019-02-22T09:25:56+00:00\",\"author\":{\"@id\":\"https:\\\/\\\/eurecat.org\\\/es\\\/#\\\/schema\\\/person\\\/8342992d6929ad043b305d3cac68b3f4\"},\"description\":\"El PCTTOC y Eurecat culminan su fusi\u00f3n, que supone la creaci\u00f3n del Departamento de Innovaci\u00f3n Tur\u00edstica del centro tecnol\u00f3gico.\",\"breadcrumb\":{\"@id\":\"https:\\\/\\\/eurecat.org\\\/es\\\/el-pcttoc-y-eurecat-culminan-su-fusion\\\/#breadcrumb\"},\"inLanguage\":\"es\",\"potentialAction\":[{\"@type\":\"ReadAction\",\"target\":[\"https:\\\/\\\/eurecat.org\\\/es\\\/el-pcttoc-y-eurecat-culminan-su-fusion\\\/\"]}]},{\"@type\":\"ImageObject\",\"inLanguage\":\"es\",\"@id\":\"https:\\\/\\\/eurecat.org\\\/es\\\/el-pcttoc-y-eurecat-culminan-su-fusion\\\/#primaryimage\",\"url\":\"https:\\\/\\\/eurecat.org\\\/wp-content\\\/uploads\\\/2019\\\/02\\\/EurecatPCTTOvilaseca_930x515px-1.jpg\",\"contentUrl\":\"https:\\\/\\\/eurecat.org\\\/wp-content\\\/uploads\\\/2019\\\/02\\\/EurecatPCTTOvilaseca_930x515px-1.jpg\",\"width\":930,\"height\":566,\"caption\":\"fusi\u00f3 eurecat pcttoc vilaseca\"},{\"@type\":\"BreadcrumbList\",\"@id\":\"https:\\\/\\\/eurecat.org\\\/es\\\/el-pcttoc-y-eurecat-culminan-su-fusion\\\/#breadcrumb\",\"itemListElement\":[{\"@type\":\"ListItem\",\"position\":1,\"name\":\"Inici\",\"item\":\"https:\\\/\\\/eurecat.org\\\/es\\\/\"},{\"@type\":\"ListItem\",\"position\":2,\"name\":\"El Parque Cient\u00edfico y Tecnol\u00f3gico de Turismo y Ocio de Catalu\u00f1a y Eurecat culminan su fusi\u00f3n\"}]},{\"@type\":\"WebSite\",\"@id\":\"https:\\\/\\\/eurecat.org\\\/es\\\/#website\",\"url\":\"https:\\\/\\\/eurecat.org\\\/es\\\/\",\"name\":\"Eurecat\",\"description\":\"Otro sitio realizado con WordPress\",\"potentialAction\":[{\"@type\":\"SearchAction\",\"target\":{\"@type\":\"EntryPoint\",\"urlTemplate\":\"https:\\\/\\\/eurecat.org\\\/es\\\/?s={search_term_string}\"},\"query-input\":{\"@type\":\"PropertyValueSpecification\",\"valueRequired\":true,\"valueName\":\"search_term_string\"}}],\"inLanguage\":\"es\"},{\"@type\":\"Person\",\"@id\":\"https:\\\/\\\/eurecat.org\\\/es\\\/#\\\/schema\\\/person\\\/8342992d6929ad043b305d3cac68b3f4\",\"name\":\"eurecatNG\",\"image\":{\"@type\":\"ImageObject\",\"inLanguage\":\"es\",\"@id\":\"https:\\\/\\\/secure.gravatar.com\\\/avatar\\\/63200cb70ae4f15a0f673050f36df149dba802bea7614e8f838aaccfcf8ea11d?s=96&d=mm&r=g\",\"url\":\"https:\\\/\\\/secure.gravatar.com\\\/avatar\\\/63200cb70ae4f15a0f673050f36df149dba802bea7614e8f838aaccfcf8ea11d?s=96&d=mm&r=g\",\"contentUrl\":\"https:\\\/\\\/secure.gravatar.com\\\/avatar\\\/63200cb70ae4f15a0f673050f36df149dba802bea7614e8f838aaccfcf8ea11d?s=96&d=mm&r=g\",\"caption\":\"eurecatNG\"}}]}<\/script>\n<!-- \/ Yoast SEO plugin. -->","yoast_head_json":{"title":"El Parc Cient\u00edfic i Tecnol\u00f2gic de Turisme i Oci de Catalunya i Eurecat culminen la seva fusi\u00f3","description":"El PCTTOC y Eurecat culminan su fusi\u00f3n, que supone la creaci\u00f3n del Departamento de Innovaci\u00f3n Tur\u00edstica del centro tecnol\u00f3gico.","robots":{"index":"index","follow":"follow","max-snippet":"max-snippet:-1","max-image-preview":"max-image-preview:large","max-video-preview":"max-video-preview:-1"},"canonical":"https:\/\/eurecat.org\/es\/el-pcttoc-y-eurecat-culminan-su-fusion\/","og_locale":"es_ES","og_type":"article","og_title":"El Parc Cient\u00edfic i Tecnol\u00f2gic de Turisme i Oci de Catalunya i Eurecat culminen la seva fusi\u00f3","og_description":"El PCTTOC y Eurecat culminan su fusi\u00f3n, que supone la creaci\u00f3n del Departamento de Innovaci\u00f3n Tur\u00edstica del centro tecnol\u00f3gico.","og_url":"https:\/\/eurecat.org\/es\/el-pcttoc-y-eurecat-culminan-su-fusion\/","og_site_name":"Eurecat","article_published_time":"2019-02-22T09:22:12+00:00","article_modified_time":"2019-02-22T09:25:56+00:00","og_image":[{"width":930,"height":566,"url":"https:\/\/eurecat.org\/wp-content\/uploads\/2019\/02\/EurecatPCTTOvilaseca_930x515px-1.jpg","type":"image\/jpeg"}],"author":"eurecatNG","twitter_card":"summary_large_image","twitter_misc":{"Escrito por":"eurecatNG","Tiempo de lectura":"3 minutos"},"schema":{"@context":"https:\/\/schema.org","@graph":[{"@type":"Article","@id":"https:\/\/eurecat.org\/es\/el-pcttoc-y-eurecat-culminan-su-fusion\/#article","isPartOf":{"@id":"https:\/\/eurecat.org\/es\/el-pcttoc-y-eurecat-culminan-su-fusion\/"},"author":{"name":"eurecatNG","@id":"https:\/\/eurecat.org\/es\/#\/schema\/person\/8342992d6929ad043b305d3cac68b3f4"},"headline":"El Parque Cient\u00edfico y Tecnol\u00f3gico de Turismo y Ocio de Catalu\u00f1a y Eurecat culminan su fusi\u00f3n","datePublished":"2019-02-22T09:22:12+00:00","dateModified":"2019-02-22T09:25:56+00:00","mainEntityOfPage":{"@id":"https:\/\/eurecat.org\/es\/el-pcttoc-y-eurecat-culminan-su-fusion\/"},"wordCount":607,"commentCount":0,"image":{"@id":"https:\/\/eurecat.org\/es\/el-pcttoc-y-eurecat-culminan-su-fusion\/#primaryimage"},"thumbnailUrl":"https:\/\/eurecat.org\/wp-content\/uploads\/2019\/02\/EurecatPCTTOvilaseca_930x515px-1.jpg","articleSection":["Corporativo","Notas de prensa"],"inLanguage":"es","potentialAction":[{"@type":"CommentAction","name":"Comment","target":["https:\/\/eurecat.org\/es\/el-pcttoc-y-eurecat-culminan-su-fusion\/#respond"]}]},{"@type":"WebPage","@id":"https:\/\/eurecat.org\/es\/el-pcttoc-y-eurecat-culminan-su-fusion\/","url":"https:\/\/eurecat.org\/es\/el-pcttoc-y-eurecat-culminan-su-fusion\/","name":"El Parc Cient\u00edfic i Tecnol\u00f2gic de Turisme i Oci de Catalunya i Eurecat culminen la seva fusi\u00f3","isPartOf":{"@id":"https:\/\/eurecat.org\/es\/#website"},"primaryImageOfPage":{"@id":"https:\/\/eurecat.org\/es\/el-pcttoc-y-eurecat-culminan-su-fusion\/#primaryimage"},"image":{"@id":"https:\/\/eurecat.org\/es\/el-pcttoc-y-eurecat-culminan-su-fusion\/#primaryimage"},"thumbnailUrl":"https:\/\/eurecat.org\/wp-content\/uploads\/2019\/02\/EurecatPCTTOvilaseca_930x515px-1.jpg","datePublished":"2019-02-22T09:22:12+00:00","dateModified":"2019-02-22T09:25:56+00:00","author":{"@id":"https:\/\/eurecat.org\/es\/#\/schema\/person\/8342992d6929ad043b305d3cac68b3f4"},"description":"El PCTTOC y Eurecat culminan su fusi\u00f3n, que supone la creaci\u00f3n del Departamento de Innovaci\u00f3n Tur\u00edstica del centro tecnol\u00f3gico.","breadcrumb":{"@id":"https:\/\/eurecat.org\/es\/el-pcttoc-y-eurecat-culminan-su-fusion\/#breadcrumb"},"inLanguage":"es","potentialAction":[{"@type":"ReadAction","target":["https:\/\/eurecat.org\/es\/el-pcttoc-y-eurecat-culminan-su-fusion\/"]}]},{"@type":"ImageObject","inLanguage":"es","@id":"https:\/\/eurecat.org\/es\/el-pcttoc-y-eurecat-culminan-su-fusion\/#primaryimage","url":"https:\/\/eurecat.org\/wp-content\/uploads\/2019\/02\/EurecatPCTTOvilaseca_930x515px-1.jpg","contentUrl":"https:\/\/eurecat.org\/wp-content\/uploads\/2019\/02\/EurecatPCTTOvilaseca_930x515px-1.jpg","width":930,"height":566,"caption":"fusi\u00f3 eurecat pcttoc vilaseca"},{"@type":"BreadcrumbList","@id":"https:\/\/eurecat.org\/es\/el-pcttoc-y-eurecat-culminan-su-fusion\/#breadcrumb","itemListElement":[{"@type":"ListItem","position":1,"name":"Inici","item":"https:\/\/eurecat.org\/es\/"},{"@type":"ListItem","position":2,"name":"El Parque Cient\u00edfico y Tecnol\u00f3gico de Turismo y Ocio de Catalu\u00f1a y Eurecat culminan su fusi\u00f3n"}]},{"@type":"WebSite","@id":"https:\/\/eurecat.org\/es\/#website","url":"https:\/\/eurecat.org\/es\/","name":"Eurecat","description":"Otro sitio realizado con WordPress","potentialAction":[{"@type":"SearchAction","target":{"@type":"EntryPoint","urlTemplate":"https:\/\/eurecat.org\/es\/?s={search_term_string}"},"query-input":{"@type":"PropertyValueSpecification","valueRequired":true,"valueName":"search_term_string"}}],"inLanguage":"es"},{"@type":"Person","@id":"https:\/\/eurecat.org\/es\/#\/schema\/person\/8342992d6929ad043b305d3cac68b3f4","name":"eurecatNG","image":{"@type":"ImageObject","inLanguage":"es","@id":"https:\/\/secure.gravatar.com\/avatar\/63200cb70ae4f15a0f673050f36df149dba802bea7614e8f838aaccfcf8ea11d?s=96&d=mm&r=g","url":"https:\/\/secure.gravatar.com\/avatar\/63200cb70ae4f15a0f673050f36df149dba802bea7614e8f838aaccfcf8ea11d?s=96&d=mm&r=g","contentUrl":"https:\/\/secure.gravatar.com\/avatar\/63200cb70ae4f15a0f673050f36df149dba802bea7614e8f838aaccfcf8ea11d?s=96&d=mm&r=g","caption":"eurecatNG"}}]}},"_links":{"self":[{"href":"https:\/\/eurecat.org\/es\/wp-json\/wp\/v2\/posts\/77115","targetHints":{"allow":["GET"]}}],"collection":[{"href":"https:\/\/eurecat.org\/es\/wp-json\/wp\/v2\/posts"}],"about":[{"href":"https:\/\/eurecat.org\/es\/wp-json\/wp\/v2\/types\/post"}],"author":[{"embeddable":true,"href":"https:\/\/eurecat.org\/es\/wp-json\/wp\/v2\/users\/27"}],"replies":[{"embeddable":true,"href":"https:\/\/eurecat.org\/es\/wp-json\/wp\/v2\/comments?post=77115"}],"version-history":[{"count":0,"href":"https:\/\/eurecat.org\/es\/wp-json\/wp\/v2\/posts\/77115\/revisions"}],"wp:featuredmedia":[{"embeddable":true,"href":"https:\/\/eurecat.org\/es\/wp-json\/wp\/v2\/media\/77111"}],"wp:attachment":[{"href":"https:\/\/eurecat.org\/es\/wp-json\/wp\/v2\/media?parent=77115"}],"wp:term":[{"taxonomy":"category","embeddable":true,"href":"https:\/\/eurecat.org\/es\/wp-json\/wp\/v2\/categories?post=77115"},{"taxonomy":"post_tag","embeddable":true,"href":"https:\/\/eurecat.org\/es\/wp-json\/wp\/v2\/tags?post=77115"}],"curies":[{"name":"wp","href":"https:\/\/api.w.org\/{rel}","templated":true}]}}