{"id":77247,"date":"2019-02-25T13:53:43","date_gmt":"2019-02-25T13:53:43","guid":{"rendered":"https:\/\/eurecat.org\/?p=77247"},"modified":"2019-02-25T13:56:53","modified_gmt":"2019-02-25T13:56:53","slug":"mwc-app-colaborativa-combatir-episodios-contaminacion-odorifera","status":"publish","type":"post","link":"https:\/\/eurecat.org\/es\/mwc-app-colaborativa-combatir-episodios-contaminacion-odorifera\/","title":{"rendered":"El MWC mostrar\u00e1 una aplicaci\u00f3n colaborativa desarrollada en Tarragona para combatir episodios de contaminaci\u00f3n odor\u00edfera"},"content":{"rendered":"<p>Investigadores del Centro tecnol\u00f3gico de la Qu\u00edmica de Catalu\u00f1a (CTQC), centro promovido por la Universitat Rovira i Virgili y diferentes empresas del sector qu\u00edmico y que se integrar\u00e1 pr\u00f3ximamente en Eurecat, mostraran a partir de hoy en el <strong>Mobile World Congress el proyecto NasApp, creado con el objetivo de recopilar episodios de malos olores de manera colaborativa<\/strong>, con el fin de combatir y prever la contaminaci\u00f3n odor\u00edfera mediante la participaci\u00f3n ciudadana y empresarial.<\/p>\n<p>El stand de Eurecat en el Mobile World Congress mostrar\u00e1 la nueva actualizaci\u00f3n del proyecto NasApp, que permite generar \u201c<strong>mapas de molestia ciudadana ocasionada por episodios de malos olores en tiempo real<\/strong>\u201d, explican los desarrolladores del sistema, Pablo Ramos, doctor en Ciencias Qu\u00edmicas, e Isabel de Lucas, MSc en Ingenier\u00eda Ambiental. Ramos destaca que esta informaci\u00f3n puede ser \u00fatil para \u201cayuntamientos o asociaciones de vecinos que necesitan una herramienta para definir las dimensiones de los malos olores que sufren\u201d.<\/p>\n<p>Seg\u00fan Ramos, NasApp es tan \u00fatil para los ciudadanos como para los generadores de malos olores (industrias, explotaciones ganaderas o depuradoras), que \u201cnecesitan un indicador fiable para conocer la magnitud y afectaci\u00f3n de su impacto\u201d.<\/p>\n<p>NasApp se inici\u00f3 el a\u00f1o 2011 en Tarragona y actualmente cuenta con m\u00e1s de 500 informadores en todo el mundo, los cuales mantienen su colaboraci\u00f3n por per\u00edodos de entre 6 meses y 2 a\u00f1os. De acuerdo con la ingeniera ambiental Isabel de Lucas, la ciudadan\u00eda valora \u201cmuy positivamente\u201d el proyecto, \u201cespecialmente cuando ven como sus aportaciones promueven la mejora de su entorno y pueden generar resultados positivos de manera directa\u201d.<\/p>\n<p>Mediante t\u00e9cnicas de Big Data, la aplicaci\u00f3n permite complementar un hist\u00f3rico de registros hechos por los ciudadanos con estudios de retrotrayectorias de aire y utilizar esta comparativa para determinar el origen de los episodios de olor y \u201cconfirmar o descartar la efectividad de las mejoras t\u00e9cnicas planteadas por los emisores para mitigar las molestias\u201d, detalla De Lucas.<\/p>\n<p>Las continuas mejoras que se est\u00e1n realizando en el sistema fueron valoradas positivamente en la IV Conferencia Internacional sobre Gesti\u00f3n de Olores y COVs en el Medio Ambiente en Valladolid. El sistema NasApp se utiliza en municipios de toda Espa\u00f1a y se est\u00e1 expandiendo con problemas de contaminaci\u00f3n odor\u00edfera de Chile, Per\u00fa y Colombia.<\/p>\n","protected":false},"excerpt":{"rendered":"<p>Investigadores del Centro tecnol\u00f3gico de la Qu\u00edmica de Catalu\u00f1a (CTQC), centro promovido por la Universitat Rovira i Virgili y diferentes empresas del sector qu\u00edmico y que se integrar\u00e1 pr\u00f3ximamente en Eurecat, mostraran a partir de hoy en el Mobile World Congress el proyecto NasApp, creado con el objetivo de recopilar episodios de malos olores de  [&#8230;]<\/p>\n","protected":false},"author":27,"featured_media":77245,"comment_status":"open","ping_status":"closed","sticky":false,"template":"","format":"standard","meta":{"footnotes":""},"categories":[727,134,2279,1759],"tags":[],"class_list":["post-77247","post","type-post","status-publish","format-standard","has-post-thumbnail","hentry","category-ferias","category-notas-de-prensa","category-quimico","category-quimica-es"],"yoast_head":"<!-- This site is optimized with the Yoast SEO plugin v27.4 - https:\/\/yoast.com\/product\/yoast-seo-wordpress\/ -->\n<title>El MWC mostra una app per combatre episodis de contaminaci\u00f3 odor\u00edfera<\/title>\n<meta name=\"description\" content=\"El stand de Eurecat en el MWC mostrar\u00e1 una aplicaci\u00f3n colaborativa desarrollada en Tarragona para combatir episodios de contaminaci\u00f3n odor\u00edfera\" \/>\n<meta name=\"robots\" content=\"index, follow, max-snippet:-1, max-image-preview:large, max-video-preview:-1\" \/>\n<link rel=\"canonical\" href=\"https:\/\/eurecat.org\/es\/mwc-app-colaborativa-combatir-episodios-contaminacion-odorifera\/\" \/>\n<meta property=\"og:locale\" content=\"es_ES\" \/>\n<meta property=\"og:type\" content=\"article\" \/>\n<meta property=\"og:title\" content=\"El MWC mostra una app per combatre episodis de contaminaci\u00f3 odor\u00edfera\" \/>\n<meta property=\"og:description\" content=\"El stand de Eurecat en el MWC mostrar\u00e1 una aplicaci\u00f3n colaborativa desarrollada en Tarragona para combatir episodios de contaminaci\u00f3n odor\u00edfera\" \/>\n<meta property=\"og:url\" content=\"https:\/\/eurecat.org\/es\/mwc-app-colaborativa-combatir-episodios-contaminacion-odorifera\/\" \/>\n<meta property=\"og:site_name\" content=\"Eurecat\" \/>\n<meta property=\"article:published_time\" content=\"2019-02-25T13:53:43+00:00\" \/>\n<meta property=\"article:modified_time\" content=\"2019-02-25T13:56:53+00:00\" \/>\n<meta property=\"og:image\" content=\"https:\/\/eurecat.org\/wp-content\/uploads\/2019\/02\/EurecatNasApp_930x515px.jpg\" \/>\n\t<meta property=\"og:image:width\" content=\"930\" \/>\n\t<meta property=\"og:image:height\" content=\"515\" \/>\n\t<meta property=\"og:image:type\" content=\"image\/jpeg\" \/>\n<meta name=\"author\" content=\"eurecatNG\" \/>\n<meta name=\"twitter:card\" content=\"summary_large_image\" \/>\n<meta name=\"twitter:label1\" content=\"Escrito por\" \/>\n\t<meta name=\"twitter:data1\" content=\"eurecatNG\" \/>\n\t<meta name=\"twitter:label2\" content=\"Tiempo de lectura\" \/>\n\t<meta name=\"twitter:data2\" content=\"2 minutos\" \/>\n<script type=\"application\/ld+json\" class=\"yoast-schema-graph\">{\"@context\":\"https:\\\/\\\/schema.org\",\"@graph\":[{\"@type\":\"Article\",\"@id\":\"https:\\\/\\\/eurecat.org\\\/es\\\/mwc-app-colaborativa-combatir-episodios-contaminacion-odorifera\\\/#article\",\"isPartOf\":{\"@id\":\"https:\\\/\\\/eurecat.org\\\/es\\\/mwc-app-colaborativa-combatir-episodios-contaminacion-odorifera\\\/\"},\"author\":{\"name\":\"eurecatNG\",\"@id\":\"https:\\\/\\\/eurecat.org\\\/es\\\/#\\\/schema\\\/person\\\/8342992d6929ad043b305d3cac68b3f4\"},\"headline\":\"El MWC mostrar\u00e1 una aplicaci\u00f3n colaborativa desarrollada en Tarragona para combatir episodios de contaminaci\u00f3n odor\u00edfera\",\"datePublished\":\"2019-02-25T13:53:43+00:00\",\"dateModified\":\"2019-02-25T13:56:53+00:00\",\"mainEntityOfPage\":{\"@id\":\"https:\\\/\\\/eurecat.org\\\/es\\\/mwc-app-colaborativa-combatir-episodios-contaminacion-odorifera\\\/\"},\"wordCount\":411,\"commentCount\":0,\"image\":{\"@id\":\"https:\\\/\\\/eurecat.org\\\/es\\\/mwc-app-colaborativa-combatir-episodios-contaminacion-odorifera\\\/#primaryimage\"},\"thumbnailUrl\":\"https:\\\/\\\/eurecat.org\\\/wp-content\\\/uploads\\\/2019\\\/02\\\/EurecatNasApp_930x515px.jpg\",\"articleSection\":[\"Ferias\",\"Notas de prensa\",\"Qu\u00edmico\",\"Qu\u00edmica\"],\"inLanguage\":\"es\",\"potentialAction\":[{\"@type\":\"CommentAction\",\"name\":\"Comment\",\"target\":[\"https:\\\/\\\/eurecat.org\\\/es\\\/mwc-app-colaborativa-combatir-episodios-contaminacion-odorifera\\\/#respond\"]}]},{\"@type\":\"WebPage\",\"@id\":\"https:\\\/\\\/eurecat.org\\\/es\\\/mwc-app-colaborativa-combatir-episodios-contaminacion-odorifera\\\/\",\"url\":\"https:\\\/\\\/eurecat.org\\\/es\\\/mwc-app-colaborativa-combatir-episodios-contaminacion-odorifera\\\/\",\"name\":\"El MWC mostra una app per combatre episodis de contaminaci\u00f3 odor\u00edfera\",\"isPartOf\":{\"@id\":\"https:\\\/\\\/eurecat.org\\\/es\\\/#website\"},\"primaryImageOfPage\":{\"@id\":\"https:\\\/\\\/eurecat.org\\\/es\\\/mwc-app-colaborativa-combatir-episodios-contaminacion-odorifera\\\/#primaryimage\"},\"image\":{\"@id\":\"https:\\\/\\\/eurecat.org\\\/es\\\/mwc-app-colaborativa-combatir-episodios-contaminacion-odorifera\\\/#primaryimage\"},\"thumbnailUrl\":\"https:\\\/\\\/eurecat.org\\\/wp-content\\\/uploads\\\/2019\\\/02\\\/EurecatNasApp_930x515px.jpg\",\"datePublished\":\"2019-02-25T13:53:43+00:00\",\"dateModified\":\"2019-02-25T13:56:53+00:00\",\"author\":{\"@id\":\"https:\\\/\\\/eurecat.org\\\/es\\\/#\\\/schema\\\/person\\\/8342992d6929ad043b305d3cac68b3f4\"},\"description\":\"El stand de Eurecat en el MWC mostrar\u00e1 una aplicaci\u00f3n colaborativa desarrollada en Tarragona para combatir episodios de contaminaci\u00f3n odor\u00edfera\",\"breadcrumb\":{\"@id\":\"https:\\\/\\\/eurecat.org\\\/es\\\/mwc-app-colaborativa-combatir-episodios-contaminacion-odorifera\\\/#breadcrumb\"},\"inLanguage\":\"es\",\"potentialAction\":[{\"@type\":\"ReadAction\",\"target\":[\"https:\\\/\\\/eurecat.org\\\/es\\\/mwc-app-colaborativa-combatir-episodios-contaminacion-odorifera\\\/\"]}]},{\"@type\":\"ImageObject\",\"inLanguage\":\"es\",\"@id\":\"https:\\\/\\\/eurecat.org\\\/es\\\/mwc-app-colaborativa-combatir-episodios-contaminacion-odorifera\\\/#primaryimage\",\"url\":\"https:\\\/\\\/eurecat.org\\\/wp-content\\\/uploads\\\/2019\\\/02\\\/EurecatNasApp_930x515px.jpg\",\"contentUrl\":\"https:\\\/\\\/eurecat.org\\\/wp-content\\\/uploads\\\/2019\\\/02\\\/EurecatNasApp_930x515px.jpg\",\"width\":930,\"height\":515,\"caption\":\"contaminaci\u00f3 odor\u00edfera nasapp MWC app\"},{\"@type\":\"BreadcrumbList\",\"@id\":\"https:\\\/\\\/eurecat.org\\\/es\\\/mwc-app-colaborativa-combatir-episodios-contaminacion-odorifera\\\/#breadcrumb\",\"itemListElement\":[{\"@type\":\"ListItem\",\"position\":1,\"name\":\"Inici\",\"item\":\"https:\\\/\\\/eurecat.org\\\/es\\\/\"},{\"@type\":\"ListItem\",\"position\":2,\"name\":\"El MWC mostrar\u00e1 una aplicaci\u00f3n colaborativa desarrollada en Tarragona para combatir episodios de contaminaci\u00f3n odor\u00edfera\"}]},{\"@type\":\"WebSite\",\"@id\":\"https:\\\/\\\/eurecat.org\\\/es\\\/#website\",\"url\":\"https:\\\/\\\/eurecat.org\\\/es\\\/\",\"name\":\"Eurecat\",\"description\":\"Otro sitio realizado con WordPress\",\"potentialAction\":[{\"@type\":\"SearchAction\",\"target\":{\"@type\":\"EntryPoint\",\"urlTemplate\":\"https:\\\/\\\/eurecat.org\\\/es\\\/?s={search_term_string}\"},\"query-input\":{\"@type\":\"PropertyValueSpecification\",\"valueRequired\":true,\"valueName\":\"search_term_string\"}}],\"inLanguage\":\"es\"},{\"@type\":\"Person\",\"@id\":\"https:\\\/\\\/eurecat.org\\\/es\\\/#\\\/schema\\\/person\\\/8342992d6929ad043b305d3cac68b3f4\",\"name\":\"eurecatNG\",\"image\":{\"@type\":\"ImageObject\",\"inLanguage\":\"es\",\"@id\":\"https:\\\/\\\/secure.gravatar.com\\\/avatar\\\/63200cb70ae4f15a0f673050f36df149dba802bea7614e8f838aaccfcf8ea11d?s=96&d=mm&r=g\",\"url\":\"https:\\\/\\\/secure.gravatar.com\\\/avatar\\\/63200cb70ae4f15a0f673050f36df149dba802bea7614e8f838aaccfcf8ea11d?s=96&d=mm&r=g\",\"contentUrl\":\"https:\\\/\\\/secure.gravatar.com\\\/avatar\\\/63200cb70ae4f15a0f673050f36df149dba802bea7614e8f838aaccfcf8ea11d?s=96&d=mm&r=g\",\"caption\":\"eurecatNG\"}}]}<\/script>\n<!-- \/ Yoast SEO plugin. -->","yoast_head_json":{"title":"El MWC mostra una app per combatre episodis de contaminaci\u00f3 odor\u00edfera","description":"El stand de Eurecat en el MWC mostrar\u00e1 una aplicaci\u00f3n colaborativa desarrollada en Tarragona para combatir episodios de contaminaci\u00f3n odor\u00edfera","robots":{"index":"index","follow":"follow","max-snippet":"max-snippet:-1","max-image-preview":"max-image-preview:large","max-video-preview":"max-video-preview:-1"},"canonical":"https:\/\/eurecat.org\/es\/mwc-app-colaborativa-combatir-episodios-contaminacion-odorifera\/","og_locale":"es_ES","og_type":"article","og_title":"El MWC mostra una app per combatre episodis de contaminaci\u00f3 odor\u00edfera","og_description":"El stand de Eurecat en el MWC mostrar\u00e1 una aplicaci\u00f3n colaborativa desarrollada en Tarragona para combatir episodios de contaminaci\u00f3n odor\u00edfera","og_url":"https:\/\/eurecat.org\/es\/mwc-app-colaborativa-combatir-episodios-contaminacion-odorifera\/","og_site_name":"Eurecat","article_published_time":"2019-02-25T13:53:43+00:00","article_modified_time":"2019-02-25T13:56:53+00:00","og_image":[{"width":930,"height":515,"url":"https:\/\/eurecat.org\/wp-content\/uploads\/2019\/02\/EurecatNasApp_930x515px.jpg","type":"image\/jpeg"}],"author":"eurecatNG","twitter_card":"summary_large_image","twitter_misc":{"Escrito por":"eurecatNG","Tiempo de lectura":"2 minutos"},"schema":{"@context":"https:\/\/schema.org","@graph":[{"@type":"Article","@id":"https:\/\/eurecat.org\/es\/mwc-app-colaborativa-combatir-episodios-contaminacion-odorifera\/#article","isPartOf":{"@id":"https:\/\/eurecat.org\/es\/mwc-app-colaborativa-combatir-episodios-contaminacion-odorifera\/"},"author":{"name":"eurecatNG","@id":"https:\/\/eurecat.org\/es\/#\/schema\/person\/8342992d6929ad043b305d3cac68b3f4"},"headline":"El MWC mostrar\u00e1 una aplicaci\u00f3n colaborativa desarrollada en Tarragona para combatir episodios de contaminaci\u00f3n odor\u00edfera","datePublished":"2019-02-25T13:53:43+00:00","dateModified":"2019-02-25T13:56:53+00:00","mainEntityOfPage":{"@id":"https:\/\/eurecat.org\/es\/mwc-app-colaborativa-combatir-episodios-contaminacion-odorifera\/"},"wordCount":411,"commentCount":0,"image":{"@id":"https:\/\/eurecat.org\/es\/mwc-app-colaborativa-combatir-episodios-contaminacion-odorifera\/#primaryimage"},"thumbnailUrl":"https:\/\/eurecat.org\/wp-content\/uploads\/2019\/02\/EurecatNasApp_930x515px.jpg","articleSection":["Ferias","Notas de prensa","Qu\u00edmico","Qu\u00edmica"],"inLanguage":"es","potentialAction":[{"@type":"CommentAction","name":"Comment","target":["https:\/\/eurecat.org\/es\/mwc-app-colaborativa-combatir-episodios-contaminacion-odorifera\/#respond"]}]},{"@type":"WebPage","@id":"https:\/\/eurecat.org\/es\/mwc-app-colaborativa-combatir-episodios-contaminacion-odorifera\/","url":"https:\/\/eurecat.org\/es\/mwc-app-colaborativa-combatir-episodios-contaminacion-odorifera\/","name":"El MWC mostra una app per combatre episodis de contaminaci\u00f3 odor\u00edfera","isPartOf":{"@id":"https:\/\/eurecat.org\/es\/#website"},"primaryImageOfPage":{"@id":"https:\/\/eurecat.org\/es\/mwc-app-colaborativa-combatir-episodios-contaminacion-odorifera\/#primaryimage"},"image":{"@id":"https:\/\/eurecat.org\/es\/mwc-app-colaborativa-combatir-episodios-contaminacion-odorifera\/#primaryimage"},"thumbnailUrl":"https:\/\/eurecat.org\/wp-content\/uploads\/2019\/02\/EurecatNasApp_930x515px.jpg","datePublished":"2019-02-25T13:53:43+00:00","dateModified":"2019-02-25T13:56:53+00:00","author":{"@id":"https:\/\/eurecat.org\/es\/#\/schema\/person\/8342992d6929ad043b305d3cac68b3f4"},"description":"El stand de Eurecat en el MWC mostrar\u00e1 una aplicaci\u00f3n colaborativa desarrollada en Tarragona para combatir episodios de contaminaci\u00f3n odor\u00edfera","breadcrumb":{"@id":"https:\/\/eurecat.org\/es\/mwc-app-colaborativa-combatir-episodios-contaminacion-odorifera\/#breadcrumb"},"inLanguage":"es","potentialAction":[{"@type":"ReadAction","target":["https:\/\/eurecat.org\/es\/mwc-app-colaborativa-combatir-episodios-contaminacion-odorifera\/"]}]},{"@type":"ImageObject","inLanguage":"es","@id":"https:\/\/eurecat.org\/es\/mwc-app-colaborativa-combatir-episodios-contaminacion-odorifera\/#primaryimage","url":"https:\/\/eurecat.org\/wp-content\/uploads\/2019\/02\/EurecatNasApp_930x515px.jpg","contentUrl":"https:\/\/eurecat.org\/wp-content\/uploads\/2019\/02\/EurecatNasApp_930x515px.jpg","width":930,"height":515,"caption":"contaminaci\u00f3 odor\u00edfera nasapp MWC app"},{"@type":"BreadcrumbList","@id":"https:\/\/eurecat.org\/es\/mwc-app-colaborativa-combatir-episodios-contaminacion-odorifera\/#breadcrumb","itemListElement":[{"@type":"ListItem","position":1,"name":"Inici","item":"https:\/\/eurecat.org\/es\/"},{"@type":"ListItem","position":2,"name":"El MWC mostrar\u00e1 una aplicaci\u00f3n colaborativa desarrollada en Tarragona para combatir episodios de contaminaci\u00f3n odor\u00edfera"}]},{"@type":"WebSite","@id":"https:\/\/eurecat.org\/es\/#website","url":"https:\/\/eurecat.org\/es\/","name":"Eurecat","description":"Otro sitio realizado con WordPress","potentialAction":[{"@type":"SearchAction","target":{"@type":"EntryPoint","urlTemplate":"https:\/\/eurecat.org\/es\/?s={search_term_string}"},"query-input":{"@type":"PropertyValueSpecification","valueRequired":true,"valueName":"search_term_string"}}],"inLanguage":"es"},{"@type":"Person","@id":"https:\/\/eurecat.org\/es\/#\/schema\/person\/8342992d6929ad043b305d3cac68b3f4","name":"eurecatNG","image":{"@type":"ImageObject","inLanguage":"es","@id":"https:\/\/secure.gravatar.com\/avatar\/63200cb70ae4f15a0f673050f36df149dba802bea7614e8f838aaccfcf8ea11d?s=96&d=mm&r=g","url":"https:\/\/secure.gravatar.com\/avatar\/63200cb70ae4f15a0f673050f36df149dba802bea7614e8f838aaccfcf8ea11d?s=96&d=mm&r=g","contentUrl":"https:\/\/secure.gravatar.com\/avatar\/63200cb70ae4f15a0f673050f36df149dba802bea7614e8f838aaccfcf8ea11d?s=96&d=mm&r=g","caption":"eurecatNG"}}]}},"_links":{"self":[{"href":"https:\/\/eurecat.org\/es\/wp-json\/wp\/v2\/posts\/77247","targetHints":{"allow":["GET"]}}],"collection":[{"href":"https:\/\/eurecat.org\/es\/wp-json\/wp\/v2\/posts"}],"about":[{"href":"https:\/\/eurecat.org\/es\/wp-json\/wp\/v2\/types\/post"}],"author":[{"embeddable":true,"href":"https:\/\/eurecat.org\/es\/wp-json\/wp\/v2\/users\/27"}],"replies":[{"embeddable":true,"href":"https:\/\/eurecat.org\/es\/wp-json\/wp\/v2\/comments?post=77247"}],"version-history":[{"count":0,"href":"https:\/\/eurecat.org\/es\/wp-json\/wp\/v2\/posts\/77247\/revisions"}],"wp:featuredmedia":[{"embeddable":true,"href":"https:\/\/eurecat.org\/es\/wp-json\/wp\/v2\/media\/77245"}],"wp:attachment":[{"href":"https:\/\/eurecat.org\/es\/wp-json\/wp\/v2\/media?parent=77247"}],"wp:term":[{"taxonomy":"category","embeddable":true,"href":"https:\/\/eurecat.org\/es\/wp-json\/wp\/v2\/categories?post=77247"},{"taxonomy":"post_tag","embeddable":true,"href":"https:\/\/eurecat.org\/es\/wp-json\/wp\/v2\/tags?post=77247"}],"curies":[{"name":"wp","href":"https:\/\/api.w.org\/{rel}","templated":true}]}}