{"id":79565,"date":"2019-04-08T10:38:43","date_gmt":"2019-04-08T10:38:43","guid":{"rendered":"https:\/\/eurecat.org\/?p=79565"},"modified":"2019-04-08T10:45:07","modified_gmt":"2019-04-08T10:45:07","slug":"barcelona-acogera-conferencia-anual-earto-asociacion-europea-investigacion-y-tecnologia","status":"publish","type":"post","link":"https:\/\/eurecat.org\/es\/barcelona-acogera-conferencia-anual-earto-asociacion-europea-investigacion-y-tecnologia\/","title":{"rendered":"Barcelona acoger\u00e1 la Conferencia Anual de EARTO, la asociaci\u00f3n europea de investigaci\u00f3n y tecnolog\u00eda"},"content":{"rendered":"<p><strong><span lang=\"ES-TRAD\">Barcelona acoger\u00e1 la vig\u00e9sima Conferencia Anual de <\/span><span lang=\"ES-TRAD\"><a href=\"https:\/\/www.earto.eu\/\">EARTO<\/a><\/span><\/strong><span lang=\"ES-TRAD\">, la organizaci\u00f3n europea que representa a los centros tecnol\u00f3gicos, un evento que tendr\u00e1 lugar del 24 al 26 de marzo de 2020 y que <strong>reunir\u00e1 a 350 representantes de los principales centros tecnol\u00f3gicos europeos<\/strong>, a las puertas del lanzamiento del noveno programa marco de investigaci\u00f3n e innovaci\u00f3n de la Uni\u00f3n Europea, Horizon Europe.<\/span><\/p>\n<p><span lang=\"ES-TRAD\"><strong>EARTO<\/strong> (European Association of Research and Technology Organisations)<strong> ha elegido al centro tecnol\u00f3gico <\/strong><\/span><strong><span lang=\"ES-TRAD\"><a href=\"http:\/\/eurecat.org\/es\/\">Eurecat<\/a><\/span><\/strong><span lang=\"ES-TRAD\"> (miembro de Tecnio) <strong>como organizador<\/strong> de su conferencia anual, lo que reafirma \u201cla proyecci\u00f3n de Eurecat a nivel europeo, as\u00ed como su implicaci\u00f3n en el futuro de la innovaci\u00f3n e investigaci\u00f3n a escala europea e internacional\u201d, subraya el director general Corporativo y de Operaciones de Eurecat, Xavier L\u00f3pez.<\/span><\/p>\n<p><span lang=\"ES-TRAD\">\u201cFormar parte de EARTO nos enriquece y nos permite compartir retos e inquietudes en una visi\u00f3n global del desarrollo e innovaci\u00f3n tecnol\u00f3gica\u201d, destaca Xavier L\u00f3pez, quien pone de relieve el v\u00ednculo de Eurecat con la m\u00e1xima representaci\u00f3n europea en el \u00e1mbito de la innovaci\u00f3n \u201ca la hora de conocer e incidir en las tendencias y prioridades tecnol\u00f3gicas que marcar\u00e1n los pr\u00f3ximos a\u00f1os en Europa\u201d.<\/span><\/p>\n<p><span lang=\"ES-TRAD\">La celebraci\u00f3n de la conferencia ser\u00e1 \u201cuna excelente oportunidad para mostrar nuestras capacidades tecnol\u00f3gicas distintivas en \u00e1mbitos tan diversos como el industrial, digital y biotecnol\u00f3gico y tambi\u00e9n ser\u00e1 una excelente ocasi\u00f3n para celebrar el quinto aniversario de la creaci\u00f3n de nuestra entidad\u201d, detalla.<\/span><\/p>\n<p><span lang=\"ES-TRAD\">Eurecat es miembro activo de EARTO y participa en sus grupos de trabajo transversales en \u00e1mbitos como la propiedad intelectual y el impacto de los centros tecnol\u00f3gicos en el tejido social y en la econom\u00eda europeos, as\u00ed como en el campo de la gesti\u00f3n financiera. Asimismo, dentro de EARTO, los expertos de Eurecat participan en los grupos de trabajo dedicados a tecnolog\u00edas para la salud y la seguridad de los ciudadanos europeos.<\/span><\/p>\n<p><span lang=\"ES-TRAD\">EARTO aglutina 350 organizaciones procedentes de 20 pa\u00edses, entre los que figuran centros de la dimensi\u00f3n del Fraunhofer (Alemania), el VTT (Finlandia), el TNO (Holanda) o Tecnalia (Pais Vasco).<\/span><\/p>\n","protected":false},"excerpt":{"rendered":"<p>Barcelona acoger\u00e1 la vig\u00e9sima Conferencia Anual de EARTO, la organizaci\u00f3n europea que representa a los centros tecnol\u00f3gicos, un evento que tendr\u00e1 lugar del 24 al 26 de marzo de 2020 y que reunir\u00e1 a 350 representantes de los principales centros tecnol\u00f3gicos europeos, a las puertas del lanzamiento del noveno programa marco de investigaci\u00f3n e innovaci\u00f3n  [&#8230;]<\/p>\n","protected":false},"author":27,"featured_media":79563,"comment_status":"open","ping_status":"closed","sticky":false,"template":"","format":"standard","meta":{"footnotes":""},"categories":[682,702,134],"tags":[],"class_list":["post-79565","post","type-post","status-publish","format-standard","has-post-thumbnail","hentry","category-corporatiu-es","category-eventos","category-notas-de-prensa"],"yoast_head":"<!-- This site is optimized with the Yoast SEO plugin v27.5 - https:\/\/yoast.com\/product\/yoast-seo-wordpress\/ -->\n<title>Barcelona acoger\u00e1 la Conferencia Anual de EARTO - Eurecat<\/title>\n<meta name=\"description\" content=\"EARTO, la asociaci\u00f3n europea de investigaci\u00f3n y tecnolog\u00eda, ha elegido Eurecat como organizador de la vig\u00e9sima Conferencia Anual, en Barcelona.\" \/>\n<meta name=\"robots\" content=\"index, follow, max-snippet:-1, max-image-preview:large, max-video-preview:-1\" \/>\n<link rel=\"canonical\" href=\"https:\/\/eurecat.org\/es\/barcelona-acogera-conferencia-anual-earto-asociacion-europea-investigacion-y-tecnologia\/\" \/>\n<meta property=\"og:locale\" content=\"es_ES\" \/>\n<meta property=\"og:type\" content=\"article\" \/>\n<meta property=\"og:title\" content=\"Barcelona acoger\u00e1 la Conferencia Anual de EARTO - Eurecat\" \/>\n<meta property=\"og:description\" content=\"EARTO, la asociaci\u00f3n europea de investigaci\u00f3n y tecnolog\u00eda, ha elegido Eurecat como organizador de la vig\u00e9sima Conferencia Anual, en Barcelona.\" \/>\n<meta property=\"og:url\" content=\"https:\/\/eurecat.org\/es\/barcelona-acogera-conferencia-anual-earto-asociacion-europea-investigacion-y-tecnologia\/\" \/>\n<meta property=\"og:site_name\" content=\"Eurecat\" \/>\n<meta property=\"article:published_time\" content=\"2019-04-08T10:38:43+00:00\" \/>\n<meta property=\"article:modified_time\" content=\"2019-04-08T10:45:07+00:00\" \/>\n<meta property=\"og:image\" content=\"https:\/\/eurecat.org\/wp-content\/uploads\/2019\/04\/Eurecat-EARTO_930x515px.jpg\" \/>\n\t<meta property=\"og:image:width\" content=\"930\" \/>\n\t<meta property=\"og:image:height\" content=\"485\" \/>\n\t<meta property=\"og:image:type\" content=\"image\/jpeg\" \/>\n<meta name=\"author\" content=\"eurecatNG\" \/>\n<meta name=\"twitter:card\" content=\"summary_large_image\" \/>\n<meta name=\"twitter:label1\" content=\"Escrito por\" \/>\n\t<meta name=\"twitter:data1\" content=\"eurecatNG\" \/>\n\t<meta name=\"twitter:label2\" content=\"Tiempo de lectura\" \/>\n\t<meta name=\"twitter:data2\" content=\"2 minutos\" \/>\n<script type=\"application\/ld+json\" class=\"yoast-schema-graph\">{\"@context\":\"https:\\\/\\\/schema.org\",\"@graph\":[{\"@type\":\"Article\",\"@id\":\"https:\\\/\\\/eurecat.org\\\/es\\\/barcelona-acogera-conferencia-anual-earto-asociacion-europea-investigacion-y-tecnologia\\\/#article\",\"isPartOf\":{\"@id\":\"https:\\\/\\\/eurecat.org\\\/es\\\/barcelona-acogera-conferencia-anual-earto-asociacion-europea-investigacion-y-tecnologia\\\/\"},\"author\":{\"name\":\"eurecatNG\",\"@id\":\"https:\\\/\\\/eurecat.org\\\/es\\\/#\\\/schema\\\/person\\\/8342992d6929ad043b305d3cac68b3f4\"},\"headline\":\"Barcelona acoger\u00e1 la Conferencia Anual de EARTO, la asociaci\u00f3n europea de investigaci\u00f3n y tecnolog\u00eda\",\"datePublished\":\"2019-04-08T10:38:43+00:00\",\"dateModified\":\"2019-04-08T10:45:07+00:00\",\"mainEntityOfPage\":{\"@id\":\"https:\\\/\\\/eurecat.org\\\/es\\\/barcelona-acogera-conferencia-anual-earto-asociacion-europea-investigacion-y-tecnologia\\\/\"},\"wordCount\":379,\"commentCount\":0,\"image\":{\"@id\":\"https:\\\/\\\/eurecat.org\\\/es\\\/barcelona-acogera-conferencia-anual-earto-asociacion-europea-investigacion-y-tecnologia\\\/#primaryimage\"},\"thumbnailUrl\":\"https:\\\/\\\/eurecat.org\\\/wp-content\\\/uploads\\\/2019\\\/04\\\/Eurecat-EARTO_930x515px.jpg\",\"articleSection\":[\"Corporativo\",\"Eventos\",\"Notas de prensa\"],\"inLanguage\":\"es\",\"potentialAction\":[{\"@type\":\"CommentAction\",\"name\":\"Comment\",\"target\":[\"https:\\\/\\\/eurecat.org\\\/es\\\/barcelona-acogera-conferencia-anual-earto-asociacion-europea-investigacion-y-tecnologia\\\/#respond\"]}]},{\"@type\":\"WebPage\",\"@id\":\"https:\\\/\\\/eurecat.org\\\/es\\\/barcelona-acogera-conferencia-anual-earto-asociacion-europea-investigacion-y-tecnologia\\\/\",\"url\":\"https:\\\/\\\/eurecat.org\\\/es\\\/barcelona-acogera-conferencia-anual-earto-asociacion-europea-investigacion-y-tecnologia\\\/\",\"name\":\"Barcelona acoger\u00e1 la Conferencia Anual de EARTO - Eurecat\",\"isPartOf\":{\"@id\":\"https:\\\/\\\/eurecat.org\\\/es\\\/#website\"},\"primaryImageOfPage\":{\"@id\":\"https:\\\/\\\/eurecat.org\\\/es\\\/barcelona-acogera-conferencia-anual-earto-asociacion-europea-investigacion-y-tecnologia\\\/#primaryimage\"},\"image\":{\"@id\":\"https:\\\/\\\/eurecat.org\\\/es\\\/barcelona-acogera-conferencia-anual-earto-asociacion-europea-investigacion-y-tecnologia\\\/#primaryimage\"},\"thumbnailUrl\":\"https:\\\/\\\/eurecat.org\\\/wp-content\\\/uploads\\\/2019\\\/04\\\/Eurecat-EARTO_930x515px.jpg\",\"datePublished\":\"2019-04-08T10:38:43+00:00\",\"dateModified\":\"2019-04-08T10:45:07+00:00\",\"author\":{\"@id\":\"https:\\\/\\\/eurecat.org\\\/es\\\/#\\\/schema\\\/person\\\/8342992d6929ad043b305d3cac68b3f4\"},\"description\":\"EARTO, la asociaci\u00f3n europea de investigaci\u00f3n y tecnolog\u00eda, ha elegido Eurecat como organizador de la vig\u00e9sima Conferencia Anual, en Barcelona.\",\"breadcrumb\":{\"@id\":\"https:\\\/\\\/eurecat.org\\\/es\\\/barcelona-acogera-conferencia-anual-earto-asociacion-europea-investigacion-y-tecnologia\\\/#breadcrumb\"},\"inLanguage\":\"es\",\"potentialAction\":[{\"@type\":\"ReadAction\",\"target\":[\"https:\\\/\\\/eurecat.org\\\/es\\\/barcelona-acogera-conferencia-anual-earto-asociacion-europea-investigacion-y-tecnologia\\\/\"]}]},{\"@type\":\"ImageObject\",\"inLanguage\":\"es\",\"@id\":\"https:\\\/\\\/eurecat.org\\\/es\\\/barcelona-acogera-conferencia-anual-earto-asociacion-europea-investigacion-y-tecnologia\\\/#primaryimage\",\"url\":\"https:\\\/\\\/eurecat.org\\\/wp-content\\\/uploads\\\/2019\\\/04\\\/Eurecat-EARTO_930x515px.jpg\",\"contentUrl\":\"https:\\\/\\\/eurecat.org\\\/wp-content\\\/uploads\\\/2019\\\/04\\\/Eurecat-EARTO_930x515px.jpg\",\"width\":930,\"height\":485,\"caption\":\"eurecat earto 2020 barcelona\"},{\"@type\":\"BreadcrumbList\",\"@id\":\"https:\\\/\\\/eurecat.org\\\/es\\\/barcelona-acogera-conferencia-anual-earto-asociacion-europea-investigacion-y-tecnologia\\\/#breadcrumb\",\"itemListElement\":[{\"@type\":\"ListItem\",\"position\":1,\"name\":\"Inici\",\"item\":\"https:\\\/\\\/eurecat.org\\\/es\\\/\"},{\"@type\":\"ListItem\",\"position\":2,\"name\":\"Barcelona acoger\u00e1 la Conferencia Anual de EARTO, la asociaci\u00f3n europea de investigaci\u00f3n y tecnolog\u00eda\"}]},{\"@type\":\"WebSite\",\"@id\":\"https:\\\/\\\/eurecat.org\\\/es\\\/#website\",\"url\":\"https:\\\/\\\/eurecat.org\\\/es\\\/\",\"name\":\"Eurecat\",\"description\":\"Otro sitio realizado con WordPress\",\"potentialAction\":[{\"@type\":\"SearchAction\",\"target\":{\"@type\":\"EntryPoint\",\"urlTemplate\":\"https:\\\/\\\/eurecat.org\\\/es\\\/?s={search_term_string}\"},\"query-input\":{\"@type\":\"PropertyValueSpecification\",\"valueRequired\":true,\"valueName\":\"search_term_string\"}}],\"inLanguage\":\"es\"},{\"@type\":\"Person\",\"@id\":\"https:\\\/\\\/eurecat.org\\\/es\\\/#\\\/schema\\\/person\\\/8342992d6929ad043b305d3cac68b3f4\",\"name\":\"eurecatNG\",\"image\":{\"@type\":\"ImageObject\",\"inLanguage\":\"es\",\"@id\":\"https:\\\/\\\/secure.gravatar.com\\\/avatar\\\/63200cb70ae4f15a0f673050f36df149dba802bea7614e8f838aaccfcf8ea11d?s=96&d=mm&r=g\",\"url\":\"https:\\\/\\\/secure.gravatar.com\\\/avatar\\\/63200cb70ae4f15a0f673050f36df149dba802bea7614e8f838aaccfcf8ea11d?s=96&d=mm&r=g\",\"contentUrl\":\"https:\\\/\\\/secure.gravatar.com\\\/avatar\\\/63200cb70ae4f15a0f673050f36df149dba802bea7614e8f838aaccfcf8ea11d?s=96&d=mm&r=g\",\"caption\":\"eurecatNG\"}}]}<\/script>\n<!-- \/ Yoast SEO plugin. -->","yoast_head_json":{"title":"Barcelona acoger\u00e1 la Conferencia Anual de EARTO - Eurecat","description":"EARTO, la asociaci\u00f3n europea de investigaci\u00f3n y tecnolog\u00eda, ha elegido Eurecat como organizador de la vig\u00e9sima Conferencia Anual, en Barcelona.","robots":{"index":"index","follow":"follow","max-snippet":"max-snippet:-1","max-image-preview":"max-image-preview:large","max-video-preview":"max-video-preview:-1"},"canonical":"https:\/\/eurecat.org\/es\/barcelona-acogera-conferencia-anual-earto-asociacion-europea-investigacion-y-tecnologia\/","og_locale":"es_ES","og_type":"article","og_title":"Barcelona acoger\u00e1 la Conferencia Anual de EARTO - Eurecat","og_description":"EARTO, la asociaci\u00f3n europea de investigaci\u00f3n y tecnolog\u00eda, ha elegido Eurecat como organizador de la vig\u00e9sima Conferencia Anual, en Barcelona.","og_url":"https:\/\/eurecat.org\/es\/barcelona-acogera-conferencia-anual-earto-asociacion-europea-investigacion-y-tecnologia\/","og_site_name":"Eurecat","article_published_time":"2019-04-08T10:38:43+00:00","article_modified_time":"2019-04-08T10:45:07+00:00","og_image":[{"width":930,"height":485,"url":"https:\/\/eurecat.org\/wp-content\/uploads\/2019\/04\/Eurecat-EARTO_930x515px.jpg","type":"image\/jpeg"}],"author":"eurecatNG","twitter_card":"summary_large_image","twitter_misc":{"Escrito por":"eurecatNG","Tiempo de lectura":"2 minutos"},"schema":{"@context":"https:\/\/schema.org","@graph":[{"@type":"Article","@id":"https:\/\/eurecat.org\/es\/barcelona-acogera-conferencia-anual-earto-asociacion-europea-investigacion-y-tecnologia\/#article","isPartOf":{"@id":"https:\/\/eurecat.org\/es\/barcelona-acogera-conferencia-anual-earto-asociacion-europea-investigacion-y-tecnologia\/"},"author":{"name":"eurecatNG","@id":"https:\/\/eurecat.org\/es\/#\/schema\/person\/8342992d6929ad043b305d3cac68b3f4"},"headline":"Barcelona acoger\u00e1 la Conferencia Anual de EARTO, la asociaci\u00f3n europea de investigaci\u00f3n y tecnolog\u00eda","datePublished":"2019-04-08T10:38:43+00:00","dateModified":"2019-04-08T10:45:07+00:00","mainEntityOfPage":{"@id":"https:\/\/eurecat.org\/es\/barcelona-acogera-conferencia-anual-earto-asociacion-europea-investigacion-y-tecnologia\/"},"wordCount":379,"commentCount":0,"image":{"@id":"https:\/\/eurecat.org\/es\/barcelona-acogera-conferencia-anual-earto-asociacion-europea-investigacion-y-tecnologia\/#primaryimage"},"thumbnailUrl":"https:\/\/eurecat.org\/wp-content\/uploads\/2019\/04\/Eurecat-EARTO_930x515px.jpg","articleSection":["Corporativo","Eventos","Notas de prensa"],"inLanguage":"es","potentialAction":[{"@type":"CommentAction","name":"Comment","target":["https:\/\/eurecat.org\/es\/barcelona-acogera-conferencia-anual-earto-asociacion-europea-investigacion-y-tecnologia\/#respond"]}]},{"@type":"WebPage","@id":"https:\/\/eurecat.org\/es\/barcelona-acogera-conferencia-anual-earto-asociacion-europea-investigacion-y-tecnologia\/","url":"https:\/\/eurecat.org\/es\/barcelona-acogera-conferencia-anual-earto-asociacion-europea-investigacion-y-tecnologia\/","name":"Barcelona acoger\u00e1 la Conferencia Anual de EARTO - Eurecat","isPartOf":{"@id":"https:\/\/eurecat.org\/es\/#website"},"primaryImageOfPage":{"@id":"https:\/\/eurecat.org\/es\/barcelona-acogera-conferencia-anual-earto-asociacion-europea-investigacion-y-tecnologia\/#primaryimage"},"image":{"@id":"https:\/\/eurecat.org\/es\/barcelona-acogera-conferencia-anual-earto-asociacion-europea-investigacion-y-tecnologia\/#primaryimage"},"thumbnailUrl":"https:\/\/eurecat.org\/wp-content\/uploads\/2019\/04\/Eurecat-EARTO_930x515px.jpg","datePublished":"2019-04-08T10:38:43+00:00","dateModified":"2019-04-08T10:45:07+00:00","author":{"@id":"https:\/\/eurecat.org\/es\/#\/schema\/person\/8342992d6929ad043b305d3cac68b3f4"},"description":"EARTO, la asociaci\u00f3n europea de investigaci\u00f3n y tecnolog\u00eda, ha elegido Eurecat como organizador de la vig\u00e9sima Conferencia Anual, en Barcelona.","breadcrumb":{"@id":"https:\/\/eurecat.org\/es\/barcelona-acogera-conferencia-anual-earto-asociacion-europea-investigacion-y-tecnologia\/#breadcrumb"},"inLanguage":"es","potentialAction":[{"@type":"ReadAction","target":["https:\/\/eurecat.org\/es\/barcelona-acogera-conferencia-anual-earto-asociacion-europea-investigacion-y-tecnologia\/"]}]},{"@type":"ImageObject","inLanguage":"es","@id":"https:\/\/eurecat.org\/es\/barcelona-acogera-conferencia-anual-earto-asociacion-europea-investigacion-y-tecnologia\/#primaryimage","url":"https:\/\/eurecat.org\/wp-content\/uploads\/2019\/04\/Eurecat-EARTO_930x515px.jpg","contentUrl":"https:\/\/eurecat.org\/wp-content\/uploads\/2019\/04\/Eurecat-EARTO_930x515px.jpg","width":930,"height":485,"caption":"eurecat earto 2020 barcelona"},{"@type":"BreadcrumbList","@id":"https:\/\/eurecat.org\/es\/barcelona-acogera-conferencia-anual-earto-asociacion-europea-investigacion-y-tecnologia\/#breadcrumb","itemListElement":[{"@type":"ListItem","position":1,"name":"Inici","item":"https:\/\/eurecat.org\/es\/"},{"@type":"ListItem","position":2,"name":"Barcelona acoger\u00e1 la Conferencia Anual de EARTO, la asociaci\u00f3n europea de investigaci\u00f3n y tecnolog\u00eda"}]},{"@type":"WebSite","@id":"https:\/\/eurecat.org\/es\/#website","url":"https:\/\/eurecat.org\/es\/","name":"Eurecat","description":"Otro sitio realizado con WordPress","potentialAction":[{"@type":"SearchAction","target":{"@type":"EntryPoint","urlTemplate":"https:\/\/eurecat.org\/es\/?s={search_term_string}"},"query-input":{"@type":"PropertyValueSpecification","valueRequired":true,"valueName":"search_term_string"}}],"inLanguage":"es"},{"@type":"Person","@id":"https:\/\/eurecat.org\/es\/#\/schema\/person\/8342992d6929ad043b305d3cac68b3f4","name":"eurecatNG","image":{"@type":"ImageObject","inLanguage":"es","@id":"https:\/\/secure.gravatar.com\/avatar\/63200cb70ae4f15a0f673050f36df149dba802bea7614e8f838aaccfcf8ea11d?s=96&d=mm&r=g","url":"https:\/\/secure.gravatar.com\/avatar\/63200cb70ae4f15a0f673050f36df149dba802bea7614e8f838aaccfcf8ea11d?s=96&d=mm&r=g","contentUrl":"https:\/\/secure.gravatar.com\/avatar\/63200cb70ae4f15a0f673050f36df149dba802bea7614e8f838aaccfcf8ea11d?s=96&d=mm&r=g","caption":"eurecatNG"}}]}},"_links":{"self":[{"href":"https:\/\/eurecat.org\/es\/wp-json\/wp\/v2\/posts\/79565","targetHints":{"allow":["GET"]}}],"collection":[{"href":"https:\/\/eurecat.org\/es\/wp-json\/wp\/v2\/posts"}],"about":[{"href":"https:\/\/eurecat.org\/es\/wp-json\/wp\/v2\/types\/post"}],"author":[{"embeddable":true,"href":"https:\/\/eurecat.org\/es\/wp-json\/wp\/v2\/users\/27"}],"replies":[{"embeddable":true,"href":"https:\/\/eurecat.org\/es\/wp-json\/wp\/v2\/comments?post=79565"}],"version-history":[{"count":0,"href":"https:\/\/eurecat.org\/es\/wp-json\/wp\/v2\/posts\/79565\/revisions"}],"wp:featuredmedia":[{"embeddable":true,"href":"https:\/\/eurecat.org\/es\/wp-json\/wp\/v2\/media\/79563"}],"wp:attachment":[{"href":"https:\/\/eurecat.org\/es\/wp-json\/wp\/v2\/media?parent=79565"}],"wp:term":[{"taxonomy":"category","embeddable":true,"href":"https:\/\/eurecat.org\/es\/wp-json\/wp\/v2\/categories?post=79565"},{"taxonomy":"post_tag","embeddable":true,"href":"https:\/\/eurecat.org\/es\/wp-json\/wp\/v2\/tags?post=79565"}],"curies":[{"name":"wp","href":"https:\/\/api.w.org\/{rel}","templated":true}]}}