{"id":79805,"date":"2019-04-16T10:20:28","date_gmt":"2019-04-16T10:20:28","guid":{"rendered":"https:\/\/eurecat.org\/?p=79805"},"modified":"2019-04-16T15:07:44","modified_gmt":"2019-04-16T15:07:44","slug":"proyecto-mejorara-gestion-energetica-cadena-produccion-vino-cava","status":"publish","type":"post","link":"https:\/\/eurecat.org\/es\/proyecto-mejorara-gestion-energetica-cadena-produccion-vino-cava\/","title":{"rendered":"Un proyecto mejorar\u00e1 la gesti\u00f3n energ\u00e9tica de la cadena de producci\u00f3n del vino y el cava"},"content":{"rendered":"<p><span lang=\"ES-TRAD\">El centro tecnol\u00f3gico <\/span><span lang=\"ES-TRAD\"><a href=\"http:\/\/eurecat.org\/es\/\">Eurecat<\/a><\/span><span lang=\"ES-TRAD\"> (miembro de Tecnio) participa en el <strong>proyecto Bodegas Inteligentes 4.0<\/strong> que tiene como objetivo global el desarrollo de una herramienta <strong>software de monitorizaci\u00f3n<\/strong>, con capacidad de actuaci\u00f3n y de asistencia al usuario en la toma de decisiones DSS (Decision on Support System) sobre la gesti\u00f3n energ\u00e9tica y de proceso, durante toda la cadena de producci\u00f3n del vino y del cava, desde la cosecha al embotellamiento y almacenaje. <\/span><\/p>\n<p><span lang=\"ES-TRAD\">Actualmente, se est\u00e1 llevando a cabo la segunda fase del proyecto que corresponde al desarrollo completo de la herramienta de <strong>c\u00e1lculo de los indicadores energ\u00e9ticos<\/strong> y al <strong>estudio sobre la viabilidad de interconexi\u00f3n y sistemas de monitorizaci\u00f3n<\/strong>. <\/span><\/p>\n<p><span lang=\"ES\">La herramienta tiene el objetivo de ser sencilla y amigable en su utilizaci\u00f3n. En primer lugar, el usuario indica los consumos que tiene la bodega y las caracter\u00edsticas de producci\u00f3n. A partir de aqu\u00ed, calcula unos indicadores energ\u00e9ticos que permiten a la bodega conocer si sus consumos son similares a la media del sector y ver cu\u00e1l es su potencial de ahorro. Tambi\u00e9n lo aplica al consumo del agua en el proceso de producci\u00f3n. Adem\u00e1s, da indicaciones de posibles actuaciones a llevar a cabo para reducir el consumo de la bodega en cuesti\u00f3n.<\/span><\/p>\n<p><span lang=\"ES-TRAD\">Bodegas Inteligentes 4.0 est\u00e1 apoyado y financiado por el Ministerio de Econom\u00eda, Industria y Competitividad, dentro del programa de apoyo a las Agrupaciones Empresariales Innovadoras para contribuir a la mejora de la competitividad de la industria espa\u00f1ola. Adem\u00e1s de Eurecat, tambi\u00e9n son socios ARCBcn, INNOVI, el Cl\u00faster Vitivin\u00edcola de Catalu\u00f1a y el impulsor del proyecto, el Cl\u00faster de l\u2019Energia Eficient de Catalunya.<\/span><\/p>\n","protected":false},"excerpt":{"rendered":"<p>El centro tecnol\u00f3gico Eurecat (miembro de Tecnio) participa en el proyecto Bodegas Inteligentes 4.0 que tiene como objetivo global el desarrollo de una herramienta software de monitorizaci\u00f3n, con capacidad de actuaci\u00f3n y de asistencia al usuario en la toma de decisiones DSS (Decision on Support System) sobre la gesti\u00f3n energ\u00e9tica y de proceso, durante toda  [&#8230;]<\/p>\n","protected":false},"author":27,"featured_media":79803,"comment_status":"open","ping_status":"closed","sticky":false,"template":"","format":"standard","meta":{"footnotes":""},"categories":[1908,134,411],"tags":[],"class_list":["post-79805","post","type-post","status-publish","format-standard","has-post-thumbnail","hentry","category-energia","category-notas-de-prensa","category-sostenibilidad"],"yoast_head":"<!-- This site is optimized with the Yoast SEO plugin v27.5 - https:\/\/yoast.com\/product\/yoast-seo-wordpress\/ -->\n<title>Mejorar\u00e1n la gesti\u00f3n energ\u00e9tica de la cadena de producci\u00f3n de vino y cava<\/title>\n<meta name=\"description\" content=\"Eurecat participa en el proyecto Bodegas Inteligentes 4.0 que mejorar\u00e1 la gesti\u00f3n energ\u00e9tica de la cadena de producci\u00f3n del vino y el cava.\" \/>\n<meta name=\"robots\" content=\"index, follow, max-snippet:-1, max-image-preview:large, max-video-preview:-1\" \/>\n<link rel=\"canonical\" href=\"https:\/\/eurecat.org\/es\/proyecto-mejorara-gestion-energetica-cadena-produccion-vino-cava\/\" \/>\n<meta property=\"og:locale\" content=\"es_ES\" \/>\n<meta property=\"og:type\" content=\"article\" \/>\n<meta property=\"og:title\" content=\"Mejorar\u00e1n la gesti\u00f3n energ\u00e9tica de la cadena de producci\u00f3n de vino y cava\" \/>\n<meta property=\"og:description\" content=\"Eurecat participa en el proyecto Bodegas Inteligentes 4.0 que mejorar\u00e1 la gesti\u00f3n energ\u00e9tica de la cadena de producci\u00f3n del vino y el cava.\" \/>\n<meta property=\"og:url\" content=\"https:\/\/eurecat.org\/es\/proyecto-mejorara-gestion-energetica-cadena-produccion-vino-cava\/\" \/>\n<meta property=\"og:site_name\" content=\"Eurecat\" \/>\n<meta property=\"article:published_time\" content=\"2019-04-16T10:20:28+00:00\" \/>\n<meta property=\"article:modified_time\" content=\"2019-04-16T15:07:44+00:00\" \/>\n<meta property=\"og:image\" content=\"https:\/\/eurecat.org\/wp-content\/uploads\/2019\/04\/Eurecat-Vi_930x515px.jpg\" \/>\n\t<meta property=\"og:image:width\" content=\"930\" \/>\n\t<meta property=\"og:image:height\" content=\"515\" \/>\n\t<meta property=\"og:image:type\" content=\"image\/jpeg\" \/>\n<meta name=\"author\" content=\"eurecatNG\" \/>\n<meta name=\"twitter:card\" content=\"summary_large_image\" \/>\n<meta name=\"twitter:label1\" content=\"Escrito por\" \/>\n\t<meta name=\"twitter:data1\" content=\"eurecatNG\" \/>\n\t<meta name=\"twitter:label2\" content=\"Tiempo de lectura\" \/>\n\t<meta name=\"twitter:data2\" content=\"1 minuto\" \/>\n<script type=\"application\/ld+json\" class=\"yoast-schema-graph\">{\"@context\":\"https:\\\/\\\/schema.org\",\"@graph\":[{\"@type\":\"Article\",\"@id\":\"https:\\\/\\\/eurecat.org\\\/es\\\/proyecto-mejorara-gestion-energetica-cadena-produccion-vino-cava\\\/#article\",\"isPartOf\":{\"@id\":\"https:\\\/\\\/eurecat.org\\\/es\\\/proyecto-mejorara-gestion-energetica-cadena-produccion-vino-cava\\\/\"},\"author\":{\"name\":\"eurecatNG\",\"@id\":\"https:\\\/\\\/eurecat.org\\\/es\\\/#\\\/schema\\\/person\\\/8342992d6929ad043b305d3cac68b3f4\"},\"headline\":\"Un proyecto mejorar\u00e1 la gesti\u00f3n energ\u00e9tica de la cadena de producci\u00f3n del vino y el cava\",\"datePublished\":\"2019-04-16T10:20:28+00:00\",\"dateModified\":\"2019-04-16T15:07:44+00:00\",\"mainEntityOfPage\":{\"@id\":\"https:\\\/\\\/eurecat.org\\\/es\\\/proyecto-mejorara-gestion-energetica-cadena-produccion-vino-cava\\\/\"},\"wordCount\":308,\"commentCount\":0,\"image\":{\"@id\":\"https:\\\/\\\/eurecat.org\\\/es\\\/proyecto-mejorara-gestion-energetica-cadena-produccion-vino-cava\\\/#primaryimage\"},\"thumbnailUrl\":\"https:\\\/\\\/eurecat.org\\\/wp-content\\\/uploads\\\/2019\\\/04\\\/Eurecat-Vi_930x515px.jpg\",\"articleSection\":[\"Energ\u00eda\",\"Notas de prensa\",\"Sostenibilidad\"],\"inLanguage\":\"es\",\"potentialAction\":[{\"@type\":\"CommentAction\",\"name\":\"Comment\",\"target\":[\"https:\\\/\\\/eurecat.org\\\/es\\\/proyecto-mejorara-gestion-energetica-cadena-produccion-vino-cava\\\/#respond\"]}]},{\"@type\":\"WebPage\",\"@id\":\"https:\\\/\\\/eurecat.org\\\/es\\\/proyecto-mejorara-gestion-energetica-cadena-produccion-vino-cava\\\/\",\"url\":\"https:\\\/\\\/eurecat.org\\\/es\\\/proyecto-mejorara-gestion-energetica-cadena-produccion-vino-cava\\\/\",\"name\":\"Mejorar\u00e1n la gesti\u00f3n energ\u00e9tica de la cadena de producci\u00f3n de vino y cava\",\"isPartOf\":{\"@id\":\"https:\\\/\\\/eurecat.org\\\/es\\\/#website\"},\"primaryImageOfPage\":{\"@id\":\"https:\\\/\\\/eurecat.org\\\/es\\\/proyecto-mejorara-gestion-energetica-cadena-produccion-vino-cava\\\/#primaryimage\"},\"image\":{\"@id\":\"https:\\\/\\\/eurecat.org\\\/es\\\/proyecto-mejorara-gestion-energetica-cadena-produccion-vino-cava\\\/#primaryimage\"},\"thumbnailUrl\":\"https:\\\/\\\/eurecat.org\\\/wp-content\\\/uploads\\\/2019\\\/04\\\/Eurecat-Vi_930x515px.jpg\",\"datePublished\":\"2019-04-16T10:20:28+00:00\",\"dateModified\":\"2019-04-16T15:07:44+00:00\",\"author\":{\"@id\":\"https:\\\/\\\/eurecat.org\\\/es\\\/#\\\/schema\\\/person\\\/8342992d6929ad043b305d3cac68b3f4\"},\"description\":\"Eurecat participa en el proyecto Bodegas Inteligentes 4.0 que mejorar\u00e1 la gesti\u00f3n energ\u00e9tica de la cadena de producci\u00f3n del vino y el cava.\",\"breadcrumb\":{\"@id\":\"https:\\\/\\\/eurecat.org\\\/es\\\/proyecto-mejorara-gestion-energetica-cadena-produccion-vino-cava\\\/#breadcrumb\"},\"inLanguage\":\"es\",\"potentialAction\":[{\"@type\":\"ReadAction\",\"target\":[\"https:\\\/\\\/eurecat.org\\\/es\\\/proyecto-mejorara-gestion-energetica-cadena-produccion-vino-cava\\\/\"]}]},{\"@type\":\"ImageObject\",\"inLanguage\":\"es\",\"@id\":\"https:\\\/\\\/eurecat.org\\\/es\\\/proyecto-mejorara-gestion-energetica-cadena-produccion-vino-cava\\\/#primaryimage\",\"url\":\"https:\\\/\\\/eurecat.org\\\/wp-content\\\/uploads\\\/2019\\\/04\\\/Eurecat-Vi_930x515px.jpg\",\"contentUrl\":\"https:\\\/\\\/eurecat.org\\\/wp-content\\\/uploads\\\/2019\\\/04\\\/Eurecat-Vi_930x515px.jpg\",\"width\":930,\"height\":515,\"caption\":\"bodegues intel\u00b7ligents eurecat vi\"},{\"@type\":\"BreadcrumbList\",\"@id\":\"https:\\\/\\\/eurecat.org\\\/es\\\/proyecto-mejorara-gestion-energetica-cadena-produccion-vino-cava\\\/#breadcrumb\",\"itemListElement\":[{\"@type\":\"ListItem\",\"position\":1,\"name\":\"Inici\",\"item\":\"https:\\\/\\\/eurecat.org\\\/es\\\/\"},{\"@type\":\"ListItem\",\"position\":2,\"name\":\"Un proyecto mejorar\u00e1 la gesti\u00f3n energ\u00e9tica de la cadena de producci\u00f3n del vino y el cava\"}]},{\"@type\":\"WebSite\",\"@id\":\"https:\\\/\\\/eurecat.org\\\/es\\\/#website\",\"url\":\"https:\\\/\\\/eurecat.org\\\/es\\\/\",\"name\":\"Eurecat\",\"description\":\"Otro sitio realizado con WordPress\",\"potentialAction\":[{\"@type\":\"SearchAction\",\"target\":{\"@type\":\"EntryPoint\",\"urlTemplate\":\"https:\\\/\\\/eurecat.org\\\/es\\\/?s={search_term_string}\"},\"query-input\":{\"@type\":\"PropertyValueSpecification\",\"valueRequired\":true,\"valueName\":\"search_term_string\"}}],\"inLanguage\":\"es\"},{\"@type\":\"Person\",\"@id\":\"https:\\\/\\\/eurecat.org\\\/es\\\/#\\\/schema\\\/person\\\/8342992d6929ad043b305d3cac68b3f4\",\"name\":\"eurecatNG\",\"image\":{\"@type\":\"ImageObject\",\"inLanguage\":\"es\",\"@id\":\"https:\\\/\\\/secure.gravatar.com\\\/avatar\\\/63200cb70ae4f15a0f673050f36df149dba802bea7614e8f838aaccfcf8ea11d?s=96&d=mm&r=g\",\"url\":\"https:\\\/\\\/secure.gravatar.com\\\/avatar\\\/63200cb70ae4f15a0f673050f36df149dba802bea7614e8f838aaccfcf8ea11d?s=96&d=mm&r=g\",\"contentUrl\":\"https:\\\/\\\/secure.gravatar.com\\\/avatar\\\/63200cb70ae4f15a0f673050f36df149dba802bea7614e8f838aaccfcf8ea11d?s=96&d=mm&r=g\",\"caption\":\"eurecatNG\"}}]}<\/script>\n<!-- \/ Yoast SEO plugin. -->","yoast_head_json":{"title":"Mejorar\u00e1n la gesti\u00f3n energ\u00e9tica de la cadena de producci\u00f3n de vino y cava","description":"Eurecat participa en el proyecto Bodegas Inteligentes 4.0 que mejorar\u00e1 la gesti\u00f3n energ\u00e9tica de la cadena de producci\u00f3n del vino y el cava.","robots":{"index":"index","follow":"follow","max-snippet":"max-snippet:-1","max-image-preview":"max-image-preview:large","max-video-preview":"max-video-preview:-1"},"canonical":"https:\/\/eurecat.org\/es\/proyecto-mejorara-gestion-energetica-cadena-produccion-vino-cava\/","og_locale":"es_ES","og_type":"article","og_title":"Mejorar\u00e1n la gesti\u00f3n energ\u00e9tica de la cadena de producci\u00f3n de vino y cava","og_description":"Eurecat participa en el proyecto Bodegas Inteligentes 4.0 que mejorar\u00e1 la gesti\u00f3n energ\u00e9tica de la cadena de producci\u00f3n del vino y el cava.","og_url":"https:\/\/eurecat.org\/es\/proyecto-mejorara-gestion-energetica-cadena-produccion-vino-cava\/","og_site_name":"Eurecat","article_published_time":"2019-04-16T10:20:28+00:00","article_modified_time":"2019-04-16T15:07:44+00:00","og_image":[{"width":930,"height":515,"url":"https:\/\/eurecat.org\/wp-content\/uploads\/2019\/04\/Eurecat-Vi_930x515px.jpg","type":"image\/jpeg"}],"author":"eurecatNG","twitter_card":"summary_large_image","twitter_misc":{"Escrito por":"eurecatNG","Tiempo de lectura":"1 minuto"},"schema":{"@context":"https:\/\/schema.org","@graph":[{"@type":"Article","@id":"https:\/\/eurecat.org\/es\/proyecto-mejorara-gestion-energetica-cadena-produccion-vino-cava\/#article","isPartOf":{"@id":"https:\/\/eurecat.org\/es\/proyecto-mejorara-gestion-energetica-cadena-produccion-vino-cava\/"},"author":{"name":"eurecatNG","@id":"https:\/\/eurecat.org\/es\/#\/schema\/person\/8342992d6929ad043b305d3cac68b3f4"},"headline":"Un proyecto mejorar\u00e1 la gesti\u00f3n energ\u00e9tica de la cadena de producci\u00f3n del vino y el cava","datePublished":"2019-04-16T10:20:28+00:00","dateModified":"2019-04-16T15:07:44+00:00","mainEntityOfPage":{"@id":"https:\/\/eurecat.org\/es\/proyecto-mejorara-gestion-energetica-cadena-produccion-vino-cava\/"},"wordCount":308,"commentCount":0,"image":{"@id":"https:\/\/eurecat.org\/es\/proyecto-mejorara-gestion-energetica-cadena-produccion-vino-cava\/#primaryimage"},"thumbnailUrl":"https:\/\/eurecat.org\/wp-content\/uploads\/2019\/04\/Eurecat-Vi_930x515px.jpg","articleSection":["Energ\u00eda","Notas de prensa","Sostenibilidad"],"inLanguage":"es","potentialAction":[{"@type":"CommentAction","name":"Comment","target":["https:\/\/eurecat.org\/es\/proyecto-mejorara-gestion-energetica-cadena-produccion-vino-cava\/#respond"]}]},{"@type":"WebPage","@id":"https:\/\/eurecat.org\/es\/proyecto-mejorara-gestion-energetica-cadena-produccion-vino-cava\/","url":"https:\/\/eurecat.org\/es\/proyecto-mejorara-gestion-energetica-cadena-produccion-vino-cava\/","name":"Mejorar\u00e1n la gesti\u00f3n energ\u00e9tica de la cadena de producci\u00f3n de vino y cava","isPartOf":{"@id":"https:\/\/eurecat.org\/es\/#website"},"primaryImageOfPage":{"@id":"https:\/\/eurecat.org\/es\/proyecto-mejorara-gestion-energetica-cadena-produccion-vino-cava\/#primaryimage"},"image":{"@id":"https:\/\/eurecat.org\/es\/proyecto-mejorara-gestion-energetica-cadena-produccion-vino-cava\/#primaryimage"},"thumbnailUrl":"https:\/\/eurecat.org\/wp-content\/uploads\/2019\/04\/Eurecat-Vi_930x515px.jpg","datePublished":"2019-04-16T10:20:28+00:00","dateModified":"2019-04-16T15:07:44+00:00","author":{"@id":"https:\/\/eurecat.org\/es\/#\/schema\/person\/8342992d6929ad043b305d3cac68b3f4"},"description":"Eurecat participa en el proyecto Bodegas Inteligentes 4.0 que mejorar\u00e1 la gesti\u00f3n energ\u00e9tica de la cadena de producci\u00f3n del vino y el cava.","breadcrumb":{"@id":"https:\/\/eurecat.org\/es\/proyecto-mejorara-gestion-energetica-cadena-produccion-vino-cava\/#breadcrumb"},"inLanguage":"es","potentialAction":[{"@type":"ReadAction","target":["https:\/\/eurecat.org\/es\/proyecto-mejorara-gestion-energetica-cadena-produccion-vino-cava\/"]}]},{"@type":"ImageObject","inLanguage":"es","@id":"https:\/\/eurecat.org\/es\/proyecto-mejorara-gestion-energetica-cadena-produccion-vino-cava\/#primaryimage","url":"https:\/\/eurecat.org\/wp-content\/uploads\/2019\/04\/Eurecat-Vi_930x515px.jpg","contentUrl":"https:\/\/eurecat.org\/wp-content\/uploads\/2019\/04\/Eurecat-Vi_930x515px.jpg","width":930,"height":515,"caption":"bodegues intel\u00b7ligents eurecat vi"},{"@type":"BreadcrumbList","@id":"https:\/\/eurecat.org\/es\/proyecto-mejorara-gestion-energetica-cadena-produccion-vino-cava\/#breadcrumb","itemListElement":[{"@type":"ListItem","position":1,"name":"Inici","item":"https:\/\/eurecat.org\/es\/"},{"@type":"ListItem","position":2,"name":"Un proyecto mejorar\u00e1 la gesti\u00f3n energ\u00e9tica de la cadena de producci\u00f3n del vino y el cava"}]},{"@type":"WebSite","@id":"https:\/\/eurecat.org\/es\/#website","url":"https:\/\/eurecat.org\/es\/","name":"Eurecat","description":"Otro sitio realizado con WordPress","potentialAction":[{"@type":"SearchAction","target":{"@type":"EntryPoint","urlTemplate":"https:\/\/eurecat.org\/es\/?s={search_term_string}"},"query-input":{"@type":"PropertyValueSpecification","valueRequired":true,"valueName":"search_term_string"}}],"inLanguage":"es"},{"@type":"Person","@id":"https:\/\/eurecat.org\/es\/#\/schema\/person\/8342992d6929ad043b305d3cac68b3f4","name":"eurecatNG","image":{"@type":"ImageObject","inLanguage":"es","@id":"https:\/\/secure.gravatar.com\/avatar\/63200cb70ae4f15a0f673050f36df149dba802bea7614e8f838aaccfcf8ea11d?s=96&d=mm&r=g","url":"https:\/\/secure.gravatar.com\/avatar\/63200cb70ae4f15a0f673050f36df149dba802bea7614e8f838aaccfcf8ea11d?s=96&d=mm&r=g","contentUrl":"https:\/\/secure.gravatar.com\/avatar\/63200cb70ae4f15a0f673050f36df149dba802bea7614e8f838aaccfcf8ea11d?s=96&d=mm&r=g","caption":"eurecatNG"}}]}},"_links":{"self":[{"href":"https:\/\/eurecat.org\/es\/wp-json\/wp\/v2\/posts\/79805","targetHints":{"allow":["GET"]}}],"collection":[{"href":"https:\/\/eurecat.org\/es\/wp-json\/wp\/v2\/posts"}],"about":[{"href":"https:\/\/eurecat.org\/es\/wp-json\/wp\/v2\/types\/post"}],"author":[{"embeddable":true,"href":"https:\/\/eurecat.org\/es\/wp-json\/wp\/v2\/users\/27"}],"replies":[{"embeddable":true,"href":"https:\/\/eurecat.org\/es\/wp-json\/wp\/v2\/comments?post=79805"}],"version-history":[{"count":0,"href":"https:\/\/eurecat.org\/es\/wp-json\/wp\/v2\/posts\/79805\/revisions"}],"wp:featuredmedia":[{"embeddable":true,"href":"https:\/\/eurecat.org\/es\/wp-json\/wp\/v2\/media\/79803"}],"wp:attachment":[{"href":"https:\/\/eurecat.org\/es\/wp-json\/wp\/v2\/media?parent=79805"}],"wp:term":[{"taxonomy":"category","embeddable":true,"href":"https:\/\/eurecat.org\/es\/wp-json\/wp\/v2\/categories?post=79805"},{"taxonomy":"post_tag","embeddable":true,"href":"https:\/\/eurecat.org\/es\/wp-json\/wp\/v2\/tags?post=79805"}],"curies":[{"name":"wp","href":"https:\/\/api.w.org\/{rel}","templated":true}]}}