{"id":80329,"date":"2019-05-06T11:58:54","date_gmt":"2019-05-06T11:58:54","guid":{"rendered":"https:\/\/eurecat.org\/?p=80329"},"modified":"2019-05-06T12:02:13","modified_gmt":"2019-05-06T12:02:13","slug":"abierta-la-convocatoria-de-la-vi-edicion-del-premio-ruralapps","status":"publish","type":"post","link":"https:\/\/eurecat.org\/es\/abierta-la-convocatoria-de-la-vi-edicion-del-premio-ruralapps\/","title":{"rendered":"Abierta la convocatoria de la VI edici\u00f3n del Premio Ruralapps"},"content":{"rendered":"<p><span lang=\"ES\">La sexta edici\u00f3n del <\/span><strong><span lang=\"ES\"><a href=\"https:\/\/ruralcat.gencat.cat\/web\/guest\/premis-ruralapps\">Premio Ruralapps<\/a><\/span><\/strong><span lang=\"ES\"><strong>,<\/strong> que convoca el Departamento de Agricultura, Ganader\u00eda, Pesca y Alimentaci\u00f3n (DARP) de la Generalitat de Catalunya con el apoyo del centro tecnol\u00f3gico <\/span><a href=\"http:\/\/eurecat.org\/es\/\">Eurecat<\/a><span lang=\"ES\"> (miembro de Tecnio), ha <strong>abierto el proceso de presentaci\u00f3n de candidaturas<\/strong>, con un plazo que finaliza el pr\u00f3ximo 17 de junio.<\/span><\/p>\n<p><span lang=\"ES\">Con el Premio Ruralapps, el DARP quiere impulsar el desarrollo de aplicaciones m\u00f3viles en el marco del sector agroalimentario y rural, distinguir las empresas que hayan desarrollado las <strong>dos mejores aplicaciones m\u00f3viles funcionales que contribuyan a la mejora del sector agrario, alimentario, forestal, pesquero o rural<\/strong>, y reconocer los empresarios innovadores que hayan desarrollado aplicaciones m\u00f3viles que aporten soluciones tecnol\u00f3gicas a la ciudadan\u00eda o a los profesionales del sector agroalimentario y rural.<\/span><\/p>\n<p><span lang=\"ES\">El premio establece dos modalidades: <strong>Ruralapps-Ciudadan\u00eda<\/strong>, para la app destinada a dar soluciones tecnol\u00f3gicas innovadoras a la ciudadan\u00eda, y <strong>Ruralapps-Profesional<\/strong>, para la app destinada a dar soluciones tecnol\u00f3gicas innovadoras a los profesionales de los sectores agrario, alimentario y rural.<\/span><\/p>\n<p><span lang=\"ES\">Los premios, dotados con 3.000 euros cada uno, y las nominaciones concedidas se har\u00e1n p\u00fablicos en la <\/span><span lang=\"ES\"><a href=\"https:\/\/web.gencat.cat\/es\/seu-electronica\/index.html\">sede electr\u00f3nica de la Generalitat de Catalunya<\/a><\/span><span lang=\"ES\"> y en la <\/span><span lang=\"ES\"><a href=\"http:\/\/agricultura.gencat.cat\/ca\/departament\/transparencia\/subvencions-ajuts\/concedits\/beneficiaris\/\">web<\/a><\/span><span lang=\"ES\">, haciendo uso de los medios electr\u00f3nicos establecidos.<\/span><\/p>\n<p><span lang=\"ES\">Las candidaturas ganadoras en la pasada edici\u00f3n fueron <\/span>Myhealthwatcher<span lang=\"ES\">, una app que interpreta las etiquetas de los productos de alimentaci\u00f3n envasados <\/span><span lang=\"ES\">\u200b\u200b<\/span><span lang=\"ES\">en funci\u00f3n del perfil personal de salud del usuario, y <\/span>Waatic<span lang=\"ES\">, un sistema para la aplicaci\u00f3n inteligente de productos fitosanitarios y trazabilidad en cultivos especiales. Y las finalistas fueron la app Bas de M\u00e0gia, del Ayuntamiento de la Vall d&#8217;en Bas, una aplicaci\u00f3n que permite el conocimiento de un entorno rural, como es la Vall d&#8217;en Bas, de una manera integral y desde m\u00faltiples vertientes, y VP-SUIS, una aplicaci\u00f3n pensada para apoyar la gesti\u00f3n de las explotaciones porcinas.<\/span><\/p>\n<p><span lang=\"ES\">Pod\u00e9is encontrar m\u00e1s informaci\u00f3n en la <\/span><span lang=\"ES\"><a href=\"http:\/\/agricultura.gencat.cat\/es\/inici\/index.html\">web del DARP<\/a><\/span><span lang=\"ES\"> y en el <\/span><span lang=\"ES\"><a href=\"https:\/\/ruralcat.gencat.cat\/web\/guest\/premis-ruralapps\">portal Ruralcat<\/a><\/span><span lang=\"ES\">. Los interesados <\/span><span lang=\"ES\">\u200b\u200b<\/span><span lang=\"ES\">pueden contactar con <\/span><span lang=\"ES\"><a>events@eurecat.org<\/a><\/span><span lang=\"ES\"> y con el Servicio de innovaci<\/span><span lang=\"ES\">\u00f3<\/span><span lang=\"ES\">n Agroalimentaria del DARP a la direcci\u00f3n de correo <\/span><span lang=\"ES\"><a>premis_innovacio.agricultura@gencat.cat<\/a><\/span><span lang=\"ES\">, si necesitan m\u00e1s informaci\u00f3n sobre c\u00f3mo participar en la convocatoria de los Premios Ruralapps.<\/span><\/p>\n","protected":false},"excerpt":{"rendered":"<p>La sexta edici\u00f3n del Premio Ruralapps, que convoca el Departamento de Agricultura, Ganader\u00eda, Pesca y Alimentaci\u00f3n (DARP) de la Generalitat de Catalunya con el apoyo del centro tecnol\u00f3gico Eurecat (miembro de Tecnio), ha abierto el proceso de presentaci\u00f3n de candidaturas, con un plazo que finaliza el pr\u00f3ximo 17 de junio. Con el Premio Ruralapps, el  [&#8230;]<\/p>\n","protected":false},"author":27,"featured_media":80327,"comment_status":"open","ping_status":"closed","sticky":false,"template":"","format":"standard","meta":{"footnotes":""},"categories":[1905,702,134],"tags":[],"class_list":["post-80329","post","type-post","status-publish","format-standard","has-post-thumbnail","hentry","category-alimentacion","category-eventos","category-notas-de-prensa"],"yoast_head":"<!-- This site is optimized with the Yoast SEO plugin v27.4 - https:\/\/yoast.com\/product\/yoast-seo-wordpress\/ -->\n<title>Abierta la convocatoria de la VI edici\u00f3n del Premio Ruralapps - Eurecat<\/title>\n<meta name=\"description\" content=\"La sexta edici\u00f3n del Premio Ruralapps ha abierto el proceso de presentaci\u00f3n de candidaturas, con un plazo que finaliza el pr\u00f3ximo 17 de junio.\" \/>\n<meta name=\"robots\" content=\"index, follow, max-snippet:-1, max-image-preview:large, max-video-preview:-1\" \/>\n<link rel=\"canonical\" href=\"https:\/\/eurecat.org\/es\/abierta-la-convocatoria-de-la-vi-edicion-del-premio-ruralapps\/\" \/>\n<meta property=\"og:locale\" content=\"es_ES\" \/>\n<meta property=\"og:type\" content=\"article\" \/>\n<meta property=\"og:title\" content=\"Abierta la convocatoria de la VI edici\u00f3n del Premio Ruralapps - Eurecat\" \/>\n<meta property=\"og:description\" content=\"La sexta edici\u00f3n del Premio Ruralapps ha abierto el proceso de presentaci\u00f3n de candidaturas, con un plazo que finaliza el pr\u00f3ximo 17 de junio.\" \/>\n<meta property=\"og:url\" content=\"https:\/\/eurecat.org\/es\/abierta-la-convocatoria-de-la-vi-edicion-del-premio-ruralapps\/\" \/>\n<meta property=\"og:site_name\" content=\"Eurecat\" \/>\n<meta property=\"article:published_time\" content=\"2019-05-06T11:58:54+00:00\" \/>\n<meta property=\"article:modified_time\" content=\"2019-05-06T12:02:13+00:00\" \/>\n<meta property=\"og:image\" content=\"https:\/\/eurecat.org\/wp-content\/uploads\/2019\/05\/Eurecat-Ruralapp_930x515px.jpg\" \/>\n\t<meta property=\"og:image:width\" content=\"930\" \/>\n\t<meta property=\"og:image:height\" content=\"515\" \/>\n\t<meta property=\"og:image:type\" content=\"image\/jpeg\" \/>\n<meta name=\"author\" content=\"eurecatNG\" \/>\n<meta name=\"twitter:card\" content=\"summary_large_image\" \/>\n<meta name=\"twitter:label1\" content=\"Escrito por\" \/>\n\t<meta name=\"twitter:data1\" content=\"eurecatNG\" \/>\n\t<meta name=\"twitter:label2\" content=\"Tiempo de lectura\" \/>\n\t<meta name=\"twitter:data2\" content=\"2 minutos\" \/>\n<script type=\"application\/ld+json\" class=\"yoast-schema-graph\">{\"@context\":\"https:\\\/\\\/schema.org\",\"@graph\":[{\"@type\":\"Article\",\"@id\":\"https:\\\/\\\/eurecat.org\\\/es\\\/abierta-la-convocatoria-de-la-vi-edicion-del-premio-ruralapps\\\/#article\",\"isPartOf\":{\"@id\":\"https:\\\/\\\/eurecat.org\\\/es\\\/abierta-la-convocatoria-de-la-vi-edicion-del-premio-ruralapps\\\/\"},\"author\":{\"name\":\"eurecatNG\",\"@id\":\"https:\\\/\\\/eurecat.org\\\/es\\\/#\\\/schema\\\/person\\\/8342992d6929ad043b305d3cac68b3f4\"},\"headline\":\"Abierta la convocatoria de la VI edici\u00f3n del Premio Ruralapps\",\"datePublished\":\"2019-05-06T11:58:54+00:00\",\"dateModified\":\"2019-05-06T12:02:13+00:00\",\"mainEntityOfPage\":{\"@id\":\"https:\\\/\\\/eurecat.org\\\/es\\\/abierta-la-convocatoria-de-la-vi-edicion-del-premio-ruralapps\\\/\"},\"wordCount\":397,\"commentCount\":0,\"image\":{\"@id\":\"https:\\\/\\\/eurecat.org\\\/es\\\/abierta-la-convocatoria-de-la-vi-edicion-del-premio-ruralapps\\\/#primaryimage\"},\"thumbnailUrl\":\"https:\\\/\\\/eurecat.org\\\/wp-content\\\/uploads\\\/2019\\\/05\\\/Eurecat-Ruralapp_930x515px.jpg\",\"articleSection\":[\"Alimentaci\u00f3n\",\"Eventos\",\"Notas de prensa\"],\"inLanguage\":\"es\",\"potentialAction\":[{\"@type\":\"CommentAction\",\"name\":\"Comment\",\"target\":[\"https:\\\/\\\/eurecat.org\\\/es\\\/abierta-la-convocatoria-de-la-vi-edicion-del-premio-ruralapps\\\/#respond\"]}]},{\"@type\":\"WebPage\",\"@id\":\"https:\\\/\\\/eurecat.org\\\/es\\\/abierta-la-convocatoria-de-la-vi-edicion-del-premio-ruralapps\\\/\",\"url\":\"https:\\\/\\\/eurecat.org\\\/es\\\/abierta-la-convocatoria-de-la-vi-edicion-del-premio-ruralapps\\\/\",\"name\":\"Abierta la convocatoria de la VI edici\u00f3n del Premio Ruralapps - Eurecat\",\"isPartOf\":{\"@id\":\"https:\\\/\\\/eurecat.org\\\/es\\\/#website\"},\"primaryImageOfPage\":{\"@id\":\"https:\\\/\\\/eurecat.org\\\/es\\\/abierta-la-convocatoria-de-la-vi-edicion-del-premio-ruralapps\\\/#primaryimage\"},\"image\":{\"@id\":\"https:\\\/\\\/eurecat.org\\\/es\\\/abierta-la-convocatoria-de-la-vi-edicion-del-premio-ruralapps\\\/#primaryimage\"},\"thumbnailUrl\":\"https:\\\/\\\/eurecat.org\\\/wp-content\\\/uploads\\\/2019\\\/05\\\/Eurecat-Ruralapp_930x515px.jpg\",\"datePublished\":\"2019-05-06T11:58:54+00:00\",\"dateModified\":\"2019-05-06T12:02:13+00:00\",\"author\":{\"@id\":\"https:\\\/\\\/eurecat.org\\\/es\\\/#\\\/schema\\\/person\\\/8342992d6929ad043b305d3cac68b3f4\"},\"description\":\"La sexta edici\u00f3n del Premio Ruralapps ha abierto el proceso de presentaci\u00f3n de candidaturas, con un plazo que finaliza el pr\u00f3ximo 17 de junio.\",\"breadcrumb\":{\"@id\":\"https:\\\/\\\/eurecat.org\\\/es\\\/abierta-la-convocatoria-de-la-vi-edicion-del-premio-ruralapps\\\/#breadcrumb\"},\"inLanguage\":\"es\",\"potentialAction\":[{\"@type\":\"ReadAction\",\"target\":[\"https:\\\/\\\/eurecat.org\\\/es\\\/abierta-la-convocatoria-de-la-vi-edicion-del-premio-ruralapps\\\/\"]}]},{\"@type\":\"ImageObject\",\"inLanguage\":\"es\",\"@id\":\"https:\\\/\\\/eurecat.org\\\/es\\\/abierta-la-convocatoria-de-la-vi-edicion-del-premio-ruralapps\\\/#primaryimage\",\"url\":\"https:\\\/\\\/eurecat.org\\\/wp-content\\\/uploads\\\/2019\\\/05\\\/Eurecat-Ruralapp_930x515px.jpg\",\"contentUrl\":\"https:\\\/\\\/eurecat.org\\\/wp-content\\\/uploads\\\/2019\\\/05\\\/Eurecat-Ruralapp_930x515px.jpg\",\"width\":930,\"height\":515,\"caption\":\"eurecat ruralapp 2019 convocat\u00f2ria\"},{\"@type\":\"BreadcrumbList\",\"@id\":\"https:\\\/\\\/eurecat.org\\\/es\\\/abierta-la-convocatoria-de-la-vi-edicion-del-premio-ruralapps\\\/#breadcrumb\",\"itemListElement\":[{\"@type\":\"ListItem\",\"position\":1,\"name\":\"Inici\",\"item\":\"https:\\\/\\\/eurecat.org\\\/es\\\/\"},{\"@type\":\"ListItem\",\"position\":2,\"name\":\"Abierta la convocatoria de la VI edici\u00f3n del Premio Ruralapps\"}]},{\"@type\":\"WebSite\",\"@id\":\"https:\\\/\\\/eurecat.org\\\/es\\\/#website\",\"url\":\"https:\\\/\\\/eurecat.org\\\/es\\\/\",\"name\":\"Eurecat\",\"description\":\"Otro sitio realizado con WordPress\",\"potentialAction\":[{\"@type\":\"SearchAction\",\"target\":{\"@type\":\"EntryPoint\",\"urlTemplate\":\"https:\\\/\\\/eurecat.org\\\/es\\\/?s={search_term_string}\"},\"query-input\":{\"@type\":\"PropertyValueSpecification\",\"valueRequired\":true,\"valueName\":\"search_term_string\"}}],\"inLanguage\":\"es\"},{\"@type\":\"Person\",\"@id\":\"https:\\\/\\\/eurecat.org\\\/es\\\/#\\\/schema\\\/person\\\/8342992d6929ad043b305d3cac68b3f4\",\"name\":\"eurecatNG\",\"image\":{\"@type\":\"ImageObject\",\"inLanguage\":\"es\",\"@id\":\"https:\\\/\\\/secure.gravatar.com\\\/avatar\\\/63200cb70ae4f15a0f673050f36df149dba802bea7614e8f838aaccfcf8ea11d?s=96&d=mm&r=g\",\"url\":\"https:\\\/\\\/secure.gravatar.com\\\/avatar\\\/63200cb70ae4f15a0f673050f36df149dba802bea7614e8f838aaccfcf8ea11d?s=96&d=mm&r=g\",\"contentUrl\":\"https:\\\/\\\/secure.gravatar.com\\\/avatar\\\/63200cb70ae4f15a0f673050f36df149dba802bea7614e8f838aaccfcf8ea11d?s=96&d=mm&r=g\",\"caption\":\"eurecatNG\"}}]}<\/script>\n<!-- \/ Yoast SEO plugin. -->","yoast_head_json":{"title":"Abierta la convocatoria de la VI edici\u00f3n del Premio Ruralapps - Eurecat","description":"La sexta edici\u00f3n del Premio Ruralapps ha abierto el proceso de presentaci\u00f3n de candidaturas, con un plazo que finaliza el pr\u00f3ximo 17 de junio.","robots":{"index":"index","follow":"follow","max-snippet":"max-snippet:-1","max-image-preview":"max-image-preview:large","max-video-preview":"max-video-preview:-1"},"canonical":"https:\/\/eurecat.org\/es\/abierta-la-convocatoria-de-la-vi-edicion-del-premio-ruralapps\/","og_locale":"es_ES","og_type":"article","og_title":"Abierta la convocatoria de la VI edici\u00f3n del Premio Ruralapps - Eurecat","og_description":"La sexta edici\u00f3n del Premio Ruralapps ha abierto el proceso de presentaci\u00f3n de candidaturas, con un plazo que finaliza el pr\u00f3ximo 17 de junio.","og_url":"https:\/\/eurecat.org\/es\/abierta-la-convocatoria-de-la-vi-edicion-del-premio-ruralapps\/","og_site_name":"Eurecat","article_published_time":"2019-05-06T11:58:54+00:00","article_modified_time":"2019-05-06T12:02:13+00:00","og_image":[{"width":930,"height":515,"url":"https:\/\/eurecat.org\/wp-content\/uploads\/2019\/05\/Eurecat-Ruralapp_930x515px.jpg","type":"image\/jpeg"}],"author":"eurecatNG","twitter_card":"summary_large_image","twitter_misc":{"Escrito por":"eurecatNG","Tiempo de lectura":"2 minutos"},"schema":{"@context":"https:\/\/schema.org","@graph":[{"@type":"Article","@id":"https:\/\/eurecat.org\/es\/abierta-la-convocatoria-de-la-vi-edicion-del-premio-ruralapps\/#article","isPartOf":{"@id":"https:\/\/eurecat.org\/es\/abierta-la-convocatoria-de-la-vi-edicion-del-premio-ruralapps\/"},"author":{"name":"eurecatNG","@id":"https:\/\/eurecat.org\/es\/#\/schema\/person\/8342992d6929ad043b305d3cac68b3f4"},"headline":"Abierta la convocatoria de la VI edici\u00f3n del Premio Ruralapps","datePublished":"2019-05-06T11:58:54+00:00","dateModified":"2019-05-06T12:02:13+00:00","mainEntityOfPage":{"@id":"https:\/\/eurecat.org\/es\/abierta-la-convocatoria-de-la-vi-edicion-del-premio-ruralapps\/"},"wordCount":397,"commentCount":0,"image":{"@id":"https:\/\/eurecat.org\/es\/abierta-la-convocatoria-de-la-vi-edicion-del-premio-ruralapps\/#primaryimage"},"thumbnailUrl":"https:\/\/eurecat.org\/wp-content\/uploads\/2019\/05\/Eurecat-Ruralapp_930x515px.jpg","articleSection":["Alimentaci\u00f3n","Eventos","Notas de prensa"],"inLanguage":"es","potentialAction":[{"@type":"CommentAction","name":"Comment","target":["https:\/\/eurecat.org\/es\/abierta-la-convocatoria-de-la-vi-edicion-del-premio-ruralapps\/#respond"]}]},{"@type":"WebPage","@id":"https:\/\/eurecat.org\/es\/abierta-la-convocatoria-de-la-vi-edicion-del-premio-ruralapps\/","url":"https:\/\/eurecat.org\/es\/abierta-la-convocatoria-de-la-vi-edicion-del-premio-ruralapps\/","name":"Abierta la convocatoria de la VI edici\u00f3n del Premio Ruralapps - Eurecat","isPartOf":{"@id":"https:\/\/eurecat.org\/es\/#website"},"primaryImageOfPage":{"@id":"https:\/\/eurecat.org\/es\/abierta-la-convocatoria-de-la-vi-edicion-del-premio-ruralapps\/#primaryimage"},"image":{"@id":"https:\/\/eurecat.org\/es\/abierta-la-convocatoria-de-la-vi-edicion-del-premio-ruralapps\/#primaryimage"},"thumbnailUrl":"https:\/\/eurecat.org\/wp-content\/uploads\/2019\/05\/Eurecat-Ruralapp_930x515px.jpg","datePublished":"2019-05-06T11:58:54+00:00","dateModified":"2019-05-06T12:02:13+00:00","author":{"@id":"https:\/\/eurecat.org\/es\/#\/schema\/person\/8342992d6929ad043b305d3cac68b3f4"},"description":"La sexta edici\u00f3n del Premio Ruralapps ha abierto el proceso de presentaci\u00f3n de candidaturas, con un plazo que finaliza el pr\u00f3ximo 17 de junio.","breadcrumb":{"@id":"https:\/\/eurecat.org\/es\/abierta-la-convocatoria-de-la-vi-edicion-del-premio-ruralapps\/#breadcrumb"},"inLanguage":"es","potentialAction":[{"@type":"ReadAction","target":["https:\/\/eurecat.org\/es\/abierta-la-convocatoria-de-la-vi-edicion-del-premio-ruralapps\/"]}]},{"@type":"ImageObject","inLanguage":"es","@id":"https:\/\/eurecat.org\/es\/abierta-la-convocatoria-de-la-vi-edicion-del-premio-ruralapps\/#primaryimage","url":"https:\/\/eurecat.org\/wp-content\/uploads\/2019\/05\/Eurecat-Ruralapp_930x515px.jpg","contentUrl":"https:\/\/eurecat.org\/wp-content\/uploads\/2019\/05\/Eurecat-Ruralapp_930x515px.jpg","width":930,"height":515,"caption":"eurecat ruralapp 2019 convocat\u00f2ria"},{"@type":"BreadcrumbList","@id":"https:\/\/eurecat.org\/es\/abierta-la-convocatoria-de-la-vi-edicion-del-premio-ruralapps\/#breadcrumb","itemListElement":[{"@type":"ListItem","position":1,"name":"Inici","item":"https:\/\/eurecat.org\/es\/"},{"@type":"ListItem","position":2,"name":"Abierta la convocatoria de la VI edici\u00f3n del Premio Ruralapps"}]},{"@type":"WebSite","@id":"https:\/\/eurecat.org\/es\/#website","url":"https:\/\/eurecat.org\/es\/","name":"Eurecat","description":"Otro sitio realizado con WordPress","potentialAction":[{"@type":"SearchAction","target":{"@type":"EntryPoint","urlTemplate":"https:\/\/eurecat.org\/es\/?s={search_term_string}"},"query-input":{"@type":"PropertyValueSpecification","valueRequired":true,"valueName":"search_term_string"}}],"inLanguage":"es"},{"@type":"Person","@id":"https:\/\/eurecat.org\/es\/#\/schema\/person\/8342992d6929ad043b305d3cac68b3f4","name":"eurecatNG","image":{"@type":"ImageObject","inLanguage":"es","@id":"https:\/\/secure.gravatar.com\/avatar\/63200cb70ae4f15a0f673050f36df149dba802bea7614e8f838aaccfcf8ea11d?s=96&d=mm&r=g","url":"https:\/\/secure.gravatar.com\/avatar\/63200cb70ae4f15a0f673050f36df149dba802bea7614e8f838aaccfcf8ea11d?s=96&d=mm&r=g","contentUrl":"https:\/\/secure.gravatar.com\/avatar\/63200cb70ae4f15a0f673050f36df149dba802bea7614e8f838aaccfcf8ea11d?s=96&d=mm&r=g","caption":"eurecatNG"}}]}},"_links":{"self":[{"href":"https:\/\/eurecat.org\/es\/wp-json\/wp\/v2\/posts\/80329","targetHints":{"allow":["GET"]}}],"collection":[{"href":"https:\/\/eurecat.org\/es\/wp-json\/wp\/v2\/posts"}],"about":[{"href":"https:\/\/eurecat.org\/es\/wp-json\/wp\/v2\/types\/post"}],"author":[{"embeddable":true,"href":"https:\/\/eurecat.org\/es\/wp-json\/wp\/v2\/users\/27"}],"replies":[{"embeddable":true,"href":"https:\/\/eurecat.org\/es\/wp-json\/wp\/v2\/comments?post=80329"}],"version-history":[{"count":0,"href":"https:\/\/eurecat.org\/es\/wp-json\/wp\/v2\/posts\/80329\/revisions"}],"wp:featuredmedia":[{"embeddable":true,"href":"https:\/\/eurecat.org\/es\/wp-json\/wp\/v2\/media\/80327"}],"wp:attachment":[{"href":"https:\/\/eurecat.org\/es\/wp-json\/wp\/v2\/media?parent=80329"}],"wp:term":[{"taxonomy":"category","embeddable":true,"href":"https:\/\/eurecat.org\/es\/wp-json\/wp\/v2\/categories?post=80329"},{"taxonomy":"post_tag","embeddable":true,"href":"https:\/\/eurecat.org\/es\/wp-json\/wp\/v2\/tags?post=80329"}],"curies":[{"name":"wp","href":"https:\/\/api.w.org\/{rel}","templated":true}]}}