{"id":81426,"date":"2019-05-22T11:55:28","date_gmt":"2019-05-22T11:55:28","guid":{"rendered":"https:\/\/eurecat.org\/?p=81426"},"modified":"2019-05-23T13:32:16","modified_gmt":"2019-05-23T13:32:16","slug":"eurecat-muestra-tecnologias-anticipan-nueva-movilidad","status":"publish","type":"post","link":"https:\/\/eurecat.org\/es\/eurecat-muestra-tecnologias-anticipan-nueva-movilidad\/","title":{"rendered":"Eurecat muestra tecnolog\u00edas que anticipan la nueva movilidad en el Simposio Internacional del Veh\u00edculo El\u00e9ctrico de Lyon"},"content":{"rendered":"<p>El centro tecnol\u00f3gico <a href=\"http:\/\/eurecat.org\/es\/\" target=\"_blank\" rel=\"noopener noreferrer\">Eurecat<\/a> (miembro de Tecnio) participa esta semana en el 32 <a href=\"https:\/\/www.evs32.org\/\" target=\"_blank\" rel=\"noopener noreferrer\">Simposio Internacional del Veh\u00edculo El\u00e9ctrico de Lyon<\/a> (Francia), el evento de referencia en el \u00e1mbito de la movilidad sostenible, donde dar\u00e1 a conocer soluciones de alto <strong>valor a\u00f1adido para el veh\u00edculo y la movilidad del futuro<\/strong>, orientadas a dar respuesta al actual cambio de paradigma, en el que confluyen electromovilidad, autonom\u00eda, conexi\u00f3n y sostenibilidad.<\/p>\n<p>Seg\u00fan destaca el director general de Negocio de Eurecat, Miquel Rey, el objetivo de Eurecat \u201ces fortalecer su relaci\u00f3n con clientes del mundo de la movilidad y obtener la m\u00e1xima informaci\u00f3n de contexto para poder ofrecer no s\u00f3lo capacidades t\u00e9cnicas, sino visi\u00f3n de cadena de valor y proyecci\u00f3n futura de negocio\u201d.<\/p>\n<p>Con esta finalidad, el director de Proyectos Integrales de Eurecat y el responsable del Laboratorio de Bater\u00edas del centro tecnol\u00f3gico, Juanjo Mart\u00edn y Albert Rodr\u00edguez, respectivamente, han presentado durante el encuentro un proyecto consorciado llevado a cabo para desarrollar un <strong>minib\u00fas el\u00e9ctrico<\/strong> de tecnolog\u00eda avanzada y de emisi\u00f3n cero pensado para dar servicio regular en l\u00edneas de Bus de Barrio de la ciudad de Barcelona.<\/p>\n<p>El minib\u00fas es el resultado de dos a\u00f1os de trabajo por parte de TMB, la empresa de ingenier\u00eda y ensayos Applus Idiada, el carrocero especializado en minibuses Indcar, Eurecat y el fabricante de bater\u00edas Millor Battery, para su definici\u00f3n, desarrollo, dise\u00f1o y fabricaci\u00f3n.<\/p>\n<p>Asimismo, el responsable del Laboratorio de Bater\u00edas de Eurecat ha presentado un<strong> p\u00f3ster cient\u00edfico<\/strong> titulado \u00abBalanced model-order reduction technique of lithium-ion battery-cell internal Electrochemical transfer functions\u00bb, un campo con una gran proyecci\u00f3n en el mercado, dado el crecimiento del veh\u00edculo el\u00e9ctrico.<\/p>\n<h2>Eurecat, un referente en la movilidad del futuro<\/h2>\n<p>Las l\u00edneas tecnol\u00f3gicas de Eurecat \u201cabarcan desde los nuevos desarrollos en battery packs para el autom\u00f3vil y los materiales para el aligeramiento de peso de cara a dotar de m\u00e1s autonom\u00eda a los veh\u00edculos hasta tecnolog\u00edas digitales de vanguardia, como la Inteligencia Artificial o la ciberseguridad, que permitir\u00e1n modos de transporte m\u00e1s seguros\u201d, detalla Juanjo Mart\u00edn.<\/p>\n<p>Desde el punto de vista de los procesos industriales, el equipo de Eurecat \u201caporta a las empresas conocimiento para anticiparse a los retos que afronta el sector\u201d, con innovaciones que van \u201cdesde el mantenimiento preventivo y los nuevos sistemas de montaje hasta la producci\u00f3n flexible o la electr\u00f3nica embebebida\u201d, agrega Miquel Rey.<\/p>\n<p>Entre los proyectos del centro tecnol\u00f3gico en el \u00e1mbito de la automoci\u00f3n, figura el desarrollo de la <strong>plastr\u00f3nica<\/strong>, una tecnolog\u00eda emergente que permite la integraci\u00f3n de electr\u00f3nica en piezas de pl\u00e1stico, con una alta demanda vinculada al dise\u00f1o de productos que incorporan, por ejemplo, pantallas flexibles, mandos h\u00e1pticos que permitan una respuesta interactiva o botoner\u00eda invisible, especialmente en auge en el sector de la automoci\u00f3n.<\/p>\n<p>Eurecat ha aplicado <strong>Blockchain para garantizar la integridad de los datos<\/strong> sobre la fabricaci\u00f3n de piezas en la automoci\u00f3n, junto con la empresa Tecnomatrix, especializada en la fabricaci\u00f3n de medios de control de calidad para el sector, mediante una plataforma que utiliza esta tecnolog\u00eda en la prestaci\u00f3n de su servicio a los clientes, a fin de ofrecerles la m\u00e1xima garant\u00eda de integridad y trazabilidad de la informaci\u00f3n que gestiona en el desarrollo de su actividad.<\/p>\n<p>Asimismo, el centro tecnol\u00f3gico mantiene un <strong>acuerdo estrat\u00e9gico con Nissan<\/strong>, cuyo fin es fomentar la innovaci\u00f3n dentro de la propia compa\u00f1\u00eda, permitiendo a la par maximizar las oportunidades de su planta de Barcelona, gracias al desarrollo de proyectos estrat\u00e9gicos entre ambas instituciones. El objetivo de este acuerdo es impulsar la colaboraci\u00f3n y cooperaci\u00f3n de ambas entidades dentro del alcance de seis retos de innovaci\u00f3n sistem\u00e1tica definidos por Nissan: fuerza de trabajo conectada, mantenimiento inteligente, energ\u00eda, montaje inteligente, producci\u00f3n flexible e inspecci\u00f3n inteligente.<\/p>\n<p>Eurecat participa adem\u00e1s en el <strong>proyecto europeo GreenCharge<\/strong>, que incorpora la inteligencia artificial para impulsar la electromovilidad en Barcelona, con el objetivo de mejorar el acceso al uso de veh\u00edculos el\u00e9ctricos y la infraestructura para recargarlos de forma sostenible y econ\u00f3mica e incrementar los usuarios entre un 10 y un 30 por ciento en tres a\u00f1os.<\/p>\n<p>El Simposio Internacional del Veh\u00edculo El\u00e9ctrico de Lyon es un evento de referencia a nivel mundial en relaci\u00f3n a la movilidad sostenible, que est\u00e1 centrado en mostrar c\u00f3mo la nueva tecnolog\u00eda en electrificaci\u00f3n, conectividad y conducci\u00f3n aut\u00f3noma afectar\u00e1 a la vida de los ciudadanos, al sector de la automoci\u00f3n, a la movilidad y a la econom\u00eda global en los pr\u00f3ximos a\u00f1os.<\/p>\n","protected":false},"excerpt":{"rendered":"<p>El centro tecnol\u00f3gico Eurecat (miembro de Tecnio) participa esta semana en el 32 Simposio Internacional del Veh\u00edculo El\u00e9ctrico de Lyon (Francia), el evento de referencia en el \u00e1mbito de la movilidad sostenible, donde dar\u00e1 a conocer soluciones de alto valor a\u00f1adido para el veh\u00edculo y la movilidad del futuro, orientadas a dar respuesta al actual  [&#8230;]<\/p>\n","protected":false},"author":27,"featured_media":81425,"comment_status":"open","ping_status":"closed","sticky":false,"template":"","format":"standard","meta":{"footnotes":""},"categories":[1906,727,134],"tags":[],"class_list":["post-81426","post","type-post","status-publish","format-standard","has-post-thumbnail","hentry","category-automocion","category-ferias","category-notas-de-prensa"],"yoast_head":"<!-- This site is optimized with the Yoast SEO plugin v27.4 - https:\/\/yoast.com\/product\/yoast-seo-wordpress\/ -->\n<title>Eurecat muestra tecnolog\u00edas que anticipan la nueva movilidad<\/title>\n<meta name=\"description\" content=\"Eurecat participa en el Simposio Internacional del Veh\u00edculo El\u00e9ctrico de Lyon donde dar\u00e1 a conocer soluciones para el veh\u00edculo y la movilidad del futuro.\" \/>\n<meta name=\"robots\" content=\"index, follow, max-snippet:-1, max-image-preview:large, max-video-preview:-1\" \/>\n<link rel=\"canonical\" href=\"https:\/\/eurecat.org\/es\/eurecat-muestra-tecnologias-anticipan-nueva-movilidad\/\" \/>\n<meta property=\"og:locale\" content=\"es_ES\" \/>\n<meta property=\"og:type\" content=\"article\" \/>\n<meta property=\"og:title\" content=\"Eurecat muestra tecnolog\u00edas que anticipan la nueva movilidad\" \/>\n<meta property=\"og:description\" content=\"Eurecat participa en el Simposio Internacional del Veh\u00edculo El\u00e9ctrico de Lyon donde dar\u00e1 a conocer soluciones para el veh\u00edculo y la movilidad del futuro.\" \/>\n<meta property=\"og:url\" content=\"https:\/\/eurecat.org\/es\/eurecat-muestra-tecnologias-anticipan-nueva-movilidad\/\" \/>\n<meta property=\"og:site_name\" content=\"Eurecat\" \/>\n<meta property=\"article:published_time\" content=\"2019-05-22T11:55:28+00:00\" \/>\n<meta property=\"article:modified_time\" content=\"2019-05-23T13:32:16+00:00\" \/>\n<meta property=\"og:image\" content=\"https:\/\/eurecat.org\/wp-content\/uploads\/2019\/05\/Eurecat-LYON_930x515px-2.jpg\" \/>\n\t<meta property=\"og:image:width\" content=\"864\" \/>\n\t<meta property=\"og:image:height\" content=\"515\" \/>\n\t<meta property=\"og:image:type\" content=\"image\/jpeg\" \/>\n<meta name=\"author\" content=\"eurecatNG\" \/>\n<meta name=\"twitter:card\" content=\"summary_large_image\" \/>\n<meta name=\"twitter:label1\" content=\"Escrito por\" \/>\n\t<meta name=\"twitter:data1\" content=\"eurecatNG\" \/>\n\t<meta name=\"twitter:label2\" content=\"Tiempo de lectura\" \/>\n\t<meta name=\"twitter:data2\" content=\"4 minutos\" \/>\n<script type=\"application\/ld+json\" class=\"yoast-schema-graph\">{\"@context\":\"https:\\\/\\\/schema.org\",\"@graph\":[{\"@type\":\"Article\",\"@id\":\"https:\\\/\\\/eurecat.org\\\/es\\\/eurecat-muestra-tecnologias-anticipan-nueva-movilidad\\\/#article\",\"isPartOf\":{\"@id\":\"https:\\\/\\\/eurecat.org\\\/es\\\/eurecat-muestra-tecnologias-anticipan-nueva-movilidad\\\/\"},\"author\":{\"name\":\"eurecatNG\",\"@id\":\"https:\\\/\\\/eurecat.org\\\/es\\\/#\\\/schema\\\/person\\\/8342992d6929ad043b305d3cac68b3f4\"},\"headline\":\"Eurecat muestra tecnolog\u00edas que anticipan la nueva movilidad en el Simposio Internacional del Veh\u00edculo El\u00e9ctrico de Lyon\",\"datePublished\":\"2019-05-22T11:55:28+00:00\",\"dateModified\":\"2019-05-23T13:32:16+00:00\",\"mainEntityOfPage\":{\"@id\":\"https:\\\/\\\/eurecat.org\\\/es\\\/eurecat-muestra-tecnologias-anticipan-nueva-movilidad\\\/\"},\"wordCount\":836,\"commentCount\":0,\"image\":{\"@id\":\"https:\\\/\\\/eurecat.org\\\/es\\\/eurecat-muestra-tecnologias-anticipan-nueva-movilidad\\\/#primaryimage\"},\"thumbnailUrl\":\"https:\\\/\\\/eurecat.org\\\/wp-content\\\/uploads\\\/2019\\\/05\\\/Eurecat-LYON_930x515px-2.jpg\",\"articleSection\":[\"Automoci\u00f3n\",\"Ferias\",\"Notas de prensa\"],\"inLanguage\":\"es\",\"potentialAction\":[{\"@type\":\"CommentAction\",\"name\":\"Comment\",\"target\":[\"https:\\\/\\\/eurecat.org\\\/es\\\/eurecat-muestra-tecnologias-anticipan-nueva-movilidad\\\/#respond\"]}]},{\"@type\":\"WebPage\",\"@id\":\"https:\\\/\\\/eurecat.org\\\/es\\\/eurecat-muestra-tecnologias-anticipan-nueva-movilidad\\\/\",\"url\":\"https:\\\/\\\/eurecat.org\\\/es\\\/eurecat-muestra-tecnologias-anticipan-nueva-movilidad\\\/\",\"name\":\"Eurecat muestra tecnolog\u00edas que anticipan la nueva movilidad\",\"isPartOf\":{\"@id\":\"https:\\\/\\\/eurecat.org\\\/es\\\/#website\"},\"primaryImageOfPage\":{\"@id\":\"https:\\\/\\\/eurecat.org\\\/es\\\/eurecat-muestra-tecnologias-anticipan-nueva-movilidad\\\/#primaryimage\"},\"image\":{\"@id\":\"https:\\\/\\\/eurecat.org\\\/es\\\/eurecat-muestra-tecnologias-anticipan-nueva-movilidad\\\/#primaryimage\"},\"thumbnailUrl\":\"https:\\\/\\\/eurecat.org\\\/wp-content\\\/uploads\\\/2019\\\/05\\\/Eurecat-LYON_930x515px-2.jpg\",\"datePublished\":\"2019-05-22T11:55:28+00:00\",\"dateModified\":\"2019-05-23T13:32:16+00:00\",\"author\":{\"@id\":\"https:\\\/\\\/eurecat.org\\\/es\\\/#\\\/schema\\\/person\\\/8342992d6929ad043b305d3cac68b3f4\"},\"description\":\"Eurecat participa en el Simposio Internacional del Veh\u00edculo El\u00e9ctrico de Lyon donde dar\u00e1 a conocer soluciones para el veh\u00edculo y la movilidad del futuro.\",\"breadcrumb\":{\"@id\":\"https:\\\/\\\/eurecat.org\\\/es\\\/eurecat-muestra-tecnologias-anticipan-nueva-movilidad\\\/#breadcrumb\"},\"inLanguage\":\"es\",\"potentialAction\":[{\"@type\":\"ReadAction\",\"target\":[\"https:\\\/\\\/eurecat.org\\\/es\\\/eurecat-muestra-tecnologias-anticipan-nueva-movilidad\\\/\"]}]},{\"@type\":\"ImageObject\",\"inLanguage\":\"es\",\"@id\":\"https:\\\/\\\/eurecat.org\\\/es\\\/eurecat-muestra-tecnologias-anticipan-nueva-movilidad\\\/#primaryimage\",\"url\":\"https:\\\/\\\/eurecat.org\\\/wp-content\\\/uploads\\\/2019\\\/05\\\/Eurecat-LYON_930x515px-2.jpg\",\"contentUrl\":\"https:\\\/\\\/eurecat.org\\\/wp-content\\\/uploads\\\/2019\\\/05\\\/Eurecat-LYON_930x515px-2.jpg\",\"width\":864,\"height\":515,\"caption\":\"eurecat lyon 2019 Veh\u00edculo El\u00e9ctrico\"},{\"@type\":\"BreadcrumbList\",\"@id\":\"https:\\\/\\\/eurecat.org\\\/es\\\/eurecat-muestra-tecnologias-anticipan-nueva-movilidad\\\/#breadcrumb\",\"itemListElement\":[{\"@type\":\"ListItem\",\"position\":1,\"name\":\"Inici\",\"item\":\"https:\\\/\\\/eurecat.org\\\/es\\\/\"},{\"@type\":\"ListItem\",\"position\":2,\"name\":\"Eurecat muestra tecnolog\u00edas que anticipan la nueva movilidad en el Simposio Internacional del Veh\u00edculo El\u00e9ctrico de Lyon\"}]},{\"@type\":\"WebSite\",\"@id\":\"https:\\\/\\\/eurecat.org\\\/es\\\/#website\",\"url\":\"https:\\\/\\\/eurecat.org\\\/es\\\/\",\"name\":\"Eurecat\",\"description\":\"Otro sitio realizado con WordPress\",\"potentialAction\":[{\"@type\":\"SearchAction\",\"target\":{\"@type\":\"EntryPoint\",\"urlTemplate\":\"https:\\\/\\\/eurecat.org\\\/es\\\/?s={search_term_string}\"},\"query-input\":{\"@type\":\"PropertyValueSpecification\",\"valueRequired\":true,\"valueName\":\"search_term_string\"}}],\"inLanguage\":\"es\"},{\"@type\":\"Person\",\"@id\":\"https:\\\/\\\/eurecat.org\\\/es\\\/#\\\/schema\\\/person\\\/8342992d6929ad043b305d3cac68b3f4\",\"name\":\"eurecatNG\",\"image\":{\"@type\":\"ImageObject\",\"inLanguage\":\"es\",\"@id\":\"https:\\\/\\\/secure.gravatar.com\\\/avatar\\\/63200cb70ae4f15a0f673050f36df149dba802bea7614e8f838aaccfcf8ea11d?s=96&d=mm&r=g\",\"url\":\"https:\\\/\\\/secure.gravatar.com\\\/avatar\\\/63200cb70ae4f15a0f673050f36df149dba802bea7614e8f838aaccfcf8ea11d?s=96&d=mm&r=g\",\"contentUrl\":\"https:\\\/\\\/secure.gravatar.com\\\/avatar\\\/63200cb70ae4f15a0f673050f36df149dba802bea7614e8f838aaccfcf8ea11d?s=96&d=mm&r=g\",\"caption\":\"eurecatNG\"}}]}<\/script>\n<!-- \/ Yoast SEO plugin. -->","yoast_head_json":{"title":"Eurecat muestra tecnolog\u00edas que anticipan la nueva movilidad","description":"Eurecat participa en el Simposio Internacional del Veh\u00edculo El\u00e9ctrico de Lyon donde dar\u00e1 a conocer soluciones para el veh\u00edculo y la movilidad del futuro.","robots":{"index":"index","follow":"follow","max-snippet":"max-snippet:-1","max-image-preview":"max-image-preview:large","max-video-preview":"max-video-preview:-1"},"canonical":"https:\/\/eurecat.org\/es\/eurecat-muestra-tecnologias-anticipan-nueva-movilidad\/","og_locale":"es_ES","og_type":"article","og_title":"Eurecat muestra tecnolog\u00edas que anticipan la nueva movilidad","og_description":"Eurecat participa en el Simposio Internacional del Veh\u00edculo El\u00e9ctrico de Lyon donde dar\u00e1 a conocer soluciones para el veh\u00edculo y la movilidad del futuro.","og_url":"https:\/\/eurecat.org\/es\/eurecat-muestra-tecnologias-anticipan-nueva-movilidad\/","og_site_name":"Eurecat","article_published_time":"2019-05-22T11:55:28+00:00","article_modified_time":"2019-05-23T13:32:16+00:00","og_image":[{"width":864,"height":515,"url":"https:\/\/eurecat.org\/wp-content\/uploads\/2019\/05\/Eurecat-LYON_930x515px-2.jpg","type":"image\/jpeg"}],"author":"eurecatNG","twitter_card":"summary_large_image","twitter_misc":{"Escrito por":"eurecatNG","Tiempo de lectura":"4 minutos"},"schema":{"@context":"https:\/\/schema.org","@graph":[{"@type":"Article","@id":"https:\/\/eurecat.org\/es\/eurecat-muestra-tecnologias-anticipan-nueva-movilidad\/#article","isPartOf":{"@id":"https:\/\/eurecat.org\/es\/eurecat-muestra-tecnologias-anticipan-nueva-movilidad\/"},"author":{"name":"eurecatNG","@id":"https:\/\/eurecat.org\/es\/#\/schema\/person\/8342992d6929ad043b305d3cac68b3f4"},"headline":"Eurecat muestra tecnolog\u00edas que anticipan la nueva movilidad en el Simposio Internacional del Veh\u00edculo El\u00e9ctrico de Lyon","datePublished":"2019-05-22T11:55:28+00:00","dateModified":"2019-05-23T13:32:16+00:00","mainEntityOfPage":{"@id":"https:\/\/eurecat.org\/es\/eurecat-muestra-tecnologias-anticipan-nueva-movilidad\/"},"wordCount":836,"commentCount":0,"image":{"@id":"https:\/\/eurecat.org\/es\/eurecat-muestra-tecnologias-anticipan-nueva-movilidad\/#primaryimage"},"thumbnailUrl":"https:\/\/eurecat.org\/wp-content\/uploads\/2019\/05\/Eurecat-LYON_930x515px-2.jpg","articleSection":["Automoci\u00f3n","Ferias","Notas de prensa"],"inLanguage":"es","potentialAction":[{"@type":"CommentAction","name":"Comment","target":["https:\/\/eurecat.org\/es\/eurecat-muestra-tecnologias-anticipan-nueva-movilidad\/#respond"]}]},{"@type":"WebPage","@id":"https:\/\/eurecat.org\/es\/eurecat-muestra-tecnologias-anticipan-nueva-movilidad\/","url":"https:\/\/eurecat.org\/es\/eurecat-muestra-tecnologias-anticipan-nueva-movilidad\/","name":"Eurecat muestra tecnolog\u00edas que anticipan la nueva movilidad","isPartOf":{"@id":"https:\/\/eurecat.org\/es\/#website"},"primaryImageOfPage":{"@id":"https:\/\/eurecat.org\/es\/eurecat-muestra-tecnologias-anticipan-nueva-movilidad\/#primaryimage"},"image":{"@id":"https:\/\/eurecat.org\/es\/eurecat-muestra-tecnologias-anticipan-nueva-movilidad\/#primaryimage"},"thumbnailUrl":"https:\/\/eurecat.org\/wp-content\/uploads\/2019\/05\/Eurecat-LYON_930x515px-2.jpg","datePublished":"2019-05-22T11:55:28+00:00","dateModified":"2019-05-23T13:32:16+00:00","author":{"@id":"https:\/\/eurecat.org\/es\/#\/schema\/person\/8342992d6929ad043b305d3cac68b3f4"},"description":"Eurecat participa en el Simposio Internacional del Veh\u00edculo El\u00e9ctrico de Lyon donde dar\u00e1 a conocer soluciones para el veh\u00edculo y la movilidad del futuro.","breadcrumb":{"@id":"https:\/\/eurecat.org\/es\/eurecat-muestra-tecnologias-anticipan-nueva-movilidad\/#breadcrumb"},"inLanguage":"es","potentialAction":[{"@type":"ReadAction","target":["https:\/\/eurecat.org\/es\/eurecat-muestra-tecnologias-anticipan-nueva-movilidad\/"]}]},{"@type":"ImageObject","inLanguage":"es","@id":"https:\/\/eurecat.org\/es\/eurecat-muestra-tecnologias-anticipan-nueva-movilidad\/#primaryimage","url":"https:\/\/eurecat.org\/wp-content\/uploads\/2019\/05\/Eurecat-LYON_930x515px-2.jpg","contentUrl":"https:\/\/eurecat.org\/wp-content\/uploads\/2019\/05\/Eurecat-LYON_930x515px-2.jpg","width":864,"height":515,"caption":"eurecat lyon 2019 Veh\u00edculo El\u00e9ctrico"},{"@type":"BreadcrumbList","@id":"https:\/\/eurecat.org\/es\/eurecat-muestra-tecnologias-anticipan-nueva-movilidad\/#breadcrumb","itemListElement":[{"@type":"ListItem","position":1,"name":"Inici","item":"https:\/\/eurecat.org\/es\/"},{"@type":"ListItem","position":2,"name":"Eurecat muestra tecnolog\u00edas que anticipan la nueva movilidad en el Simposio Internacional del Veh\u00edculo El\u00e9ctrico de Lyon"}]},{"@type":"WebSite","@id":"https:\/\/eurecat.org\/es\/#website","url":"https:\/\/eurecat.org\/es\/","name":"Eurecat","description":"Otro sitio realizado con WordPress","potentialAction":[{"@type":"SearchAction","target":{"@type":"EntryPoint","urlTemplate":"https:\/\/eurecat.org\/es\/?s={search_term_string}"},"query-input":{"@type":"PropertyValueSpecification","valueRequired":true,"valueName":"search_term_string"}}],"inLanguage":"es"},{"@type":"Person","@id":"https:\/\/eurecat.org\/es\/#\/schema\/person\/8342992d6929ad043b305d3cac68b3f4","name":"eurecatNG","image":{"@type":"ImageObject","inLanguage":"es","@id":"https:\/\/secure.gravatar.com\/avatar\/63200cb70ae4f15a0f673050f36df149dba802bea7614e8f838aaccfcf8ea11d?s=96&d=mm&r=g","url":"https:\/\/secure.gravatar.com\/avatar\/63200cb70ae4f15a0f673050f36df149dba802bea7614e8f838aaccfcf8ea11d?s=96&d=mm&r=g","contentUrl":"https:\/\/secure.gravatar.com\/avatar\/63200cb70ae4f15a0f673050f36df149dba802bea7614e8f838aaccfcf8ea11d?s=96&d=mm&r=g","caption":"eurecatNG"}}]}},"_links":{"self":[{"href":"https:\/\/eurecat.org\/es\/wp-json\/wp\/v2\/posts\/81426","targetHints":{"allow":["GET"]}}],"collection":[{"href":"https:\/\/eurecat.org\/es\/wp-json\/wp\/v2\/posts"}],"about":[{"href":"https:\/\/eurecat.org\/es\/wp-json\/wp\/v2\/types\/post"}],"author":[{"embeddable":true,"href":"https:\/\/eurecat.org\/es\/wp-json\/wp\/v2\/users\/27"}],"replies":[{"embeddable":true,"href":"https:\/\/eurecat.org\/es\/wp-json\/wp\/v2\/comments?post=81426"}],"version-history":[{"count":0,"href":"https:\/\/eurecat.org\/es\/wp-json\/wp\/v2\/posts\/81426\/revisions"}],"wp:featuredmedia":[{"embeddable":true,"href":"https:\/\/eurecat.org\/es\/wp-json\/wp\/v2\/media\/81425"}],"wp:attachment":[{"href":"https:\/\/eurecat.org\/es\/wp-json\/wp\/v2\/media?parent=81426"}],"wp:term":[{"taxonomy":"category","embeddable":true,"href":"https:\/\/eurecat.org\/es\/wp-json\/wp\/v2\/categories?post=81426"},{"taxonomy":"post_tag","embeddable":true,"href":"https:\/\/eurecat.org\/es\/wp-json\/wp\/v2\/tags?post=81426"}],"curies":[{"name":"wp","href":"https:\/\/api.w.org\/{rel}","templated":true}]}}