{"id":82414,"date":"2019-06-20T17:33:03","date_gmt":"2019-06-20T17:33:03","guid":{"rendered":"https:\/\/eurecat.org\/?p=82414"},"modified":"2019-06-20T17:43:53","modified_gmt":"2019-06-20T17:43:53","slug":"eurecat-anticipa-itma-tejidos-inteligentes-y-wearables-salud-bienestar-deporte","status":"publish","type":"post","link":"https:\/\/eurecat.org\/es\/eurecat-anticipa-itma-tejidos-inteligentes-y-wearables-salud-bienestar-deporte\/","title":{"rendered":"Eurecat anticipa en ITMA tejidos inteligentes y wearables punteros en salud, bienestar y deporte"},"content":{"rendered":"<p>El centro tecnol\u00f3gico <a href=\"http:\/\/eurecat.org\/es\/\" target=\"_blank\" rel=\"noopener noreferrer\">Eurecat<\/a> (miembro de Tecnio) anticipa, a partir de hoy, en la <strong>feria ITMA 2019<\/strong>, el evento de referencia en innovaci\u00f3n aplicada al sector textil, nuevas tecnolog\u00edas basadas en tejidos multifuncionales, wearables y composites, con aplicaci\u00f3n en \u00e1mbitos que van desde la salud y el bienestar hasta el deporte y la reducci\u00f3n de riesgos laborales.<\/p>\n<p>Una de las innovaciones que presenta consiste en<strong> tecnolog\u00eda termoel\u00e9ctrica industrial<\/strong> que, partiendo del bordado t\u00e9cnico tradicional, permite disponer de un elemento termoel\u00e9ctrico sobre el tejido y dotarlo de altas prestaciones t\u00e9rmicas y mec\u00e1nicas, y de la capacidad de calentar elementos industriales, reduciendo as\u00ed el consumo energ\u00e9tico y mejorando la eficiencia de los procesos de producci\u00f3n.<\/p>\n<p>Tambi\u00e9n muestra el nuevo <strong>producto m\u00e9dico PIP<\/strong>, desarrollado conjuntamente con el Consorcio Sanitario del Maresme, que ofrece una protecci\u00f3n integral del pie, gracias a una absorci\u00f3n de presi\u00f3n muy favorable mediante el uso de tejido 3D, que ha permitido amortiguar la presi\u00f3n y evitar o disminuir las \u00falceras por presi\u00f3n prolongada en el pie.<\/p>\n<p>Otros ejemplos son wearables como el <strong>body inteligente Wearlumb<\/strong>, desarrollado por las empresas SGS TECNOS y Worldline junto con el centro tecnol\u00f3gico, que combina diferentes tipos de sensores para prever riesgos de fatiga lumbar y dar pautas correctoras al usuario, con el objetivo de evitar esta patolog\u00eda, que produce incapacidad laboral a 142.000 personas en Espa\u00f1a cada a\u00f1o.<\/p>\n<p>Eurecat tambi\u00e9n ha desarrollado un <strong>prototipo de calcet\u00edn inteligente<\/strong>, creado conjuntamente con la sociedad especializada en transferencia tecnol\u00f3gica AST (Aquitania Science Transfert), que incorpora sensores de fuerza impresos y pistas conductoras impresas con tinta conductora flexible que permiten hacer un seguimiento y monitorizaci\u00f3n de la marcha de deportistas, personas mayores y de trabajadores para aplicaciones de salud y bienestar, entre otros.<\/p>\n<p>Un ejemplo en el \u00e1mbito del deporte es un<strong> mono de triatl\u00f3n<\/strong> desarrollado por Eurecat conjuntamente con el fabricante de Matar\u00f3 de ropa deportiva <a href=\"https:\/\/www.hokosport.com\/es\/\" target=\"_blank\" rel=\"noopener noreferrer\">HOKO<\/a>, que muestra las posibilidades que presenta la incorporaci\u00f3n de tecnolog\u00eda y sens\u00f3rica para monitorizar diferentes par\u00e1metros corporales.<\/p>\n","protected":false},"excerpt":{"rendered":"<p>El centro tecnol\u00f3gico Eurecat (miembro de Tecnio) anticipa, a partir de hoy, en la feria ITMA 2019, el evento de referencia en innovaci\u00f3n aplicada al sector textil, nuevas tecnolog\u00edas basadas en tejidos multifuncionales, wearables y composites, con aplicaci\u00f3n en \u00e1mbitos que van desde la salud y el bienestar hasta el deporte y la reducci\u00f3n de  [&#8230;]<\/p>\n","protected":false},"author":27,"featured_media":82412,"comment_status":"open","ping_status":"closed","sticky":false,"template":"","format":"standard","meta":{"footnotes":""},"categories":[727,399,134,413],"tags":[],"class_list":["post-82414","post","type-post","status-publish","format-standard","has-post-thumbnail","hentry","category-ferias","category-impresion-funcional","category-notas-de-prensa","category-tejidos-funcionales"],"yoast_head":"<!-- This site is optimized with the Yoast SEO plugin v27.4 - https:\/\/yoast.com\/product\/yoast-seo-wordpress\/ -->\n<title>Eurecat anticipa en ITMA tejidos inteligentes y wearables punteros<\/title>\n<meta name=\"description\" content=\"Eurecat anticipa en la feria de referencia en innovaci\u00f3n textil ITMA 2019 nuevas tecnolog\u00edas basadas en tejidos multifuncionales, wearables y composites.\" \/>\n<meta name=\"robots\" content=\"index, follow, max-snippet:-1, max-image-preview:large, max-video-preview:-1\" \/>\n<link rel=\"canonical\" href=\"https:\/\/eurecat.org\/es\/eurecat-anticipa-itma-tejidos-inteligentes-y-wearables-salud-bienestar-deporte\/\" \/>\n<meta property=\"og:locale\" content=\"es_ES\" \/>\n<meta property=\"og:type\" content=\"article\" \/>\n<meta property=\"og:title\" content=\"Eurecat anticipa en ITMA tejidos inteligentes y wearables punteros\" \/>\n<meta property=\"og:description\" content=\"Eurecat anticipa en la feria de referencia en innovaci\u00f3n textil ITMA 2019 nuevas tecnolog\u00edas basadas en tejidos multifuncionales, wearables y composites.\" \/>\n<meta property=\"og:url\" content=\"https:\/\/eurecat.org\/es\/eurecat-anticipa-itma-tejidos-inteligentes-y-wearables-salud-bienestar-deporte\/\" \/>\n<meta property=\"og:site_name\" content=\"Eurecat\" \/>\n<meta property=\"article:published_time\" content=\"2019-06-20T17:33:03+00:00\" \/>\n<meta property=\"article:modified_time\" content=\"2019-06-20T17:43:53+00:00\" \/>\n<meta property=\"og:image\" content=\"https:\/\/eurecat.org\/wp-content\/uploads\/2019\/06\/Estand_Eurecat_IMA2_930x515px.jpg\" \/>\n\t<meta property=\"og:image:width\" content=\"930\" \/>\n\t<meta property=\"og:image:height\" content=\"682\" \/>\n\t<meta property=\"og:image:type\" content=\"image\/jpeg\" \/>\n<meta name=\"author\" content=\"eurecatNG\" \/>\n<meta name=\"twitter:card\" content=\"summary_large_image\" \/>\n<meta name=\"twitter:label1\" content=\"Escrito por\" \/>\n\t<meta name=\"twitter:data1\" content=\"eurecatNG\" \/>\n\t<meta name=\"twitter:label2\" content=\"Tiempo de lectura\" \/>\n\t<meta name=\"twitter:data2\" content=\"2 minutos\" \/>\n<script type=\"application\/ld+json\" class=\"yoast-schema-graph\">{\"@context\":\"https:\\\/\\\/schema.org\",\"@graph\":[{\"@type\":\"Article\",\"@id\":\"https:\\\/\\\/eurecat.org\\\/es\\\/eurecat-anticipa-itma-tejidos-inteligentes-y-wearables-salud-bienestar-deporte\\\/#article\",\"isPartOf\":{\"@id\":\"https:\\\/\\\/eurecat.org\\\/es\\\/eurecat-anticipa-itma-tejidos-inteligentes-y-wearables-salud-bienestar-deporte\\\/\"},\"author\":{\"name\":\"eurecatNG\",\"@id\":\"https:\\\/\\\/eurecat.org\\\/es\\\/#\\\/schema\\\/person\\\/8342992d6929ad043b305d3cac68b3f4\"},\"headline\":\"Eurecat anticipa en ITMA tejidos inteligentes y wearables punteros en salud, bienestar y deporte\",\"datePublished\":\"2019-06-20T17:33:03+00:00\",\"dateModified\":\"2019-06-20T17:43:53+00:00\",\"mainEntityOfPage\":{\"@id\":\"https:\\\/\\\/eurecat.org\\\/es\\\/eurecat-anticipa-itma-tejidos-inteligentes-y-wearables-salud-bienestar-deporte\\\/\"},\"wordCount\":373,\"commentCount\":0,\"image\":{\"@id\":\"https:\\\/\\\/eurecat.org\\\/es\\\/eurecat-anticipa-itma-tejidos-inteligentes-y-wearables-salud-bienestar-deporte\\\/#primaryimage\"},\"thumbnailUrl\":\"https:\\\/\\\/eurecat.org\\\/wp-content\\\/uploads\\\/2019\\\/06\\\/Estand_Eurecat_IMA2_930x515px.jpg\",\"articleSection\":[\"Ferias\",\"Impresi\u00f3n funcional\",\"Notas de prensa\",\"Tejidos Funcionales\"],\"inLanguage\":\"es\",\"potentialAction\":[{\"@type\":\"CommentAction\",\"name\":\"Comment\",\"target\":[\"https:\\\/\\\/eurecat.org\\\/es\\\/eurecat-anticipa-itma-tejidos-inteligentes-y-wearables-salud-bienestar-deporte\\\/#respond\"]}]},{\"@type\":\"WebPage\",\"@id\":\"https:\\\/\\\/eurecat.org\\\/es\\\/eurecat-anticipa-itma-tejidos-inteligentes-y-wearables-salud-bienestar-deporte\\\/\",\"url\":\"https:\\\/\\\/eurecat.org\\\/es\\\/eurecat-anticipa-itma-tejidos-inteligentes-y-wearables-salud-bienestar-deporte\\\/\",\"name\":\"Eurecat anticipa en ITMA tejidos inteligentes y wearables punteros\",\"isPartOf\":{\"@id\":\"https:\\\/\\\/eurecat.org\\\/es\\\/#website\"},\"primaryImageOfPage\":{\"@id\":\"https:\\\/\\\/eurecat.org\\\/es\\\/eurecat-anticipa-itma-tejidos-inteligentes-y-wearables-salud-bienestar-deporte\\\/#primaryimage\"},\"image\":{\"@id\":\"https:\\\/\\\/eurecat.org\\\/es\\\/eurecat-anticipa-itma-tejidos-inteligentes-y-wearables-salud-bienestar-deporte\\\/#primaryimage\"},\"thumbnailUrl\":\"https:\\\/\\\/eurecat.org\\\/wp-content\\\/uploads\\\/2019\\\/06\\\/Estand_Eurecat_IMA2_930x515px.jpg\",\"datePublished\":\"2019-06-20T17:33:03+00:00\",\"dateModified\":\"2019-06-20T17:43:53+00:00\",\"author\":{\"@id\":\"https:\\\/\\\/eurecat.org\\\/es\\\/#\\\/schema\\\/person\\\/8342992d6929ad043b305d3cac68b3f4\"},\"description\":\"Eurecat anticipa en la feria de referencia en innovaci\u00f3n textil ITMA 2019 nuevas tecnolog\u00edas basadas en tejidos multifuncionales, wearables y composites.\",\"breadcrumb\":{\"@id\":\"https:\\\/\\\/eurecat.org\\\/es\\\/eurecat-anticipa-itma-tejidos-inteligentes-y-wearables-salud-bienestar-deporte\\\/#breadcrumb\"},\"inLanguage\":\"es\",\"potentialAction\":[{\"@type\":\"ReadAction\",\"target\":[\"https:\\\/\\\/eurecat.org\\\/es\\\/eurecat-anticipa-itma-tejidos-inteligentes-y-wearables-salud-bienestar-deporte\\\/\"]}]},{\"@type\":\"ImageObject\",\"inLanguage\":\"es\",\"@id\":\"https:\\\/\\\/eurecat.org\\\/es\\\/eurecat-anticipa-itma-tejidos-inteligentes-y-wearables-salud-bienestar-deporte\\\/#primaryimage\",\"url\":\"https:\\\/\\\/eurecat.org\\\/wp-content\\\/uploads\\\/2019\\\/06\\\/Estand_Eurecat_IMA2_930x515px.jpg\",\"contentUrl\":\"https:\\\/\\\/eurecat.org\\\/wp-content\\\/uploads\\\/2019\\\/06\\\/Estand_Eurecat_IMA2_930x515px.jpg\",\"width\":930,\"height\":682,\"caption\":\"eurecat itma 2019\"},{\"@type\":\"BreadcrumbList\",\"@id\":\"https:\\\/\\\/eurecat.org\\\/es\\\/eurecat-anticipa-itma-tejidos-inteligentes-y-wearables-salud-bienestar-deporte\\\/#breadcrumb\",\"itemListElement\":[{\"@type\":\"ListItem\",\"position\":1,\"name\":\"Inici\",\"item\":\"https:\\\/\\\/eurecat.org\\\/es\\\/\"},{\"@type\":\"ListItem\",\"position\":2,\"name\":\"Eurecat anticipa en ITMA tejidos inteligentes y wearables punteros en salud, bienestar y deporte\"}]},{\"@type\":\"WebSite\",\"@id\":\"https:\\\/\\\/eurecat.org\\\/es\\\/#website\",\"url\":\"https:\\\/\\\/eurecat.org\\\/es\\\/\",\"name\":\"Eurecat\",\"description\":\"Otro sitio realizado con WordPress\",\"potentialAction\":[{\"@type\":\"SearchAction\",\"target\":{\"@type\":\"EntryPoint\",\"urlTemplate\":\"https:\\\/\\\/eurecat.org\\\/es\\\/?s={search_term_string}\"},\"query-input\":{\"@type\":\"PropertyValueSpecification\",\"valueRequired\":true,\"valueName\":\"search_term_string\"}}],\"inLanguage\":\"es\"},{\"@type\":\"Person\",\"@id\":\"https:\\\/\\\/eurecat.org\\\/es\\\/#\\\/schema\\\/person\\\/8342992d6929ad043b305d3cac68b3f4\",\"name\":\"eurecatNG\",\"image\":{\"@type\":\"ImageObject\",\"inLanguage\":\"es\",\"@id\":\"https:\\\/\\\/secure.gravatar.com\\\/avatar\\\/63200cb70ae4f15a0f673050f36df149dba802bea7614e8f838aaccfcf8ea11d?s=96&d=mm&r=g\",\"url\":\"https:\\\/\\\/secure.gravatar.com\\\/avatar\\\/63200cb70ae4f15a0f673050f36df149dba802bea7614e8f838aaccfcf8ea11d?s=96&d=mm&r=g\",\"contentUrl\":\"https:\\\/\\\/secure.gravatar.com\\\/avatar\\\/63200cb70ae4f15a0f673050f36df149dba802bea7614e8f838aaccfcf8ea11d?s=96&d=mm&r=g\",\"caption\":\"eurecatNG\"}}]}<\/script>\n<!-- \/ Yoast SEO plugin. -->","yoast_head_json":{"title":"Eurecat anticipa en ITMA tejidos inteligentes y wearables punteros","description":"Eurecat anticipa en la feria de referencia en innovaci\u00f3n textil ITMA 2019 nuevas tecnolog\u00edas basadas en tejidos multifuncionales, wearables y composites.","robots":{"index":"index","follow":"follow","max-snippet":"max-snippet:-1","max-image-preview":"max-image-preview:large","max-video-preview":"max-video-preview:-1"},"canonical":"https:\/\/eurecat.org\/es\/eurecat-anticipa-itma-tejidos-inteligentes-y-wearables-salud-bienestar-deporte\/","og_locale":"es_ES","og_type":"article","og_title":"Eurecat anticipa en ITMA tejidos inteligentes y wearables punteros","og_description":"Eurecat anticipa en la feria de referencia en innovaci\u00f3n textil ITMA 2019 nuevas tecnolog\u00edas basadas en tejidos multifuncionales, wearables y composites.","og_url":"https:\/\/eurecat.org\/es\/eurecat-anticipa-itma-tejidos-inteligentes-y-wearables-salud-bienestar-deporte\/","og_site_name":"Eurecat","article_published_time":"2019-06-20T17:33:03+00:00","article_modified_time":"2019-06-20T17:43:53+00:00","og_image":[{"width":930,"height":682,"url":"https:\/\/eurecat.org\/wp-content\/uploads\/2019\/06\/Estand_Eurecat_IMA2_930x515px.jpg","type":"image\/jpeg"}],"author":"eurecatNG","twitter_card":"summary_large_image","twitter_misc":{"Escrito por":"eurecatNG","Tiempo de lectura":"2 minutos"},"schema":{"@context":"https:\/\/schema.org","@graph":[{"@type":"Article","@id":"https:\/\/eurecat.org\/es\/eurecat-anticipa-itma-tejidos-inteligentes-y-wearables-salud-bienestar-deporte\/#article","isPartOf":{"@id":"https:\/\/eurecat.org\/es\/eurecat-anticipa-itma-tejidos-inteligentes-y-wearables-salud-bienestar-deporte\/"},"author":{"name":"eurecatNG","@id":"https:\/\/eurecat.org\/es\/#\/schema\/person\/8342992d6929ad043b305d3cac68b3f4"},"headline":"Eurecat anticipa en ITMA tejidos inteligentes y wearables punteros en salud, bienestar y deporte","datePublished":"2019-06-20T17:33:03+00:00","dateModified":"2019-06-20T17:43:53+00:00","mainEntityOfPage":{"@id":"https:\/\/eurecat.org\/es\/eurecat-anticipa-itma-tejidos-inteligentes-y-wearables-salud-bienestar-deporte\/"},"wordCount":373,"commentCount":0,"image":{"@id":"https:\/\/eurecat.org\/es\/eurecat-anticipa-itma-tejidos-inteligentes-y-wearables-salud-bienestar-deporte\/#primaryimage"},"thumbnailUrl":"https:\/\/eurecat.org\/wp-content\/uploads\/2019\/06\/Estand_Eurecat_IMA2_930x515px.jpg","articleSection":["Ferias","Impresi\u00f3n funcional","Notas de prensa","Tejidos Funcionales"],"inLanguage":"es","potentialAction":[{"@type":"CommentAction","name":"Comment","target":["https:\/\/eurecat.org\/es\/eurecat-anticipa-itma-tejidos-inteligentes-y-wearables-salud-bienestar-deporte\/#respond"]}]},{"@type":"WebPage","@id":"https:\/\/eurecat.org\/es\/eurecat-anticipa-itma-tejidos-inteligentes-y-wearables-salud-bienestar-deporte\/","url":"https:\/\/eurecat.org\/es\/eurecat-anticipa-itma-tejidos-inteligentes-y-wearables-salud-bienestar-deporte\/","name":"Eurecat anticipa en ITMA tejidos inteligentes y wearables punteros","isPartOf":{"@id":"https:\/\/eurecat.org\/es\/#website"},"primaryImageOfPage":{"@id":"https:\/\/eurecat.org\/es\/eurecat-anticipa-itma-tejidos-inteligentes-y-wearables-salud-bienestar-deporte\/#primaryimage"},"image":{"@id":"https:\/\/eurecat.org\/es\/eurecat-anticipa-itma-tejidos-inteligentes-y-wearables-salud-bienestar-deporte\/#primaryimage"},"thumbnailUrl":"https:\/\/eurecat.org\/wp-content\/uploads\/2019\/06\/Estand_Eurecat_IMA2_930x515px.jpg","datePublished":"2019-06-20T17:33:03+00:00","dateModified":"2019-06-20T17:43:53+00:00","author":{"@id":"https:\/\/eurecat.org\/es\/#\/schema\/person\/8342992d6929ad043b305d3cac68b3f4"},"description":"Eurecat anticipa en la feria de referencia en innovaci\u00f3n textil ITMA 2019 nuevas tecnolog\u00edas basadas en tejidos multifuncionales, wearables y composites.","breadcrumb":{"@id":"https:\/\/eurecat.org\/es\/eurecat-anticipa-itma-tejidos-inteligentes-y-wearables-salud-bienestar-deporte\/#breadcrumb"},"inLanguage":"es","potentialAction":[{"@type":"ReadAction","target":["https:\/\/eurecat.org\/es\/eurecat-anticipa-itma-tejidos-inteligentes-y-wearables-salud-bienestar-deporte\/"]}]},{"@type":"ImageObject","inLanguage":"es","@id":"https:\/\/eurecat.org\/es\/eurecat-anticipa-itma-tejidos-inteligentes-y-wearables-salud-bienestar-deporte\/#primaryimage","url":"https:\/\/eurecat.org\/wp-content\/uploads\/2019\/06\/Estand_Eurecat_IMA2_930x515px.jpg","contentUrl":"https:\/\/eurecat.org\/wp-content\/uploads\/2019\/06\/Estand_Eurecat_IMA2_930x515px.jpg","width":930,"height":682,"caption":"eurecat itma 2019"},{"@type":"BreadcrumbList","@id":"https:\/\/eurecat.org\/es\/eurecat-anticipa-itma-tejidos-inteligentes-y-wearables-salud-bienestar-deporte\/#breadcrumb","itemListElement":[{"@type":"ListItem","position":1,"name":"Inici","item":"https:\/\/eurecat.org\/es\/"},{"@type":"ListItem","position":2,"name":"Eurecat anticipa en ITMA tejidos inteligentes y wearables punteros en salud, bienestar y deporte"}]},{"@type":"WebSite","@id":"https:\/\/eurecat.org\/es\/#website","url":"https:\/\/eurecat.org\/es\/","name":"Eurecat","description":"Otro sitio realizado con WordPress","potentialAction":[{"@type":"SearchAction","target":{"@type":"EntryPoint","urlTemplate":"https:\/\/eurecat.org\/es\/?s={search_term_string}"},"query-input":{"@type":"PropertyValueSpecification","valueRequired":true,"valueName":"search_term_string"}}],"inLanguage":"es"},{"@type":"Person","@id":"https:\/\/eurecat.org\/es\/#\/schema\/person\/8342992d6929ad043b305d3cac68b3f4","name":"eurecatNG","image":{"@type":"ImageObject","inLanguage":"es","@id":"https:\/\/secure.gravatar.com\/avatar\/63200cb70ae4f15a0f673050f36df149dba802bea7614e8f838aaccfcf8ea11d?s=96&d=mm&r=g","url":"https:\/\/secure.gravatar.com\/avatar\/63200cb70ae4f15a0f673050f36df149dba802bea7614e8f838aaccfcf8ea11d?s=96&d=mm&r=g","contentUrl":"https:\/\/secure.gravatar.com\/avatar\/63200cb70ae4f15a0f673050f36df149dba802bea7614e8f838aaccfcf8ea11d?s=96&d=mm&r=g","caption":"eurecatNG"}}]}},"_links":{"self":[{"href":"https:\/\/eurecat.org\/es\/wp-json\/wp\/v2\/posts\/82414","targetHints":{"allow":["GET"]}}],"collection":[{"href":"https:\/\/eurecat.org\/es\/wp-json\/wp\/v2\/posts"}],"about":[{"href":"https:\/\/eurecat.org\/es\/wp-json\/wp\/v2\/types\/post"}],"author":[{"embeddable":true,"href":"https:\/\/eurecat.org\/es\/wp-json\/wp\/v2\/users\/27"}],"replies":[{"embeddable":true,"href":"https:\/\/eurecat.org\/es\/wp-json\/wp\/v2\/comments?post=82414"}],"version-history":[{"count":0,"href":"https:\/\/eurecat.org\/es\/wp-json\/wp\/v2\/posts\/82414\/revisions"}],"wp:featuredmedia":[{"embeddable":true,"href":"https:\/\/eurecat.org\/es\/wp-json\/wp\/v2\/media\/82412"}],"wp:attachment":[{"href":"https:\/\/eurecat.org\/es\/wp-json\/wp\/v2\/media?parent=82414"}],"wp:term":[{"taxonomy":"category","embeddable":true,"href":"https:\/\/eurecat.org\/es\/wp-json\/wp\/v2\/categories?post=82414"},{"taxonomy":"post_tag","embeddable":true,"href":"https:\/\/eurecat.org\/es\/wp-json\/wp\/v2\/tags?post=82414"}],"curies":[{"name":"wp","href":"https:\/\/api.w.org\/{rel}","templated":true}]}}