{"id":82640,"date":"2019-06-26T08:50:55","date_gmt":"2019-06-26T08:50:55","guid":{"rendered":"https:\/\/eurecat.org\/?p=82640"},"modified":"2019-06-28T12:39:37","modified_gmt":"2019-06-28T12:39:37","slug":"estudiaran-microbiota-facial-para-crear-cosmetica-personalizada","status":"publish","type":"post","link":"https:\/\/eurecat.org\/es\/estudiaran-microbiota-facial-para-crear-cosmetica-personalizada\/","title":{"rendered":"Estudiar\u00e1n la microbiota facial de cada persona para crear cosm\u00e9tica personalizada m\u00e1s eficaz"},"content":{"rendered":"<p>La empresa <a href=\"https:\/\/www.genocosmetics.com\/\" target=\"_blank\" rel=\"noopener noreferrer\">Genocosmetics Lab<\/a> y el Centre for Omic Sciences (COS), una unidad mixta de titularidad de la Universitat Rovira i Virgili gestionada por el centro tecnol\u00f3gico <a href=\"http:\/\/eurecat.org\/es\/\" target=\"_blank\" rel=\"noopener noreferrer\">Eurecat<\/a>, estudiar\u00e1n la microbiota facial, a trav\u00e9s de la t\u00e9cnica de secuenciaci\u00f3n masiva, con la finalidad de aportar una mayor informaci\u00f3n para la creaci\u00f3n de <strong>cosm\u00e9tica personalizada<\/strong> que no tenga en cuenta s\u00f3lo la dotaci\u00f3n gen\u00e9tica del individuo, sino tambi\u00e9n el estado de la piel a trav\u00e9s de la valoraci\u00f3n de la flora cut\u00e1nea, a fin de garantizar la eficacia del producto cosm\u00e9tico.<\/p>\n<p>La <strong>microbiota facial<\/strong> o flora cut\u00e1nea es el conjunto de microorganismos que habitan en la capa m\u00e1s superficial de la piel y act\u00faan como barrera protectora de la misma. Este conjunto de microorganismos constituye un patr\u00f3n diferente en cada individuo.<\/p>\n<p>En concreto, Genocosmetics Lab y Eurecat (miembro de Tecnio) est\u00e1n desarrollando los primeros tests comerciales que buscan la relaci\u00f3n entre la base gen\u00e9tica de cada individuo, obtenida mediante paneles de genotipado, con distintas caracter\u00edsticas modulables, por ejemplo la microbiota facial o el perfil metab\u00f3lico, para la creaci\u00f3n de productos personalizados en el campo de la nutrici\u00f3n y la cosm\u00e9tica, con el objetivo de aportar a los consumidores y profesionales mecanismos para medir su efectividad, en el marco del proyecto<strong> YB-METAGENCODE<\/strong>.<\/p>\n<p>En el caso de las dietas personalizadas, Eurecat analizar\u00e1 el perfil metabol\u00f3mico en orina, es decir, el conjunto de elementos qu\u00edmicos que resultan de la actividad metab\u00f3lica, para el seguimiento de un plan diet\u00e9tico ideado a partir de la base gen\u00e9tica de cada individuo. Estas determinaciones, realizadas mediante la tecnolog\u00eda de Resonancia Magn\u00e9tica Nuclear (RMN), aportar\u00e1n <strong>informaci\u00f3n \u00fatil e individualizada de respuesta a la dieta<\/strong>.<\/p>\n<p>Estas nuevas medidas ser\u00e1n usadas por la empresa Genocosmetics Lab como marcadores de seguimiento y eficacia que trasladar\u00e1 a los consumidores. A partir de los resultados obtenidos de los metabolitos en orina y de microbiota facial, se decidir\u00e1 su idoneidad como variables que aporten informaci\u00f3n para el dise\u00f1o personalizado del producto.<\/p>\n<p>Dentro del proyecto, el centro tecnol\u00f3gico desarrollar\u00e1 y validar\u00e1 el mecanismo de genotipado empleando la tecnolog\u00eda emergente Multi-Analyte Profiling (xMAP) como metodolog\u00eda innovadora que permite analizar a la vez m\u00faltiples variantes de cambios de un solo nucle\u00f3tido (SNP, del ingl\u00e9s Single Nucleotide Polymorphism), sin necesidad de acumular distintas muestras para cada an\u00e1lisis, con el fin de proporcionar al consumidor una respuesta r\u00e1pida en la generaci\u00f3n de los productos creados a su medida.<\/p>\n<p>El proyecto YB-METAGENCODE, del ingl\u00e9s Your Beauty Metabolomics and Genomic Code, \u201cpermitir\u00e1 ofrecer al consumidor una reducci\u00f3n en el tiempo de espera, un aumento de la personalizaci\u00f3n y un mecanismo de seguimiento y eficacia que le proporcionar\u00e1 una mayor satisfacci\u00f3n en relaci\u00f3n al producto\u201d, seg\u00fan afirma la directora de la Unidad de Ciencias \u00d3micas de Eurecat, N\u00faria Canela.<\/p>\n<p>El proyecto est\u00e1 financiado por el Ministerio de Ciencia, Innovaci\u00f3n y Universidades y por la Uni\u00f3n Europea, en el marco de la convocatoria Retos-Colaboraci\u00f3n del Programa Estatal de Investigaci\u00f3n, Desarrollo e Innovaci\u00f3n Orientada a los Retos de la Sociedad, dentro del Plan Estatal de Investigaci\u00f3n Cient\u00edfica y T\u00e9cnica y de Innovaci\u00f3n 2013-2016, con el objetivo principal de promover el desarrollo tecnol\u00f3gico, la innovaci\u00f3n y una investigaci\u00f3n de calidad.<\/p>\n","protected":false},"excerpt":{"rendered":"<p>La empresa Genocosmetics Lab y el Centre for Omic Sciences (COS), una unidad mixta de titularidad de la Universitat Rovira i Virgili gestionada por el centro tecnol\u00f3gico Eurecat, estudiar\u00e1n la microbiota facial, a trav\u00e9s de la t\u00e9cnica de secuenciaci\u00f3n masiva, con la finalidad de aportar una mayor informaci\u00f3n para la creaci\u00f3n de cosm\u00e9tica personalizada que  [&#8230;]<\/p>\n","protected":false},"author":27,"featured_media":82635,"comment_status":"open","ping_status":"closed","sticky":false,"template":"","format":"standard","meta":{"footnotes":""},"categories":[393,134],"tags":[],"class_list":["post-82640","post","type-post","status-publish","format-standard","has-post-thumbnail","hentry","category-ciencias-omicas","category-notas-de-prensa"],"yoast_head":"<!-- This site is optimized with the Yoast SEO plugin v27.4 - https:\/\/yoast.com\/product\/yoast-seo-wordpress\/ -->\n<title>Estudiar\u00e1n la microbiota facial para crear cosm\u00e9tica personalizada<\/title>\n<meta name=\"description\" content=\"Genocosmetics Lab y el Centre for Omic Sciences estudiar\u00e1n la microbiota facial para la creaci\u00f3n de cosm\u00e9tica personalizada.\" \/>\n<meta name=\"robots\" content=\"index, follow, max-snippet:-1, max-image-preview:large, max-video-preview:-1\" \/>\n<link rel=\"canonical\" href=\"https:\/\/eurecat.org\/es\/estudiaran-microbiota-facial-para-crear-cosmetica-personalizada\/\" \/>\n<meta property=\"og:locale\" content=\"es_ES\" \/>\n<meta property=\"og:type\" content=\"article\" \/>\n<meta property=\"og:title\" content=\"Estudiar\u00e1n la microbiota facial para crear cosm\u00e9tica personalizada\" \/>\n<meta property=\"og:description\" content=\"Genocosmetics Lab y el Centre for Omic Sciences estudiar\u00e1n la microbiota facial para la creaci\u00f3n de cosm\u00e9tica personalizada.\" \/>\n<meta property=\"og:url\" content=\"https:\/\/eurecat.org\/es\/estudiaran-microbiota-facial-para-crear-cosmetica-personalizada\/\" \/>\n<meta property=\"og:site_name\" content=\"Eurecat\" \/>\n<meta property=\"article:published_time\" content=\"2019-06-26T08:50:55+00:00\" \/>\n<meta property=\"article:modified_time\" content=\"2019-06-28T12:39:37+00:00\" \/>\n<meta property=\"og:image\" content=\"https:\/\/eurecat.org\/wp-content\/uploads\/2019\/06\/Eurecat-METAGENCODE_930x515px.jpg\" \/>\n\t<meta property=\"og:image:width\" content=\"930\" \/>\n\t<meta property=\"og:image:height\" content=\"510\" \/>\n\t<meta property=\"og:image:type\" content=\"image\/jpeg\" \/>\n<meta name=\"author\" content=\"eurecatNG\" \/>\n<meta name=\"twitter:card\" content=\"summary_large_image\" \/>\n<meta name=\"twitter:label1\" content=\"Escrito por\" \/>\n\t<meta name=\"twitter:data1\" content=\"eurecatNG\" \/>\n\t<meta name=\"twitter:label2\" content=\"Tiempo de lectura\" \/>\n\t<meta name=\"twitter:data2\" content=\"3 minutos\" \/>\n<script type=\"application\/ld+json\" class=\"yoast-schema-graph\">{\"@context\":\"https:\\\/\\\/schema.org\",\"@graph\":[{\"@type\":\"Article\",\"@id\":\"https:\\\/\\\/eurecat.org\\\/es\\\/estudiaran-microbiota-facial-para-crear-cosmetica-personalizada\\\/#article\",\"isPartOf\":{\"@id\":\"https:\\\/\\\/eurecat.org\\\/es\\\/estudiaran-microbiota-facial-para-crear-cosmetica-personalizada\\\/\"},\"author\":{\"name\":\"eurecatNG\",\"@id\":\"https:\\\/\\\/eurecat.org\\\/es\\\/#\\\/schema\\\/person\\\/8342992d6929ad043b305d3cac68b3f4\"},\"headline\":\"Estudiar\u00e1n la microbiota facial de cada persona para crear cosm\u00e9tica personalizada m\u00e1s eficaz\",\"datePublished\":\"2019-06-26T08:50:55+00:00\",\"dateModified\":\"2019-06-28T12:39:37+00:00\",\"mainEntityOfPage\":{\"@id\":\"https:\\\/\\\/eurecat.org\\\/es\\\/estudiaran-microbiota-facial-para-crear-cosmetica-personalizada\\\/\"},\"wordCount\":608,\"commentCount\":0,\"image\":{\"@id\":\"https:\\\/\\\/eurecat.org\\\/es\\\/estudiaran-microbiota-facial-para-crear-cosmetica-personalizada\\\/#primaryimage\"},\"thumbnailUrl\":\"https:\\\/\\\/eurecat.org\\\/wp-content\\\/uploads\\\/2019\\\/06\\\/Eurecat-METAGENCODE_930x515px.jpg\",\"articleSection\":[\"Ciencias \u00d3micas\",\"Notas de prensa\"],\"inLanguage\":\"es\",\"potentialAction\":[{\"@type\":\"CommentAction\",\"name\":\"Comment\",\"target\":[\"https:\\\/\\\/eurecat.org\\\/es\\\/estudiaran-microbiota-facial-para-crear-cosmetica-personalizada\\\/#respond\"]}]},{\"@type\":\"WebPage\",\"@id\":\"https:\\\/\\\/eurecat.org\\\/es\\\/estudiaran-microbiota-facial-para-crear-cosmetica-personalizada\\\/\",\"url\":\"https:\\\/\\\/eurecat.org\\\/es\\\/estudiaran-microbiota-facial-para-crear-cosmetica-personalizada\\\/\",\"name\":\"Estudiar\u00e1n la microbiota facial para crear cosm\u00e9tica personalizada\",\"isPartOf\":{\"@id\":\"https:\\\/\\\/eurecat.org\\\/es\\\/#website\"},\"primaryImageOfPage\":{\"@id\":\"https:\\\/\\\/eurecat.org\\\/es\\\/estudiaran-microbiota-facial-para-crear-cosmetica-personalizada\\\/#primaryimage\"},\"image\":{\"@id\":\"https:\\\/\\\/eurecat.org\\\/es\\\/estudiaran-microbiota-facial-para-crear-cosmetica-personalizada\\\/#primaryimage\"},\"thumbnailUrl\":\"https:\\\/\\\/eurecat.org\\\/wp-content\\\/uploads\\\/2019\\\/06\\\/Eurecat-METAGENCODE_930x515px.jpg\",\"datePublished\":\"2019-06-26T08:50:55+00:00\",\"dateModified\":\"2019-06-28T12:39:37+00:00\",\"author\":{\"@id\":\"https:\\\/\\\/eurecat.org\\\/es\\\/#\\\/schema\\\/person\\\/8342992d6929ad043b305d3cac68b3f4\"},\"description\":\"Genocosmetics Lab y el Centre for Omic Sciences estudiar\u00e1n la microbiota facial para la creaci\u00f3n de cosm\u00e9tica personalizada.\",\"breadcrumb\":{\"@id\":\"https:\\\/\\\/eurecat.org\\\/es\\\/estudiaran-microbiota-facial-para-crear-cosmetica-personalizada\\\/#breadcrumb\"},\"inLanguage\":\"es\",\"potentialAction\":[{\"@type\":\"ReadAction\",\"target\":[\"https:\\\/\\\/eurecat.org\\\/es\\\/estudiaran-microbiota-facial-para-crear-cosmetica-personalizada\\\/\"]}]},{\"@type\":\"ImageObject\",\"inLanguage\":\"es\",\"@id\":\"https:\\\/\\\/eurecat.org\\\/es\\\/estudiaran-microbiota-facial-para-crear-cosmetica-personalizada\\\/#primaryimage\",\"url\":\"https:\\\/\\\/eurecat.org\\\/wp-content\\\/uploads\\\/2019\\\/06\\\/Eurecat-METAGENCODE_930x515px.jpg\",\"contentUrl\":\"https:\\\/\\\/eurecat.org\\\/wp-content\\\/uploads\\\/2019\\\/06\\\/Eurecat-METAGENCODE_930x515px.jpg\",\"width\":930,\"height\":510,\"caption\":\"eurecat metagencode cosm\u00e8tica personalitzada\"},{\"@type\":\"BreadcrumbList\",\"@id\":\"https:\\\/\\\/eurecat.org\\\/es\\\/estudiaran-microbiota-facial-para-crear-cosmetica-personalizada\\\/#breadcrumb\",\"itemListElement\":[{\"@type\":\"ListItem\",\"position\":1,\"name\":\"Inici\",\"item\":\"https:\\\/\\\/eurecat.org\\\/es\\\/\"},{\"@type\":\"ListItem\",\"position\":2,\"name\":\"Estudiar\u00e1n la microbiota facial de cada persona para crear cosm\u00e9tica personalizada m\u00e1s eficaz\"}]},{\"@type\":\"WebSite\",\"@id\":\"https:\\\/\\\/eurecat.org\\\/es\\\/#website\",\"url\":\"https:\\\/\\\/eurecat.org\\\/es\\\/\",\"name\":\"Eurecat\",\"description\":\"Otro sitio realizado con WordPress\",\"potentialAction\":[{\"@type\":\"SearchAction\",\"target\":{\"@type\":\"EntryPoint\",\"urlTemplate\":\"https:\\\/\\\/eurecat.org\\\/es\\\/?s={search_term_string}\"},\"query-input\":{\"@type\":\"PropertyValueSpecification\",\"valueRequired\":true,\"valueName\":\"search_term_string\"}}],\"inLanguage\":\"es\"},{\"@type\":\"Person\",\"@id\":\"https:\\\/\\\/eurecat.org\\\/es\\\/#\\\/schema\\\/person\\\/8342992d6929ad043b305d3cac68b3f4\",\"name\":\"eurecatNG\",\"image\":{\"@type\":\"ImageObject\",\"inLanguage\":\"es\",\"@id\":\"https:\\\/\\\/secure.gravatar.com\\\/avatar\\\/63200cb70ae4f15a0f673050f36df149dba802bea7614e8f838aaccfcf8ea11d?s=96&d=mm&r=g\",\"url\":\"https:\\\/\\\/secure.gravatar.com\\\/avatar\\\/63200cb70ae4f15a0f673050f36df149dba802bea7614e8f838aaccfcf8ea11d?s=96&d=mm&r=g\",\"contentUrl\":\"https:\\\/\\\/secure.gravatar.com\\\/avatar\\\/63200cb70ae4f15a0f673050f36df149dba802bea7614e8f838aaccfcf8ea11d?s=96&d=mm&r=g\",\"caption\":\"eurecatNG\"}}]}<\/script>\n<!-- \/ Yoast SEO plugin. -->","yoast_head_json":{"title":"Estudiar\u00e1n la microbiota facial para crear cosm\u00e9tica personalizada","description":"Genocosmetics Lab y el Centre for Omic Sciences estudiar\u00e1n la microbiota facial para la creaci\u00f3n de cosm\u00e9tica personalizada.","robots":{"index":"index","follow":"follow","max-snippet":"max-snippet:-1","max-image-preview":"max-image-preview:large","max-video-preview":"max-video-preview:-1"},"canonical":"https:\/\/eurecat.org\/es\/estudiaran-microbiota-facial-para-crear-cosmetica-personalizada\/","og_locale":"es_ES","og_type":"article","og_title":"Estudiar\u00e1n la microbiota facial para crear cosm\u00e9tica personalizada","og_description":"Genocosmetics Lab y el Centre for Omic Sciences estudiar\u00e1n la microbiota facial para la creaci\u00f3n de cosm\u00e9tica personalizada.","og_url":"https:\/\/eurecat.org\/es\/estudiaran-microbiota-facial-para-crear-cosmetica-personalizada\/","og_site_name":"Eurecat","article_published_time":"2019-06-26T08:50:55+00:00","article_modified_time":"2019-06-28T12:39:37+00:00","og_image":[{"width":930,"height":510,"url":"https:\/\/eurecat.org\/wp-content\/uploads\/2019\/06\/Eurecat-METAGENCODE_930x515px.jpg","type":"image\/jpeg"}],"author":"eurecatNG","twitter_card":"summary_large_image","twitter_misc":{"Escrito por":"eurecatNG","Tiempo de lectura":"3 minutos"},"schema":{"@context":"https:\/\/schema.org","@graph":[{"@type":"Article","@id":"https:\/\/eurecat.org\/es\/estudiaran-microbiota-facial-para-crear-cosmetica-personalizada\/#article","isPartOf":{"@id":"https:\/\/eurecat.org\/es\/estudiaran-microbiota-facial-para-crear-cosmetica-personalizada\/"},"author":{"name":"eurecatNG","@id":"https:\/\/eurecat.org\/es\/#\/schema\/person\/8342992d6929ad043b305d3cac68b3f4"},"headline":"Estudiar\u00e1n la microbiota facial de cada persona para crear cosm\u00e9tica personalizada m\u00e1s eficaz","datePublished":"2019-06-26T08:50:55+00:00","dateModified":"2019-06-28T12:39:37+00:00","mainEntityOfPage":{"@id":"https:\/\/eurecat.org\/es\/estudiaran-microbiota-facial-para-crear-cosmetica-personalizada\/"},"wordCount":608,"commentCount":0,"image":{"@id":"https:\/\/eurecat.org\/es\/estudiaran-microbiota-facial-para-crear-cosmetica-personalizada\/#primaryimage"},"thumbnailUrl":"https:\/\/eurecat.org\/wp-content\/uploads\/2019\/06\/Eurecat-METAGENCODE_930x515px.jpg","articleSection":["Ciencias \u00d3micas","Notas de prensa"],"inLanguage":"es","potentialAction":[{"@type":"CommentAction","name":"Comment","target":["https:\/\/eurecat.org\/es\/estudiaran-microbiota-facial-para-crear-cosmetica-personalizada\/#respond"]}]},{"@type":"WebPage","@id":"https:\/\/eurecat.org\/es\/estudiaran-microbiota-facial-para-crear-cosmetica-personalizada\/","url":"https:\/\/eurecat.org\/es\/estudiaran-microbiota-facial-para-crear-cosmetica-personalizada\/","name":"Estudiar\u00e1n la microbiota facial para crear cosm\u00e9tica personalizada","isPartOf":{"@id":"https:\/\/eurecat.org\/es\/#website"},"primaryImageOfPage":{"@id":"https:\/\/eurecat.org\/es\/estudiaran-microbiota-facial-para-crear-cosmetica-personalizada\/#primaryimage"},"image":{"@id":"https:\/\/eurecat.org\/es\/estudiaran-microbiota-facial-para-crear-cosmetica-personalizada\/#primaryimage"},"thumbnailUrl":"https:\/\/eurecat.org\/wp-content\/uploads\/2019\/06\/Eurecat-METAGENCODE_930x515px.jpg","datePublished":"2019-06-26T08:50:55+00:00","dateModified":"2019-06-28T12:39:37+00:00","author":{"@id":"https:\/\/eurecat.org\/es\/#\/schema\/person\/8342992d6929ad043b305d3cac68b3f4"},"description":"Genocosmetics Lab y el Centre for Omic Sciences estudiar\u00e1n la microbiota facial para la creaci\u00f3n de cosm\u00e9tica personalizada.","breadcrumb":{"@id":"https:\/\/eurecat.org\/es\/estudiaran-microbiota-facial-para-crear-cosmetica-personalizada\/#breadcrumb"},"inLanguage":"es","potentialAction":[{"@type":"ReadAction","target":["https:\/\/eurecat.org\/es\/estudiaran-microbiota-facial-para-crear-cosmetica-personalizada\/"]}]},{"@type":"ImageObject","inLanguage":"es","@id":"https:\/\/eurecat.org\/es\/estudiaran-microbiota-facial-para-crear-cosmetica-personalizada\/#primaryimage","url":"https:\/\/eurecat.org\/wp-content\/uploads\/2019\/06\/Eurecat-METAGENCODE_930x515px.jpg","contentUrl":"https:\/\/eurecat.org\/wp-content\/uploads\/2019\/06\/Eurecat-METAGENCODE_930x515px.jpg","width":930,"height":510,"caption":"eurecat metagencode cosm\u00e8tica personalitzada"},{"@type":"BreadcrumbList","@id":"https:\/\/eurecat.org\/es\/estudiaran-microbiota-facial-para-crear-cosmetica-personalizada\/#breadcrumb","itemListElement":[{"@type":"ListItem","position":1,"name":"Inici","item":"https:\/\/eurecat.org\/es\/"},{"@type":"ListItem","position":2,"name":"Estudiar\u00e1n la microbiota facial de cada persona para crear cosm\u00e9tica personalizada m\u00e1s eficaz"}]},{"@type":"WebSite","@id":"https:\/\/eurecat.org\/es\/#website","url":"https:\/\/eurecat.org\/es\/","name":"Eurecat","description":"Otro sitio realizado con WordPress","potentialAction":[{"@type":"SearchAction","target":{"@type":"EntryPoint","urlTemplate":"https:\/\/eurecat.org\/es\/?s={search_term_string}"},"query-input":{"@type":"PropertyValueSpecification","valueRequired":true,"valueName":"search_term_string"}}],"inLanguage":"es"},{"@type":"Person","@id":"https:\/\/eurecat.org\/es\/#\/schema\/person\/8342992d6929ad043b305d3cac68b3f4","name":"eurecatNG","image":{"@type":"ImageObject","inLanguage":"es","@id":"https:\/\/secure.gravatar.com\/avatar\/63200cb70ae4f15a0f673050f36df149dba802bea7614e8f838aaccfcf8ea11d?s=96&d=mm&r=g","url":"https:\/\/secure.gravatar.com\/avatar\/63200cb70ae4f15a0f673050f36df149dba802bea7614e8f838aaccfcf8ea11d?s=96&d=mm&r=g","contentUrl":"https:\/\/secure.gravatar.com\/avatar\/63200cb70ae4f15a0f673050f36df149dba802bea7614e8f838aaccfcf8ea11d?s=96&d=mm&r=g","caption":"eurecatNG"}}]}},"_links":{"self":[{"href":"https:\/\/eurecat.org\/es\/wp-json\/wp\/v2\/posts\/82640","targetHints":{"allow":["GET"]}}],"collection":[{"href":"https:\/\/eurecat.org\/es\/wp-json\/wp\/v2\/posts"}],"about":[{"href":"https:\/\/eurecat.org\/es\/wp-json\/wp\/v2\/types\/post"}],"author":[{"embeddable":true,"href":"https:\/\/eurecat.org\/es\/wp-json\/wp\/v2\/users\/27"}],"replies":[{"embeddable":true,"href":"https:\/\/eurecat.org\/es\/wp-json\/wp\/v2\/comments?post=82640"}],"version-history":[{"count":0,"href":"https:\/\/eurecat.org\/es\/wp-json\/wp\/v2\/posts\/82640\/revisions"}],"wp:featuredmedia":[{"embeddable":true,"href":"https:\/\/eurecat.org\/es\/wp-json\/wp\/v2\/media\/82635"}],"wp:attachment":[{"href":"https:\/\/eurecat.org\/es\/wp-json\/wp\/v2\/media?parent=82640"}],"wp:term":[{"taxonomy":"category","embeddable":true,"href":"https:\/\/eurecat.org\/es\/wp-json\/wp\/v2\/categories?post=82640"},{"taxonomy":"post_tag","embeddable":true,"href":"https:\/\/eurecat.org\/es\/wp-json\/wp\/v2\/tags?post=82640"}],"curies":[{"name":"wp","href":"https:\/\/api.w.org\/{rel}","templated":true}]}}