{"id":84752,"date":"2019-07-11T09:31:18","date_gmt":"2019-07-11T09:31:18","guid":{"rendered":"https:\/\/eurecat.org\/?p=84752"},"modified":"2019-07-18T10:29:58","modified_gmt":"2019-07-18T10:29:58","slug":"castillo-de-montjuic-presenta-exposicion-el-arte-de-la-guerra-estrategias-para-vencer-sin-luchar","status":"publish","type":"post","link":"https:\/\/eurecat.org\/es\/castillo-de-montjuic-presenta-exposicion-el-arte-de-la-guerra-estrategias-para-vencer-sin-luchar\/","title":{"rendered":"El Castillo de Montju\u00efc presenta la exposici\u00f3n \u201cEl Arte de la Guerra: estrategias para vencer sin luchar\u201d"},"content":{"rendered":"<p>El <strong>Castillo de Montju\u00efc<\/strong> acoge la exposici\u00f3n \u201c<strong><a href=\"http:\/\/ajuntament.barcelona.cat\/castelldemontjuic\/es\/activitats\/exposicions\/el-arte-de-la-guerra-estrategias-para-vencer-sin-luchar\" target=\"_blank\" rel=\"noopener noreferrer\">El Arte de la Guerra: estrategias para vencer sin luchar<\/a><\/strong>\u201d, organizada por el Instituto de Cultura de Barcelona (ICUB) y producida por ALS y el centro tecnol\u00f3gico <a href=\"https:\/\/eurecat.org\/es\/\" target=\"_blank\" rel=\"noopener noreferrer\">Eurecat<\/a> (miembro de Tecnio), sobre la obra del <strong>autor chino Sunzi<\/strong>, un libro de la antig\u00fcedad que presenta la guerra como un juego de estratagemas, manipulaci\u00f3n, inteligencia y ocultaci\u00f3n para reducir el coste de la batalla.<\/p>\n<p>El <strong>equipo especializado en cultura y museograf\u00eda del departamento de Consultor\u00eda<\/strong> de Eurecat se ha encargado de la idea original, los contenidos y de la coordinaci\u00f3n t\u00e9cnica del proyecto, que se podr\u00e1 visitar hasta el 9 de enero de 2020.<\/p>\n<p>La muestra pone el foco en la obra del autor chino, considerada el primer tratado de estrategia militar conocido. El texto, concebido en China entre los siglos VI y II aC, se ha convertido en un referente para varias generaciones, no solo en el \u00e1mbito de la estrategia militar, sino tambi\u00e9n de la cultura, la pol\u00edtica y el pensamiento estrat\u00e9gico.<\/p>\n<p>En palabras del comisario de la exposici\u00f3n, <strong>Manel Oll\u00e9<\/strong>, Sunzi plantea que \u201cla \u00fanica batalla que vale la pena emprender es la que ya est\u00e1 ganada antes de empezar. El enga\u00f1o de los estratagemas, la invisibilidad y el disimulo, la rapidez y la adaptaci\u00f3n, las alianzas o el conocimiento del enemigo y de las propias fuerzas son algunas de las claves de una reflexi\u00f3n sobre la guerra empapada de met\u00e1foras como la del agua, d\u00factil pero invencible\u201d.<\/p>\n<p>La exposici\u00f3n est\u00e1 dividida en tres \u00e1mbitos, el primero de los cuales se convierte en un espacio experiencial que acerca al visitante una selecci\u00f3n de las <strong>17 frases m\u00e1s destacadas del texto de Sunzi<\/strong> y un audiovisual que recrea los sonidos y las im\u00e1genes de la naturaleza descritos.<\/p>\n<p>En el segundo \u00e1mbito, est\u00e1 disponible una <strong>entrevista grabada con el Dr. Albert Galvany, traductor de los textos<\/strong> de <em>El arte de la guerra<\/em> del chino al castellano, donde habla del origen del libro, de la autor\u00eda y de su contexto pol\u00edtico, hist\u00f3rico y cultural, as\u00ed como de otros temas que complementan la exposici\u00f3n. Adem\u00e1s, con el objetivo de ilustrar el contexto pol\u00edtico, hist\u00f3rico y cultural en el que se escribe <em>El arte de la guerra<\/em>, la exposici\u00f3n presenta un mapa de Eurasia con las corrientes filos\u00f3ficas principales de la Era Axial. Tambi\u00e9n dibuja una l\u00ednea del tiempo en la que quedan situados los hechos hist\u00f3ricos que ayudan a contextualizar la \u00e9poca y el contexto pol\u00edtico y cultural.<\/p>\n<p>El tercer espacio presenta ejemplos y derivaciones del impacto que ha tenido el pensamiento de Sunzi hasta la actualidad y, por \u00faltimo, los visitantes pueden poner a prueba su pensamiento estrat\u00e9gico con un <strong>juego interactivo<\/strong> que lleva por nombre \u201cLos treinta y seis estratagemas\u201d y ver una <strong>r\u00e9plica del libro original<\/strong> de Sunzi, <em>El arte de la guerra<\/em>, y una pantalla donde se muestra una recopilaci\u00f3n de libros que se han inspirado en la obra del autor chino, situadas en dos vitrinas en la parte final del recorrido.<\/p>\n<p>Aparte de la exposici\u00f3n, se est\u00e1n organizando <strong>actividades paralelas<\/strong>, entre las que destacan un fin de semana tem\u00e1tico el 6 de octubre en el Castillo de Montju\u00efc, con conferencia del comisario, talleres para las familias y animaciones.<\/p>\n","protected":false},"excerpt":{"rendered":"<p>El Castillo de Montju\u00efc acoge la exposici\u00f3n \u201cEl Arte de la Guerra: estrategias para vencer sin luchar\u201d, organizada por el Instituto de Cultura de Barcelona (ICUB) y producida por ALS y el centro tecnol\u00f3gico Eurecat (miembro de Tecnio), sobre la obra del autor chino Sunzi, un libro de la antig\u00fcedad que presenta la guerra como  [&#8230;]<\/p>\n","protected":false},"author":27,"featured_media":84750,"comment_status":"open","ping_status":"closed","sticky":false,"template":"","format":"standard","meta":{"footnotes":""},"categories":[394,1891,134],"tags":[],"class_list":["post-84752","post","type-post","status-publish","format-standard","has-post-thumbnail","hentry","category-consultoria-es","category-industries-culturals-creatives","category-notas-de-prensa"],"yoast_head":"<!-- This site is optimized with the Yoast SEO plugin v27.5 - https:\/\/yoast.com\/product\/yoast-seo-wordpress\/ -->\n<title>Exposici\u00f3n \u201cEl Arte de la Guerra: estrategias para vencer sin luchar\u201d<\/title>\n<meta name=\"description\" content=\"El Castillo de Montju\u00efc acoge la exposici\u00f3n \u201cEl Arte de la Guerra: estrategias para vencer sin luchar\u201d, producida por ALS y el centro tecnol\u00f3gico Eurecat.\" \/>\n<meta name=\"robots\" content=\"index, follow, max-snippet:-1, max-image-preview:large, max-video-preview:-1\" \/>\n<link rel=\"canonical\" href=\"https:\/\/eurecat.org\/es\/castillo-de-montjuic-presenta-exposicion-el-arte-de-la-guerra-estrategias-para-vencer-sin-luchar\/\" \/>\n<meta property=\"og:locale\" content=\"es_ES\" \/>\n<meta property=\"og:type\" content=\"article\" \/>\n<meta property=\"og:title\" content=\"Exposici\u00f3n \u201cEl Arte de la Guerra: estrategias para vencer sin luchar\u201d\" \/>\n<meta property=\"og:description\" content=\"El Castillo de Montju\u00efc acoge la exposici\u00f3n \u201cEl Arte de la Guerra: estrategias para vencer sin luchar\u201d, producida por ALS y el centro tecnol\u00f3gico Eurecat.\" \/>\n<meta property=\"og:url\" content=\"https:\/\/eurecat.org\/es\/castillo-de-montjuic-presenta-exposicion-el-arte-de-la-guerra-estrategias-para-vencer-sin-luchar\/\" \/>\n<meta property=\"og:site_name\" content=\"Eurecat\" \/>\n<meta property=\"article:published_time\" content=\"2019-07-11T09:31:18+00:00\" \/>\n<meta property=\"article:modified_time\" content=\"2019-07-18T10:29:58+00:00\" \/>\n<meta property=\"og:image\" content=\"https:\/\/eurecat.org\/wp-content\/uploads\/2019\/07\/Eurecat-Exposici\u00f3-ArtGuerra_930x515px.jpg\" \/>\n\t<meta property=\"og:image:width\" content=\"930\" \/>\n\t<meta property=\"og:image:height\" content=\"515\" \/>\n\t<meta property=\"og:image:type\" content=\"image\/jpeg\" \/>\n<meta name=\"author\" content=\"eurecatNG\" \/>\n<meta name=\"twitter:card\" content=\"summary_large_image\" \/>\n<meta name=\"twitter:label1\" content=\"Escrito por\" \/>\n\t<meta name=\"twitter:data1\" content=\"eurecatNG\" \/>\n\t<meta name=\"twitter:label2\" content=\"Tiempo de lectura\" \/>\n\t<meta name=\"twitter:data2\" content=\"3 minutos\" \/>\n<script type=\"application\/ld+json\" class=\"yoast-schema-graph\">{\"@context\":\"https:\\\/\\\/schema.org\",\"@graph\":[{\"@type\":\"Article\",\"@id\":\"https:\\\/\\\/eurecat.org\\\/es\\\/castillo-de-montjuic-presenta-exposicion-el-arte-de-la-guerra-estrategias-para-vencer-sin-luchar\\\/#article\",\"isPartOf\":{\"@id\":\"https:\\\/\\\/eurecat.org\\\/es\\\/castillo-de-montjuic-presenta-exposicion-el-arte-de-la-guerra-estrategias-para-vencer-sin-luchar\\\/\"},\"author\":{\"name\":\"eurecatNG\",\"@id\":\"https:\\\/\\\/eurecat.org\\\/es\\\/#\\\/schema\\\/person\\\/8342992d6929ad043b305d3cac68b3f4\"},\"headline\":\"El Castillo de Montju\u00efc presenta la exposici\u00f3n \u201cEl Arte de la Guerra: estrategias para vencer sin luchar\u201d\",\"datePublished\":\"2019-07-11T09:31:18+00:00\",\"dateModified\":\"2019-07-18T10:29:58+00:00\",\"mainEntityOfPage\":{\"@id\":\"https:\\\/\\\/eurecat.org\\\/es\\\/castillo-de-montjuic-presenta-exposicion-el-arte-de-la-guerra-estrategias-para-vencer-sin-luchar\\\/\"},\"wordCount\":596,\"commentCount\":0,\"image\":{\"@id\":\"https:\\\/\\\/eurecat.org\\\/es\\\/castillo-de-montjuic-presenta-exposicion-el-arte-de-la-guerra-estrategias-para-vencer-sin-luchar\\\/#primaryimage\"},\"thumbnailUrl\":\"https:\\\/\\\/eurecat.org\\\/wp-content\\\/uploads\\\/2019\\\/07\\\/Eurecat-Exposici\u00f3-ArtGuerra_930x515px.jpg\",\"articleSection\":[\"Consultor\u00eda\",\"Ind\u00fastries Culturals i Creatives\",\"Notas de prensa\"],\"inLanguage\":\"es\",\"potentialAction\":[{\"@type\":\"CommentAction\",\"name\":\"Comment\",\"target\":[\"https:\\\/\\\/eurecat.org\\\/es\\\/castillo-de-montjuic-presenta-exposicion-el-arte-de-la-guerra-estrategias-para-vencer-sin-luchar\\\/#respond\"]}]},{\"@type\":\"WebPage\",\"@id\":\"https:\\\/\\\/eurecat.org\\\/es\\\/castillo-de-montjuic-presenta-exposicion-el-arte-de-la-guerra-estrategias-para-vencer-sin-luchar\\\/\",\"url\":\"https:\\\/\\\/eurecat.org\\\/es\\\/castillo-de-montjuic-presenta-exposicion-el-arte-de-la-guerra-estrategias-para-vencer-sin-luchar\\\/\",\"name\":\"Exposici\u00f3n \u201cEl Arte de la Guerra: estrategias para vencer sin luchar\u201d\",\"isPartOf\":{\"@id\":\"https:\\\/\\\/eurecat.org\\\/es\\\/#website\"},\"primaryImageOfPage\":{\"@id\":\"https:\\\/\\\/eurecat.org\\\/es\\\/castillo-de-montjuic-presenta-exposicion-el-arte-de-la-guerra-estrategias-para-vencer-sin-luchar\\\/#primaryimage\"},\"image\":{\"@id\":\"https:\\\/\\\/eurecat.org\\\/es\\\/castillo-de-montjuic-presenta-exposicion-el-arte-de-la-guerra-estrategias-para-vencer-sin-luchar\\\/#primaryimage\"},\"thumbnailUrl\":\"https:\\\/\\\/eurecat.org\\\/wp-content\\\/uploads\\\/2019\\\/07\\\/Eurecat-Exposici\u00f3-ArtGuerra_930x515px.jpg\",\"datePublished\":\"2019-07-11T09:31:18+00:00\",\"dateModified\":\"2019-07-18T10:29:58+00:00\",\"author\":{\"@id\":\"https:\\\/\\\/eurecat.org\\\/es\\\/#\\\/schema\\\/person\\\/8342992d6929ad043b305d3cac68b3f4\"},\"description\":\"El Castillo de Montju\u00efc acoge la exposici\u00f3n \u201cEl Arte de la Guerra: estrategias para vencer sin luchar\u201d, producida por ALS y el centro tecnol\u00f3gico Eurecat.\",\"breadcrumb\":{\"@id\":\"https:\\\/\\\/eurecat.org\\\/es\\\/castillo-de-montjuic-presenta-exposicion-el-arte-de-la-guerra-estrategias-para-vencer-sin-luchar\\\/#breadcrumb\"},\"inLanguage\":\"es\",\"potentialAction\":[{\"@type\":\"ReadAction\",\"target\":[\"https:\\\/\\\/eurecat.org\\\/es\\\/castillo-de-montjuic-presenta-exposicion-el-arte-de-la-guerra-estrategias-para-vencer-sin-luchar\\\/\"]}]},{\"@type\":\"ImageObject\",\"inLanguage\":\"es\",\"@id\":\"https:\\\/\\\/eurecat.org\\\/es\\\/castillo-de-montjuic-presenta-exposicion-el-arte-de-la-guerra-estrategias-para-vencer-sin-luchar\\\/#primaryimage\",\"url\":\"https:\\\/\\\/eurecat.org\\\/wp-content\\\/uploads\\\/2019\\\/07\\\/Eurecat-Exposici\u00f3-ArtGuerra_930x515px.jpg\",\"contentUrl\":\"https:\\\/\\\/eurecat.org\\\/wp-content\\\/uploads\\\/2019\\\/07\\\/Eurecat-Exposici\u00f3-ArtGuerra_930x515px.jpg\",\"width\":930,\"height\":515,\"caption\":\"eurecat exposici\u00f3 castell de montju\u00efc\"},{\"@type\":\"BreadcrumbList\",\"@id\":\"https:\\\/\\\/eurecat.org\\\/es\\\/castillo-de-montjuic-presenta-exposicion-el-arte-de-la-guerra-estrategias-para-vencer-sin-luchar\\\/#breadcrumb\",\"itemListElement\":[{\"@type\":\"ListItem\",\"position\":1,\"name\":\"Inici\",\"item\":\"https:\\\/\\\/eurecat.org\\\/es\\\/\"},{\"@type\":\"ListItem\",\"position\":2,\"name\":\"El Castillo de Montju\u00efc presenta la exposici\u00f3n \u201cEl Arte de la Guerra: estrategias para vencer sin luchar\u201d\"}]},{\"@type\":\"WebSite\",\"@id\":\"https:\\\/\\\/eurecat.org\\\/es\\\/#website\",\"url\":\"https:\\\/\\\/eurecat.org\\\/es\\\/\",\"name\":\"Eurecat\",\"description\":\"Otro sitio realizado con WordPress\",\"potentialAction\":[{\"@type\":\"SearchAction\",\"target\":{\"@type\":\"EntryPoint\",\"urlTemplate\":\"https:\\\/\\\/eurecat.org\\\/es\\\/?s={search_term_string}\"},\"query-input\":{\"@type\":\"PropertyValueSpecification\",\"valueRequired\":true,\"valueName\":\"search_term_string\"}}],\"inLanguage\":\"es\"},{\"@type\":\"Person\",\"@id\":\"https:\\\/\\\/eurecat.org\\\/es\\\/#\\\/schema\\\/person\\\/8342992d6929ad043b305d3cac68b3f4\",\"name\":\"eurecatNG\",\"image\":{\"@type\":\"ImageObject\",\"inLanguage\":\"es\",\"@id\":\"https:\\\/\\\/secure.gravatar.com\\\/avatar\\\/63200cb70ae4f15a0f673050f36df149dba802bea7614e8f838aaccfcf8ea11d?s=96&d=mm&r=g\",\"url\":\"https:\\\/\\\/secure.gravatar.com\\\/avatar\\\/63200cb70ae4f15a0f673050f36df149dba802bea7614e8f838aaccfcf8ea11d?s=96&d=mm&r=g\",\"contentUrl\":\"https:\\\/\\\/secure.gravatar.com\\\/avatar\\\/63200cb70ae4f15a0f673050f36df149dba802bea7614e8f838aaccfcf8ea11d?s=96&d=mm&r=g\",\"caption\":\"eurecatNG\"}}]}<\/script>\n<!-- \/ Yoast SEO plugin. -->","yoast_head_json":{"title":"Exposici\u00f3n \u201cEl Arte de la Guerra: estrategias para vencer sin luchar\u201d","description":"El Castillo de Montju\u00efc acoge la exposici\u00f3n \u201cEl Arte de la Guerra: estrategias para vencer sin luchar\u201d, producida por ALS y el centro tecnol\u00f3gico Eurecat.","robots":{"index":"index","follow":"follow","max-snippet":"max-snippet:-1","max-image-preview":"max-image-preview:large","max-video-preview":"max-video-preview:-1"},"canonical":"https:\/\/eurecat.org\/es\/castillo-de-montjuic-presenta-exposicion-el-arte-de-la-guerra-estrategias-para-vencer-sin-luchar\/","og_locale":"es_ES","og_type":"article","og_title":"Exposici\u00f3n \u201cEl Arte de la Guerra: estrategias para vencer sin luchar\u201d","og_description":"El Castillo de Montju\u00efc acoge la exposici\u00f3n \u201cEl Arte de la Guerra: estrategias para vencer sin luchar\u201d, producida por ALS y el centro tecnol\u00f3gico Eurecat.","og_url":"https:\/\/eurecat.org\/es\/castillo-de-montjuic-presenta-exposicion-el-arte-de-la-guerra-estrategias-para-vencer-sin-luchar\/","og_site_name":"Eurecat","article_published_time":"2019-07-11T09:31:18+00:00","article_modified_time":"2019-07-18T10:29:58+00:00","og_image":[{"width":930,"height":515,"url":"https:\/\/eurecat.org\/wp-content\/uploads\/2019\/07\/Eurecat-Exposici\u00f3-ArtGuerra_930x515px.jpg","type":"image\/jpeg"}],"author":"eurecatNG","twitter_card":"summary_large_image","twitter_misc":{"Escrito por":"eurecatNG","Tiempo de lectura":"3 minutos"},"schema":{"@context":"https:\/\/schema.org","@graph":[{"@type":"Article","@id":"https:\/\/eurecat.org\/es\/castillo-de-montjuic-presenta-exposicion-el-arte-de-la-guerra-estrategias-para-vencer-sin-luchar\/#article","isPartOf":{"@id":"https:\/\/eurecat.org\/es\/castillo-de-montjuic-presenta-exposicion-el-arte-de-la-guerra-estrategias-para-vencer-sin-luchar\/"},"author":{"name":"eurecatNG","@id":"https:\/\/eurecat.org\/es\/#\/schema\/person\/8342992d6929ad043b305d3cac68b3f4"},"headline":"El Castillo de Montju\u00efc presenta la exposici\u00f3n \u201cEl Arte de la Guerra: estrategias para vencer sin luchar\u201d","datePublished":"2019-07-11T09:31:18+00:00","dateModified":"2019-07-18T10:29:58+00:00","mainEntityOfPage":{"@id":"https:\/\/eurecat.org\/es\/castillo-de-montjuic-presenta-exposicion-el-arte-de-la-guerra-estrategias-para-vencer-sin-luchar\/"},"wordCount":596,"commentCount":0,"image":{"@id":"https:\/\/eurecat.org\/es\/castillo-de-montjuic-presenta-exposicion-el-arte-de-la-guerra-estrategias-para-vencer-sin-luchar\/#primaryimage"},"thumbnailUrl":"https:\/\/eurecat.org\/wp-content\/uploads\/2019\/07\/Eurecat-Exposici\u00f3-ArtGuerra_930x515px.jpg","articleSection":["Consultor\u00eda","Ind\u00fastries Culturals i Creatives","Notas de prensa"],"inLanguage":"es","potentialAction":[{"@type":"CommentAction","name":"Comment","target":["https:\/\/eurecat.org\/es\/castillo-de-montjuic-presenta-exposicion-el-arte-de-la-guerra-estrategias-para-vencer-sin-luchar\/#respond"]}]},{"@type":"WebPage","@id":"https:\/\/eurecat.org\/es\/castillo-de-montjuic-presenta-exposicion-el-arte-de-la-guerra-estrategias-para-vencer-sin-luchar\/","url":"https:\/\/eurecat.org\/es\/castillo-de-montjuic-presenta-exposicion-el-arte-de-la-guerra-estrategias-para-vencer-sin-luchar\/","name":"Exposici\u00f3n \u201cEl Arte de la Guerra: estrategias para vencer sin luchar\u201d","isPartOf":{"@id":"https:\/\/eurecat.org\/es\/#website"},"primaryImageOfPage":{"@id":"https:\/\/eurecat.org\/es\/castillo-de-montjuic-presenta-exposicion-el-arte-de-la-guerra-estrategias-para-vencer-sin-luchar\/#primaryimage"},"image":{"@id":"https:\/\/eurecat.org\/es\/castillo-de-montjuic-presenta-exposicion-el-arte-de-la-guerra-estrategias-para-vencer-sin-luchar\/#primaryimage"},"thumbnailUrl":"https:\/\/eurecat.org\/wp-content\/uploads\/2019\/07\/Eurecat-Exposici\u00f3-ArtGuerra_930x515px.jpg","datePublished":"2019-07-11T09:31:18+00:00","dateModified":"2019-07-18T10:29:58+00:00","author":{"@id":"https:\/\/eurecat.org\/es\/#\/schema\/person\/8342992d6929ad043b305d3cac68b3f4"},"description":"El Castillo de Montju\u00efc acoge la exposici\u00f3n \u201cEl Arte de la Guerra: estrategias para vencer sin luchar\u201d, producida por ALS y el centro tecnol\u00f3gico Eurecat.","breadcrumb":{"@id":"https:\/\/eurecat.org\/es\/castillo-de-montjuic-presenta-exposicion-el-arte-de-la-guerra-estrategias-para-vencer-sin-luchar\/#breadcrumb"},"inLanguage":"es","potentialAction":[{"@type":"ReadAction","target":["https:\/\/eurecat.org\/es\/castillo-de-montjuic-presenta-exposicion-el-arte-de-la-guerra-estrategias-para-vencer-sin-luchar\/"]}]},{"@type":"ImageObject","inLanguage":"es","@id":"https:\/\/eurecat.org\/es\/castillo-de-montjuic-presenta-exposicion-el-arte-de-la-guerra-estrategias-para-vencer-sin-luchar\/#primaryimage","url":"https:\/\/eurecat.org\/wp-content\/uploads\/2019\/07\/Eurecat-Exposici\u00f3-ArtGuerra_930x515px.jpg","contentUrl":"https:\/\/eurecat.org\/wp-content\/uploads\/2019\/07\/Eurecat-Exposici\u00f3-ArtGuerra_930x515px.jpg","width":930,"height":515,"caption":"eurecat exposici\u00f3 castell de montju\u00efc"},{"@type":"BreadcrumbList","@id":"https:\/\/eurecat.org\/es\/castillo-de-montjuic-presenta-exposicion-el-arte-de-la-guerra-estrategias-para-vencer-sin-luchar\/#breadcrumb","itemListElement":[{"@type":"ListItem","position":1,"name":"Inici","item":"https:\/\/eurecat.org\/es\/"},{"@type":"ListItem","position":2,"name":"El Castillo de Montju\u00efc presenta la exposici\u00f3n \u201cEl Arte de la Guerra: estrategias para vencer sin luchar\u201d"}]},{"@type":"WebSite","@id":"https:\/\/eurecat.org\/es\/#website","url":"https:\/\/eurecat.org\/es\/","name":"Eurecat","description":"Otro sitio realizado con WordPress","potentialAction":[{"@type":"SearchAction","target":{"@type":"EntryPoint","urlTemplate":"https:\/\/eurecat.org\/es\/?s={search_term_string}"},"query-input":{"@type":"PropertyValueSpecification","valueRequired":true,"valueName":"search_term_string"}}],"inLanguage":"es"},{"@type":"Person","@id":"https:\/\/eurecat.org\/es\/#\/schema\/person\/8342992d6929ad043b305d3cac68b3f4","name":"eurecatNG","image":{"@type":"ImageObject","inLanguage":"es","@id":"https:\/\/secure.gravatar.com\/avatar\/63200cb70ae4f15a0f673050f36df149dba802bea7614e8f838aaccfcf8ea11d?s=96&d=mm&r=g","url":"https:\/\/secure.gravatar.com\/avatar\/63200cb70ae4f15a0f673050f36df149dba802bea7614e8f838aaccfcf8ea11d?s=96&d=mm&r=g","contentUrl":"https:\/\/secure.gravatar.com\/avatar\/63200cb70ae4f15a0f673050f36df149dba802bea7614e8f838aaccfcf8ea11d?s=96&d=mm&r=g","caption":"eurecatNG"}}]}},"_links":{"self":[{"href":"https:\/\/eurecat.org\/es\/wp-json\/wp\/v2\/posts\/84752","targetHints":{"allow":["GET"]}}],"collection":[{"href":"https:\/\/eurecat.org\/es\/wp-json\/wp\/v2\/posts"}],"about":[{"href":"https:\/\/eurecat.org\/es\/wp-json\/wp\/v2\/types\/post"}],"author":[{"embeddable":true,"href":"https:\/\/eurecat.org\/es\/wp-json\/wp\/v2\/users\/27"}],"replies":[{"embeddable":true,"href":"https:\/\/eurecat.org\/es\/wp-json\/wp\/v2\/comments?post=84752"}],"version-history":[{"count":0,"href":"https:\/\/eurecat.org\/es\/wp-json\/wp\/v2\/posts\/84752\/revisions"}],"wp:featuredmedia":[{"embeddable":true,"href":"https:\/\/eurecat.org\/es\/wp-json\/wp\/v2\/media\/84750"}],"wp:attachment":[{"href":"https:\/\/eurecat.org\/es\/wp-json\/wp\/v2\/media?parent=84752"}],"wp:term":[{"taxonomy":"category","embeddable":true,"href":"https:\/\/eurecat.org\/es\/wp-json\/wp\/v2\/categories?post=84752"},{"taxonomy":"post_tag","embeddable":true,"href":"https:\/\/eurecat.org\/es\/wp-json\/wp\/v2\/tags?post=84752"}],"curies":[{"name":"wp","href":"https:\/\/api.w.org\/{rel}","templated":true}]}}