{"id":85398,"date":"2019-07-24T06:45:09","date_gmt":"2019-07-24T06:45:09","guid":{"rendered":"https:\/\/eurecat.org\/?p=85398"},"modified":"2019-07-25T07:02:48","modified_gmt":"2019-07-25T07:02:48","slug":"en-marcha-el-primer-estudio-sectorial-turismo-provincia-tarragona","status":"publish","type":"post","link":"https:\/\/eurecat.org\/es\/en-marcha-el-primer-estudio-sectorial-turismo-provincia-tarragona\/","title":{"rendered":"Se pone en marcha el primer estudio sectorial del turismo en la provincia de Tarragona"},"content":{"rendered":"<p>Representantes de la <strong><a href=\"http:\/\/feht-turisme.org\/?lang=es\" target=\"_blank\" rel=\"noopener noreferrer\">Federaci\u00f3n Empresarial de Hosteler\u00eda y Turismo de la Provincia de Tarragona<\/a> (FEHT)<\/strong> y el Departamento de Innovaci\u00f3n Tur\u00edstica del centro tecnol\u00f3gico <strong><a href=\"http:\/\/eurecat.org\/es\/\" target=\"_blank\" rel=\"noopener noreferrer\">Eurecat<\/a><\/strong> han presentado el proyecto del que ser\u00e1 el <strong>primer estudio sobre el sector tur\u00edstico<\/strong> de la provincia de <strong>Tarragona<\/strong>: \u201cEl turismo en la econom\u00eda y la sociedad en la demarcaci\u00f3n de Tarragona\u201d. Este estudio ya se ha iniciado, finalizar\u00e1 a finales del a\u00f1o 2021 y cuenta con una inversi\u00f3n por parte de la FEHT de 29.000 euros\/a\u00f1o.<\/p>\n<p>Se trata de un estudio ambicioso que pretende generar informaci\u00f3n objetiva sobre la importancia de la actividad del turismo en la provincia de Tarragona. As\u00ed, Eduard Farriol, presidente de la FEHT, ha explicado que el objetivo es que el estudio \u201cnos aporte conocimiento para <strong>mejorar la competitividad<\/strong> del destino durante los pr\u00f3ximos a\u00f1os y, tambi\u00e9n, que nos dote de datos objetivos que dimensionen exactamente el peso del sector tur\u00edstico en nuestra provincia y que ayuden a reconocer su papel clave en el territorio\u201d.<\/p>\n<p>Farriol ha a\u00f1adido que \u201csomos conscientes de que el sector tur\u00edstico en la provincia de Tarragona es uno de sus motores socioecon\u00f3micos. Cada a\u00f1o recibimos millones de visitantes, trabajan miles de personas, tenemos los mejores campings de Europa, el parque tem\u00e1tico m\u00e1s visitado en el sur de Europa&#8230;\u201d. No obstante, ha reconocido que \u201chay muchos datos de nuestro propio sector que desconocemos\u201d.<\/p>\n<p>Sobre el estudio, Farriol, ha asegurado que \u201cno solo quer\u00edamos un an\u00e1lisis econ\u00f3mico que nos diga d\u00f3nde estamos, cu\u00e1nto generamos, cu\u00e1l es nuestro tejido productivo&#8230; Creemos que es importante conocer estos datos, pero es una oportunidad para poder ir m\u00e1s all\u00e1\u201d. Por ello, la FEHT est\u00e1 colaborando con el centro tecnol\u00f3gico Eurecat para realizar el que ser\u00e1 el primer estudio en profundidad que contar\u00e1 con cinco ejes estrat\u00e9gicos: an\u00e1lisis econ\u00f3mico; responsabilidad y sostenibilidad; calidad; movilidad, y atracci\u00f3n y retenci\u00f3n de talento.<\/p>\n<h2>Los cinco ejes del estudio<\/h2>\n<p>Tal como ha explicado Salvador Anton Clav\u00e9, director del Departamento de Innovaci\u00f3n Tur\u00edstica de Eurecat y catedr\u00e1tico de An\u00e1lisis Geogr\u00e1fico Regional de la Universitat Rovira i Virgili, \u201cel proyecto es un programa de trabajo permanente que servir\u00e1 para poner de manifiesto la incidencia estrat\u00e9gica de la actividad tur\u00edstica en la provincia de Tarragona y facilitar\u00e1 acciones por parte de la FEHT, tanto desde el punto de vista de los impactos socioecon\u00f3micos, como desde el punto de vista de aumentar la sostenibilidad y la responsabilidad del turismo\u201d.<\/p>\n<p>Anton, durante la presentaci\u00f3n, ha detallado los cinco ejes tem\u00e1ticos del estudio. As\u00ed, el primero ser\u00e1 \u201c<strong>An\u00e1lisis econ\u00f3mico de la actividad tur\u00edstica<\/strong>\u201d y tiene por objetivo estimar cuantitativamente los impactos socioecon\u00f3micos de la actividad del turismo en la demarcaci\u00f3n de Tarragona, as\u00ed como su din\u00e1mica evolutiva m\u00e1s reciente. El segundo eje, \u201c<strong>Sostenibilidad y responsabilidad<\/strong>\u201d, pretende evaluar la sostenibilidad de la actividad tur\u00edstica en el destino y desplegar acciones para aumentar la sostenibilidad y responsabilidad. El tercer eje ser\u00e1 el de \u201c<strong>Calidad<\/strong>\u201d y quiere promover el desarrollo de un plan de calidad integral para el turismo en el destino. El cuarto, \u201c<strong>Movilidad<\/strong>\u201d, buscar\u00e1 c\u00f3mo potenciar una gesti\u00f3n eficiente de los flujos de movilidad interna y externa, en t\u00e9rminos de competitividad, sostenibilidad y responsabilidad y, finalmente, el quinto eje, \u201c<strong>Atracci\u00f3n y retenci\u00f3n de talento<\/strong>\u201d analizar\u00e1 c\u00f3mo mejorar la capacidad de gesti\u00f3n tur\u00edstica de las empresas y destinos a trav\u00e9s de la mejora del talento de las personas que se dedican, as\u00ed como el reconocimiento de este talento.<\/p>\n","protected":false},"excerpt":{"rendered":"<p>Representantes de la Federaci\u00f3n Empresarial de Hosteler\u00eda y Turismo de la Provincia de Tarragona (FEHT) y el Departamento de Innovaci\u00f3n Tur\u00edstica del centro tecnol\u00f3gico Eurecat han presentado el proyecto del que ser\u00e1 el primer estudio sobre el sector tur\u00edstico de la provincia de Tarragona: \u201cEl turismo en la econom\u00eda y la sociedad en la demarcaci\u00f3n  [&#8230;]<\/p>\n","protected":false},"author":27,"featured_media":85393,"comment_status":"open","ping_status":"closed","sticky":false,"template":"","format":"standard","meta":{"footnotes":""},"categories":[134,1885],"tags":[],"class_list":["post-85398","post","type-post","status-publish","format-standard","has-post-thumbnail","hentry","category-notas-de-prensa","category-turisme"],"yoast_head":"<!-- This site is optimized with the Yoast SEO plugin v27.4 - https:\/\/yoast.com\/product\/yoast-seo-wordpress\/ -->\n<title>En marcha el primer estudio del turismo en la provincia de Tarragona<\/title>\n<meta name=\"description\" content=\"Presentado el proyecto del primer estudio sobre el tur\u00edstico de Tarragona: \u201cEl turismo en la econom\u00eda y la sociedad en la demarcaci\u00f3n de Tarragona\u201d.\" \/>\n<meta name=\"robots\" content=\"index, follow, max-snippet:-1, max-image-preview:large, max-video-preview:-1\" \/>\n<link rel=\"canonical\" href=\"https:\/\/eurecat.org\/es\/en-marcha-el-primer-estudio-sectorial-turismo-provincia-tarragona\/\" \/>\n<meta property=\"og:locale\" content=\"es_ES\" \/>\n<meta property=\"og:type\" content=\"article\" \/>\n<meta property=\"og:title\" content=\"En marcha el primer estudio del turismo en la provincia de Tarragona\" \/>\n<meta property=\"og:description\" content=\"Presentado el proyecto del primer estudio sobre el tur\u00edstico de Tarragona: \u201cEl turismo en la econom\u00eda y la sociedad en la demarcaci\u00f3n de Tarragona\u201d.\" \/>\n<meta property=\"og:url\" content=\"https:\/\/eurecat.org\/es\/en-marcha-el-primer-estudio-sectorial-turismo-provincia-tarragona\/\" \/>\n<meta property=\"og:site_name\" content=\"Eurecat\" \/>\n<meta property=\"article:published_time\" content=\"2019-07-24T06:45:09+00:00\" \/>\n<meta property=\"article:modified_time\" content=\"2019-07-25T07:02:48+00:00\" \/>\n<meta property=\"og:image\" content=\"https:\/\/eurecat.org\/wp-content\/uploads\/2019\/07\/Eurecat-Turisme-Presentacio-estudi_930x515px.jpg\" \/>\n\t<meta property=\"og:image:width\" content=\"930\" \/>\n\t<meta property=\"og:image:height\" content=\"515\" \/>\n\t<meta property=\"og:image:type\" content=\"image\/jpeg\" \/>\n<meta name=\"author\" content=\"eurecatNG\" \/>\n<meta name=\"twitter:card\" content=\"summary_large_image\" \/>\n<meta name=\"twitter:label1\" content=\"Escrito por\" \/>\n\t<meta name=\"twitter:data1\" content=\"eurecatNG\" \/>\n\t<meta name=\"twitter:label2\" content=\"Tiempo de lectura\" \/>\n\t<meta name=\"twitter:data2\" content=\"3 minutos\" \/>\n<script type=\"application\/ld+json\" class=\"yoast-schema-graph\">{\"@context\":\"https:\\\/\\\/schema.org\",\"@graph\":[{\"@type\":\"Article\",\"@id\":\"https:\\\/\\\/eurecat.org\\\/es\\\/en-marcha-el-primer-estudio-sectorial-turismo-provincia-tarragona\\\/#article\",\"isPartOf\":{\"@id\":\"https:\\\/\\\/eurecat.org\\\/es\\\/en-marcha-el-primer-estudio-sectorial-turismo-provincia-tarragona\\\/\"},\"author\":{\"name\":\"eurecatNG\",\"@id\":\"https:\\\/\\\/eurecat.org\\\/es\\\/#\\\/schema\\\/person\\\/8342992d6929ad043b305d3cac68b3f4\"},\"headline\":\"Se pone en marcha el primer estudio sectorial del turismo en la provincia de Tarragona\",\"datePublished\":\"2019-07-24T06:45:09+00:00\",\"dateModified\":\"2019-07-25T07:02:48+00:00\",\"mainEntityOfPage\":{\"@id\":\"https:\\\/\\\/eurecat.org\\\/es\\\/en-marcha-el-primer-estudio-sectorial-turismo-provincia-tarragona\\\/\"},\"wordCount\":640,\"commentCount\":0,\"image\":{\"@id\":\"https:\\\/\\\/eurecat.org\\\/es\\\/en-marcha-el-primer-estudio-sectorial-turismo-provincia-tarragona\\\/#primaryimage\"},\"thumbnailUrl\":\"https:\\\/\\\/eurecat.org\\\/wp-content\\\/uploads\\\/2019\\\/07\\\/Eurecat-Turisme-Presentacio-estudi_930x515px.jpg\",\"articleSection\":[\"Notas de prensa\",\"Turisme\"],\"inLanguage\":\"es\",\"potentialAction\":[{\"@type\":\"CommentAction\",\"name\":\"Comment\",\"target\":[\"https:\\\/\\\/eurecat.org\\\/es\\\/en-marcha-el-primer-estudio-sectorial-turismo-provincia-tarragona\\\/#respond\"]}]},{\"@type\":\"WebPage\",\"@id\":\"https:\\\/\\\/eurecat.org\\\/es\\\/en-marcha-el-primer-estudio-sectorial-turismo-provincia-tarragona\\\/\",\"url\":\"https:\\\/\\\/eurecat.org\\\/es\\\/en-marcha-el-primer-estudio-sectorial-turismo-provincia-tarragona\\\/\",\"name\":\"En marcha el primer estudio del turismo en la provincia de Tarragona\",\"isPartOf\":{\"@id\":\"https:\\\/\\\/eurecat.org\\\/es\\\/#website\"},\"primaryImageOfPage\":{\"@id\":\"https:\\\/\\\/eurecat.org\\\/es\\\/en-marcha-el-primer-estudio-sectorial-turismo-provincia-tarragona\\\/#primaryimage\"},\"image\":{\"@id\":\"https:\\\/\\\/eurecat.org\\\/es\\\/en-marcha-el-primer-estudio-sectorial-turismo-provincia-tarragona\\\/#primaryimage\"},\"thumbnailUrl\":\"https:\\\/\\\/eurecat.org\\\/wp-content\\\/uploads\\\/2019\\\/07\\\/Eurecat-Turisme-Presentacio-estudi_930x515px.jpg\",\"datePublished\":\"2019-07-24T06:45:09+00:00\",\"dateModified\":\"2019-07-25T07:02:48+00:00\",\"author\":{\"@id\":\"https:\\\/\\\/eurecat.org\\\/es\\\/#\\\/schema\\\/person\\\/8342992d6929ad043b305d3cac68b3f4\"},\"description\":\"Presentado el proyecto del primer estudio sobre el tur\u00edstico de Tarragona: \u201cEl turismo en la econom\u00eda y la sociedad en la demarcaci\u00f3n de Tarragona\u201d.\",\"breadcrumb\":{\"@id\":\"https:\\\/\\\/eurecat.org\\\/es\\\/en-marcha-el-primer-estudio-sectorial-turismo-provincia-tarragona\\\/#breadcrumb\"},\"inLanguage\":\"es\",\"potentialAction\":[{\"@type\":\"ReadAction\",\"target\":[\"https:\\\/\\\/eurecat.org\\\/es\\\/en-marcha-el-primer-estudio-sectorial-turismo-provincia-tarragona\\\/\"]}]},{\"@type\":\"ImageObject\",\"inLanguage\":\"es\",\"@id\":\"https:\\\/\\\/eurecat.org\\\/es\\\/en-marcha-el-primer-estudio-sectorial-turismo-provincia-tarragona\\\/#primaryimage\",\"url\":\"https:\\\/\\\/eurecat.org\\\/wp-content\\\/uploads\\\/2019\\\/07\\\/Eurecat-Turisme-Presentacio-estudi_930x515px.jpg\",\"contentUrl\":\"https:\\\/\\\/eurecat.org\\\/wp-content\\\/uploads\\\/2019\\\/07\\\/Eurecat-Turisme-Presentacio-estudi_930x515px.jpg\",\"width\":930,\"height\":515,\"caption\":\"eurecat primer estudio turisme tarragona\"},{\"@type\":\"BreadcrumbList\",\"@id\":\"https:\\\/\\\/eurecat.org\\\/es\\\/en-marcha-el-primer-estudio-sectorial-turismo-provincia-tarragona\\\/#breadcrumb\",\"itemListElement\":[{\"@type\":\"ListItem\",\"position\":1,\"name\":\"Inici\",\"item\":\"https:\\\/\\\/eurecat.org\\\/es\\\/\"},{\"@type\":\"ListItem\",\"position\":2,\"name\":\"Se pone en marcha el primer estudio sectorial del turismo en la provincia de Tarragona\"}]},{\"@type\":\"WebSite\",\"@id\":\"https:\\\/\\\/eurecat.org\\\/es\\\/#website\",\"url\":\"https:\\\/\\\/eurecat.org\\\/es\\\/\",\"name\":\"Eurecat\",\"description\":\"Otro sitio realizado con WordPress\",\"potentialAction\":[{\"@type\":\"SearchAction\",\"target\":{\"@type\":\"EntryPoint\",\"urlTemplate\":\"https:\\\/\\\/eurecat.org\\\/es\\\/?s={search_term_string}\"},\"query-input\":{\"@type\":\"PropertyValueSpecification\",\"valueRequired\":true,\"valueName\":\"search_term_string\"}}],\"inLanguage\":\"es\"},{\"@type\":\"Person\",\"@id\":\"https:\\\/\\\/eurecat.org\\\/es\\\/#\\\/schema\\\/person\\\/8342992d6929ad043b305d3cac68b3f4\",\"name\":\"eurecatNG\",\"image\":{\"@type\":\"ImageObject\",\"inLanguage\":\"es\",\"@id\":\"https:\\\/\\\/secure.gravatar.com\\\/avatar\\\/63200cb70ae4f15a0f673050f36df149dba802bea7614e8f838aaccfcf8ea11d?s=96&d=mm&r=g\",\"url\":\"https:\\\/\\\/secure.gravatar.com\\\/avatar\\\/63200cb70ae4f15a0f673050f36df149dba802bea7614e8f838aaccfcf8ea11d?s=96&d=mm&r=g\",\"contentUrl\":\"https:\\\/\\\/secure.gravatar.com\\\/avatar\\\/63200cb70ae4f15a0f673050f36df149dba802bea7614e8f838aaccfcf8ea11d?s=96&d=mm&r=g\",\"caption\":\"eurecatNG\"}}]}<\/script>\n<!-- \/ Yoast SEO plugin. -->","yoast_head_json":{"title":"En marcha el primer estudio del turismo en la provincia de Tarragona","description":"Presentado el proyecto del primer estudio sobre el tur\u00edstico de Tarragona: \u201cEl turismo en la econom\u00eda y la sociedad en la demarcaci\u00f3n de Tarragona\u201d.","robots":{"index":"index","follow":"follow","max-snippet":"max-snippet:-1","max-image-preview":"max-image-preview:large","max-video-preview":"max-video-preview:-1"},"canonical":"https:\/\/eurecat.org\/es\/en-marcha-el-primer-estudio-sectorial-turismo-provincia-tarragona\/","og_locale":"es_ES","og_type":"article","og_title":"En marcha el primer estudio del turismo en la provincia de Tarragona","og_description":"Presentado el proyecto del primer estudio sobre el tur\u00edstico de Tarragona: \u201cEl turismo en la econom\u00eda y la sociedad en la demarcaci\u00f3n de Tarragona\u201d.","og_url":"https:\/\/eurecat.org\/es\/en-marcha-el-primer-estudio-sectorial-turismo-provincia-tarragona\/","og_site_name":"Eurecat","article_published_time":"2019-07-24T06:45:09+00:00","article_modified_time":"2019-07-25T07:02:48+00:00","og_image":[{"width":930,"height":515,"url":"https:\/\/eurecat.org\/wp-content\/uploads\/2019\/07\/Eurecat-Turisme-Presentacio-estudi_930x515px.jpg","type":"image\/jpeg"}],"author":"eurecatNG","twitter_card":"summary_large_image","twitter_misc":{"Escrito por":"eurecatNG","Tiempo de lectura":"3 minutos"},"schema":{"@context":"https:\/\/schema.org","@graph":[{"@type":"Article","@id":"https:\/\/eurecat.org\/es\/en-marcha-el-primer-estudio-sectorial-turismo-provincia-tarragona\/#article","isPartOf":{"@id":"https:\/\/eurecat.org\/es\/en-marcha-el-primer-estudio-sectorial-turismo-provincia-tarragona\/"},"author":{"name":"eurecatNG","@id":"https:\/\/eurecat.org\/es\/#\/schema\/person\/8342992d6929ad043b305d3cac68b3f4"},"headline":"Se pone en marcha el primer estudio sectorial del turismo en la provincia de Tarragona","datePublished":"2019-07-24T06:45:09+00:00","dateModified":"2019-07-25T07:02:48+00:00","mainEntityOfPage":{"@id":"https:\/\/eurecat.org\/es\/en-marcha-el-primer-estudio-sectorial-turismo-provincia-tarragona\/"},"wordCount":640,"commentCount":0,"image":{"@id":"https:\/\/eurecat.org\/es\/en-marcha-el-primer-estudio-sectorial-turismo-provincia-tarragona\/#primaryimage"},"thumbnailUrl":"https:\/\/eurecat.org\/wp-content\/uploads\/2019\/07\/Eurecat-Turisme-Presentacio-estudi_930x515px.jpg","articleSection":["Notas de prensa","Turisme"],"inLanguage":"es","potentialAction":[{"@type":"CommentAction","name":"Comment","target":["https:\/\/eurecat.org\/es\/en-marcha-el-primer-estudio-sectorial-turismo-provincia-tarragona\/#respond"]}]},{"@type":"WebPage","@id":"https:\/\/eurecat.org\/es\/en-marcha-el-primer-estudio-sectorial-turismo-provincia-tarragona\/","url":"https:\/\/eurecat.org\/es\/en-marcha-el-primer-estudio-sectorial-turismo-provincia-tarragona\/","name":"En marcha el primer estudio del turismo en la provincia de Tarragona","isPartOf":{"@id":"https:\/\/eurecat.org\/es\/#website"},"primaryImageOfPage":{"@id":"https:\/\/eurecat.org\/es\/en-marcha-el-primer-estudio-sectorial-turismo-provincia-tarragona\/#primaryimage"},"image":{"@id":"https:\/\/eurecat.org\/es\/en-marcha-el-primer-estudio-sectorial-turismo-provincia-tarragona\/#primaryimage"},"thumbnailUrl":"https:\/\/eurecat.org\/wp-content\/uploads\/2019\/07\/Eurecat-Turisme-Presentacio-estudi_930x515px.jpg","datePublished":"2019-07-24T06:45:09+00:00","dateModified":"2019-07-25T07:02:48+00:00","author":{"@id":"https:\/\/eurecat.org\/es\/#\/schema\/person\/8342992d6929ad043b305d3cac68b3f4"},"description":"Presentado el proyecto del primer estudio sobre el tur\u00edstico de Tarragona: \u201cEl turismo en la econom\u00eda y la sociedad en la demarcaci\u00f3n de Tarragona\u201d.","breadcrumb":{"@id":"https:\/\/eurecat.org\/es\/en-marcha-el-primer-estudio-sectorial-turismo-provincia-tarragona\/#breadcrumb"},"inLanguage":"es","potentialAction":[{"@type":"ReadAction","target":["https:\/\/eurecat.org\/es\/en-marcha-el-primer-estudio-sectorial-turismo-provincia-tarragona\/"]}]},{"@type":"ImageObject","inLanguage":"es","@id":"https:\/\/eurecat.org\/es\/en-marcha-el-primer-estudio-sectorial-turismo-provincia-tarragona\/#primaryimage","url":"https:\/\/eurecat.org\/wp-content\/uploads\/2019\/07\/Eurecat-Turisme-Presentacio-estudi_930x515px.jpg","contentUrl":"https:\/\/eurecat.org\/wp-content\/uploads\/2019\/07\/Eurecat-Turisme-Presentacio-estudi_930x515px.jpg","width":930,"height":515,"caption":"eurecat primer estudio turisme tarragona"},{"@type":"BreadcrumbList","@id":"https:\/\/eurecat.org\/es\/en-marcha-el-primer-estudio-sectorial-turismo-provincia-tarragona\/#breadcrumb","itemListElement":[{"@type":"ListItem","position":1,"name":"Inici","item":"https:\/\/eurecat.org\/es\/"},{"@type":"ListItem","position":2,"name":"Se pone en marcha el primer estudio sectorial del turismo en la provincia de Tarragona"}]},{"@type":"WebSite","@id":"https:\/\/eurecat.org\/es\/#website","url":"https:\/\/eurecat.org\/es\/","name":"Eurecat","description":"Otro sitio realizado con WordPress","potentialAction":[{"@type":"SearchAction","target":{"@type":"EntryPoint","urlTemplate":"https:\/\/eurecat.org\/es\/?s={search_term_string}"},"query-input":{"@type":"PropertyValueSpecification","valueRequired":true,"valueName":"search_term_string"}}],"inLanguage":"es"},{"@type":"Person","@id":"https:\/\/eurecat.org\/es\/#\/schema\/person\/8342992d6929ad043b305d3cac68b3f4","name":"eurecatNG","image":{"@type":"ImageObject","inLanguage":"es","@id":"https:\/\/secure.gravatar.com\/avatar\/63200cb70ae4f15a0f673050f36df149dba802bea7614e8f838aaccfcf8ea11d?s=96&d=mm&r=g","url":"https:\/\/secure.gravatar.com\/avatar\/63200cb70ae4f15a0f673050f36df149dba802bea7614e8f838aaccfcf8ea11d?s=96&d=mm&r=g","contentUrl":"https:\/\/secure.gravatar.com\/avatar\/63200cb70ae4f15a0f673050f36df149dba802bea7614e8f838aaccfcf8ea11d?s=96&d=mm&r=g","caption":"eurecatNG"}}]}},"_links":{"self":[{"href":"https:\/\/eurecat.org\/es\/wp-json\/wp\/v2\/posts\/85398","targetHints":{"allow":["GET"]}}],"collection":[{"href":"https:\/\/eurecat.org\/es\/wp-json\/wp\/v2\/posts"}],"about":[{"href":"https:\/\/eurecat.org\/es\/wp-json\/wp\/v2\/types\/post"}],"author":[{"embeddable":true,"href":"https:\/\/eurecat.org\/es\/wp-json\/wp\/v2\/users\/27"}],"replies":[{"embeddable":true,"href":"https:\/\/eurecat.org\/es\/wp-json\/wp\/v2\/comments?post=85398"}],"version-history":[{"count":0,"href":"https:\/\/eurecat.org\/es\/wp-json\/wp\/v2\/posts\/85398\/revisions"}],"wp:featuredmedia":[{"embeddable":true,"href":"https:\/\/eurecat.org\/es\/wp-json\/wp\/v2\/media\/85393"}],"wp:attachment":[{"href":"https:\/\/eurecat.org\/es\/wp-json\/wp\/v2\/media?parent=85398"}],"wp:term":[{"taxonomy":"category","embeddable":true,"href":"https:\/\/eurecat.org\/es\/wp-json\/wp\/v2\/categories?post=85398"},{"taxonomy":"post_tag","embeddable":true,"href":"https:\/\/eurecat.org\/es\/wp-json\/wp\/v2\/tags?post=85398"}],"curies":[{"name":"wp","href":"https:\/\/api.w.org\/{rel}","templated":true}]}}