{"id":87992,"date":"2019-09-04T09:42:27","date_gmt":"2019-09-04T09:42:27","guid":{"rendered":"https:\/\/eurecat.org\/?p=87992"},"modified":"2019-09-04T09:46:55","modified_gmt":"2019-09-04T09:46:55","slug":"foment-y-eurecat-convenio-colaboracion-para-la-competitividad-tecnologica-empresas-catalanas","status":"publish","type":"post","link":"https:\/\/eurecat.org\/es\/foment-y-eurecat-convenio-colaboracion-para-la-competitividad-tecnologica-empresas-catalanas\/","title":{"rendered":"Foment y Eurecat firman un convenio de colaboraci\u00f3n para favorecer la competitividad tecnol\u00f3gica de las empresas catalanas"},"content":{"rendered":"<p>El presidente de <strong><a href=\"https:\/\/www.foment.com\/es\/\" target=\"_blank\" rel=\"noopener noreferrer\">Foment del Treball<\/a><\/strong>, Josep S\u00e1nchez Llibre, y el presidente del centro tecnol\u00f3gico <strong><a href=\"http:\/\/eurecat.org\/es\/\" target=\"_blank\" rel=\"noopener noreferrer\">Eurecat<\/a><\/strong>, Xavier Torra, han firmado un <strong>acuerdo de colaboraci\u00f3n<\/strong> para impulsar y facilitar la implantaci\u00f3n de programas de <strong>innovaci\u00f3n<\/strong> a las<strong> empresas catalanas<\/strong> y favorecer la competitividad, crecimiento y expansi\u00f3n de todos los sectores econ\u00f3micos.<\/p>\n<p>Eurecat es el principal centro tecnol\u00f3gico de Catalu\u00f1a y centra su actividad en la transferencia de conocimiento altamente especializado al tejido industrial y empresarial, para aumentar su competitividad en un contexto marcado por el <strong>cambio de paradigma<\/strong> que introducen la <strong>digitalizaci\u00f3n<\/strong> y la<strong> industria 4.0<\/strong> y otras<strong> tecnolog\u00edas con alto potencial disruptivo<\/strong>.<\/p>\n<p>Su presidente, Xavier Torra, remarca que este convenio de colaboraci\u00f3n con Foment \u00abtiene como objetivo favorecer la competitividad de las empresas catalanas\u00bb, mediante \u00abla capacidad diferencial que aporta la tecnolog\u00eda en el lanzamiento de nuevos productos o servicios y en la mejora de los procesos de fabricaci\u00f3n desde el punto de vista de la productividad y de la sostenibilidad\u00bb.<\/p>\n<p>Por su parte, el presidente de Foment, Josep S\u00e1nchez Llibre, considera que \u00abdesde Foment apostamos claramente por la investigaci\u00f3n, el desarrollo y la innovaci\u00f3n tecnol\u00f3gica, una cuesti\u00f3n que consideramos pieza esencial e imprescindible del crecimiento de la econom\u00eda. Con este acuerdo queremos ser \u00fatiles y hacer de puente y conector con los principales agentes y actores clave de la innovaci\u00f3n\u00bb.<\/p>\n<p>El convenio permitir\u00e1<strong> coordinar actuaciones<\/strong> de las dos instituciones, realizar <strong>comisiones<\/strong>, <strong>estudios<\/strong> y <strong>debates<\/strong> para facilitar el<strong> impulso a la innovaci\u00f3n<\/strong> en las empresas de cualquier dimensi\u00f3n e intensificar las relaciones con los centros de investigaci\u00f3n universitarios.<\/p>\n","protected":false},"excerpt":{"rendered":"<p>El presidente de Foment del Treball, Josep S\u00e1nchez Llibre, y el presidente del centro tecnol\u00f3gico Eurecat, Xavier Torra, han firmado un acuerdo de colaboraci\u00f3n para impulsar y facilitar la implantaci\u00f3n de programas de innovaci\u00f3n a las empresas catalanas y favorecer la competitividad, crecimiento y expansi\u00f3n de todos los sectores econ\u00f3micos. Eurecat es el principal centro  [&#8230;]<\/p>\n","protected":false},"author":27,"featured_media":87989,"comment_status":"open","ping_status":"closed","sticky":false,"template":"","format":"standard","meta":{"footnotes":""},"categories":[394,682,134],"tags":[],"class_list":["post-87992","post","type-post","status-publish","format-standard","has-post-thumbnail","hentry","category-consultoria-es","category-corporatiu-es","category-notas-de-prensa"],"yoast_head":"<!-- This site is optimized with the Yoast SEO plugin v27.5 - https:\/\/yoast.com\/product\/yoast-seo-wordpress\/ -->\n<title>Foment y Eurecat firman un convenio de colaboraci\u00f3n<\/title>\n<meta name=\"description\" content=\"Foment del Treball y Eurecat han firmado un acuerdo de colaboraci\u00f3n para impulsar y facilitar la implantaci\u00f3n de innovaci\u00f3n a las empresas catalanas.\" \/>\n<meta name=\"robots\" content=\"index, follow, max-snippet:-1, max-image-preview:large, max-video-preview:-1\" \/>\n<link rel=\"canonical\" href=\"https:\/\/eurecat.org\/es\/foment-y-eurecat-convenio-colaboracion-para-la-competitividad-tecnologica-empresas-catalanas\/\" \/>\n<meta property=\"og:locale\" content=\"es_ES\" \/>\n<meta property=\"og:type\" content=\"article\" \/>\n<meta property=\"og:title\" content=\"Foment y Eurecat firman un convenio de colaboraci\u00f3n\" \/>\n<meta property=\"og:description\" content=\"Foment del Treball y Eurecat han firmado un acuerdo de colaboraci\u00f3n para impulsar y facilitar la implantaci\u00f3n de innovaci\u00f3n a las empresas catalanas.\" \/>\n<meta property=\"og:url\" content=\"https:\/\/eurecat.org\/es\/foment-y-eurecat-convenio-colaboracion-para-la-competitividad-tecnologica-empresas-catalanas\/\" \/>\n<meta property=\"og:site_name\" content=\"Eurecat\" \/>\n<meta property=\"article:published_time\" content=\"2019-09-04T09:42:27+00:00\" \/>\n<meta property=\"article:modified_time\" content=\"2019-09-04T09:46:55+00:00\" \/>\n<meta property=\"og:image\" content=\"https:\/\/eurecat.org\/wp-content\/uploads\/2019\/09\/Eurecat-Conveni-Foment-del-Treball_930x515px.jpg\" \/>\n\t<meta property=\"og:image:width\" content=\"930\" \/>\n\t<meta property=\"og:image:height\" content=\"515\" \/>\n\t<meta property=\"og:image:type\" content=\"image\/jpeg\" \/>\n<meta name=\"author\" content=\"eurecatNG\" \/>\n<meta name=\"twitter:card\" content=\"summary_large_image\" \/>\n<meta name=\"twitter:label1\" content=\"Escrito por\" \/>\n\t<meta name=\"twitter:data1\" content=\"eurecatNG\" \/>\n\t<meta name=\"twitter:label2\" content=\"Tiempo de lectura\" \/>\n\t<meta name=\"twitter:data2\" content=\"1 minuto\" \/>\n<script type=\"application\/ld+json\" class=\"yoast-schema-graph\">{\"@context\":\"https:\\\/\\\/schema.org\",\"@graph\":[{\"@type\":\"Article\",\"@id\":\"https:\\\/\\\/eurecat.org\\\/es\\\/foment-y-eurecat-convenio-colaboracion-para-la-competitividad-tecnologica-empresas-catalanas\\\/#article\",\"isPartOf\":{\"@id\":\"https:\\\/\\\/eurecat.org\\\/es\\\/foment-y-eurecat-convenio-colaboracion-para-la-competitividad-tecnologica-empresas-catalanas\\\/\"},\"author\":{\"name\":\"eurecatNG\",\"@id\":\"https:\\\/\\\/eurecat.org\\\/es\\\/#\\\/schema\\\/person\\\/8342992d6929ad043b305d3cac68b3f4\"},\"headline\":\"Foment y Eurecat firman un convenio de colaboraci\u00f3n para favorecer la competitividad tecnol\u00f3gica de las empresas catalanas\",\"datePublished\":\"2019-09-04T09:42:27+00:00\",\"dateModified\":\"2019-09-04T09:46:55+00:00\",\"mainEntityOfPage\":{\"@id\":\"https:\\\/\\\/eurecat.org\\\/es\\\/foment-y-eurecat-convenio-colaboracion-para-la-competitividad-tecnologica-empresas-catalanas\\\/\"},\"wordCount\":300,\"commentCount\":0,\"image\":{\"@id\":\"https:\\\/\\\/eurecat.org\\\/es\\\/foment-y-eurecat-convenio-colaboracion-para-la-competitividad-tecnologica-empresas-catalanas\\\/#primaryimage\"},\"thumbnailUrl\":\"https:\\\/\\\/eurecat.org\\\/wp-content\\\/uploads\\\/2019\\\/09\\\/Eurecat-Conveni-Foment-del-Treball_930x515px.jpg\",\"articleSection\":[\"Consultor\u00eda\",\"Corporativo\",\"Notas de prensa\"],\"inLanguage\":\"es\",\"potentialAction\":[{\"@type\":\"CommentAction\",\"name\":\"Comment\",\"target\":[\"https:\\\/\\\/eurecat.org\\\/es\\\/foment-y-eurecat-convenio-colaboracion-para-la-competitividad-tecnologica-empresas-catalanas\\\/#respond\"]}]},{\"@type\":\"WebPage\",\"@id\":\"https:\\\/\\\/eurecat.org\\\/es\\\/foment-y-eurecat-convenio-colaboracion-para-la-competitividad-tecnologica-empresas-catalanas\\\/\",\"url\":\"https:\\\/\\\/eurecat.org\\\/es\\\/foment-y-eurecat-convenio-colaboracion-para-la-competitividad-tecnologica-empresas-catalanas\\\/\",\"name\":\"Foment y Eurecat firman un convenio de colaboraci\u00f3n\",\"isPartOf\":{\"@id\":\"https:\\\/\\\/eurecat.org\\\/es\\\/#website\"},\"primaryImageOfPage\":{\"@id\":\"https:\\\/\\\/eurecat.org\\\/es\\\/foment-y-eurecat-convenio-colaboracion-para-la-competitividad-tecnologica-empresas-catalanas\\\/#primaryimage\"},\"image\":{\"@id\":\"https:\\\/\\\/eurecat.org\\\/es\\\/foment-y-eurecat-convenio-colaboracion-para-la-competitividad-tecnologica-empresas-catalanas\\\/#primaryimage\"},\"thumbnailUrl\":\"https:\\\/\\\/eurecat.org\\\/wp-content\\\/uploads\\\/2019\\\/09\\\/Eurecat-Conveni-Foment-del-Treball_930x515px.jpg\",\"datePublished\":\"2019-09-04T09:42:27+00:00\",\"dateModified\":\"2019-09-04T09:46:55+00:00\",\"author\":{\"@id\":\"https:\\\/\\\/eurecat.org\\\/es\\\/#\\\/schema\\\/person\\\/8342992d6929ad043b305d3cac68b3f4\"},\"description\":\"Foment del Treball y Eurecat han firmado un acuerdo de colaboraci\u00f3n para impulsar y facilitar la implantaci\u00f3n de innovaci\u00f3n a las empresas catalanas.\",\"breadcrumb\":{\"@id\":\"https:\\\/\\\/eurecat.org\\\/es\\\/foment-y-eurecat-convenio-colaboracion-para-la-competitividad-tecnologica-empresas-catalanas\\\/#breadcrumb\"},\"inLanguage\":\"es\",\"potentialAction\":[{\"@type\":\"ReadAction\",\"target\":[\"https:\\\/\\\/eurecat.org\\\/es\\\/foment-y-eurecat-convenio-colaboracion-para-la-competitividad-tecnologica-empresas-catalanas\\\/\"]}]},{\"@type\":\"ImageObject\",\"inLanguage\":\"es\",\"@id\":\"https:\\\/\\\/eurecat.org\\\/es\\\/foment-y-eurecat-convenio-colaboracion-para-la-competitividad-tecnologica-empresas-catalanas\\\/#primaryimage\",\"url\":\"https:\\\/\\\/eurecat.org\\\/wp-content\\\/uploads\\\/2019\\\/09\\\/Eurecat-Conveni-Foment-del-Treball_930x515px.jpg\",\"contentUrl\":\"https:\\\/\\\/eurecat.org\\\/wp-content\\\/uploads\\\/2019\\\/09\\\/Eurecat-Conveni-Foment-del-Treball_930x515px.jpg\",\"width\":930,\"height\":515,\"caption\":\"eurecat foment del treball conveni\"},{\"@type\":\"BreadcrumbList\",\"@id\":\"https:\\\/\\\/eurecat.org\\\/es\\\/foment-y-eurecat-convenio-colaboracion-para-la-competitividad-tecnologica-empresas-catalanas\\\/#breadcrumb\",\"itemListElement\":[{\"@type\":\"ListItem\",\"position\":1,\"name\":\"Inici\",\"item\":\"https:\\\/\\\/eurecat.org\\\/es\\\/\"},{\"@type\":\"ListItem\",\"position\":2,\"name\":\"Foment y Eurecat firman un convenio de colaboraci\u00f3n para favorecer la competitividad tecnol\u00f3gica de las empresas catalanas\"}]},{\"@type\":\"WebSite\",\"@id\":\"https:\\\/\\\/eurecat.org\\\/es\\\/#website\",\"url\":\"https:\\\/\\\/eurecat.org\\\/es\\\/\",\"name\":\"Eurecat\",\"description\":\"Otro sitio realizado con WordPress\",\"potentialAction\":[{\"@type\":\"SearchAction\",\"target\":{\"@type\":\"EntryPoint\",\"urlTemplate\":\"https:\\\/\\\/eurecat.org\\\/es\\\/?s={search_term_string}\"},\"query-input\":{\"@type\":\"PropertyValueSpecification\",\"valueRequired\":true,\"valueName\":\"search_term_string\"}}],\"inLanguage\":\"es\"},{\"@type\":\"Person\",\"@id\":\"https:\\\/\\\/eurecat.org\\\/es\\\/#\\\/schema\\\/person\\\/8342992d6929ad043b305d3cac68b3f4\",\"name\":\"eurecatNG\",\"image\":{\"@type\":\"ImageObject\",\"inLanguage\":\"es\",\"@id\":\"https:\\\/\\\/secure.gravatar.com\\\/avatar\\\/63200cb70ae4f15a0f673050f36df149dba802bea7614e8f838aaccfcf8ea11d?s=96&d=mm&r=g\",\"url\":\"https:\\\/\\\/secure.gravatar.com\\\/avatar\\\/63200cb70ae4f15a0f673050f36df149dba802bea7614e8f838aaccfcf8ea11d?s=96&d=mm&r=g\",\"contentUrl\":\"https:\\\/\\\/secure.gravatar.com\\\/avatar\\\/63200cb70ae4f15a0f673050f36df149dba802bea7614e8f838aaccfcf8ea11d?s=96&d=mm&r=g\",\"caption\":\"eurecatNG\"}}]}<\/script>\n<!-- \/ Yoast SEO plugin. -->","yoast_head_json":{"title":"Foment y Eurecat firman un convenio de colaboraci\u00f3n","description":"Foment del Treball y Eurecat han firmado un acuerdo de colaboraci\u00f3n para impulsar y facilitar la implantaci\u00f3n de innovaci\u00f3n a las empresas catalanas.","robots":{"index":"index","follow":"follow","max-snippet":"max-snippet:-1","max-image-preview":"max-image-preview:large","max-video-preview":"max-video-preview:-1"},"canonical":"https:\/\/eurecat.org\/es\/foment-y-eurecat-convenio-colaboracion-para-la-competitividad-tecnologica-empresas-catalanas\/","og_locale":"es_ES","og_type":"article","og_title":"Foment y Eurecat firman un convenio de colaboraci\u00f3n","og_description":"Foment del Treball y Eurecat han firmado un acuerdo de colaboraci\u00f3n para impulsar y facilitar la implantaci\u00f3n de innovaci\u00f3n a las empresas catalanas.","og_url":"https:\/\/eurecat.org\/es\/foment-y-eurecat-convenio-colaboracion-para-la-competitividad-tecnologica-empresas-catalanas\/","og_site_name":"Eurecat","article_published_time":"2019-09-04T09:42:27+00:00","article_modified_time":"2019-09-04T09:46:55+00:00","og_image":[{"width":930,"height":515,"url":"https:\/\/eurecat.org\/wp-content\/uploads\/2019\/09\/Eurecat-Conveni-Foment-del-Treball_930x515px.jpg","type":"image\/jpeg"}],"author":"eurecatNG","twitter_card":"summary_large_image","twitter_misc":{"Escrito por":"eurecatNG","Tiempo de lectura":"1 minuto"},"schema":{"@context":"https:\/\/schema.org","@graph":[{"@type":"Article","@id":"https:\/\/eurecat.org\/es\/foment-y-eurecat-convenio-colaboracion-para-la-competitividad-tecnologica-empresas-catalanas\/#article","isPartOf":{"@id":"https:\/\/eurecat.org\/es\/foment-y-eurecat-convenio-colaboracion-para-la-competitividad-tecnologica-empresas-catalanas\/"},"author":{"name":"eurecatNG","@id":"https:\/\/eurecat.org\/es\/#\/schema\/person\/8342992d6929ad043b305d3cac68b3f4"},"headline":"Foment y Eurecat firman un convenio de colaboraci\u00f3n para favorecer la competitividad tecnol\u00f3gica de las empresas catalanas","datePublished":"2019-09-04T09:42:27+00:00","dateModified":"2019-09-04T09:46:55+00:00","mainEntityOfPage":{"@id":"https:\/\/eurecat.org\/es\/foment-y-eurecat-convenio-colaboracion-para-la-competitividad-tecnologica-empresas-catalanas\/"},"wordCount":300,"commentCount":0,"image":{"@id":"https:\/\/eurecat.org\/es\/foment-y-eurecat-convenio-colaboracion-para-la-competitividad-tecnologica-empresas-catalanas\/#primaryimage"},"thumbnailUrl":"https:\/\/eurecat.org\/wp-content\/uploads\/2019\/09\/Eurecat-Conveni-Foment-del-Treball_930x515px.jpg","articleSection":["Consultor\u00eda","Corporativo","Notas de prensa"],"inLanguage":"es","potentialAction":[{"@type":"CommentAction","name":"Comment","target":["https:\/\/eurecat.org\/es\/foment-y-eurecat-convenio-colaboracion-para-la-competitividad-tecnologica-empresas-catalanas\/#respond"]}]},{"@type":"WebPage","@id":"https:\/\/eurecat.org\/es\/foment-y-eurecat-convenio-colaboracion-para-la-competitividad-tecnologica-empresas-catalanas\/","url":"https:\/\/eurecat.org\/es\/foment-y-eurecat-convenio-colaboracion-para-la-competitividad-tecnologica-empresas-catalanas\/","name":"Foment y Eurecat firman un convenio de colaboraci\u00f3n","isPartOf":{"@id":"https:\/\/eurecat.org\/es\/#website"},"primaryImageOfPage":{"@id":"https:\/\/eurecat.org\/es\/foment-y-eurecat-convenio-colaboracion-para-la-competitividad-tecnologica-empresas-catalanas\/#primaryimage"},"image":{"@id":"https:\/\/eurecat.org\/es\/foment-y-eurecat-convenio-colaboracion-para-la-competitividad-tecnologica-empresas-catalanas\/#primaryimage"},"thumbnailUrl":"https:\/\/eurecat.org\/wp-content\/uploads\/2019\/09\/Eurecat-Conveni-Foment-del-Treball_930x515px.jpg","datePublished":"2019-09-04T09:42:27+00:00","dateModified":"2019-09-04T09:46:55+00:00","author":{"@id":"https:\/\/eurecat.org\/es\/#\/schema\/person\/8342992d6929ad043b305d3cac68b3f4"},"description":"Foment del Treball y Eurecat han firmado un acuerdo de colaboraci\u00f3n para impulsar y facilitar la implantaci\u00f3n de innovaci\u00f3n a las empresas catalanas.","breadcrumb":{"@id":"https:\/\/eurecat.org\/es\/foment-y-eurecat-convenio-colaboracion-para-la-competitividad-tecnologica-empresas-catalanas\/#breadcrumb"},"inLanguage":"es","potentialAction":[{"@type":"ReadAction","target":["https:\/\/eurecat.org\/es\/foment-y-eurecat-convenio-colaboracion-para-la-competitividad-tecnologica-empresas-catalanas\/"]}]},{"@type":"ImageObject","inLanguage":"es","@id":"https:\/\/eurecat.org\/es\/foment-y-eurecat-convenio-colaboracion-para-la-competitividad-tecnologica-empresas-catalanas\/#primaryimage","url":"https:\/\/eurecat.org\/wp-content\/uploads\/2019\/09\/Eurecat-Conveni-Foment-del-Treball_930x515px.jpg","contentUrl":"https:\/\/eurecat.org\/wp-content\/uploads\/2019\/09\/Eurecat-Conveni-Foment-del-Treball_930x515px.jpg","width":930,"height":515,"caption":"eurecat foment del treball conveni"},{"@type":"BreadcrumbList","@id":"https:\/\/eurecat.org\/es\/foment-y-eurecat-convenio-colaboracion-para-la-competitividad-tecnologica-empresas-catalanas\/#breadcrumb","itemListElement":[{"@type":"ListItem","position":1,"name":"Inici","item":"https:\/\/eurecat.org\/es\/"},{"@type":"ListItem","position":2,"name":"Foment y Eurecat firman un convenio de colaboraci\u00f3n para favorecer la competitividad tecnol\u00f3gica de las empresas catalanas"}]},{"@type":"WebSite","@id":"https:\/\/eurecat.org\/es\/#website","url":"https:\/\/eurecat.org\/es\/","name":"Eurecat","description":"Otro sitio realizado con WordPress","potentialAction":[{"@type":"SearchAction","target":{"@type":"EntryPoint","urlTemplate":"https:\/\/eurecat.org\/es\/?s={search_term_string}"},"query-input":{"@type":"PropertyValueSpecification","valueRequired":true,"valueName":"search_term_string"}}],"inLanguage":"es"},{"@type":"Person","@id":"https:\/\/eurecat.org\/es\/#\/schema\/person\/8342992d6929ad043b305d3cac68b3f4","name":"eurecatNG","image":{"@type":"ImageObject","inLanguage":"es","@id":"https:\/\/secure.gravatar.com\/avatar\/63200cb70ae4f15a0f673050f36df149dba802bea7614e8f838aaccfcf8ea11d?s=96&d=mm&r=g","url":"https:\/\/secure.gravatar.com\/avatar\/63200cb70ae4f15a0f673050f36df149dba802bea7614e8f838aaccfcf8ea11d?s=96&d=mm&r=g","contentUrl":"https:\/\/secure.gravatar.com\/avatar\/63200cb70ae4f15a0f673050f36df149dba802bea7614e8f838aaccfcf8ea11d?s=96&d=mm&r=g","caption":"eurecatNG"}}]}},"_links":{"self":[{"href":"https:\/\/eurecat.org\/es\/wp-json\/wp\/v2\/posts\/87992","targetHints":{"allow":["GET"]}}],"collection":[{"href":"https:\/\/eurecat.org\/es\/wp-json\/wp\/v2\/posts"}],"about":[{"href":"https:\/\/eurecat.org\/es\/wp-json\/wp\/v2\/types\/post"}],"author":[{"embeddable":true,"href":"https:\/\/eurecat.org\/es\/wp-json\/wp\/v2\/users\/27"}],"replies":[{"embeddable":true,"href":"https:\/\/eurecat.org\/es\/wp-json\/wp\/v2\/comments?post=87992"}],"version-history":[{"count":0,"href":"https:\/\/eurecat.org\/es\/wp-json\/wp\/v2\/posts\/87992\/revisions"}],"wp:featuredmedia":[{"embeddable":true,"href":"https:\/\/eurecat.org\/es\/wp-json\/wp\/v2\/media\/87989"}],"wp:attachment":[{"href":"https:\/\/eurecat.org\/es\/wp-json\/wp\/v2\/media?parent=87992"}],"wp:term":[{"taxonomy":"category","embeddable":true,"href":"https:\/\/eurecat.org\/es\/wp-json\/wp\/v2\/categories?post=87992"},{"taxonomy":"post_tag","embeddable":true,"href":"https:\/\/eurecat.org\/es\/wp-json\/wp\/v2\/tags?post=87992"}],"curies":[{"name":"wp","href":"https:\/\/api.w.org\/{rel}","templated":true}]}}