{"id":93427,"date":"2019-11-29T09:26:26","date_gmt":"2019-11-29T09:26:26","guid":{"rendered":"https:\/\/eurecat.org\/?p=93427"},"modified":"2019-12-02T10:03:10","modified_gmt":"2019-12-02T10:03:10","slug":"eurecat-en-la-cumbre-del-clima","status":"publish","type":"post","link":"https:\/\/eurecat.org\/es\/eurecat-en-la-cumbre-del-clima\/","title":{"rendered":"Eurecat, en la Cumbre del Clima"},"content":{"rendered":"<p>Eurecat <strong>estar\u00e1 presente en la vig\u00e9simo quinta edici\u00f3n de la Cumbre del Clima<\/strong>, la COP25, que organiza Naciones Unidas y que este a\u00f1o se celebra en el recinto ferial de IFEMA de Madrid entre el 2 y el 13 de diciembre.<\/p>\n<p>El mayor centro tecnol\u00f3gico de Catalu\u00f1a tendr\u00e1 presencia en la Cumbre del 5 al 7 de diciembre <strong>mediante un stand y la participaci\u00f3n en el programa de conferencias<\/strong>. Desde el stand, Eurecat mostrar\u00e1 sus capacidades multisectoriales y multitecnolog\u00eda a trav\u00e9s de ejemplos que muestran el impacto de los resultados de las actividades de la I+D+i realizada en colaboraci\u00f3n con empresas, administraciones p\u00fablicas y otros agentes del \u00e1mbito acad\u00e9mico, en el marco de la sostenibilidad y la econom\u00eda circular, para calcular, reducir y mitigar los efectos y adaptarse al cambio clim\u00e1tico.<\/p>\n<p>Entre ellos, diferentes <strong>demostradores de materiales avanzados m\u00e1s ligeros para reducir el peso de los veh\u00edculos<\/strong> y la consecuente generaci\u00f3n de CO2, <strong>maquetas sensorizadas para representar el uso del Big Data<\/strong> en entornos urbanos y <strong>un simulador que integra IoT, IA y rob\u00f3tica para la monitorizaci\u00f3n del agua en ciudades<\/strong>.<\/p>\n<h2>Participaci\u00f3n de Eurecat en el programa de conferencias de la COP25<\/h2>\n<ul>\n<li>Mi\u00e9rcoles 4 de diciembre,\u00a0 12-13h<\/li>\n<\/ul>\n<p>La Observaci\u00f3n Espacial de la Tierra &#8211; Nuevos datos para la comprensi\u00f3n del planeta<br \/>\nSCIENCE TRACK-<br \/>\nPresentaci\u00f3n de ejemplos de c\u00f3mo la exploraci\u00f3n de la Tierra desde el Espacio aporta nueva informaci\u00f3n para entender el Planeta y el desarrollo de planes de resiliencia ante el reto del cambio clim\u00e1tico.<br \/>\n<strong>Ponente de Eurecat: Joan Mas, director del \u00c1rea de Tecnolog\u00edas Digitales<\/strong><\/p>\n<ul>\n<li>Viernes 6 de diciembre,\u00a0 12-13h<\/li>\n<\/ul>\n<p>Tecnolog\u00edas energ\u00e9ticas &#8211; Del laboratorio a las ciudades, los hogares y las industrias<br \/>\nINNOVATION TRACK &#8211;<br \/>\nEn esta sesi\u00f3n varios centros tecnol\u00f3gicos expondr\u00e1n c\u00f3mo transforman el conocimiento cient\u00edfico en soluciones tecnol\u00f3gicas para la transici\u00f3n ecol\u00f3gica y el reto clim\u00e1tico.<br \/>\n<strong>Ponente de Eurecat: Miquel Rovira, director del \u00c1rea de Sostenibilidad<\/strong><\/p>\n<p>La COP25 es la \u00faltima antes del plazo establecido para activar el Acuerdo de Par\u00eds \u2013debe entrar en vigor en enero de 2020-, el pacto internacional m\u00e1s ambicioso hasta la fecha para hacer frente a la emergencia clim\u00e1tica, puesto que marca la hoja de ruta para las pr\u00f3ximas d\u00e9cadas. En total, la Cumbre reunir\u00e1 a m\u00e1s de 20.000 representantes institucionales, cient\u00edficos, empresarios, organizaciones no gubernamentales y gobiernos de todo el mundo.<\/p>\n","protected":false},"excerpt":{"rendered":"<p>Eurecat estar\u00e1 presente en la vig\u00e9simo quinta edici\u00f3n de la Cumbre del Clima, la COP25, que organiza Naciones Unidas y que este a\u00f1o se celebra en el recinto ferial de IFEMA de Madrid entre el 2 y el 13 de diciembre. El mayor centro tecnol\u00f3gico de Catalu\u00f1a tendr\u00e1 presencia en la Cumbre del 5 al  [&#8230;]<\/p>\n","protected":false},"author":6,"featured_media":93439,"comment_status":"open","ping_status":"closed","sticky":false,"template":"","format":"standard","meta":{"footnotes":""},"categories":[133],"tags":[],"class_list":["post-93427","post","type-post","status-publish","format-standard","has-post-thumbnail","hentry","category-blog"],"yoast_head":"<!-- This site is optimized with the Yoast SEO plugin v27.4 - https:\/\/yoast.com\/product\/yoast-seo-wordpress\/ -->\n<title>Eurecat, en la Cumbre del Clima - Eurecat<\/title>\n<meta name=\"description\" content=\"Eurecat estar\u00e1 presente en la vig\u00e9simo quinta edici\u00f3n de la Cumbre del Clima, la COP25, mediante un stand y la participaci\u00f3n en el programa de conferencias.\" \/>\n<meta name=\"robots\" content=\"index, follow, max-snippet:-1, max-image-preview:large, max-video-preview:-1\" \/>\n<link rel=\"canonical\" href=\"https:\/\/eurecat.org\/es\/eurecat-en-la-cumbre-del-clima\/\" \/>\n<meta property=\"og:locale\" content=\"es_ES\" \/>\n<meta property=\"og:type\" content=\"article\" \/>\n<meta property=\"og:title\" content=\"Eurecat, en la Cumbre del Clima - Eurecat\" \/>\n<meta property=\"og:description\" content=\"Eurecat estar\u00e1 presente en la vig\u00e9simo quinta edici\u00f3n de la Cumbre del Clima, la COP25, mediante un stand y la participaci\u00f3n en el programa de conferencias.\" \/>\n<meta property=\"og:url\" content=\"https:\/\/eurecat.org\/es\/eurecat-en-la-cumbre-del-clima\/\" \/>\n<meta property=\"og:site_name\" content=\"Eurecat\" \/>\n<meta property=\"article:published_time\" content=\"2019-11-29T09:26:26+00:00\" \/>\n<meta property=\"article:modified_time\" content=\"2019-12-02T10:03:10+00:00\" \/>\n<meta property=\"og:image\" content=\"https:\/\/eurecat.org\/wp-content\/uploads\/2019\/11\/cumbre-del-clima-ok.jpg\" \/>\n\t<meta property=\"og:image:width\" content=\"600\" \/>\n\t<meta property=\"og:image:height\" content=\"400\" \/>\n\t<meta property=\"og:image:type\" content=\"image\/jpeg\" \/>\n<meta name=\"author\" content=\"EurecatEM\" \/>\n<meta name=\"twitter:card\" content=\"summary_large_image\" \/>\n<meta name=\"twitter:label1\" content=\"Escrito por\" \/>\n\t<meta name=\"twitter:data1\" content=\"EurecatEM\" \/>\n\t<meta name=\"twitter:label2\" content=\"Tiempo de lectura\" \/>\n\t<meta name=\"twitter:data2\" content=\"2 minutos\" \/>\n<script type=\"application\/ld+json\" class=\"yoast-schema-graph\">{\"@context\":\"https:\\\/\\\/schema.org\",\"@graph\":[{\"@type\":\"Article\",\"@id\":\"https:\\\/\\\/eurecat.org\\\/es\\\/eurecat-en-la-cumbre-del-clima\\\/#article\",\"isPartOf\":{\"@id\":\"https:\\\/\\\/eurecat.org\\\/es\\\/eurecat-en-la-cumbre-del-clima\\\/\"},\"author\":{\"name\":\"EurecatEM\",\"@id\":\"https:\\\/\\\/eurecat.org\\\/es\\\/#\\\/schema\\\/person\\\/540d47fd9da63c4587cbae01b88e4db3\"},\"headline\":\"Eurecat, en la Cumbre del Clima\",\"datePublished\":\"2019-11-29T09:26:26+00:00\",\"dateModified\":\"2019-12-02T10:03:10+00:00\",\"mainEntityOfPage\":{\"@id\":\"https:\\\/\\\/eurecat.org\\\/es\\\/eurecat-en-la-cumbre-del-clima\\\/\"},\"wordCount\":431,\"commentCount\":0,\"image\":{\"@id\":\"https:\\\/\\\/eurecat.org\\\/es\\\/eurecat-en-la-cumbre-del-clima\\\/#primaryimage\"},\"thumbnailUrl\":\"https:\\\/\\\/eurecat.org\\\/wp-content\\\/uploads\\\/2019\\\/11\\\/cumbre-del-clima-ok.jpg\",\"articleSection\":[\"Blog\"],\"inLanguage\":\"es\",\"potentialAction\":[{\"@type\":\"CommentAction\",\"name\":\"Comment\",\"target\":[\"https:\\\/\\\/eurecat.org\\\/es\\\/eurecat-en-la-cumbre-del-clima\\\/#respond\"]}]},{\"@type\":\"WebPage\",\"@id\":\"https:\\\/\\\/eurecat.org\\\/es\\\/eurecat-en-la-cumbre-del-clima\\\/\",\"url\":\"https:\\\/\\\/eurecat.org\\\/es\\\/eurecat-en-la-cumbre-del-clima\\\/\",\"name\":\"Eurecat, en la Cumbre del Clima - Eurecat\",\"isPartOf\":{\"@id\":\"https:\\\/\\\/eurecat.org\\\/es\\\/#website\"},\"primaryImageOfPage\":{\"@id\":\"https:\\\/\\\/eurecat.org\\\/es\\\/eurecat-en-la-cumbre-del-clima\\\/#primaryimage\"},\"image\":{\"@id\":\"https:\\\/\\\/eurecat.org\\\/es\\\/eurecat-en-la-cumbre-del-clima\\\/#primaryimage\"},\"thumbnailUrl\":\"https:\\\/\\\/eurecat.org\\\/wp-content\\\/uploads\\\/2019\\\/11\\\/cumbre-del-clima-ok.jpg\",\"datePublished\":\"2019-11-29T09:26:26+00:00\",\"dateModified\":\"2019-12-02T10:03:10+00:00\",\"author\":{\"@id\":\"https:\\\/\\\/eurecat.org\\\/es\\\/#\\\/schema\\\/person\\\/540d47fd9da63c4587cbae01b88e4db3\"},\"description\":\"Eurecat estar\u00e1 presente en la vig\u00e9simo quinta edici\u00f3n de la Cumbre del Clima, la COP25, mediante un stand y la participaci\u00f3n en el programa de conferencias.\",\"breadcrumb\":{\"@id\":\"https:\\\/\\\/eurecat.org\\\/es\\\/eurecat-en-la-cumbre-del-clima\\\/#breadcrumb\"},\"inLanguage\":\"es\",\"potentialAction\":[{\"@type\":\"ReadAction\",\"target\":[\"https:\\\/\\\/eurecat.org\\\/es\\\/eurecat-en-la-cumbre-del-clima\\\/\"]}]},{\"@type\":\"ImageObject\",\"inLanguage\":\"es\",\"@id\":\"https:\\\/\\\/eurecat.org\\\/es\\\/eurecat-en-la-cumbre-del-clima\\\/#primaryimage\",\"url\":\"https:\\\/\\\/eurecat.org\\\/wp-content\\\/uploads\\\/2019\\\/11\\\/cumbre-del-clima-ok.jpg\",\"contentUrl\":\"https:\\\/\\\/eurecat.org\\\/wp-content\\\/uploads\\\/2019\\\/11\\\/cumbre-del-clima-ok.jpg\",\"width\":600,\"height\":400},{\"@type\":\"BreadcrumbList\",\"@id\":\"https:\\\/\\\/eurecat.org\\\/es\\\/eurecat-en-la-cumbre-del-clima\\\/#breadcrumb\",\"itemListElement\":[{\"@type\":\"ListItem\",\"position\":1,\"name\":\"Inici\",\"item\":\"https:\\\/\\\/eurecat.org\\\/es\\\/\"},{\"@type\":\"ListItem\",\"position\":2,\"name\":\"Eurecat, en la Cumbre del Clima\"}]},{\"@type\":\"WebSite\",\"@id\":\"https:\\\/\\\/eurecat.org\\\/es\\\/#website\",\"url\":\"https:\\\/\\\/eurecat.org\\\/es\\\/\",\"name\":\"Eurecat\",\"description\":\"Otro sitio realizado con WordPress\",\"potentialAction\":[{\"@type\":\"SearchAction\",\"target\":{\"@type\":\"EntryPoint\",\"urlTemplate\":\"https:\\\/\\\/eurecat.org\\\/es\\\/?s={search_term_string}\"},\"query-input\":{\"@type\":\"PropertyValueSpecification\",\"valueRequired\":true,\"valueName\":\"search_term_string\"}}],\"inLanguage\":\"es\"},{\"@type\":\"Person\",\"@id\":\"https:\\\/\\\/eurecat.org\\\/es\\\/#\\\/schema\\\/person\\\/540d47fd9da63c4587cbae01b88e4db3\",\"name\":\"EurecatEM\",\"image\":{\"@type\":\"ImageObject\",\"inLanguage\":\"es\",\"@id\":\"https:\\\/\\\/secure.gravatar.com\\\/avatar\\\/deb330c0660ac5bf74cae5724d94229935e34c26df9bce576399b4da2212af05?s=96&d=mm&r=g\",\"url\":\"https:\\\/\\\/secure.gravatar.com\\\/avatar\\\/deb330c0660ac5bf74cae5724d94229935e34c26df9bce576399b4da2212af05?s=96&d=mm&r=g\",\"contentUrl\":\"https:\\\/\\\/secure.gravatar.com\\\/avatar\\\/deb330c0660ac5bf74cae5724d94229935e34c26df9bce576399b4da2212af05?s=96&d=mm&r=g\",\"caption\":\"EurecatEM\"}}]}<\/script>\n<!-- \/ Yoast SEO plugin. -->","yoast_head_json":{"title":"Eurecat, en la Cumbre del Clima - Eurecat","description":"Eurecat estar\u00e1 presente en la vig\u00e9simo quinta edici\u00f3n de la Cumbre del Clima, la COP25, mediante un stand y la participaci\u00f3n en el programa de conferencias.","robots":{"index":"index","follow":"follow","max-snippet":"max-snippet:-1","max-image-preview":"max-image-preview:large","max-video-preview":"max-video-preview:-1"},"canonical":"https:\/\/eurecat.org\/es\/eurecat-en-la-cumbre-del-clima\/","og_locale":"es_ES","og_type":"article","og_title":"Eurecat, en la Cumbre del Clima - Eurecat","og_description":"Eurecat estar\u00e1 presente en la vig\u00e9simo quinta edici\u00f3n de la Cumbre del Clima, la COP25, mediante un stand y la participaci\u00f3n en el programa de conferencias.","og_url":"https:\/\/eurecat.org\/es\/eurecat-en-la-cumbre-del-clima\/","og_site_name":"Eurecat","article_published_time":"2019-11-29T09:26:26+00:00","article_modified_time":"2019-12-02T10:03:10+00:00","og_image":[{"width":600,"height":400,"url":"https:\/\/eurecat.org\/wp-content\/uploads\/2019\/11\/cumbre-del-clima-ok.jpg","type":"image\/jpeg"}],"author":"EurecatEM","twitter_card":"summary_large_image","twitter_misc":{"Escrito por":"EurecatEM","Tiempo de lectura":"2 minutos"},"schema":{"@context":"https:\/\/schema.org","@graph":[{"@type":"Article","@id":"https:\/\/eurecat.org\/es\/eurecat-en-la-cumbre-del-clima\/#article","isPartOf":{"@id":"https:\/\/eurecat.org\/es\/eurecat-en-la-cumbre-del-clima\/"},"author":{"name":"EurecatEM","@id":"https:\/\/eurecat.org\/es\/#\/schema\/person\/540d47fd9da63c4587cbae01b88e4db3"},"headline":"Eurecat, en la Cumbre del Clima","datePublished":"2019-11-29T09:26:26+00:00","dateModified":"2019-12-02T10:03:10+00:00","mainEntityOfPage":{"@id":"https:\/\/eurecat.org\/es\/eurecat-en-la-cumbre-del-clima\/"},"wordCount":431,"commentCount":0,"image":{"@id":"https:\/\/eurecat.org\/es\/eurecat-en-la-cumbre-del-clima\/#primaryimage"},"thumbnailUrl":"https:\/\/eurecat.org\/wp-content\/uploads\/2019\/11\/cumbre-del-clima-ok.jpg","articleSection":["Blog"],"inLanguage":"es","potentialAction":[{"@type":"CommentAction","name":"Comment","target":["https:\/\/eurecat.org\/es\/eurecat-en-la-cumbre-del-clima\/#respond"]}]},{"@type":"WebPage","@id":"https:\/\/eurecat.org\/es\/eurecat-en-la-cumbre-del-clima\/","url":"https:\/\/eurecat.org\/es\/eurecat-en-la-cumbre-del-clima\/","name":"Eurecat, en la Cumbre del Clima - Eurecat","isPartOf":{"@id":"https:\/\/eurecat.org\/es\/#website"},"primaryImageOfPage":{"@id":"https:\/\/eurecat.org\/es\/eurecat-en-la-cumbre-del-clima\/#primaryimage"},"image":{"@id":"https:\/\/eurecat.org\/es\/eurecat-en-la-cumbre-del-clima\/#primaryimage"},"thumbnailUrl":"https:\/\/eurecat.org\/wp-content\/uploads\/2019\/11\/cumbre-del-clima-ok.jpg","datePublished":"2019-11-29T09:26:26+00:00","dateModified":"2019-12-02T10:03:10+00:00","author":{"@id":"https:\/\/eurecat.org\/es\/#\/schema\/person\/540d47fd9da63c4587cbae01b88e4db3"},"description":"Eurecat estar\u00e1 presente en la vig\u00e9simo quinta edici\u00f3n de la Cumbre del Clima, la COP25, mediante un stand y la participaci\u00f3n en el programa de conferencias.","breadcrumb":{"@id":"https:\/\/eurecat.org\/es\/eurecat-en-la-cumbre-del-clima\/#breadcrumb"},"inLanguage":"es","potentialAction":[{"@type":"ReadAction","target":["https:\/\/eurecat.org\/es\/eurecat-en-la-cumbre-del-clima\/"]}]},{"@type":"ImageObject","inLanguage":"es","@id":"https:\/\/eurecat.org\/es\/eurecat-en-la-cumbre-del-clima\/#primaryimage","url":"https:\/\/eurecat.org\/wp-content\/uploads\/2019\/11\/cumbre-del-clima-ok.jpg","contentUrl":"https:\/\/eurecat.org\/wp-content\/uploads\/2019\/11\/cumbre-del-clima-ok.jpg","width":600,"height":400},{"@type":"BreadcrumbList","@id":"https:\/\/eurecat.org\/es\/eurecat-en-la-cumbre-del-clima\/#breadcrumb","itemListElement":[{"@type":"ListItem","position":1,"name":"Inici","item":"https:\/\/eurecat.org\/es\/"},{"@type":"ListItem","position":2,"name":"Eurecat, en la Cumbre del Clima"}]},{"@type":"WebSite","@id":"https:\/\/eurecat.org\/es\/#website","url":"https:\/\/eurecat.org\/es\/","name":"Eurecat","description":"Otro sitio realizado con WordPress","potentialAction":[{"@type":"SearchAction","target":{"@type":"EntryPoint","urlTemplate":"https:\/\/eurecat.org\/es\/?s={search_term_string}"},"query-input":{"@type":"PropertyValueSpecification","valueRequired":true,"valueName":"search_term_string"}}],"inLanguage":"es"},{"@type":"Person","@id":"https:\/\/eurecat.org\/es\/#\/schema\/person\/540d47fd9da63c4587cbae01b88e4db3","name":"EurecatEM","image":{"@type":"ImageObject","inLanguage":"es","@id":"https:\/\/secure.gravatar.com\/avatar\/deb330c0660ac5bf74cae5724d94229935e34c26df9bce576399b4da2212af05?s=96&d=mm&r=g","url":"https:\/\/secure.gravatar.com\/avatar\/deb330c0660ac5bf74cae5724d94229935e34c26df9bce576399b4da2212af05?s=96&d=mm&r=g","contentUrl":"https:\/\/secure.gravatar.com\/avatar\/deb330c0660ac5bf74cae5724d94229935e34c26df9bce576399b4da2212af05?s=96&d=mm&r=g","caption":"EurecatEM"}}]}},"_links":{"self":[{"href":"https:\/\/eurecat.org\/es\/wp-json\/wp\/v2\/posts\/93427","targetHints":{"allow":["GET"]}}],"collection":[{"href":"https:\/\/eurecat.org\/es\/wp-json\/wp\/v2\/posts"}],"about":[{"href":"https:\/\/eurecat.org\/es\/wp-json\/wp\/v2\/types\/post"}],"author":[{"embeddable":true,"href":"https:\/\/eurecat.org\/es\/wp-json\/wp\/v2\/users\/6"}],"replies":[{"embeddable":true,"href":"https:\/\/eurecat.org\/es\/wp-json\/wp\/v2\/comments?post=93427"}],"version-history":[{"count":0,"href":"https:\/\/eurecat.org\/es\/wp-json\/wp\/v2\/posts\/93427\/revisions"}],"wp:featuredmedia":[{"embeddable":true,"href":"https:\/\/eurecat.org\/es\/wp-json\/wp\/v2\/media\/93439"}],"wp:attachment":[{"href":"https:\/\/eurecat.org\/es\/wp-json\/wp\/v2\/media?parent=93427"}],"wp:term":[{"taxonomy":"category","embeddable":true,"href":"https:\/\/eurecat.org\/es\/wp-json\/wp\/v2\/categories?post=93427"},{"taxonomy":"post_tag","embeddable":true,"href":"https:\/\/eurecat.org\/es\/wp-json\/wp\/v2\/tags?post=93427"}],"curies":[{"name":"wp","href":"https:\/\/api.w.org\/{rel}","templated":true}]}}