{"id":93975,"date":"2019-12-05T16:36:49","date_gmt":"2019-12-05T16:36:49","guid":{"rendered":"https:\/\/eurecat.org\/?p=93975"},"modified":"2020-01-24T12:59:09","modified_gmt":"2020-01-24T12:59:09","slug":"eurecat-participa-mesa-redonda-contribucion-destinos-turisticos-lucha-cambio-climatico","status":"publish","type":"post","link":"https:\/\/eurecat.org\/es\/eurecat-participa-mesa-redonda-contribucion-destinos-turisticos-lucha-cambio-climatico\/","title":{"rendered":"Eurecat participa en una mesa redonda sobre la contribuci\u00f3n de los destinos tur\u00edsticos a la lucha contra el cambio clim\u00e1tico"},"content":{"rendered":"<p>El director de Operaciones del Departamento de Innovaci\u00f3n Tur\u00edstica del centro tecnol\u00f3gico <strong><a href=\"http:\/\/eurecat.org\/es\/\" target=\"_blank\" rel=\"noopener noreferrer\">Eurecat<\/a><\/strong>, Ignacio de las Cuevas, ha participado hoy en Madrid en una mesa redonda sobre la \u00abContribuci\u00f3n de los destinos tur\u00edsticos a la lucha contra el cambio clim\u00e1tico\u00bb, organizada por el Ministerio de Industria, Comercio y Turismo, en el marco de la celebraci\u00f3n de la <strong>Cumbre Mundial del Clima COP25<\/strong>.<\/p>\n<p>En su intervenci\u00f3n, el director de Operaciones del Departamento de Innovaci\u00f3n Tur\u00edstica de Eurecat, que tiene su sede en Vila-seca, ha subrayado la importancia de \u00abtrabajar colectivamente hacia una <strong>econom\u00eda circular<\/strong> m\u00e1s inclusiva, que permita abordar las desigualdades sociales, econ\u00f3micas y ambientales y minimizar las lagunas existentes en el sector\u00bb.<\/p>\n<p>En este sentido, ha puesto de relieve que Eurecat est\u00e1 desarrollando un sistema de informaci\u00f3n que, adem\u00e1s de indicadores empresariales, incorpora par\u00e1metros que utilizan los <strong>Objetivos de Desarrollo Sostenible (ODS)<\/strong> como referencia, \u00abcon el objetivo de acompa\u00f1ar a los agentes clave del <strong>turismo<\/strong> en su proceso de toma de decisiones\u00bb.<\/p>\n<p>El director de Operaciones del Departamento de Innovaci\u00f3n Tur\u00edstica de Eurecat ha remarcado tambi\u00e9n que el centro tecnol\u00f3gico est\u00e1 \u00abcombinando la innovaci\u00f3n y la inteligencia empresarial a la hora de dise\u00f1ar y planificar productos tur\u00edsticos a nivel de destino para que los resultados colectivos sean m\u00e1s responsables y, por tanto, sostenibles\u00bb.<\/p>\n<p>\u00abEstamos utilizando la innovaci\u00f3n tecnol\u00f3gica como facilitadora para reducir los procesos con una elevada huella de carbono, para ayudar a gestionar mejor los flujos tur\u00edsticos y la experiencia de los clientes\u00bb, ha resaltado.<\/p>\n<p>El contexto planteado en la mesa redonda, que se inscribe en el foro \u00abLa contribuci\u00f3n del turismo a la lucha contra el cambio clim\u00e1tico, la aproximaci\u00f3n global a trav\u00e9s de Biosphere\u00bb, ha abordado la forma en que el sector debe afrontar los retos planteados en el escenario mundial para dar respuesta a esta situaci\u00f3n.<\/p>\n<p>Eurecat est\u00e1 presente en la 25 edici\u00f3n de la Cumbre del Clima con un expositor donde muestra el impacto de los proyectos de innovaci\u00f3n que desarrolla en colaboraci\u00f3n con empresas, administraciones p\u00fablicas y otros agentes del \u00e1mbito acad\u00e9mico, para calcular, reducir y mitigar los efectos del cambio clim\u00e1tico, en el marco de la sostenibilidad y de la econom\u00eda circular.<\/p>\n<p>En concreto, presenta sus capacidades multisectoriales y multitecnolog\u00eda a trav\u00e9s de ejemplos que reflejan el impacto de los resultados de las actividades de la I+D+I que realiza para ayudar a mitigar los efectos del cambio clim\u00e1tico. Entre ellos, expone diferentes demostradores de materiales avanzados m\u00e1s ligeros para reducir el peso de los veh\u00edculos y la consecuente generaci\u00f3n de CO2, maquetas sensorizadas para representar el uso del <strong>Big Data<\/strong> en entornos urbanos y un simulador que integra <strong>Internet de las Cosas<\/strong>,<strong> Inteligencia artificial <\/strong>y <strong>rob\u00f3tica <\/strong>para la monitorizaci\u00f3n del agua en las ciudades.<\/p>\n","protected":false},"excerpt":{"rendered":"<p>El director de Operaciones del Departamento de Innovaci\u00f3n Tur\u00edstica del centro tecnol\u00f3gico Eurecat, Ignacio de las Cuevas, ha participado hoy en Madrid en una mesa redonda sobre la \u00abContribuci\u00f3n de los destinos tur\u00edsticos a la lucha contra el cambio clim\u00e1tico\u00bb, organizada por el Ministerio de Industria, Comercio y Turismo, en el marco de la celebraci\u00f3n  [&#8230;]<\/p>\n","protected":false},"author":27,"featured_media":93972,"comment_status":"open","ping_status":"closed","sticky":false,"template":"","format":"standard","meta":{"footnotes":""},"categories":[727,134,2254],"tags":[],"class_list":["post-93975","post","type-post","status-publish","format-standard","has-post-thumbnail","hentry","category-ferias","category-notas-de-prensa","category-turismo-es"],"yoast_head":"<!-- This site is optimized with the Yoast SEO plugin v27.4 - https:\/\/yoast.com\/product\/yoast-seo-wordpress\/ -->\n<title>Contribuci\u00f3n de los destinos tur\u00edsticos a la lucha contra el cambio clim\u00e1tico<\/title>\n<meta name=\"description\" content=\"Eurecat participa en una mesa redonda sobre la contribuci\u00f3n de los destinos tur\u00edsticos a la lucha contra el cambio clim\u00e1tico\" \/>\n<meta name=\"robots\" content=\"index, follow, max-snippet:-1, max-image-preview:large, max-video-preview:-1\" \/>\n<link rel=\"canonical\" href=\"https:\/\/eurecat.org\/es\/eurecat-participa-mesa-redonda-contribucion-destinos-turisticos-lucha-cambio-climatico\/\" \/>\n<meta property=\"og:locale\" content=\"es_ES\" \/>\n<meta property=\"og:type\" content=\"article\" \/>\n<meta property=\"og:title\" content=\"Contribuci\u00f3n de los destinos tur\u00edsticos a la lucha contra el cambio clim\u00e1tico\" \/>\n<meta property=\"og:description\" content=\"Eurecat participa en una mesa redonda sobre la contribuci\u00f3n de los destinos tur\u00edsticos a la lucha contra el cambio clim\u00e1tico\" \/>\n<meta property=\"og:url\" content=\"https:\/\/eurecat.org\/es\/eurecat-participa-mesa-redonda-contribucion-destinos-turisticos-lucha-cambio-climatico\/\" \/>\n<meta property=\"og:site_name\" content=\"Eurecat\" \/>\n<meta property=\"article:published_time\" content=\"2019-12-05T16:36:49+00:00\" \/>\n<meta property=\"article:modified_time\" content=\"2020-01-24T12:59:09+00:00\" \/>\n<meta property=\"og:image\" content=\"https:\/\/eurecat.org\/wp-content\/uploads\/2019\/12\/Eurecat_Cimera_Clima_930x515px.jpg\" \/>\n\t<meta property=\"og:image:width\" content=\"930\" \/>\n\t<meta property=\"og:image:height\" content=\"582\" \/>\n\t<meta property=\"og:image:type\" content=\"image\/jpeg\" \/>\n<meta name=\"author\" content=\"eurecatNG\" \/>\n<meta name=\"twitter:card\" content=\"summary_large_image\" \/>\n<meta name=\"twitter:label1\" content=\"Escrito por\" \/>\n\t<meta name=\"twitter:data1\" content=\"eurecatNG\" \/>\n\t<meta name=\"twitter:label2\" content=\"Tiempo de lectura\" \/>\n\t<meta name=\"twitter:data2\" content=\"3 minutos\" \/>\n<script type=\"application\/ld+json\" class=\"yoast-schema-graph\">{\"@context\":\"https:\\\/\\\/schema.org\",\"@graph\":[{\"@type\":\"Article\",\"@id\":\"https:\\\/\\\/eurecat.org\\\/es\\\/eurecat-participa-mesa-redonda-contribucion-destinos-turisticos-lucha-cambio-climatico\\\/#article\",\"isPartOf\":{\"@id\":\"https:\\\/\\\/eurecat.org\\\/es\\\/eurecat-participa-mesa-redonda-contribucion-destinos-turisticos-lucha-cambio-climatico\\\/\"},\"author\":{\"name\":\"eurecatNG\",\"@id\":\"https:\\\/\\\/eurecat.org\\\/es\\\/#\\\/schema\\\/person\\\/8342992d6929ad043b305d3cac68b3f4\"},\"headline\":\"Eurecat participa en una mesa redonda sobre la contribuci\u00f3n de los destinos tur\u00edsticos a la lucha contra el cambio clim\u00e1tico\",\"datePublished\":\"2019-12-05T16:36:49+00:00\",\"dateModified\":\"2020-01-24T12:59:09+00:00\",\"mainEntityOfPage\":{\"@id\":\"https:\\\/\\\/eurecat.org\\\/es\\\/eurecat-participa-mesa-redonda-contribucion-destinos-turisticos-lucha-cambio-climatico\\\/\"},\"wordCount\":523,\"commentCount\":0,\"image\":{\"@id\":\"https:\\\/\\\/eurecat.org\\\/es\\\/eurecat-participa-mesa-redonda-contribucion-destinos-turisticos-lucha-cambio-climatico\\\/#primaryimage\"},\"thumbnailUrl\":\"https:\\\/\\\/eurecat.org\\\/wp-content\\\/uploads\\\/2019\\\/12\\\/Eurecat_Cimera_Clima_930x515px.jpg\",\"articleSection\":[\"Ferias\",\"Notas de prensa\",\"Turismo\"],\"inLanguage\":\"es\",\"potentialAction\":[{\"@type\":\"CommentAction\",\"name\":\"Comment\",\"target\":[\"https:\\\/\\\/eurecat.org\\\/es\\\/eurecat-participa-mesa-redonda-contribucion-destinos-turisticos-lucha-cambio-climatico\\\/#respond\"]}]},{\"@type\":\"WebPage\",\"@id\":\"https:\\\/\\\/eurecat.org\\\/es\\\/eurecat-participa-mesa-redonda-contribucion-destinos-turisticos-lucha-cambio-climatico\\\/\",\"url\":\"https:\\\/\\\/eurecat.org\\\/es\\\/eurecat-participa-mesa-redonda-contribucion-destinos-turisticos-lucha-cambio-climatico\\\/\",\"name\":\"Contribuci\u00f3n de los destinos tur\u00edsticos a la lucha contra el cambio clim\u00e1tico\",\"isPartOf\":{\"@id\":\"https:\\\/\\\/eurecat.org\\\/es\\\/#website\"},\"primaryImageOfPage\":{\"@id\":\"https:\\\/\\\/eurecat.org\\\/es\\\/eurecat-participa-mesa-redonda-contribucion-destinos-turisticos-lucha-cambio-climatico\\\/#primaryimage\"},\"image\":{\"@id\":\"https:\\\/\\\/eurecat.org\\\/es\\\/eurecat-participa-mesa-redonda-contribucion-destinos-turisticos-lucha-cambio-climatico\\\/#primaryimage\"},\"thumbnailUrl\":\"https:\\\/\\\/eurecat.org\\\/wp-content\\\/uploads\\\/2019\\\/12\\\/Eurecat_Cimera_Clima_930x515px.jpg\",\"datePublished\":\"2019-12-05T16:36:49+00:00\",\"dateModified\":\"2020-01-24T12:59:09+00:00\",\"author\":{\"@id\":\"https:\\\/\\\/eurecat.org\\\/es\\\/#\\\/schema\\\/person\\\/8342992d6929ad043b305d3cac68b3f4\"},\"description\":\"Eurecat participa en una mesa redonda sobre la contribuci\u00f3n de los destinos tur\u00edsticos a la lucha contra el cambio clim\u00e1tico\",\"breadcrumb\":{\"@id\":\"https:\\\/\\\/eurecat.org\\\/es\\\/eurecat-participa-mesa-redonda-contribucion-destinos-turisticos-lucha-cambio-climatico\\\/#breadcrumb\"},\"inLanguage\":\"es\",\"potentialAction\":[{\"@type\":\"ReadAction\",\"target\":[\"https:\\\/\\\/eurecat.org\\\/es\\\/eurecat-participa-mesa-redonda-contribucion-destinos-turisticos-lucha-cambio-climatico\\\/\"]}]},{\"@type\":\"ImageObject\",\"inLanguage\":\"es\",\"@id\":\"https:\\\/\\\/eurecat.org\\\/es\\\/eurecat-participa-mesa-redonda-contribucion-destinos-turisticos-lucha-cambio-climatico\\\/#primaryimage\",\"url\":\"https:\\\/\\\/eurecat.org\\\/wp-content\\\/uploads\\\/2019\\\/12\\\/Eurecat_Cimera_Clima_930x515px.jpg\",\"contentUrl\":\"https:\\\/\\\/eurecat.org\\\/wp-content\\\/uploads\\\/2019\\\/12\\\/Eurecat_Cimera_Clima_930x515px.jpg\",\"width\":930,\"height\":582,\"caption\":\"eurecat cimera clima canvi clim\u00e0tic turisme\"},{\"@type\":\"BreadcrumbList\",\"@id\":\"https:\\\/\\\/eurecat.org\\\/es\\\/eurecat-participa-mesa-redonda-contribucion-destinos-turisticos-lucha-cambio-climatico\\\/#breadcrumb\",\"itemListElement\":[{\"@type\":\"ListItem\",\"position\":1,\"name\":\"Inici\",\"item\":\"https:\\\/\\\/eurecat.org\\\/es\\\/\"},{\"@type\":\"ListItem\",\"position\":2,\"name\":\"Eurecat participa en una mesa redonda sobre la contribuci\u00f3n de los destinos tur\u00edsticos a la lucha contra el cambio clim\u00e1tico\"}]},{\"@type\":\"WebSite\",\"@id\":\"https:\\\/\\\/eurecat.org\\\/es\\\/#website\",\"url\":\"https:\\\/\\\/eurecat.org\\\/es\\\/\",\"name\":\"Eurecat\",\"description\":\"Otro sitio realizado con WordPress\",\"potentialAction\":[{\"@type\":\"SearchAction\",\"target\":{\"@type\":\"EntryPoint\",\"urlTemplate\":\"https:\\\/\\\/eurecat.org\\\/es\\\/?s={search_term_string}\"},\"query-input\":{\"@type\":\"PropertyValueSpecification\",\"valueRequired\":true,\"valueName\":\"search_term_string\"}}],\"inLanguage\":\"es\"},{\"@type\":\"Person\",\"@id\":\"https:\\\/\\\/eurecat.org\\\/es\\\/#\\\/schema\\\/person\\\/8342992d6929ad043b305d3cac68b3f4\",\"name\":\"eurecatNG\",\"image\":{\"@type\":\"ImageObject\",\"inLanguage\":\"es\",\"@id\":\"https:\\\/\\\/secure.gravatar.com\\\/avatar\\\/63200cb70ae4f15a0f673050f36df149dba802bea7614e8f838aaccfcf8ea11d?s=96&d=mm&r=g\",\"url\":\"https:\\\/\\\/secure.gravatar.com\\\/avatar\\\/63200cb70ae4f15a0f673050f36df149dba802bea7614e8f838aaccfcf8ea11d?s=96&d=mm&r=g\",\"contentUrl\":\"https:\\\/\\\/secure.gravatar.com\\\/avatar\\\/63200cb70ae4f15a0f673050f36df149dba802bea7614e8f838aaccfcf8ea11d?s=96&d=mm&r=g\",\"caption\":\"eurecatNG\"}}]}<\/script>\n<!-- \/ Yoast SEO plugin. -->","yoast_head_json":{"title":"Contribuci\u00f3n de los destinos tur\u00edsticos a la lucha contra el cambio clim\u00e1tico","description":"Eurecat participa en una mesa redonda sobre la contribuci\u00f3n de los destinos tur\u00edsticos a la lucha contra el cambio clim\u00e1tico","robots":{"index":"index","follow":"follow","max-snippet":"max-snippet:-1","max-image-preview":"max-image-preview:large","max-video-preview":"max-video-preview:-1"},"canonical":"https:\/\/eurecat.org\/es\/eurecat-participa-mesa-redonda-contribucion-destinos-turisticos-lucha-cambio-climatico\/","og_locale":"es_ES","og_type":"article","og_title":"Contribuci\u00f3n de los destinos tur\u00edsticos a la lucha contra el cambio clim\u00e1tico","og_description":"Eurecat participa en una mesa redonda sobre la contribuci\u00f3n de los destinos tur\u00edsticos a la lucha contra el cambio clim\u00e1tico","og_url":"https:\/\/eurecat.org\/es\/eurecat-participa-mesa-redonda-contribucion-destinos-turisticos-lucha-cambio-climatico\/","og_site_name":"Eurecat","article_published_time":"2019-12-05T16:36:49+00:00","article_modified_time":"2020-01-24T12:59:09+00:00","og_image":[{"width":930,"height":582,"url":"https:\/\/eurecat.org\/wp-content\/uploads\/2019\/12\/Eurecat_Cimera_Clima_930x515px.jpg","type":"image\/jpeg"}],"author":"eurecatNG","twitter_card":"summary_large_image","twitter_misc":{"Escrito por":"eurecatNG","Tiempo de lectura":"3 minutos"},"schema":{"@context":"https:\/\/schema.org","@graph":[{"@type":"Article","@id":"https:\/\/eurecat.org\/es\/eurecat-participa-mesa-redonda-contribucion-destinos-turisticos-lucha-cambio-climatico\/#article","isPartOf":{"@id":"https:\/\/eurecat.org\/es\/eurecat-participa-mesa-redonda-contribucion-destinos-turisticos-lucha-cambio-climatico\/"},"author":{"name":"eurecatNG","@id":"https:\/\/eurecat.org\/es\/#\/schema\/person\/8342992d6929ad043b305d3cac68b3f4"},"headline":"Eurecat participa en una mesa redonda sobre la contribuci\u00f3n de los destinos tur\u00edsticos a la lucha contra el cambio clim\u00e1tico","datePublished":"2019-12-05T16:36:49+00:00","dateModified":"2020-01-24T12:59:09+00:00","mainEntityOfPage":{"@id":"https:\/\/eurecat.org\/es\/eurecat-participa-mesa-redonda-contribucion-destinos-turisticos-lucha-cambio-climatico\/"},"wordCount":523,"commentCount":0,"image":{"@id":"https:\/\/eurecat.org\/es\/eurecat-participa-mesa-redonda-contribucion-destinos-turisticos-lucha-cambio-climatico\/#primaryimage"},"thumbnailUrl":"https:\/\/eurecat.org\/wp-content\/uploads\/2019\/12\/Eurecat_Cimera_Clima_930x515px.jpg","articleSection":["Ferias","Notas de prensa","Turismo"],"inLanguage":"es","potentialAction":[{"@type":"CommentAction","name":"Comment","target":["https:\/\/eurecat.org\/es\/eurecat-participa-mesa-redonda-contribucion-destinos-turisticos-lucha-cambio-climatico\/#respond"]}]},{"@type":"WebPage","@id":"https:\/\/eurecat.org\/es\/eurecat-participa-mesa-redonda-contribucion-destinos-turisticos-lucha-cambio-climatico\/","url":"https:\/\/eurecat.org\/es\/eurecat-participa-mesa-redonda-contribucion-destinos-turisticos-lucha-cambio-climatico\/","name":"Contribuci\u00f3n de los destinos tur\u00edsticos a la lucha contra el cambio clim\u00e1tico","isPartOf":{"@id":"https:\/\/eurecat.org\/es\/#website"},"primaryImageOfPage":{"@id":"https:\/\/eurecat.org\/es\/eurecat-participa-mesa-redonda-contribucion-destinos-turisticos-lucha-cambio-climatico\/#primaryimage"},"image":{"@id":"https:\/\/eurecat.org\/es\/eurecat-participa-mesa-redonda-contribucion-destinos-turisticos-lucha-cambio-climatico\/#primaryimage"},"thumbnailUrl":"https:\/\/eurecat.org\/wp-content\/uploads\/2019\/12\/Eurecat_Cimera_Clima_930x515px.jpg","datePublished":"2019-12-05T16:36:49+00:00","dateModified":"2020-01-24T12:59:09+00:00","author":{"@id":"https:\/\/eurecat.org\/es\/#\/schema\/person\/8342992d6929ad043b305d3cac68b3f4"},"description":"Eurecat participa en una mesa redonda sobre la contribuci\u00f3n de los destinos tur\u00edsticos a la lucha contra el cambio clim\u00e1tico","breadcrumb":{"@id":"https:\/\/eurecat.org\/es\/eurecat-participa-mesa-redonda-contribucion-destinos-turisticos-lucha-cambio-climatico\/#breadcrumb"},"inLanguage":"es","potentialAction":[{"@type":"ReadAction","target":["https:\/\/eurecat.org\/es\/eurecat-participa-mesa-redonda-contribucion-destinos-turisticos-lucha-cambio-climatico\/"]}]},{"@type":"ImageObject","inLanguage":"es","@id":"https:\/\/eurecat.org\/es\/eurecat-participa-mesa-redonda-contribucion-destinos-turisticos-lucha-cambio-climatico\/#primaryimage","url":"https:\/\/eurecat.org\/wp-content\/uploads\/2019\/12\/Eurecat_Cimera_Clima_930x515px.jpg","contentUrl":"https:\/\/eurecat.org\/wp-content\/uploads\/2019\/12\/Eurecat_Cimera_Clima_930x515px.jpg","width":930,"height":582,"caption":"eurecat cimera clima canvi clim\u00e0tic turisme"},{"@type":"BreadcrumbList","@id":"https:\/\/eurecat.org\/es\/eurecat-participa-mesa-redonda-contribucion-destinos-turisticos-lucha-cambio-climatico\/#breadcrumb","itemListElement":[{"@type":"ListItem","position":1,"name":"Inici","item":"https:\/\/eurecat.org\/es\/"},{"@type":"ListItem","position":2,"name":"Eurecat participa en una mesa redonda sobre la contribuci\u00f3n de los destinos tur\u00edsticos a la lucha contra el cambio clim\u00e1tico"}]},{"@type":"WebSite","@id":"https:\/\/eurecat.org\/es\/#website","url":"https:\/\/eurecat.org\/es\/","name":"Eurecat","description":"Otro sitio realizado con WordPress","potentialAction":[{"@type":"SearchAction","target":{"@type":"EntryPoint","urlTemplate":"https:\/\/eurecat.org\/es\/?s={search_term_string}"},"query-input":{"@type":"PropertyValueSpecification","valueRequired":true,"valueName":"search_term_string"}}],"inLanguage":"es"},{"@type":"Person","@id":"https:\/\/eurecat.org\/es\/#\/schema\/person\/8342992d6929ad043b305d3cac68b3f4","name":"eurecatNG","image":{"@type":"ImageObject","inLanguage":"es","@id":"https:\/\/secure.gravatar.com\/avatar\/63200cb70ae4f15a0f673050f36df149dba802bea7614e8f838aaccfcf8ea11d?s=96&d=mm&r=g","url":"https:\/\/secure.gravatar.com\/avatar\/63200cb70ae4f15a0f673050f36df149dba802bea7614e8f838aaccfcf8ea11d?s=96&d=mm&r=g","contentUrl":"https:\/\/secure.gravatar.com\/avatar\/63200cb70ae4f15a0f673050f36df149dba802bea7614e8f838aaccfcf8ea11d?s=96&d=mm&r=g","caption":"eurecatNG"}}]}},"_links":{"self":[{"href":"https:\/\/eurecat.org\/es\/wp-json\/wp\/v2\/posts\/93975","targetHints":{"allow":["GET"]}}],"collection":[{"href":"https:\/\/eurecat.org\/es\/wp-json\/wp\/v2\/posts"}],"about":[{"href":"https:\/\/eurecat.org\/es\/wp-json\/wp\/v2\/types\/post"}],"author":[{"embeddable":true,"href":"https:\/\/eurecat.org\/es\/wp-json\/wp\/v2\/users\/27"}],"replies":[{"embeddable":true,"href":"https:\/\/eurecat.org\/es\/wp-json\/wp\/v2\/comments?post=93975"}],"version-history":[{"count":0,"href":"https:\/\/eurecat.org\/es\/wp-json\/wp\/v2\/posts\/93975\/revisions"}],"wp:featuredmedia":[{"embeddable":true,"href":"https:\/\/eurecat.org\/es\/wp-json\/wp\/v2\/media\/93972"}],"wp:attachment":[{"href":"https:\/\/eurecat.org\/es\/wp-json\/wp\/v2\/media?parent=93975"}],"wp:term":[{"taxonomy":"category","embeddable":true,"href":"https:\/\/eurecat.org\/es\/wp-json\/wp\/v2\/categories?post=93975"},{"taxonomy":"post_tag","embeddable":true,"href":"https:\/\/eurecat.org\/es\/wp-json\/wp\/v2\/tags?post=93975"}],"curies":[{"name":"wp","href":"https:\/\/api.w.org\/{rel}","templated":true}]}}