{"id":93987,"date":"2019-12-10T11:11:06","date_gmt":"2019-12-10T11:11:06","guid":{"rendered":"https:\/\/eurecat.org\/?p=93987"},"modified":"2020-01-24T12:59:15","modified_gmt":"2020-01-24T12:59:15","slug":"inteligencia-artificial-ayudara-preservacion-planeta","status":"publish","type":"post","link":"https:\/\/eurecat.org\/es\/inteligencia-artificial-ayudara-preservacion-planeta\/","title":{"rendered":"La Inteligencia Artificial ayudar\u00e1 a la preservaci\u00f3n del planeta"},"content":{"rendered":"<p>La pr\u00f3xima revoluci\u00f3n digital impulsada por la <strong>Inteligencia Artificial<\/strong> \u201cest\u00e1 comenzando y avanzar\u00e1 hacia una gesti\u00f3n m\u00e1s aut\u00f3noma de los ciclos naturales y hacia el desarrollo de servicios eco-sist\u00e9micos que ayuden a preservar nuestro planeta\u201d, seg\u00fan el director de Sistemas de Gesti\u00f3n Inteligentes del centro tecnol\u00f3gico centro tecnol\u00f3gico <a href=\"http:\/\/eurecat.org\/\">Eurecat<\/a> (miembro de Tecnio), Gabriel Anzaldi.<\/p>\n<p>De acuerdo con este experto, que participa hoy en la sesi\u00f3n titulada \u201c<strong>Revoluci\u00f3n Digital y Reto clim\u00e1tico<\/strong>\u00bb en la <strong>Cumbre del Clima<\/strong> que se celebra en Madrid, una orientaci\u00f3n estrat\u00e9gica para la conservaci\u00f3n de los recursos naturales, potenciada por la revoluci\u00f3n digital, \u201cconducir\u00e1 a modelos de gesti\u00f3n y de gobernanza sostenibles a trav\u00e9s de<strong> servicios personalizados, resilientes y de alta calidad ambiental<\/strong>\u201d.<\/p>\n<p>La interrelaci\u00f3n digital entre los dominios relacionados con el nexo agua, energ\u00eda y alimentos \u201ccontribuir\u00e1 a un cambio de paradigma de gesti\u00f3n y gobernanza hacia la toma de decisiones colaborativas\u201d, que tendr\u00e1 un \u201calto impacto en una gesti\u00f3n m\u00e1s inteligente del cambio clim\u00e1tico\u201d, pronostica Anzaldi.<\/p>\n<p>Desde su perspectiva, la<strong> transformaci\u00f3n digital<\/strong> de los ecosistemas naturales \u201cest\u00e1 impulsando una transici\u00f3n hacia nuevos esquemas de decisi\u00f3n soportados por el despliegue de modelos basados en datos\u201d, cuya integraci\u00f3n con el conocimiento sectorial \u201cevolucionar\u00e1 hacia una nueva inteligencia de gesti\u00f3n\u201d de los recursos naturales.<\/p>\n<p>Las m\u00faltiples fuentes de datos, informaci\u00f3n y conocimiento disponibles \u201cse integrar\u00e1n a trav\u00e9s de cadenas de valor y dominios, posibilitando la evoluci\u00f3n y despliegue del concepto \u201c<strong>Smart Natural Ecosystems<\/strong>\u201d, que implicar\u00e1 \u201cuna mejor comprensi\u00f3n de los escenarios naturales y su preservaci\u00f3n\u201d, subraya el director de Sistemas de Gesti\u00f3n Inteligentes de Eurecat.<\/p>\n<p>Sin embargo, para que ello sea posible, recalca, \u201ces necesario continuar progresando en una comprensi\u00f3n com\u00fan de la experiencia, la subjetividad y las acciones entre los diferentes dominios, sectores y cadenas de valor\u201d.<\/p>\n<p>Seg\u00fan Anzaldi, para alcanzar enfoques novedosos \u201ces necesario integrar la informaci\u00f3n basada en el clima, los modelos predictivos operacionales de cada dominio, la ciencia ciudadana, los principios \u00e9ticos y el c\u00e1lculo de la evaluaci\u00f3n del impacto de las pol\u00edticas, entre otras fuentes de conocimiento relevantes\u201d. Dada la complejidad detr\u00e1s de su comprensi\u00f3n y las interrelaciones subyacentes, afirma, las metodolog\u00edas impulsadas por la revoluci\u00f3n digital y, en particular, la Inteligencia Artificial \u201cse han erigido como un habilitador disruptivo capaz de contribuir al logro de este enfoque sist\u00e9mico medioambiental\u201d.<\/p>\n","protected":false},"excerpt":{"rendered":"<p>La pr\u00f3xima revoluci\u00f3n digital impulsada por la Inteligencia Artificial \u201cest\u00e1 comenzando y avanzar\u00e1 hacia una gesti\u00f3n m\u00e1s aut\u00f3noma de los ciclos naturales y hacia el desarrollo de servicios eco-sist\u00e9micos que ayuden a preservar nuestro planeta\u201d, seg\u00fan el director de Sistemas de Gesti\u00f3n Inteligentes del centro tecnol\u00f3gico centro tecnol\u00f3gico Eurecat (miembro de Tecnio), Gabriel Anzaldi. De  [&#8230;]<\/p>\n","protected":false},"author":27,"featured_media":93983,"comment_status":"open","ping_status":"closed","sticky":false,"template":"","format":"standard","meta":{"footnotes":""},"categories":[727,134,410],"tags":[],"class_list":["post-93987","post","type-post","status-publish","format-standard","has-post-thumbnail","hentry","category-ferias","category-notas-de-prensa","category-smart-management-systems"],"yoast_head":"<!-- This site is optimized with the Yoast SEO plugin v27.4 - https:\/\/yoast.com\/product\/yoast-seo-wordpress\/ -->\n<title>La Inteligencia Artificial ayudar\u00e1 a la preservaci\u00f3n del planeta - Eurecat<\/title>\n<meta name=\"description\" content=\"La Inteligencia Artificial ayudar\u00e1 a la preservaci\u00f3n del planeta, seg\u00fan el director de Sistemas de Gesti\u00f3n Inteligentes de Eurecat, Gabriel Anzaldi.\" \/>\n<meta name=\"robots\" content=\"index, follow, max-snippet:-1, max-image-preview:large, max-video-preview:-1\" \/>\n<link rel=\"canonical\" href=\"https:\/\/eurecat.org\/es\/inteligencia-artificial-ayudara-preservacion-planeta\/\" \/>\n<meta property=\"og:locale\" content=\"es_ES\" \/>\n<meta property=\"og:type\" content=\"article\" \/>\n<meta property=\"og:title\" content=\"La Inteligencia Artificial ayudar\u00e1 a la preservaci\u00f3n del planeta - Eurecat\" \/>\n<meta property=\"og:description\" content=\"La Inteligencia Artificial ayudar\u00e1 a la preservaci\u00f3n del planeta, seg\u00fan el director de Sistemas de Gesti\u00f3n Inteligentes de Eurecat, Gabriel Anzaldi.\" \/>\n<meta property=\"og:url\" content=\"https:\/\/eurecat.org\/es\/inteligencia-artificial-ayudara-preservacion-planeta\/\" \/>\n<meta property=\"og:site_name\" content=\"Eurecat\" \/>\n<meta property=\"article:published_time\" content=\"2019-12-10T11:11:06+00:00\" \/>\n<meta property=\"article:modified_time\" content=\"2020-01-24T12:59:15+00:00\" \/>\n<meta property=\"og:image\" content=\"https:\/\/eurecat.org\/wp-content\/uploads\/2019\/12\/Eurecat_Cimera_930x515px.jpg\" \/>\n\t<meta property=\"og:image:width\" content=\"930\" \/>\n\t<meta property=\"og:image:height\" content=\"515\" \/>\n\t<meta property=\"og:image:type\" content=\"image\/jpeg\" \/>\n<meta name=\"author\" content=\"eurecatNG\" \/>\n<meta name=\"twitter:card\" content=\"summary_large_image\" \/>\n<meta name=\"twitter:label1\" content=\"Escrito por\" \/>\n\t<meta name=\"twitter:data1\" content=\"eurecatNG\" \/>\n\t<meta name=\"twitter:label2\" content=\"Tiempo de lectura\" \/>\n\t<meta name=\"twitter:data2\" content=\"2 minutos\" \/>\n<script type=\"application\/ld+json\" class=\"yoast-schema-graph\">{\"@context\":\"https:\\\/\\\/schema.org\",\"@graph\":[{\"@type\":\"Article\",\"@id\":\"https:\\\/\\\/eurecat.org\\\/es\\\/inteligencia-artificial-ayudara-preservacion-planeta\\\/#article\",\"isPartOf\":{\"@id\":\"https:\\\/\\\/eurecat.org\\\/es\\\/inteligencia-artificial-ayudara-preservacion-planeta\\\/\"},\"author\":{\"name\":\"eurecatNG\",\"@id\":\"https:\\\/\\\/eurecat.org\\\/es\\\/#\\\/schema\\\/person\\\/8342992d6929ad043b305d3cac68b3f4\"},\"headline\":\"La Inteligencia Artificial ayudar\u00e1 a la preservaci\u00f3n del planeta\",\"datePublished\":\"2019-12-10T11:11:06+00:00\",\"dateModified\":\"2020-01-24T12:59:15+00:00\",\"mainEntityOfPage\":{\"@id\":\"https:\\\/\\\/eurecat.org\\\/es\\\/inteligencia-artificial-ayudara-preservacion-planeta\\\/\"},\"wordCount\":437,\"commentCount\":0,\"image\":{\"@id\":\"https:\\\/\\\/eurecat.org\\\/es\\\/inteligencia-artificial-ayudara-preservacion-planeta\\\/#primaryimage\"},\"thumbnailUrl\":\"https:\\\/\\\/eurecat.org\\\/wp-content\\\/uploads\\\/2019\\\/12\\\/Eurecat_Cimera_930x515px.jpg\",\"articleSection\":[\"Ferias\",\"Notas de prensa\",\"Smart Management Systems\"],\"inLanguage\":\"es\",\"potentialAction\":[{\"@type\":\"CommentAction\",\"name\":\"Comment\",\"target\":[\"https:\\\/\\\/eurecat.org\\\/es\\\/inteligencia-artificial-ayudara-preservacion-planeta\\\/#respond\"]}]},{\"@type\":\"WebPage\",\"@id\":\"https:\\\/\\\/eurecat.org\\\/es\\\/inteligencia-artificial-ayudara-preservacion-planeta\\\/\",\"url\":\"https:\\\/\\\/eurecat.org\\\/es\\\/inteligencia-artificial-ayudara-preservacion-planeta\\\/\",\"name\":\"La Inteligencia Artificial ayudar\u00e1 a la preservaci\u00f3n del planeta - Eurecat\",\"isPartOf\":{\"@id\":\"https:\\\/\\\/eurecat.org\\\/es\\\/#website\"},\"primaryImageOfPage\":{\"@id\":\"https:\\\/\\\/eurecat.org\\\/es\\\/inteligencia-artificial-ayudara-preservacion-planeta\\\/#primaryimage\"},\"image\":{\"@id\":\"https:\\\/\\\/eurecat.org\\\/es\\\/inteligencia-artificial-ayudara-preservacion-planeta\\\/#primaryimage\"},\"thumbnailUrl\":\"https:\\\/\\\/eurecat.org\\\/wp-content\\\/uploads\\\/2019\\\/12\\\/Eurecat_Cimera_930x515px.jpg\",\"datePublished\":\"2019-12-10T11:11:06+00:00\",\"dateModified\":\"2020-01-24T12:59:15+00:00\",\"author\":{\"@id\":\"https:\\\/\\\/eurecat.org\\\/es\\\/#\\\/schema\\\/person\\\/8342992d6929ad043b305d3cac68b3f4\"},\"description\":\"La Inteligencia Artificial ayudar\u00e1 a la preservaci\u00f3n del planeta, seg\u00fan el director de Sistemas de Gesti\u00f3n Inteligentes de Eurecat, Gabriel Anzaldi.\",\"breadcrumb\":{\"@id\":\"https:\\\/\\\/eurecat.org\\\/es\\\/inteligencia-artificial-ayudara-preservacion-planeta\\\/#breadcrumb\"},\"inLanguage\":\"es\",\"potentialAction\":[{\"@type\":\"ReadAction\",\"target\":[\"https:\\\/\\\/eurecat.org\\\/es\\\/inteligencia-artificial-ayudara-preservacion-planeta\\\/\"]}]},{\"@type\":\"ImageObject\",\"inLanguage\":\"es\",\"@id\":\"https:\\\/\\\/eurecat.org\\\/es\\\/inteligencia-artificial-ayudara-preservacion-planeta\\\/#primaryimage\",\"url\":\"https:\\\/\\\/eurecat.org\\\/wp-content\\\/uploads\\\/2019\\\/12\\\/Eurecat_Cimera_930x515px.jpg\",\"contentUrl\":\"https:\\\/\\\/eurecat.org\\\/wp-content\\\/uploads\\\/2019\\\/12\\\/Eurecat_Cimera_930x515px.jpg\",\"width\":930,\"height\":515,\"caption\":\"eurecat cimera clima intel\u00b7lig\u00e8ncia artificial\"},{\"@type\":\"BreadcrumbList\",\"@id\":\"https:\\\/\\\/eurecat.org\\\/es\\\/inteligencia-artificial-ayudara-preservacion-planeta\\\/#breadcrumb\",\"itemListElement\":[{\"@type\":\"ListItem\",\"position\":1,\"name\":\"Inici\",\"item\":\"https:\\\/\\\/eurecat.org\\\/es\\\/\"},{\"@type\":\"ListItem\",\"position\":2,\"name\":\"La Inteligencia Artificial ayudar\u00e1 a la preservaci\u00f3n del planeta\"}]},{\"@type\":\"WebSite\",\"@id\":\"https:\\\/\\\/eurecat.org\\\/es\\\/#website\",\"url\":\"https:\\\/\\\/eurecat.org\\\/es\\\/\",\"name\":\"Eurecat\",\"description\":\"Otro sitio realizado con WordPress\",\"potentialAction\":[{\"@type\":\"SearchAction\",\"target\":{\"@type\":\"EntryPoint\",\"urlTemplate\":\"https:\\\/\\\/eurecat.org\\\/es\\\/?s={search_term_string}\"},\"query-input\":{\"@type\":\"PropertyValueSpecification\",\"valueRequired\":true,\"valueName\":\"search_term_string\"}}],\"inLanguage\":\"es\"},{\"@type\":\"Person\",\"@id\":\"https:\\\/\\\/eurecat.org\\\/es\\\/#\\\/schema\\\/person\\\/8342992d6929ad043b305d3cac68b3f4\",\"name\":\"eurecatNG\",\"image\":{\"@type\":\"ImageObject\",\"inLanguage\":\"es\",\"@id\":\"https:\\\/\\\/secure.gravatar.com\\\/avatar\\\/63200cb70ae4f15a0f673050f36df149dba802bea7614e8f838aaccfcf8ea11d?s=96&d=mm&r=g\",\"url\":\"https:\\\/\\\/secure.gravatar.com\\\/avatar\\\/63200cb70ae4f15a0f673050f36df149dba802bea7614e8f838aaccfcf8ea11d?s=96&d=mm&r=g\",\"contentUrl\":\"https:\\\/\\\/secure.gravatar.com\\\/avatar\\\/63200cb70ae4f15a0f673050f36df149dba802bea7614e8f838aaccfcf8ea11d?s=96&d=mm&r=g\",\"caption\":\"eurecatNG\"}}]}<\/script>\n<!-- \/ Yoast SEO plugin. -->","yoast_head_json":{"title":"La Inteligencia Artificial ayudar\u00e1 a la preservaci\u00f3n del planeta - Eurecat","description":"La Inteligencia Artificial ayudar\u00e1 a la preservaci\u00f3n del planeta, seg\u00fan el director de Sistemas de Gesti\u00f3n Inteligentes de Eurecat, Gabriel Anzaldi.","robots":{"index":"index","follow":"follow","max-snippet":"max-snippet:-1","max-image-preview":"max-image-preview:large","max-video-preview":"max-video-preview:-1"},"canonical":"https:\/\/eurecat.org\/es\/inteligencia-artificial-ayudara-preservacion-planeta\/","og_locale":"es_ES","og_type":"article","og_title":"La Inteligencia Artificial ayudar\u00e1 a la preservaci\u00f3n del planeta - Eurecat","og_description":"La Inteligencia Artificial ayudar\u00e1 a la preservaci\u00f3n del planeta, seg\u00fan el director de Sistemas de Gesti\u00f3n Inteligentes de Eurecat, Gabriel Anzaldi.","og_url":"https:\/\/eurecat.org\/es\/inteligencia-artificial-ayudara-preservacion-planeta\/","og_site_name":"Eurecat","article_published_time":"2019-12-10T11:11:06+00:00","article_modified_time":"2020-01-24T12:59:15+00:00","og_image":[{"width":930,"height":515,"url":"https:\/\/eurecat.org\/wp-content\/uploads\/2019\/12\/Eurecat_Cimera_930x515px.jpg","type":"image\/jpeg"}],"author":"eurecatNG","twitter_card":"summary_large_image","twitter_misc":{"Escrito por":"eurecatNG","Tiempo de lectura":"2 minutos"},"schema":{"@context":"https:\/\/schema.org","@graph":[{"@type":"Article","@id":"https:\/\/eurecat.org\/es\/inteligencia-artificial-ayudara-preservacion-planeta\/#article","isPartOf":{"@id":"https:\/\/eurecat.org\/es\/inteligencia-artificial-ayudara-preservacion-planeta\/"},"author":{"name":"eurecatNG","@id":"https:\/\/eurecat.org\/es\/#\/schema\/person\/8342992d6929ad043b305d3cac68b3f4"},"headline":"La Inteligencia Artificial ayudar\u00e1 a la preservaci\u00f3n del planeta","datePublished":"2019-12-10T11:11:06+00:00","dateModified":"2020-01-24T12:59:15+00:00","mainEntityOfPage":{"@id":"https:\/\/eurecat.org\/es\/inteligencia-artificial-ayudara-preservacion-planeta\/"},"wordCount":437,"commentCount":0,"image":{"@id":"https:\/\/eurecat.org\/es\/inteligencia-artificial-ayudara-preservacion-planeta\/#primaryimage"},"thumbnailUrl":"https:\/\/eurecat.org\/wp-content\/uploads\/2019\/12\/Eurecat_Cimera_930x515px.jpg","articleSection":["Ferias","Notas de prensa","Smart Management Systems"],"inLanguage":"es","potentialAction":[{"@type":"CommentAction","name":"Comment","target":["https:\/\/eurecat.org\/es\/inteligencia-artificial-ayudara-preservacion-planeta\/#respond"]}]},{"@type":"WebPage","@id":"https:\/\/eurecat.org\/es\/inteligencia-artificial-ayudara-preservacion-planeta\/","url":"https:\/\/eurecat.org\/es\/inteligencia-artificial-ayudara-preservacion-planeta\/","name":"La Inteligencia Artificial ayudar\u00e1 a la preservaci\u00f3n del planeta - Eurecat","isPartOf":{"@id":"https:\/\/eurecat.org\/es\/#website"},"primaryImageOfPage":{"@id":"https:\/\/eurecat.org\/es\/inteligencia-artificial-ayudara-preservacion-planeta\/#primaryimage"},"image":{"@id":"https:\/\/eurecat.org\/es\/inteligencia-artificial-ayudara-preservacion-planeta\/#primaryimage"},"thumbnailUrl":"https:\/\/eurecat.org\/wp-content\/uploads\/2019\/12\/Eurecat_Cimera_930x515px.jpg","datePublished":"2019-12-10T11:11:06+00:00","dateModified":"2020-01-24T12:59:15+00:00","author":{"@id":"https:\/\/eurecat.org\/es\/#\/schema\/person\/8342992d6929ad043b305d3cac68b3f4"},"description":"La Inteligencia Artificial ayudar\u00e1 a la preservaci\u00f3n del planeta, seg\u00fan el director de Sistemas de Gesti\u00f3n Inteligentes de Eurecat, Gabriel Anzaldi.","breadcrumb":{"@id":"https:\/\/eurecat.org\/es\/inteligencia-artificial-ayudara-preservacion-planeta\/#breadcrumb"},"inLanguage":"es","potentialAction":[{"@type":"ReadAction","target":["https:\/\/eurecat.org\/es\/inteligencia-artificial-ayudara-preservacion-planeta\/"]}]},{"@type":"ImageObject","inLanguage":"es","@id":"https:\/\/eurecat.org\/es\/inteligencia-artificial-ayudara-preservacion-planeta\/#primaryimage","url":"https:\/\/eurecat.org\/wp-content\/uploads\/2019\/12\/Eurecat_Cimera_930x515px.jpg","contentUrl":"https:\/\/eurecat.org\/wp-content\/uploads\/2019\/12\/Eurecat_Cimera_930x515px.jpg","width":930,"height":515,"caption":"eurecat cimera clima intel\u00b7lig\u00e8ncia artificial"},{"@type":"BreadcrumbList","@id":"https:\/\/eurecat.org\/es\/inteligencia-artificial-ayudara-preservacion-planeta\/#breadcrumb","itemListElement":[{"@type":"ListItem","position":1,"name":"Inici","item":"https:\/\/eurecat.org\/es\/"},{"@type":"ListItem","position":2,"name":"La Inteligencia Artificial ayudar\u00e1 a la preservaci\u00f3n del planeta"}]},{"@type":"WebSite","@id":"https:\/\/eurecat.org\/es\/#website","url":"https:\/\/eurecat.org\/es\/","name":"Eurecat","description":"Otro sitio realizado con WordPress","potentialAction":[{"@type":"SearchAction","target":{"@type":"EntryPoint","urlTemplate":"https:\/\/eurecat.org\/es\/?s={search_term_string}"},"query-input":{"@type":"PropertyValueSpecification","valueRequired":true,"valueName":"search_term_string"}}],"inLanguage":"es"},{"@type":"Person","@id":"https:\/\/eurecat.org\/es\/#\/schema\/person\/8342992d6929ad043b305d3cac68b3f4","name":"eurecatNG","image":{"@type":"ImageObject","inLanguage":"es","@id":"https:\/\/secure.gravatar.com\/avatar\/63200cb70ae4f15a0f673050f36df149dba802bea7614e8f838aaccfcf8ea11d?s=96&d=mm&r=g","url":"https:\/\/secure.gravatar.com\/avatar\/63200cb70ae4f15a0f673050f36df149dba802bea7614e8f838aaccfcf8ea11d?s=96&d=mm&r=g","contentUrl":"https:\/\/secure.gravatar.com\/avatar\/63200cb70ae4f15a0f673050f36df149dba802bea7614e8f838aaccfcf8ea11d?s=96&d=mm&r=g","caption":"eurecatNG"}}]}},"_links":{"self":[{"href":"https:\/\/eurecat.org\/es\/wp-json\/wp\/v2\/posts\/93987","targetHints":{"allow":["GET"]}}],"collection":[{"href":"https:\/\/eurecat.org\/es\/wp-json\/wp\/v2\/posts"}],"about":[{"href":"https:\/\/eurecat.org\/es\/wp-json\/wp\/v2\/types\/post"}],"author":[{"embeddable":true,"href":"https:\/\/eurecat.org\/es\/wp-json\/wp\/v2\/users\/27"}],"replies":[{"embeddable":true,"href":"https:\/\/eurecat.org\/es\/wp-json\/wp\/v2\/comments?post=93987"}],"version-history":[{"count":0,"href":"https:\/\/eurecat.org\/es\/wp-json\/wp\/v2\/posts\/93987\/revisions"}],"wp:featuredmedia":[{"embeddable":true,"href":"https:\/\/eurecat.org\/es\/wp-json\/wp\/v2\/media\/93983"}],"wp:attachment":[{"href":"https:\/\/eurecat.org\/es\/wp-json\/wp\/v2\/media?parent=93987"}],"wp:term":[{"taxonomy":"category","embeddable":true,"href":"https:\/\/eurecat.org\/es\/wp-json\/wp\/v2\/categories?post=93987"},{"taxonomy":"post_tag","embeddable":true,"href":"https:\/\/eurecat.org\/es\/wp-json\/wp\/v2\/tags?post=93987"}],"curies":[{"name":"wp","href":"https:\/\/api.w.org\/{rel}","templated":true}]}}