{"id":94024,"date":"2019-12-10T12:12:58","date_gmt":"2019-12-10T12:12:58","guid":{"rendered":"https:\/\/eurecat.org\/?p=94024"},"modified":"2020-01-24T12:59:21","modified_gmt":"2020-01-24T12:59:21","slug":"expertos-analizaran-vila-seca-impacto-transformacion-digital-turismo","status":"publish","type":"post","link":"https:\/\/eurecat.org\/es\/expertos-analizaran-vila-seca-impacto-transformacion-digital-turismo\/","title":{"rendered":"Expertos analizar\u00e1n en Vila-seca el impacto de la transformaci\u00f3n digital del turismo"},"content":{"rendered":"<p>La jornada \u2018<strong>La transformaci\u00f3n digital del sector tur\u00edstico. Estrategia para el \u00e9xito<\/strong>\u2019 mostrar\u00e1, el pr\u00f3ximo jueves 12 de diciembre, en Vila-seca, los \u00faltimos avances tecnol\u00f3gicos y su impacto en la transformaci\u00f3n digital del sector tur\u00edstico y presentar\u00e1 casos y estrategias para sacar rendimiento.<\/p>\n<p>En la jornada, organizada por el Laboratorio de Innovaci\u00f3n e Inteligencia Tur\u00edstica del Departamento de Innovaci\u00f3n Tur\u00edstica del centro tecnol\u00f3gico <a href=\"http:\/\/eurecat.org\/es\/\">Eurecat<\/a> y el Patronato de Turismo de la Diputaci\u00f3n de Tarragona en Costa Daurada y Terres de l\u2019Ebre, con la colaboraci\u00f3n del Patronato de Turismo de Vila-seca, se debatir\u00e1 sobre la digitalizaci\u00f3n del sector tur\u00edstico a trav\u00e9s de la visi\u00f3n de expertos y casos de \u00e9xito de empresas y destinos. La jornada ha despertado un gran inter\u00e9s y cuenta con el aforo completo.<\/p>\n<p>\u201cLa transformaci\u00f3n digital en nuestro sector no es una opci\u00f3n, es una estrategia esencial para dar respuesta a los nuevos segmentos, las nuevas necesidades y los nuevos comportamientos del turismo aqu\u00ed y en todas partes\u201d, afirma la directora del Patronato de Turismo de la Diputaci\u00f3n de Tarragona, Marta Farrero. Desde el Patronato, \u201cseguimos trabajando en <strong>proyectos de innovaci\u00f3n<\/strong> y de <strong>estrategia digital<\/strong> para disponer de informaci\u00f3n, <strong>planificar<\/strong> y <strong>gestionar la actividad<\/strong>, as\u00ed como para interactuar con los clientes, potenciales visitantes, el sector y la ciudadan\u00eda\u201d, a\u00f1ade.<\/p>\n<p>Farrero abrir\u00e1 la jornada, junto con el alcalde de Vila-seca, Pere Segura, quien destaca que \u201cla transformaci\u00f3n digital en el \u00e1mbito del turismo puede convertirse en una herramienta muy potente para facilitar el <strong>tratamiento masivo de datos<\/strong> y, por lo tanto, facilitar tambi\u00e9n las decisiones que se toman dentro del sector\u201d.<\/p>\n<p>En palabras del responsable de Tecnolog\u00eda del Departamento de Innovaci\u00f3n Tur\u00edstica de Eurecat, Joan Borr\u00e0s, la transformaci\u00f3n digital \u201cva m\u00e1s all\u00e1 del hecho de aplicar tecnolog\u00eda a la empresa. Afecta, entre otros, a nuevas <strong>oportunidades de estrategias de negocio<\/strong>, a la <strong>generaci\u00f3n de conocimiento<\/strong> o a la relaci\u00f3n que tenemos con nuestros clientes\u201d.<\/p>\n<p>El experto en innovaci\u00f3n Jimmy Pons, que impartir\u00e1 la ponencia \u2018Estrategias de digitalizaci\u00f3n. Oportunidades y retos de futuro\u2019, destaca que \u201chacer negocios en un mundo disruptivo, cambiante y lleno de incertidumbres se ha convertido en la normalidad, nada volver\u00e1 a ser como antes, lo \u00fanico seguro es el cambio\u201d.<\/p>\n<p>Por su parte, la directora de Consultor\u00eda en Competitividad e Innovaci\u00f3n &#8211; Zona nordeste en Idom Consulting, Marta Albert\u00ed, analizar\u00e1 el impacto de la transformaci\u00f3n digital del sector tur\u00edstico en la optimizaci\u00f3n de los procesos y en la generaci\u00f3n de nuevos modelos de negocio. \u201cLas tendencias del sector nos muestran c\u00f3mo las TIC contribuir\u00e1n cada vez m\u00e1s a su transformaci\u00f3n y Catalu\u00f1a est\u00e1 posicionada para tener un papel relevante en esta digitalizaci\u00f3n\u201d, indica Albert\u00ed.<\/p>\n<p>El evento se completar\u00e1 con una mesa redonda de casos de \u00e9xito de innovaci\u00f3n digital en turismo con la participaci\u00f3n del Project Manager de Calella Smart Tourism Destination, Ferran Mu\u00f1oz; del CIO de Grupo Logitravel y CEO de Bluekiri, I\u00f1aki Fuentes; del Corporate Revenue Manager de Med Playa Hoteles, Roger Calafell, y del responsable de Tecnolog\u00eda del Departamento de Innovaci\u00f3n Tur\u00edstica de Eurecat, Joan Borr\u00e0s.<\/p>\n<h2>Taller de turismo<\/h2>\n<p>Para profundizar en la tem\u00e1tica, el 18 de diciembre, se celebrar\u00e1 el taller de turismo \u2018<strong>Gesti\u00f3n del proceso de transformaci\u00f3n digital de las organizaciones tur\u00edsticas<\/strong>\u2019, de car\u00e1cter pr\u00e1ctico y para el que hay las \u00faltimas plazas disponibles. Impartido por Jaume Clotet, consultor de estrategia y transformaci\u00f3n digital, servir\u00e1 para aprender las palancas clave que se est\u00e1n empleando actualmente para incrementar las ventas y la experiencia de los clientes y conocer herramientas \u00fatiles para identificar el punto de partida en cuanto a la digitalizaci\u00f3n de cualquier organizaci\u00f3n.<\/p>\n","protected":false},"excerpt":{"rendered":"<p>La jornada \u2018La transformaci\u00f3n digital del sector tur\u00edstico. Estrategia para el \u00e9xito\u2019 mostrar\u00e1, el pr\u00f3ximo jueves 12 de diciembre, en Vila-seca, los \u00faltimos avances tecnol\u00f3gicos y su impacto en la transformaci\u00f3n digital del sector tur\u00edstico y presentar\u00e1 casos y estrategias para sacar rendimiento. En la jornada, organizada por el Laboratorio de Innovaci\u00f3n e Inteligencia Tur\u00edstica  [&#8230;]<\/p>\n","protected":false},"author":27,"featured_media":94022,"comment_status":"open","ping_status":"closed","sticky":false,"template":"","format":"standard","meta":{"footnotes":""},"categories":[702,134,2254],"tags":[],"class_list":["post-94024","post","type-post","status-publish","format-standard","has-post-thumbnail","hentry","category-eventos","category-notas-de-prensa","category-turismo-es"],"yoast_head":"<!-- This site is optimized with the Yoast SEO plugin v27.4 - https:\/\/yoast.com\/product\/yoast-seo-wordpress\/ -->\n<title>Expertos analizar\u00e1n el impacto de la transformaci\u00f3n digital del turismo<\/title>\n<meta name=\"description\" content=\"Una jornada mostrar\u00e1 en Vila-seca los \u00faltimos avances tecnol\u00f3gicos y su impacto en la transformaci\u00f3n digital del sector tur\u00edstico.\" \/>\n<meta name=\"robots\" content=\"index, follow, max-snippet:-1, max-image-preview:large, max-video-preview:-1\" \/>\n<link rel=\"canonical\" href=\"https:\/\/eurecat.org\/es\/expertos-analizaran-vila-seca-impacto-transformacion-digital-turismo\/\" \/>\n<meta property=\"og:locale\" content=\"es_ES\" \/>\n<meta property=\"og:type\" content=\"article\" \/>\n<meta property=\"og:title\" content=\"Expertos analizar\u00e1n el impacto de la transformaci\u00f3n digital del turismo\" \/>\n<meta property=\"og:description\" content=\"Una jornada mostrar\u00e1 en Vila-seca los \u00faltimos avances tecnol\u00f3gicos y su impacto en la transformaci\u00f3n digital del sector tur\u00edstico.\" \/>\n<meta property=\"og:url\" content=\"https:\/\/eurecat.org\/es\/expertos-analizaran-vila-seca-impacto-transformacion-digital-turismo\/\" \/>\n<meta property=\"og:site_name\" content=\"Eurecat\" \/>\n<meta property=\"article:published_time\" content=\"2019-12-10T12:12:58+00:00\" \/>\n<meta property=\"article:modified_time\" content=\"2020-01-24T12:59:21+00:00\" \/>\n<meta property=\"og:image\" content=\"https:\/\/eurecat.org\/wp-content\/uploads\/2019\/12\/Eurecat_Jornada_Transformaci\u00f3Digital_930x515px.jpg\" \/>\n\t<meta property=\"og:image:width\" content=\"930\" \/>\n\t<meta property=\"og:image:height\" content=\"310\" \/>\n\t<meta property=\"og:image:type\" content=\"image\/jpeg\" \/>\n<meta name=\"author\" content=\"eurecatNG\" \/>\n<meta name=\"twitter:card\" content=\"summary_large_image\" \/>\n<meta name=\"twitter:label1\" content=\"Escrito por\" \/>\n\t<meta name=\"twitter:data1\" content=\"eurecatNG\" \/>\n\t<meta name=\"twitter:label2\" content=\"Tiempo de lectura\" \/>\n\t<meta name=\"twitter:data2\" content=\"3 minutos\" \/>\n<script type=\"application\/ld+json\" class=\"yoast-schema-graph\">{\"@context\":\"https:\\\/\\\/schema.org\",\"@graph\":[{\"@type\":\"Article\",\"@id\":\"https:\\\/\\\/eurecat.org\\\/es\\\/expertos-analizaran-vila-seca-impacto-transformacion-digital-turismo\\\/#article\",\"isPartOf\":{\"@id\":\"https:\\\/\\\/eurecat.org\\\/es\\\/expertos-analizaran-vila-seca-impacto-transformacion-digital-turismo\\\/\"},\"author\":{\"name\":\"eurecatNG\",\"@id\":\"https:\\\/\\\/eurecat.org\\\/es\\\/#\\\/schema\\\/person\\\/8342992d6929ad043b305d3cac68b3f4\"},\"headline\":\"Expertos analizar\u00e1n en Vila-seca el impacto de la transformaci\u00f3n digital del turismo\",\"datePublished\":\"2019-12-10T12:12:58+00:00\",\"dateModified\":\"2020-01-24T12:59:21+00:00\",\"mainEntityOfPage\":{\"@id\":\"https:\\\/\\\/eurecat.org\\\/es\\\/expertos-analizaran-vila-seca-impacto-transformacion-digital-turismo\\\/\"},\"wordCount\":674,\"commentCount\":0,\"image\":{\"@id\":\"https:\\\/\\\/eurecat.org\\\/es\\\/expertos-analizaran-vila-seca-impacto-transformacion-digital-turismo\\\/#primaryimage\"},\"thumbnailUrl\":\"https:\\\/\\\/eurecat.org\\\/wp-content\\\/uploads\\\/2019\\\/12\\\/Eurecat_Jornada_Transformaci\u00f3Digital_930x515px.jpg\",\"articleSection\":[\"Eventos\",\"Notas de prensa\",\"Turismo\"],\"inLanguage\":\"es\",\"potentialAction\":[{\"@type\":\"CommentAction\",\"name\":\"Comment\",\"target\":[\"https:\\\/\\\/eurecat.org\\\/es\\\/expertos-analizaran-vila-seca-impacto-transformacion-digital-turismo\\\/#respond\"]}]},{\"@type\":\"WebPage\",\"@id\":\"https:\\\/\\\/eurecat.org\\\/es\\\/expertos-analizaran-vila-seca-impacto-transformacion-digital-turismo\\\/\",\"url\":\"https:\\\/\\\/eurecat.org\\\/es\\\/expertos-analizaran-vila-seca-impacto-transformacion-digital-turismo\\\/\",\"name\":\"Expertos analizar\u00e1n el impacto de la transformaci\u00f3n digital del turismo\",\"isPartOf\":{\"@id\":\"https:\\\/\\\/eurecat.org\\\/es\\\/#website\"},\"primaryImageOfPage\":{\"@id\":\"https:\\\/\\\/eurecat.org\\\/es\\\/expertos-analizaran-vila-seca-impacto-transformacion-digital-turismo\\\/#primaryimage\"},\"image\":{\"@id\":\"https:\\\/\\\/eurecat.org\\\/es\\\/expertos-analizaran-vila-seca-impacto-transformacion-digital-turismo\\\/#primaryimage\"},\"thumbnailUrl\":\"https:\\\/\\\/eurecat.org\\\/wp-content\\\/uploads\\\/2019\\\/12\\\/Eurecat_Jornada_Transformaci\u00f3Digital_930x515px.jpg\",\"datePublished\":\"2019-12-10T12:12:58+00:00\",\"dateModified\":\"2020-01-24T12:59:21+00:00\",\"author\":{\"@id\":\"https:\\\/\\\/eurecat.org\\\/es\\\/#\\\/schema\\\/person\\\/8342992d6929ad043b305d3cac68b3f4\"},\"description\":\"Una jornada mostrar\u00e1 en Vila-seca los \u00faltimos avances tecnol\u00f3gicos y su impacto en la transformaci\u00f3n digital del sector tur\u00edstico.\",\"breadcrumb\":{\"@id\":\"https:\\\/\\\/eurecat.org\\\/es\\\/expertos-analizaran-vila-seca-impacto-transformacion-digital-turismo\\\/#breadcrumb\"},\"inLanguage\":\"es\",\"potentialAction\":[{\"@type\":\"ReadAction\",\"target\":[\"https:\\\/\\\/eurecat.org\\\/es\\\/expertos-analizaran-vila-seca-impacto-transformacion-digital-turismo\\\/\"]}]},{\"@type\":\"ImageObject\",\"inLanguage\":\"es\",\"@id\":\"https:\\\/\\\/eurecat.org\\\/es\\\/expertos-analizaran-vila-seca-impacto-transformacion-digital-turismo\\\/#primaryimage\",\"url\":\"https:\\\/\\\/eurecat.org\\\/wp-content\\\/uploads\\\/2019\\\/12\\\/Eurecat_Jornada_Transformaci\u00f3Digital_930x515px.jpg\",\"contentUrl\":\"https:\\\/\\\/eurecat.org\\\/wp-content\\\/uploads\\\/2019\\\/12\\\/Eurecat_Jornada_Transformaci\u00f3Digital_930x515px.jpg\",\"width\":930,\"height\":310,\"caption\":\"eurecat jornada digitalitzaci\u00f3 turisme\"},{\"@type\":\"BreadcrumbList\",\"@id\":\"https:\\\/\\\/eurecat.org\\\/es\\\/expertos-analizaran-vila-seca-impacto-transformacion-digital-turismo\\\/#breadcrumb\",\"itemListElement\":[{\"@type\":\"ListItem\",\"position\":1,\"name\":\"Inici\",\"item\":\"https:\\\/\\\/eurecat.org\\\/es\\\/\"},{\"@type\":\"ListItem\",\"position\":2,\"name\":\"Expertos analizar\u00e1n en Vila-seca el impacto de la transformaci\u00f3n digital del turismo\"}]},{\"@type\":\"WebSite\",\"@id\":\"https:\\\/\\\/eurecat.org\\\/es\\\/#website\",\"url\":\"https:\\\/\\\/eurecat.org\\\/es\\\/\",\"name\":\"Eurecat\",\"description\":\"Otro sitio realizado con WordPress\",\"potentialAction\":[{\"@type\":\"SearchAction\",\"target\":{\"@type\":\"EntryPoint\",\"urlTemplate\":\"https:\\\/\\\/eurecat.org\\\/es\\\/?s={search_term_string}\"},\"query-input\":{\"@type\":\"PropertyValueSpecification\",\"valueRequired\":true,\"valueName\":\"search_term_string\"}}],\"inLanguage\":\"es\"},{\"@type\":\"Person\",\"@id\":\"https:\\\/\\\/eurecat.org\\\/es\\\/#\\\/schema\\\/person\\\/8342992d6929ad043b305d3cac68b3f4\",\"name\":\"eurecatNG\",\"image\":{\"@type\":\"ImageObject\",\"inLanguage\":\"es\",\"@id\":\"https:\\\/\\\/secure.gravatar.com\\\/avatar\\\/63200cb70ae4f15a0f673050f36df149dba802bea7614e8f838aaccfcf8ea11d?s=96&d=mm&r=g\",\"url\":\"https:\\\/\\\/secure.gravatar.com\\\/avatar\\\/63200cb70ae4f15a0f673050f36df149dba802bea7614e8f838aaccfcf8ea11d?s=96&d=mm&r=g\",\"contentUrl\":\"https:\\\/\\\/secure.gravatar.com\\\/avatar\\\/63200cb70ae4f15a0f673050f36df149dba802bea7614e8f838aaccfcf8ea11d?s=96&d=mm&r=g\",\"caption\":\"eurecatNG\"}}]}<\/script>\n<!-- \/ Yoast SEO plugin. -->","yoast_head_json":{"title":"Expertos analizar\u00e1n el impacto de la transformaci\u00f3n digital del turismo","description":"Una jornada mostrar\u00e1 en Vila-seca los \u00faltimos avances tecnol\u00f3gicos y su impacto en la transformaci\u00f3n digital del sector tur\u00edstico.","robots":{"index":"index","follow":"follow","max-snippet":"max-snippet:-1","max-image-preview":"max-image-preview:large","max-video-preview":"max-video-preview:-1"},"canonical":"https:\/\/eurecat.org\/es\/expertos-analizaran-vila-seca-impacto-transformacion-digital-turismo\/","og_locale":"es_ES","og_type":"article","og_title":"Expertos analizar\u00e1n el impacto de la transformaci\u00f3n digital del turismo","og_description":"Una jornada mostrar\u00e1 en Vila-seca los \u00faltimos avances tecnol\u00f3gicos y su impacto en la transformaci\u00f3n digital del sector tur\u00edstico.","og_url":"https:\/\/eurecat.org\/es\/expertos-analizaran-vila-seca-impacto-transformacion-digital-turismo\/","og_site_name":"Eurecat","article_published_time":"2019-12-10T12:12:58+00:00","article_modified_time":"2020-01-24T12:59:21+00:00","og_image":[{"width":930,"height":310,"url":"https:\/\/eurecat.org\/wp-content\/uploads\/2019\/12\/Eurecat_Jornada_Transformaci\u00f3Digital_930x515px.jpg","type":"image\/jpeg"}],"author":"eurecatNG","twitter_card":"summary_large_image","twitter_misc":{"Escrito por":"eurecatNG","Tiempo de lectura":"3 minutos"},"schema":{"@context":"https:\/\/schema.org","@graph":[{"@type":"Article","@id":"https:\/\/eurecat.org\/es\/expertos-analizaran-vila-seca-impacto-transformacion-digital-turismo\/#article","isPartOf":{"@id":"https:\/\/eurecat.org\/es\/expertos-analizaran-vila-seca-impacto-transformacion-digital-turismo\/"},"author":{"name":"eurecatNG","@id":"https:\/\/eurecat.org\/es\/#\/schema\/person\/8342992d6929ad043b305d3cac68b3f4"},"headline":"Expertos analizar\u00e1n en Vila-seca el impacto de la transformaci\u00f3n digital del turismo","datePublished":"2019-12-10T12:12:58+00:00","dateModified":"2020-01-24T12:59:21+00:00","mainEntityOfPage":{"@id":"https:\/\/eurecat.org\/es\/expertos-analizaran-vila-seca-impacto-transformacion-digital-turismo\/"},"wordCount":674,"commentCount":0,"image":{"@id":"https:\/\/eurecat.org\/es\/expertos-analizaran-vila-seca-impacto-transformacion-digital-turismo\/#primaryimage"},"thumbnailUrl":"https:\/\/eurecat.org\/wp-content\/uploads\/2019\/12\/Eurecat_Jornada_Transformaci\u00f3Digital_930x515px.jpg","articleSection":["Eventos","Notas de prensa","Turismo"],"inLanguage":"es","potentialAction":[{"@type":"CommentAction","name":"Comment","target":["https:\/\/eurecat.org\/es\/expertos-analizaran-vila-seca-impacto-transformacion-digital-turismo\/#respond"]}]},{"@type":"WebPage","@id":"https:\/\/eurecat.org\/es\/expertos-analizaran-vila-seca-impacto-transformacion-digital-turismo\/","url":"https:\/\/eurecat.org\/es\/expertos-analizaran-vila-seca-impacto-transformacion-digital-turismo\/","name":"Expertos analizar\u00e1n el impacto de la transformaci\u00f3n digital del turismo","isPartOf":{"@id":"https:\/\/eurecat.org\/es\/#website"},"primaryImageOfPage":{"@id":"https:\/\/eurecat.org\/es\/expertos-analizaran-vila-seca-impacto-transformacion-digital-turismo\/#primaryimage"},"image":{"@id":"https:\/\/eurecat.org\/es\/expertos-analizaran-vila-seca-impacto-transformacion-digital-turismo\/#primaryimage"},"thumbnailUrl":"https:\/\/eurecat.org\/wp-content\/uploads\/2019\/12\/Eurecat_Jornada_Transformaci\u00f3Digital_930x515px.jpg","datePublished":"2019-12-10T12:12:58+00:00","dateModified":"2020-01-24T12:59:21+00:00","author":{"@id":"https:\/\/eurecat.org\/es\/#\/schema\/person\/8342992d6929ad043b305d3cac68b3f4"},"description":"Una jornada mostrar\u00e1 en Vila-seca los \u00faltimos avances tecnol\u00f3gicos y su impacto en la transformaci\u00f3n digital del sector tur\u00edstico.","breadcrumb":{"@id":"https:\/\/eurecat.org\/es\/expertos-analizaran-vila-seca-impacto-transformacion-digital-turismo\/#breadcrumb"},"inLanguage":"es","potentialAction":[{"@type":"ReadAction","target":["https:\/\/eurecat.org\/es\/expertos-analizaran-vila-seca-impacto-transformacion-digital-turismo\/"]}]},{"@type":"ImageObject","inLanguage":"es","@id":"https:\/\/eurecat.org\/es\/expertos-analizaran-vila-seca-impacto-transformacion-digital-turismo\/#primaryimage","url":"https:\/\/eurecat.org\/wp-content\/uploads\/2019\/12\/Eurecat_Jornada_Transformaci\u00f3Digital_930x515px.jpg","contentUrl":"https:\/\/eurecat.org\/wp-content\/uploads\/2019\/12\/Eurecat_Jornada_Transformaci\u00f3Digital_930x515px.jpg","width":930,"height":310,"caption":"eurecat jornada digitalitzaci\u00f3 turisme"},{"@type":"BreadcrumbList","@id":"https:\/\/eurecat.org\/es\/expertos-analizaran-vila-seca-impacto-transformacion-digital-turismo\/#breadcrumb","itemListElement":[{"@type":"ListItem","position":1,"name":"Inici","item":"https:\/\/eurecat.org\/es\/"},{"@type":"ListItem","position":2,"name":"Expertos analizar\u00e1n en Vila-seca el impacto de la transformaci\u00f3n digital del turismo"}]},{"@type":"WebSite","@id":"https:\/\/eurecat.org\/es\/#website","url":"https:\/\/eurecat.org\/es\/","name":"Eurecat","description":"Otro sitio realizado con WordPress","potentialAction":[{"@type":"SearchAction","target":{"@type":"EntryPoint","urlTemplate":"https:\/\/eurecat.org\/es\/?s={search_term_string}"},"query-input":{"@type":"PropertyValueSpecification","valueRequired":true,"valueName":"search_term_string"}}],"inLanguage":"es"},{"@type":"Person","@id":"https:\/\/eurecat.org\/es\/#\/schema\/person\/8342992d6929ad043b305d3cac68b3f4","name":"eurecatNG","image":{"@type":"ImageObject","inLanguage":"es","@id":"https:\/\/secure.gravatar.com\/avatar\/63200cb70ae4f15a0f673050f36df149dba802bea7614e8f838aaccfcf8ea11d?s=96&d=mm&r=g","url":"https:\/\/secure.gravatar.com\/avatar\/63200cb70ae4f15a0f673050f36df149dba802bea7614e8f838aaccfcf8ea11d?s=96&d=mm&r=g","contentUrl":"https:\/\/secure.gravatar.com\/avatar\/63200cb70ae4f15a0f673050f36df149dba802bea7614e8f838aaccfcf8ea11d?s=96&d=mm&r=g","caption":"eurecatNG"}}]}},"_links":{"self":[{"href":"https:\/\/eurecat.org\/es\/wp-json\/wp\/v2\/posts\/94024","targetHints":{"allow":["GET"]}}],"collection":[{"href":"https:\/\/eurecat.org\/es\/wp-json\/wp\/v2\/posts"}],"about":[{"href":"https:\/\/eurecat.org\/es\/wp-json\/wp\/v2\/types\/post"}],"author":[{"embeddable":true,"href":"https:\/\/eurecat.org\/es\/wp-json\/wp\/v2\/users\/27"}],"replies":[{"embeddable":true,"href":"https:\/\/eurecat.org\/es\/wp-json\/wp\/v2\/comments?post=94024"}],"version-history":[{"count":0,"href":"https:\/\/eurecat.org\/es\/wp-json\/wp\/v2\/posts\/94024\/revisions"}],"wp:featuredmedia":[{"embeddable":true,"href":"https:\/\/eurecat.org\/es\/wp-json\/wp\/v2\/media\/94022"}],"wp:attachment":[{"href":"https:\/\/eurecat.org\/es\/wp-json\/wp\/v2\/media?parent=94024"}],"wp:term":[{"taxonomy":"category","embeddable":true,"href":"https:\/\/eurecat.org\/es\/wp-json\/wp\/v2\/categories?post=94024"},{"taxonomy":"post_tag","embeddable":true,"href":"https:\/\/eurecat.org\/es\/wp-json\/wp\/v2\/tags?post=94024"}],"curies":[{"name":"wp","href":"https:\/\/api.w.org\/{rel}","templated":true}]}}