{"id":95308,"date":"2020-01-28T17:06:51","date_gmt":"2020-01-28T17:06:51","guid":{"rendered":"https:\/\/eurecat.org\/?p=95308"},"modified":"2020-01-29T08:28:29","modified_gmt":"2020-01-29T08:28:29","slug":"la-cocina-de-los-genios-se-presenta-experiencia-artistica-gastronomica-gaudi-miro-casals-picasso","status":"publish","type":"post","link":"https:\/\/eurecat.org\/es\/la-cocina-de-los-genios-se-presenta-experiencia-artistica-gastronomica-gaudi-miro-casals-picasso\/","title":{"rendered":"\u201cLa Cocina de los Genios\u201d se presenta con una experiencia art\u00edstica y gastron\u00f3mica genial de la mano de Gaud\u00ed, Mir\u00f3, Casals y Picasso"},"content":{"rendered":"<p>Este martes por la noche se da el pistoletazo de salida a \u201c<strong>La Cocina de los Genios<\/strong>\u201d con una <strong>experiencia art\u00edstico-gastron\u00f3mica inmersiva \u00fanica<\/strong>, que une gastronom\u00eda y arte. Es un recorrido sensorial por el territorio que ha inspirado a cuatro grandes artistas universales como Antoni Gaud\u00ed, Joan Mir\u00f3, Pau Casals y Pablo Picasso a trav\u00e9s de la reinterpretaci\u00f3n de su legado en las creaciones culinarias de 12 cocineros de Reus, Mont-roig del Camp, El Vendrell y Horta de Sant Joan.<\/p>\n<p>La experiencia ha sido coorganizada por la Facultad de Turismo y Geograf\u00eda de la Universitat Rovira i Virgili, la Agencia Catalana de Turismo, El Paisaje de los Genios y el Patronato Municipal de Turismo de Vila-seca, con el apoyo de la Diputaci\u00f3n de Tarragona, y es el resultado de un proceso creativo y colaborativo de <strong>cocineros<\/strong>, <strong>productores agroalimentarios<\/strong>, <strong>gestores tur\u00edsticos<\/strong> y <strong>expertos de los museos<\/strong> y<strong> centros de interpretaci\u00f3n del Paisaje de los Genios<\/strong>, llevado a cabo durante 15 meses.<\/p>\n<p>Seg\u00fan destaca Marta Nel\u00b7lo, decana de la Facultad de Turismo y Geograf\u00eda, \u201cel ecosistema gastron\u00f3mico es un elemento importante para trabajar por la cohesi\u00f3n social y el sentimiento de pertenencia, a trav\u00e9s de la cocina con alimentos aut\u00f3ctonos arraigados en el territorio\u201d.<\/p>\n<p>La experiencia \u00fanica de presentaci\u00f3n de \u201cLa Cocina de los Genios\u201d tendr\u00e1 lugar en el Castillo de Vila-seca, un emblem\u00e1tico edificio de origen medieval que este 2020 ser\u00e1 un referente cultural y del arte contempor\u00e1neo en el municipio.<\/p>\n<p>Pere Segura, alcalde de Vila-seca, recuerda que \u201cqu\u00e9 mejor escaparate que este castillo, punto estrat\u00e9gico de la repoblaci\u00f3n del Camp de Tarragona, que nos debe permitir probar nuevos platos excepcionales inspirados en el talento de nuestros genios y elaborados por los grandes chefs de nuestra regi\u00f3n\u201d.<\/p>\n<p>A la experiencia, en la que se degustar\u00e1n un total de 18 creaciones gastron\u00f3micas y 8 vinos de las comarcas tarraconenses, participa una cuarentena de prescriptores tur\u00edsticos culturales y gastron\u00f3micos nacionales e internacionales.<\/p>\n<p>David Font, director de la Agencia Catalana de Turismo, indica que \u201cdesde la ACT seguimos trabajando con el objetivo de reivindicar la gastronom\u00eda como un elemento identitario, que nos permite posicionar Catalu\u00f1a como destino enogastron\u00f3mica en los mercados internacionales y, a la vez, tambi\u00e9n permite dar a conocer la enorme variedad y calidad del turismo gastron\u00f3mico entre el mismo p\u00fablico catal\u00e1n\u201d. Tambi\u00e9n a\u00f1ade que \u201cla acci\u00f3n de hoy, forma parte de un plan cooperado de estar junto a las iniciativas del territorio para trabajar juntos en el logro de estos objetivos\u201d.<\/p>\n<p>A partir de su presentaci\u00f3n, esta oferta que pone en valor la cultura gastron\u00f3mica del territorio a trav\u00e9s de la mirada de los artistas universales<strong> Antoni Gaud\u00ed, Joan Mir\u00f3, Pau Casals y Pablo Picasso<\/strong>, se incorpora a la <strong>Ruta del Paisaje de los Genios<\/strong> con los platos creados en los restaurantes, experiencias gastron\u00f3micas, un logotipo identificativo, un nuevo espacio en la web del Paisaje de los Genios y una campa\u00f1a de promoci\u00f3n, que se inicia con dos viajes de prensa con los prescriptores participantes en la experiencia.<\/p>\n<p>El Paisaje de los Genios es una oferta de turismo cultural en Costa Daurada y Terres de l\u2019Ebre impulsada por los Ayuntamientos de Reus, Mont-roig del Camp, El Vendrell y Horta de Sant Joan junto con el Patronato de Turismo de la Diputaci\u00f3n de Tarragona, y gestionada con la colaboraci\u00f3n del Departamento de Innovaci\u00f3n Tur\u00edstica del centro tecnol\u00f3gico <a href=\"https:\/\/eurecat.org\/es\/\" target=\"_blank\" rel=\"noopener noreferrer\">Eurecat<\/a>.<\/p>\n<p>Como se\u00f1ala Meritxell Roig\u00e9, presidenta del Patronato de Turismo de la Diputaci\u00f3n de Tarragona, La Cocina de los Genios es \u201cla culminaci\u00f3n de un trabajo conjunto que desde el Patronato de Turismo de la Diputaci\u00f3n impulsamos para crear productos especializados que nos permiten ser m\u00e1s competitivos, ofrecer una oferta diferenciada y estimular la actividad tur\u00edstica de la Costa Daurada y las Terres de l\u2019Ebre\u201d.<\/p>\n<p>Despu\u00e9s de 8 a\u00f1os de trabajo desde la Oficina T\u00e9cnica del Paisaje de los Genios para la creaci\u00f3n de la marca y de producto de turismo cultural dirigido al mercado catal\u00e1n, la incorporaci\u00f3n de \u201cLa Cocina de los Genios\u201d abre la oportunidad de captar nuevos mercados en el resto de Espa\u00f1a y a nivel internacional, as\u00ed como perfiles de turistas amantes de la gastronom\u00eda.<\/p>\n<p>Salvador Anton Clav\u00e9, director del Departamento de Innovaci\u00f3n Tur\u00edstica de Eurecat y catedr\u00e1tico de la Universitat Rovira y Virgili, destaca que \u201cla iniciativa se alinea con las nuevas tendencias de la demanda y exige nuevos compromisos para la consolidaci\u00f3n de un destino creativo, responsable, sostenible y resiliente\u201d.<\/p>\n<p>Durante el a\u00f1o se elaborar\u00e1 un calendario gastron\u00f3mico en el Paisaje de los Genios, que contar\u00e1 con nuevas programaciones como &#8216;El mes de marzo Picassiano&#8217; con actividades gastron\u00f3micas y culturales en Horta de Sant Joan y otras jornadas ya consolidadas, como la del cal\u00e7ot en Mont-roig este mes de febrero.<\/p>\n<p>La experiencia de presentaci\u00f3n de \u201cLa Cocina de los Genios\u201d cuenta con la colaboraci\u00f3n de la Asociaci\u00f3n Hotelera Salou-Cambrils-La Pineda y el patrocinio de Estrella Damm con un grupo de cocineros, Roger Murtr\u00f3, Ferran Cerro, Josep Moreno y Ismael Chamorro, que han creado un c\u00f3ctel para la ocasi\u00f3n a partir del vermut de Reus y Estrella Damm.<\/p>\n<h2>III Congreso Catal\u00e1n de la Cocina en el Camp de Tarragona<\/h2>\n<p>Con la experiencia gastron\u00f3mica y el acto institucional celebrado por la ma\u00f1ana, se cierran las actividades celebradas en el marco del <strong>III Congreso Catal\u00e1n de la Cocina<\/strong> en el Camp de Tarragona desde finales de 2018 y el proceso creativo llevado a cabo en el proyecto \u201cLa Cocina los Genios\u201d.<\/p>\n<p>La URV ha coordinado las actividades del III Congreso Catal\u00e1n de la Cocina en el Camp de Tarragona desde la Facultad de Turismo y Geograf\u00eda con Marta Nel-lo, decana de la Facultad de Turismo y Geograf\u00eda, y Jes\u00fas Angla, vicedecano de la Facultad, al frente. Durante los 400 d\u00edas que ha durado el congreso, se ha apoyado a cinco iniciativas y se han impulsado siete jornadas y el proyecto \u201cLa Cocina de los Genios\u201d, un producto basado en experiencias gastron\u00f3micas creadas a partir del paisaje y vivencias que inspiraron las obras de Antoni Gaud\u00ed, Joan Mir\u00f3, Pau Casals y Pablo Picasso durante sus estancias en la Costa Daurada y las Terres de l\u2019Ebre.<\/p>\n","protected":false},"excerpt":{"rendered":"<p>Este martes por la noche se da el pistoletazo de salida a \u201cLa Cocina de los Genios\u201d con una experiencia art\u00edstico-gastron\u00f3mica inmersiva \u00fanica, que une gastronom\u00eda y arte. Es un recorrido sensorial por el territorio que ha inspirado a cuatro grandes artistas universales como Antoni Gaud\u00ed, Joan Mir\u00f3, Pau Casals y Pablo Picasso a trav\u00e9s  [&#8230;]<\/p>\n","protected":false},"author":27,"featured_media":95305,"comment_status":"open","ping_status":"closed","sticky":false,"template":"","format":"standard","meta":{"footnotes":""},"categories":[134,1885],"tags":[],"class_list":["post-95308","post","type-post","status-publish","format-standard","has-post-thumbnail","hentry","category-notas-de-prensa","category-turisme"],"yoast_head":"<!-- This site is optimized with the Yoast SEO plugin v27.4 - https:\/\/yoast.com\/product\/yoast-seo-wordpress\/ -->\n<title>\u201cLa Cocina de los Genios\u201d se presenta experiencia art\u00edstica y gastron\u00f3mica<\/title>\n<meta name=\"description\" content=\"\u201cLa Cocina de los Genios\u201d se presenta con una experiencia art\u00edstica y gastron\u00f3mica genial de la mano de Gaud\u00ed, Mir\u00f3, Casals y Picasso.\" \/>\n<meta name=\"robots\" content=\"index, follow, max-snippet:-1, max-image-preview:large, max-video-preview:-1\" \/>\n<link rel=\"canonical\" href=\"https:\/\/eurecat.org\/es\/la-cocina-de-los-genios-se-presenta-experiencia-artistica-gastronomica-gaudi-miro-casals-picasso\/\" \/>\n<meta property=\"og:locale\" content=\"es_ES\" \/>\n<meta property=\"og:type\" content=\"article\" \/>\n<meta property=\"og:title\" content=\"\u201cLa Cocina de los Genios\u201d se presenta experiencia art\u00edstica y gastron\u00f3mica\" \/>\n<meta property=\"og:description\" content=\"\u201cLa Cocina de los Genios\u201d se presenta con una experiencia art\u00edstica y gastron\u00f3mica genial de la mano de Gaud\u00ed, Mir\u00f3, Casals y Picasso.\" \/>\n<meta property=\"og:url\" content=\"https:\/\/eurecat.org\/es\/la-cocina-de-los-genios-se-presenta-experiencia-artistica-gastronomica-gaudi-miro-casals-picasso\/\" \/>\n<meta property=\"og:site_name\" content=\"Eurecat\" \/>\n<meta property=\"article:published_time\" content=\"2020-01-28T17:06:51+00:00\" \/>\n<meta property=\"article:modified_time\" content=\"2020-01-29T08:28:29+00:00\" \/>\n<meta property=\"og:image\" content=\"https:\/\/eurecat.org\/wp-content\/uploads\/2020\/01\/Eurecat_CuinaDelsGenis_930x515px.jpg\" \/>\n\t<meta property=\"og:image:width\" content=\"930\" \/>\n\t<meta property=\"og:image:height\" content=\"515\" \/>\n\t<meta property=\"og:image:type\" content=\"image\/jpeg\" \/>\n<meta name=\"author\" content=\"eurecatNG\" \/>\n<meta name=\"twitter:card\" content=\"summary_large_image\" \/>\n<meta name=\"twitter:label1\" content=\"Escrito por\" \/>\n\t<meta name=\"twitter:data1\" content=\"eurecatNG\" \/>\n\t<meta name=\"twitter:label2\" content=\"Tiempo de lectura\" \/>\n\t<meta name=\"twitter:data2\" content=\"5 minutos\" \/>\n<script type=\"application\/ld+json\" class=\"yoast-schema-graph\">{\"@context\":\"https:\\\/\\\/schema.org\",\"@graph\":[{\"@type\":\"Article\",\"@id\":\"https:\\\/\\\/eurecat.org\\\/es\\\/la-cocina-de-los-genios-se-presenta-experiencia-artistica-gastronomica-gaudi-miro-casals-picasso\\\/#article\",\"isPartOf\":{\"@id\":\"https:\\\/\\\/eurecat.org\\\/es\\\/la-cocina-de-los-genios-se-presenta-experiencia-artistica-gastronomica-gaudi-miro-casals-picasso\\\/\"},\"author\":{\"name\":\"eurecatNG\",\"@id\":\"https:\\\/\\\/eurecat.org\\\/es\\\/#\\\/schema\\\/person\\\/8342992d6929ad043b305d3cac68b3f4\"},\"headline\":\"\u201cLa Cocina de los Genios\u201d se presenta con una experiencia art\u00edstica y gastron\u00f3mica genial de la mano de Gaud\u00ed, Mir\u00f3, Casals y Picasso\",\"datePublished\":\"2020-01-28T17:06:51+00:00\",\"dateModified\":\"2020-01-29T08:28:29+00:00\",\"mainEntityOfPage\":{\"@id\":\"https:\\\/\\\/eurecat.org\\\/es\\\/la-cocina-de-los-genios-se-presenta-experiencia-artistica-gastronomica-gaudi-miro-casals-picasso\\\/\"},\"wordCount\":1116,\"commentCount\":0,\"image\":{\"@id\":\"https:\\\/\\\/eurecat.org\\\/es\\\/la-cocina-de-los-genios-se-presenta-experiencia-artistica-gastronomica-gaudi-miro-casals-picasso\\\/#primaryimage\"},\"thumbnailUrl\":\"https:\\\/\\\/eurecat.org\\\/wp-content\\\/uploads\\\/2020\\\/01\\\/Eurecat_CuinaDelsGenis_930x515px.jpg\",\"articleSection\":[\"Notas de prensa\",\"Turisme\"],\"inLanguage\":\"es\",\"potentialAction\":[{\"@type\":\"CommentAction\",\"name\":\"Comment\",\"target\":[\"https:\\\/\\\/eurecat.org\\\/es\\\/la-cocina-de-los-genios-se-presenta-experiencia-artistica-gastronomica-gaudi-miro-casals-picasso\\\/#respond\"]}]},{\"@type\":\"WebPage\",\"@id\":\"https:\\\/\\\/eurecat.org\\\/es\\\/la-cocina-de-los-genios-se-presenta-experiencia-artistica-gastronomica-gaudi-miro-casals-picasso\\\/\",\"url\":\"https:\\\/\\\/eurecat.org\\\/es\\\/la-cocina-de-los-genios-se-presenta-experiencia-artistica-gastronomica-gaudi-miro-casals-picasso\\\/\",\"name\":\"\u201cLa Cocina de los Genios\u201d se presenta experiencia art\u00edstica y gastron\u00f3mica\",\"isPartOf\":{\"@id\":\"https:\\\/\\\/eurecat.org\\\/es\\\/#website\"},\"primaryImageOfPage\":{\"@id\":\"https:\\\/\\\/eurecat.org\\\/es\\\/la-cocina-de-los-genios-se-presenta-experiencia-artistica-gastronomica-gaudi-miro-casals-picasso\\\/#primaryimage\"},\"image\":{\"@id\":\"https:\\\/\\\/eurecat.org\\\/es\\\/la-cocina-de-los-genios-se-presenta-experiencia-artistica-gastronomica-gaudi-miro-casals-picasso\\\/#primaryimage\"},\"thumbnailUrl\":\"https:\\\/\\\/eurecat.org\\\/wp-content\\\/uploads\\\/2020\\\/01\\\/Eurecat_CuinaDelsGenis_930x515px.jpg\",\"datePublished\":\"2020-01-28T17:06:51+00:00\",\"dateModified\":\"2020-01-29T08:28:29+00:00\",\"author\":{\"@id\":\"https:\\\/\\\/eurecat.org\\\/es\\\/#\\\/schema\\\/person\\\/8342992d6929ad043b305d3cac68b3f4\"},\"description\":\"\u201cLa Cocina de los Genios\u201d se presenta con una experiencia art\u00edstica y gastron\u00f3mica genial de la mano de Gaud\u00ed, Mir\u00f3, Casals y Picasso.\",\"breadcrumb\":{\"@id\":\"https:\\\/\\\/eurecat.org\\\/es\\\/la-cocina-de-los-genios-se-presenta-experiencia-artistica-gastronomica-gaudi-miro-casals-picasso\\\/#breadcrumb\"},\"inLanguage\":\"es\",\"potentialAction\":[{\"@type\":\"ReadAction\",\"target\":[\"https:\\\/\\\/eurecat.org\\\/es\\\/la-cocina-de-los-genios-se-presenta-experiencia-artistica-gastronomica-gaudi-miro-casals-picasso\\\/\"]}]},{\"@type\":\"ImageObject\",\"inLanguage\":\"es\",\"@id\":\"https:\\\/\\\/eurecat.org\\\/es\\\/la-cocina-de-los-genios-se-presenta-experiencia-artistica-gastronomica-gaudi-miro-casals-picasso\\\/#primaryimage\",\"url\":\"https:\\\/\\\/eurecat.org\\\/wp-content\\\/uploads\\\/2020\\\/01\\\/Eurecat_CuinaDelsGenis_930x515px.jpg\",\"contentUrl\":\"https:\\\/\\\/eurecat.org\\\/wp-content\\\/uploads\\\/2020\\\/01\\\/Eurecat_CuinaDelsGenis_930x515px.jpg\",\"width\":930,\"height\":515,\"caption\":\"eurecat cuina dels genis\"},{\"@type\":\"BreadcrumbList\",\"@id\":\"https:\\\/\\\/eurecat.org\\\/es\\\/la-cocina-de-los-genios-se-presenta-experiencia-artistica-gastronomica-gaudi-miro-casals-picasso\\\/#breadcrumb\",\"itemListElement\":[{\"@type\":\"ListItem\",\"position\":1,\"name\":\"Inici\",\"item\":\"https:\\\/\\\/eurecat.org\\\/es\\\/\"},{\"@type\":\"ListItem\",\"position\":2,\"name\":\"\u201cLa Cocina de los Genios\u201d se presenta con una experiencia art\u00edstica y gastron\u00f3mica genial de la mano de Gaud\u00ed, Mir\u00f3, Casals y Picasso\"}]},{\"@type\":\"WebSite\",\"@id\":\"https:\\\/\\\/eurecat.org\\\/es\\\/#website\",\"url\":\"https:\\\/\\\/eurecat.org\\\/es\\\/\",\"name\":\"Eurecat\",\"description\":\"Otro sitio realizado con WordPress\",\"potentialAction\":[{\"@type\":\"SearchAction\",\"target\":{\"@type\":\"EntryPoint\",\"urlTemplate\":\"https:\\\/\\\/eurecat.org\\\/es\\\/?s={search_term_string}\"},\"query-input\":{\"@type\":\"PropertyValueSpecification\",\"valueRequired\":true,\"valueName\":\"search_term_string\"}}],\"inLanguage\":\"es\"},{\"@type\":\"Person\",\"@id\":\"https:\\\/\\\/eurecat.org\\\/es\\\/#\\\/schema\\\/person\\\/8342992d6929ad043b305d3cac68b3f4\",\"name\":\"eurecatNG\",\"image\":{\"@type\":\"ImageObject\",\"inLanguage\":\"es\",\"@id\":\"https:\\\/\\\/secure.gravatar.com\\\/avatar\\\/63200cb70ae4f15a0f673050f36df149dba802bea7614e8f838aaccfcf8ea11d?s=96&d=mm&r=g\",\"url\":\"https:\\\/\\\/secure.gravatar.com\\\/avatar\\\/63200cb70ae4f15a0f673050f36df149dba802bea7614e8f838aaccfcf8ea11d?s=96&d=mm&r=g\",\"contentUrl\":\"https:\\\/\\\/secure.gravatar.com\\\/avatar\\\/63200cb70ae4f15a0f673050f36df149dba802bea7614e8f838aaccfcf8ea11d?s=96&d=mm&r=g\",\"caption\":\"eurecatNG\"}}]}<\/script>\n<!-- \/ Yoast SEO plugin. -->","yoast_head_json":{"title":"\u201cLa Cocina de los Genios\u201d se presenta experiencia art\u00edstica y gastron\u00f3mica","description":"\u201cLa Cocina de los Genios\u201d se presenta con una experiencia art\u00edstica y gastron\u00f3mica genial de la mano de Gaud\u00ed, Mir\u00f3, Casals y Picasso.","robots":{"index":"index","follow":"follow","max-snippet":"max-snippet:-1","max-image-preview":"max-image-preview:large","max-video-preview":"max-video-preview:-1"},"canonical":"https:\/\/eurecat.org\/es\/la-cocina-de-los-genios-se-presenta-experiencia-artistica-gastronomica-gaudi-miro-casals-picasso\/","og_locale":"es_ES","og_type":"article","og_title":"\u201cLa Cocina de los Genios\u201d se presenta experiencia art\u00edstica y gastron\u00f3mica","og_description":"\u201cLa Cocina de los Genios\u201d se presenta con una experiencia art\u00edstica y gastron\u00f3mica genial de la mano de Gaud\u00ed, Mir\u00f3, Casals y Picasso.","og_url":"https:\/\/eurecat.org\/es\/la-cocina-de-los-genios-se-presenta-experiencia-artistica-gastronomica-gaudi-miro-casals-picasso\/","og_site_name":"Eurecat","article_published_time":"2020-01-28T17:06:51+00:00","article_modified_time":"2020-01-29T08:28:29+00:00","og_image":[{"width":930,"height":515,"url":"https:\/\/eurecat.org\/wp-content\/uploads\/2020\/01\/Eurecat_CuinaDelsGenis_930x515px.jpg","type":"image\/jpeg"}],"author":"eurecatNG","twitter_card":"summary_large_image","twitter_misc":{"Escrito por":"eurecatNG","Tiempo de lectura":"5 minutos"},"schema":{"@context":"https:\/\/schema.org","@graph":[{"@type":"Article","@id":"https:\/\/eurecat.org\/es\/la-cocina-de-los-genios-se-presenta-experiencia-artistica-gastronomica-gaudi-miro-casals-picasso\/#article","isPartOf":{"@id":"https:\/\/eurecat.org\/es\/la-cocina-de-los-genios-se-presenta-experiencia-artistica-gastronomica-gaudi-miro-casals-picasso\/"},"author":{"name":"eurecatNG","@id":"https:\/\/eurecat.org\/es\/#\/schema\/person\/8342992d6929ad043b305d3cac68b3f4"},"headline":"\u201cLa Cocina de los Genios\u201d se presenta con una experiencia art\u00edstica y gastron\u00f3mica genial de la mano de Gaud\u00ed, Mir\u00f3, Casals y Picasso","datePublished":"2020-01-28T17:06:51+00:00","dateModified":"2020-01-29T08:28:29+00:00","mainEntityOfPage":{"@id":"https:\/\/eurecat.org\/es\/la-cocina-de-los-genios-se-presenta-experiencia-artistica-gastronomica-gaudi-miro-casals-picasso\/"},"wordCount":1116,"commentCount":0,"image":{"@id":"https:\/\/eurecat.org\/es\/la-cocina-de-los-genios-se-presenta-experiencia-artistica-gastronomica-gaudi-miro-casals-picasso\/#primaryimage"},"thumbnailUrl":"https:\/\/eurecat.org\/wp-content\/uploads\/2020\/01\/Eurecat_CuinaDelsGenis_930x515px.jpg","articleSection":["Notas de prensa","Turisme"],"inLanguage":"es","potentialAction":[{"@type":"CommentAction","name":"Comment","target":["https:\/\/eurecat.org\/es\/la-cocina-de-los-genios-se-presenta-experiencia-artistica-gastronomica-gaudi-miro-casals-picasso\/#respond"]}]},{"@type":"WebPage","@id":"https:\/\/eurecat.org\/es\/la-cocina-de-los-genios-se-presenta-experiencia-artistica-gastronomica-gaudi-miro-casals-picasso\/","url":"https:\/\/eurecat.org\/es\/la-cocina-de-los-genios-se-presenta-experiencia-artistica-gastronomica-gaudi-miro-casals-picasso\/","name":"\u201cLa Cocina de los Genios\u201d se presenta experiencia art\u00edstica y gastron\u00f3mica","isPartOf":{"@id":"https:\/\/eurecat.org\/es\/#website"},"primaryImageOfPage":{"@id":"https:\/\/eurecat.org\/es\/la-cocina-de-los-genios-se-presenta-experiencia-artistica-gastronomica-gaudi-miro-casals-picasso\/#primaryimage"},"image":{"@id":"https:\/\/eurecat.org\/es\/la-cocina-de-los-genios-se-presenta-experiencia-artistica-gastronomica-gaudi-miro-casals-picasso\/#primaryimage"},"thumbnailUrl":"https:\/\/eurecat.org\/wp-content\/uploads\/2020\/01\/Eurecat_CuinaDelsGenis_930x515px.jpg","datePublished":"2020-01-28T17:06:51+00:00","dateModified":"2020-01-29T08:28:29+00:00","author":{"@id":"https:\/\/eurecat.org\/es\/#\/schema\/person\/8342992d6929ad043b305d3cac68b3f4"},"description":"\u201cLa Cocina de los Genios\u201d se presenta con una experiencia art\u00edstica y gastron\u00f3mica genial de la mano de Gaud\u00ed, Mir\u00f3, Casals y Picasso.","breadcrumb":{"@id":"https:\/\/eurecat.org\/es\/la-cocina-de-los-genios-se-presenta-experiencia-artistica-gastronomica-gaudi-miro-casals-picasso\/#breadcrumb"},"inLanguage":"es","potentialAction":[{"@type":"ReadAction","target":["https:\/\/eurecat.org\/es\/la-cocina-de-los-genios-se-presenta-experiencia-artistica-gastronomica-gaudi-miro-casals-picasso\/"]}]},{"@type":"ImageObject","inLanguage":"es","@id":"https:\/\/eurecat.org\/es\/la-cocina-de-los-genios-se-presenta-experiencia-artistica-gastronomica-gaudi-miro-casals-picasso\/#primaryimage","url":"https:\/\/eurecat.org\/wp-content\/uploads\/2020\/01\/Eurecat_CuinaDelsGenis_930x515px.jpg","contentUrl":"https:\/\/eurecat.org\/wp-content\/uploads\/2020\/01\/Eurecat_CuinaDelsGenis_930x515px.jpg","width":930,"height":515,"caption":"eurecat cuina dels genis"},{"@type":"BreadcrumbList","@id":"https:\/\/eurecat.org\/es\/la-cocina-de-los-genios-se-presenta-experiencia-artistica-gastronomica-gaudi-miro-casals-picasso\/#breadcrumb","itemListElement":[{"@type":"ListItem","position":1,"name":"Inici","item":"https:\/\/eurecat.org\/es\/"},{"@type":"ListItem","position":2,"name":"\u201cLa Cocina de los Genios\u201d se presenta con una experiencia art\u00edstica y gastron\u00f3mica genial de la mano de Gaud\u00ed, Mir\u00f3, Casals y Picasso"}]},{"@type":"WebSite","@id":"https:\/\/eurecat.org\/es\/#website","url":"https:\/\/eurecat.org\/es\/","name":"Eurecat","description":"Otro sitio realizado con WordPress","potentialAction":[{"@type":"SearchAction","target":{"@type":"EntryPoint","urlTemplate":"https:\/\/eurecat.org\/es\/?s={search_term_string}"},"query-input":{"@type":"PropertyValueSpecification","valueRequired":true,"valueName":"search_term_string"}}],"inLanguage":"es"},{"@type":"Person","@id":"https:\/\/eurecat.org\/es\/#\/schema\/person\/8342992d6929ad043b305d3cac68b3f4","name":"eurecatNG","image":{"@type":"ImageObject","inLanguage":"es","@id":"https:\/\/secure.gravatar.com\/avatar\/63200cb70ae4f15a0f673050f36df149dba802bea7614e8f838aaccfcf8ea11d?s=96&d=mm&r=g","url":"https:\/\/secure.gravatar.com\/avatar\/63200cb70ae4f15a0f673050f36df149dba802bea7614e8f838aaccfcf8ea11d?s=96&d=mm&r=g","contentUrl":"https:\/\/secure.gravatar.com\/avatar\/63200cb70ae4f15a0f673050f36df149dba802bea7614e8f838aaccfcf8ea11d?s=96&d=mm&r=g","caption":"eurecatNG"}}]}},"_links":{"self":[{"href":"https:\/\/eurecat.org\/es\/wp-json\/wp\/v2\/posts\/95308","targetHints":{"allow":["GET"]}}],"collection":[{"href":"https:\/\/eurecat.org\/es\/wp-json\/wp\/v2\/posts"}],"about":[{"href":"https:\/\/eurecat.org\/es\/wp-json\/wp\/v2\/types\/post"}],"author":[{"embeddable":true,"href":"https:\/\/eurecat.org\/es\/wp-json\/wp\/v2\/users\/27"}],"replies":[{"embeddable":true,"href":"https:\/\/eurecat.org\/es\/wp-json\/wp\/v2\/comments?post=95308"}],"version-history":[{"count":0,"href":"https:\/\/eurecat.org\/es\/wp-json\/wp\/v2\/posts\/95308\/revisions"}],"wp:featuredmedia":[{"embeddable":true,"href":"https:\/\/eurecat.org\/es\/wp-json\/wp\/v2\/media\/95305"}],"wp:attachment":[{"href":"https:\/\/eurecat.org\/es\/wp-json\/wp\/v2\/media?parent=95308"}],"wp:term":[{"taxonomy":"category","embeddable":true,"href":"https:\/\/eurecat.org\/es\/wp-json\/wp\/v2\/categories?post=95308"},{"taxonomy":"post_tag","embeddable":true,"href":"https:\/\/eurecat.org\/es\/wp-json\/wp\/v2\/tags?post=95308"}],"curies":[{"name":"wp","href":"https:\/\/api.w.org\/{rel}","templated":true}]}}