{"id":96220,"date":"2020-02-14T11:06:23","date_gmt":"2020-02-14T11:06:23","guid":{"rendered":"https:\/\/eurecat.org\/?p=96220"},"modified":"2020-02-14T11:27:36","modified_gmt":"2020-02-14T11:27:36","slug":"forum-turistic-debatira-tecnologia-descentralizar-desestacionalizar-turismo","status":"publish","type":"post","link":"https:\/\/eurecat.org\/es\/forum-turistic-debatira-tecnologia-descentralizar-desestacionalizar-turismo\/","title":{"rendered":"El Forum TurisTIC debatir\u00e1 sobre la tecnolog\u00eda para descentralizar y desestacionalizar el turismo"},"content":{"rendered":"<p>La octava edici\u00f3n del congreso <strong><a href=\"https:\/\/www.forumturistic.com\/ca\/\" target=\"_blank\" rel=\"noopener noreferrer\">Forum TurisTIC<\/a><\/strong> ha abierto el plazo para <strong><a href=\"https:\/\/www.tfaforms.com\/4799803\" target=\"_blank\" rel=\"noopener noreferrer\">presentar candidaturas<\/a><\/strong> de proyectos tur\u00edsticos innovadores con base tecnol\u00f3gica que contribuyan a la <strong>descentralizaci\u00f3n<\/strong> y la <strong>desestacionalizaci\u00f3n<\/strong> del <strong>turismo<\/strong>, haci\u00e9ndolo m\u00e1s sostenible tanto a nivel social, como econ\u00f3mico y medioambiental. La convocatoria estar\u00e1 abierta hasta el pr\u00f3ximo 23 de febrero y los diez proyectos seleccionados podr\u00e1n contar su experiencia innovadora en turismo ante un p\u00fablico especializado en la sesi\u00f3n \u201c<strong>Casos de \u00c9xito<\/strong>\u201d.<\/p>\n<p>El Forum TurisTIC reunir\u00e1 en Barcelona expertos de nivel nacional e internacional, as\u00ed como instituciones p\u00fablicas y asociaciones, que debatir\u00e1n sobre soluciones tecnol\u00f3gicas para definir nuevos modelos tur\u00edsticos seg\u00fan la demanda, la gesti\u00f3n de espacios masificados o ejemplos positivos de desconcentraci\u00f3n o desestacionalizaci\u00f3n, con el objetivo de ofrecer un turismo de calidad, experiencial, sostenible, responsable y m\u00e1s equilibrado tanto en el \u00e1mbito rural como en el urbano.<\/p>\n<p>El evento de referencia en la aplicaci\u00f3n de las TIC en el sector del Turismo, organizado por el centro tecnol\u00f3gico <strong><a href=\"http:\/\/eurecat.org\/es\/\" target=\"_blank\" rel=\"noopener noreferrer\">Eurecat<\/a> <\/strong>(miembro de Tecnio), se celebrar\u00e1 el pr\u00f3ximo <strong>31 de marzo en el CaixaForum Barcelona<\/strong> bajo el t\u00edtulo \u201cMorir de \u00e9xito. Hacia nuevos modelos tur\u00edsticos. Soluciones tecnol\u00f3gicas orientadas a la desconcentraci\u00f3n y la desestacionalizaci\u00f3n tur\u00edstica\u201d. El congreso mostrar\u00e1 casos de \u00e9xito de empresas tecnol\u00f3gicas y tur\u00edsticas y nuevos proyectos y modelos de negocio, y contar\u00e1 con ponencias y una mesa de debate de expertos del \u00e1mbito p\u00fablico y privado.<\/p>\n<p>La octava edici\u00f3n del Forum TurisTIC cuenta con el patrocinio principal de la Generalitat de Catalunya a trav\u00e9s del Departamento de Empresa y Conocimiento, el Ayuntamiento de Barcelona, \u200b\u200bla Diputaci\u00f3n de Barcelona y Elogia, y con la colaboraci\u00f3n del proyecto europeo CHARM (Immersive Experiences in European Charming Villages), liderado por la Agencia Catalana de Turismo (ACT).<\/p>\n","protected":false},"excerpt":{"rendered":"<p>La octava edici\u00f3n del congreso Forum TurisTIC ha abierto el plazo para presentar candidaturas de proyectos tur\u00edsticos innovadores con base tecnol\u00f3gica que contribuyan a la descentralizaci\u00f3n y la desestacionalizaci\u00f3n del turismo, haci\u00e9ndolo m\u00e1s sostenible tanto a nivel social, como econ\u00f3mico y medioambiental. La convocatoria estar\u00e1 abierta hasta el pr\u00f3ximo 23 de febrero y los diez  [&#8230;]<\/p>\n","protected":false},"author":27,"featured_media":96219,"comment_status":"open","ping_status":"closed","sticky":false,"template":"","format":"standard","meta":{"footnotes":""},"categories":[702,134,1885],"tags":[],"class_list":["post-96220","post","type-post","status-publish","format-standard","has-post-thumbnail","hentry","category-eventos","category-notas-de-prensa","category-turisme"],"yoast_head":"<!-- This site is optimized with the Yoast SEO plugin v27.4 - https:\/\/yoast.com\/product\/yoast-seo-wordpress\/ -->\n<title>El Forum TurisTIC debatir\u00e1 sobre la tecnolog\u00eda para descentralizar y desestacionalizar el turismo - Eurecat<\/title>\n<meta name=\"description\" content=\"El Forum TurisTIC ha abierto el plazo para presentar candidaturas de proyectos que contribuyan a la descentralizaci\u00f3n y desestacionalizaci\u00f3n del turismo.\" \/>\n<meta name=\"robots\" content=\"index, follow, max-snippet:-1, max-image-preview:large, max-video-preview:-1\" \/>\n<link rel=\"canonical\" href=\"https:\/\/eurecat.org\/es\/forum-turistic-debatira-tecnologia-descentralizar-desestacionalizar-turismo\/\" \/>\n<meta property=\"og:locale\" content=\"es_ES\" \/>\n<meta property=\"og:type\" content=\"article\" \/>\n<meta property=\"og:title\" content=\"El Forum TurisTIC debatir\u00e1 sobre la tecnolog\u00eda para descentralizar y desestacionalizar el turismo - Eurecat\" \/>\n<meta property=\"og:description\" content=\"El Forum TurisTIC ha abierto el plazo para presentar candidaturas de proyectos que contribuyan a la descentralizaci\u00f3n y desestacionalizaci\u00f3n del turismo.\" \/>\n<meta property=\"og:url\" content=\"https:\/\/eurecat.org\/es\/forum-turistic-debatira-tecnologia-descentralizar-desestacionalizar-turismo\/\" \/>\n<meta property=\"og:site_name\" content=\"Eurecat\" \/>\n<meta property=\"article:published_time\" content=\"2020-02-14T11:06:23+00:00\" \/>\n<meta property=\"article:modified_time\" content=\"2020-02-14T11:27:36+00:00\" \/>\n<meta property=\"og:image\" content=\"https:\/\/eurecat.org\/wp-content\/uploads\/2020\/02\/Eurecat-FORUMTURISTIC_930x515px.jpg\" \/>\n\t<meta property=\"og:image:width\" content=\"930\" \/>\n\t<meta property=\"og:image:height\" content=\"515\" \/>\n\t<meta property=\"og:image:type\" content=\"image\/jpeg\" \/>\n<meta name=\"author\" content=\"eurecatNG\" \/>\n<meta name=\"twitter:card\" content=\"summary_large_image\" \/>\n<meta name=\"twitter:label1\" content=\"Escrito por\" \/>\n\t<meta name=\"twitter:data1\" content=\"eurecatNG\" \/>\n\t<meta name=\"twitter:label2\" content=\"Tiempo de lectura\" \/>\n\t<meta name=\"twitter:data2\" content=\"2 minutos\" \/>\n<script type=\"application\/ld+json\" class=\"yoast-schema-graph\">{\"@context\":\"https:\\\/\\\/schema.org\",\"@graph\":[{\"@type\":\"Article\",\"@id\":\"https:\\\/\\\/eurecat.org\\\/es\\\/forum-turistic-debatira-tecnologia-descentralizar-desestacionalizar-turismo\\\/#article\",\"isPartOf\":{\"@id\":\"https:\\\/\\\/eurecat.org\\\/es\\\/forum-turistic-debatira-tecnologia-descentralizar-desestacionalizar-turismo\\\/\"},\"author\":{\"name\":\"eurecatNG\",\"@id\":\"https:\\\/\\\/eurecat.org\\\/es\\\/#\\\/schema\\\/person\\\/8342992d6929ad043b305d3cac68b3f4\"},\"headline\":\"El Forum TurisTIC debatir\u00e1 sobre la tecnolog\u00eda para descentralizar y desestacionalizar el turismo\",\"datePublished\":\"2020-02-14T11:06:23+00:00\",\"dateModified\":\"2020-02-14T11:27:36+00:00\",\"mainEntityOfPage\":{\"@id\":\"https:\\\/\\\/eurecat.org\\\/es\\\/forum-turistic-debatira-tecnologia-descentralizar-desestacionalizar-turismo\\\/\"},\"wordCount\":335,\"commentCount\":0,\"image\":{\"@id\":\"https:\\\/\\\/eurecat.org\\\/es\\\/forum-turistic-debatira-tecnologia-descentralizar-desestacionalizar-turismo\\\/#primaryimage\"},\"thumbnailUrl\":\"https:\\\/\\\/eurecat.org\\\/wp-content\\\/uploads\\\/2020\\\/02\\\/Eurecat-FORUMTURISTIC_930x515px.jpg\",\"articleSection\":[\"Eventos\",\"Notas de prensa\",\"Turisme\"],\"inLanguage\":\"es\",\"potentialAction\":[{\"@type\":\"CommentAction\",\"name\":\"Comment\",\"target\":[\"https:\\\/\\\/eurecat.org\\\/es\\\/forum-turistic-debatira-tecnologia-descentralizar-desestacionalizar-turismo\\\/#respond\"]}]},{\"@type\":\"WebPage\",\"@id\":\"https:\\\/\\\/eurecat.org\\\/es\\\/forum-turistic-debatira-tecnologia-descentralizar-desestacionalizar-turismo\\\/\",\"url\":\"https:\\\/\\\/eurecat.org\\\/es\\\/forum-turistic-debatira-tecnologia-descentralizar-desestacionalizar-turismo\\\/\",\"name\":\"El Forum TurisTIC debatir\u00e1 sobre la tecnolog\u00eda para descentralizar y desestacionalizar el turismo - Eurecat\",\"isPartOf\":{\"@id\":\"https:\\\/\\\/eurecat.org\\\/es\\\/#website\"},\"primaryImageOfPage\":{\"@id\":\"https:\\\/\\\/eurecat.org\\\/es\\\/forum-turistic-debatira-tecnologia-descentralizar-desestacionalizar-turismo\\\/#primaryimage\"},\"image\":{\"@id\":\"https:\\\/\\\/eurecat.org\\\/es\\\/forum-turistic-debatira-tecnologia-descentralizar-desestacionalizar-turismo\\\/#primaryimage\"},\"thumbnailUrl\":\"https:\\\/\\\/eurecat.org\\\/wp-content\\\/uploads\\\/2020\\\/02\\\/Eurecat-FORUMTURISTIC_930x515px.jpg\",\"datePublished\":\"2020-02-14T11:06:23+00:00\",\"dateModified\":\"2020-02-14T11:27:36+00:00\",\"author\":{\"@id\":\"https:\\\/\\\/eurecat.org\\\/es\\\/#\\\/schema\\\/person\\\/8342992d6929ad043b305d3cac68b3f4\"},\"description\":\"El Forum TurisTIC ha abierto el plazo para presentar candidaturas de proyectos que contribuyan a la descentralizaci\u00f3n y desestacionalizaci\u00f3n del turismo.\",\"breadcrumb\":{\"@id\":\"https:\\\/\\\/eurecat.org\\\/es\\\/forum-turistic-debatira-tecnologia-descentralizar-desestacionalizar-turismo\\\/#breadcrumb\"},\"inLanguage\":\"es\",\"potentialAction\":[{\"@type\":\"ReadAction\",\"target\":[\"https:\\\/\\\/eurecat.org\\\/es\\\/forum-turistic-debatira-tecnologia-descentralizar-desestacionalizar-turismo\\\/\"]}]},{\"@type\":\"ImageObject\",\"inLanguage\":\"es\",\"@id\":\"https:\\\/\\\/eurecat.org\\\/es\\\/forum-turistic-debatira-tecnologia-descentralizar-desestacionalizar-turismo\\\/#primaryimage\",\"url\":\"https:\\\/\\\/eurecat.org\\\/wp-content\\\/uploads\\\/2020\\\/02\\\/Eurecat-FORUMTURISTIC_930x515px.jpg\",\"contentUrl\":\"https:\\\/\\\/eurecat.org\\\/wp-content\\\/uploads\\\/2020\\\/02\\\/Eurecat-FORUMTURISTIC_930x515px.jpg\",\"width\":930,\"height\":515,\"caption\":\"eurecat forum turistic turisme\"},{\"@type\":\"BreadcrumbList\",\"@id\":\"https:\\\/\\\/eurecat.org\\\/es\\\/forum-turistic-debatira-tecnologia-descentralizar-desestacionalizar-turismo\\\/#breadcrumb\",\"itemListElement\":[{\"@type\":\"ListItem\",\"position\":1,\"name\":\"Inici\",\"item\":\"https:\\\/\\\/eurecat.org\\\/es\\\/\"},{\"@type\":\"ListItem\",\"position\":2,\"name\":\"El Forum TurisTIC debatir\u00e1 sobre la tecnolog\u00eda para descentralizar y desestacionalizar el turismo\"}]},{\"@type\":\"WebSite\",\"@id\":\"https:\\\/\\\/eurecat.org\\\/es\\\/#website\",\"url\":\"https:\\\/\\\/eurecat.org\\\/es\\\/\",\"name\":\"Eurecat\",\"description\":\"Otro sitio realizado con WordPress\",\"potentialAction\":[{\"@type\":\"SearchAction\",\"target\":{\"@type\":\"EntryPoint\",\"urlTemplate\":\"https:\\\/\\\/eurecat.org\\\/es\\\/?s={search_term_string}\"},\"query-input\":{\"@type\":\"PropertyValueSpecification\",\"valueRequired\":true,\"valueName\":\"search_term_string\"}}],\"inLanguage\":\"es\"},{\"@type\":\"Person\",\"@id\":\"https:\\\/\\\/eurecat.org\\\/es\\\/#\\\/schema\\\/person\\\/8342992d6929ad043b305d3cac68b3f4\",\"name\":\"eurecatNG\",\"image\":{\"@type\":\"ImageObject\",\"inLanguage\":\"es\",\"@id\":\"https:\\\/\\\/secure.gravatar.com\\\/avatar\\\/63200cb70ae4f15a0f673050f36df149dba802bea7614e8f838aaccfcf8ea11d?s=96&d=mm&r=g\",\"url\":\"https:\\\/\\\/secure.gravatar.com\\\/avatar\\\/63200cb70ae4f15a0f673050f36df149dba802bea7614e8f838aaccfcf8ea11d?s=96&d=mm&r=g\",\"contentUrl\":\"https:\\\/\\\/secure.gravatar.com\\\/avatar\\\/63200cb70ae4f15a0f673050f36df149dba802bea7614e8f838aaccfcf8ea11d?s=96&d=mm&r=g\",\"caption\":\"eurecatNG\"}}]}<\/script>\n<!-- \/ Yoast SEO plugin. -->","yoast_head_json":{"title":"El Forum TurisTIC debatir\u00e1 sobre la tecnolog\u00eda para descentralizar y desestacionalizar el turismo - Eurecat","description":"El Forum TurisTIC ha abierto el plazo para presentar candidaturas de proyectos que contribuyan a la descentralizaci\u00f3n y desestacionalizaci\u00f3n del turismo.","robots":{"index":"index","follow":"follow","max-snippet":"max-snippet:-1","max-image-preview":"max-image-preview:large","max-video-preview":"max-video-preview:-1"},"canonical":"https:\/\/eurecat.org\/es\/forum-turistic-debatira-tecnologia-descentralizar-desestacionalizar-turismo\/","og_locale":"es_ES","og_type":"article","og_title":"El Forum TurisTIC debatir\u00e1 sobre la tecnolog\u00eda para descentralizar y desestacionalizar el turismo - Eurecat","og_description":"El Forum TurisTIC ha abierto el plazo para presentar candidaturas de proyectos que contribuyan a la descentralizaci\u00f3n y desestacionalizaci\u00f3n del turismo.","og_url":"https:\/\/eurecat.org\/es\/forum-turistic-debatira-tecnologia-descentralizar-desestacionalizar-turismo\/","og_site_name":"Eurecat","article_published_time":"2020-02-14T11:06:23+00:00","article_modified_time":"2020-02-14T11:27:36+00:00","og_image":[{"width":930,"height":515,"url":"https:\/\/eurecat.org\/wp-content\/uploads\/2020\/02\/Eurecat-FORUMTURISTIC_930x515px.jpg","type":"image\/jpeg"}],"author":"eurecatNG","twitter_card":"summary_large_image","twitter_misc":{"Escrito por":"eurecatNG","Tiempo de lectura":"2 minutos"},"schema":{"@context":"https:\/\/schema.org","@graph":[{"@type":"Article","@id":"https:\/\/eurecat.org\/es\/forum-turistic-debatira-tecnologia-descentralizar-desestacionalizar-turismo\/#article","isPartOf":{"@id":"https:\/\/eurecat.org\/es\/forum-turistic-debatira-tecnologia-descentralizar-desestacionalizar-turismo\/"},"author":{"name":"eurecatNG","@id":"https:\/\/eurecat.org\/es\/#\/schema\/person\/8342992d6929ad043b305d3cac68b3f4"},"headline":"El Forum TurisTIC debatir\u00e1 sobre la tecnolog\u00eda para descentralizar y desestacionalizar el turismo","datePublished":"2020-02-14T11:06:23+00:00","dateModified":"2020-02-14T11:27:36+00:00","mainEntityOfPage":{"@id":"https:\/\/eurecat.org\/es\/forum-turistic-debatira-tecnologia-descentralizar-desestacionalizar-turismo\/"},"wordCount":335,"commentCount":0,"image":{"@id":"https:\/\/eurecat.org\/es\/forum-turistic-debatira-tecnologia-descentralizar-desestacionalizar-turismo\/#primaryimage"},"thumbnailUrl":"https:\/\/eurecat.org\/wp-content\/uploads\/2020\/02\/Eurecat-FORUMTURISTIC_930x515px.jpg","articleSection":["Eventos","Notas de prensa","Turisme"],"inLanguage":"es","potentialAction":[{"@type":"CommentAction","name":"Comment","target":["https:\/\/eurecat.org\/es\/forum-turistic-debatira-tecnologia-descentralizar-desestacionalizar-turismo\/#respond"]}]},{"@type":"WebPage","@id":"https:\/\/eurecat.org\/es\/forum-turistic-debatira-tecnologia-descentralizar-desestacionalizar-turismo\/","url":"https:\/\/eurecat.org\/es\/forum-turistic-debatira-tecnologia-descentralizar-desestacionalizar-turismo\/","name":"El Forum TurisTIC debatir\u00e1 sobre la tecnolog\u00eda para descentralizar y desestacionalizar el turismo - Eurecat","isPartOf":{"@id":"https:\/\/eurecat.org\/es\/#website"},"primaryImageOfPage":{"@id":"https:\/\/eurecat.org\/es\/forum-turistic-debatira-tecnologia-descentralizar-desestacionalizar-turismo\/#primaryimage"},"image":{"@id":"https:\/\/eurecat.org\/es\/forum-turistic-debatira-tecnologia-descentralizar-desestacionalizar-turismo\/#primaryimage"},"thumbnailUrl":"https:\/\/eurecat.org\/wp-content\/uploads\/2020\/02\/Eurecat-FORUMTURISTIC_930x515px.jpg","datePublished":"2020-02-14T11:06:23+00:00","dateModified":"2020-02-14T11:27:36+00:00","author":{"@id":"https:\/\/eurecat.org\/es\/#\/schema\/person\/8342992d6929ad043b305d3cac68b3f4"},"description":"El Forum TurisTIC ha abierto el plazo para presentar candidaturas de proyectos que contribuyan a la descentralizaci\u00f3n y desestacionalizaci\u00f3n del turismo.","breadcrumb":{"@id":"https:\/\/eurecat.org\/es\/forum-turistic-debatira-tecnologia-descentralizar-desestacionalizar-turismo\/#breadcrumb"},"inLanguage":"es","potentialAction":[{"@type":"ReadAction","target":["https:\/\/eurecat.org\/es\/forum-turistic-debatira-tecnologia-descentralizar-desestacionalizar-turismo\/"]}]},{"@type":"ImageObject","inLanguage":"es","@id":"https:\/\/eurecat.org\/es\/forum-turistic-debatira-tecnologia-descentralizar-desestacionalizar-turismo\/#primaryimage","url":"https:\/\/eurecat.org\/wp-content\/uploads\/2020\/02\/Eurecat-FORUMTURISTIC_930x515px.jpg","contentUrl":"https:\/\/eurecat.org\/wp-content\/uploads\/2020\/02\/Eurecat-FORUMTURISTIC_930x515px.jpg","width":930,"height":515,"caption":"eurecat forum turistic turisme"},{"@type":"BreadcrumbList","@id":"https:\/\/eurecat.org\/es\/forum-turistic-debatira-tecnologia-descentralizar-desestacionalizar-turismo\/#breadcrumb","itemListElement":[{"@type":"ListItem","position":1,"name":"Inici","item":"https:\/\/eurecat.org\/es\/"},{"@type":"ListItem","position":2,"name":"El Forum TurisTIC debatir\u00e1 sobre la tecnolog\u00eda para descentralizar y desestacionalizar el turismo"}]},{"@type":"WebSite","@id":"https:\/\/eurecat.org\/es\/#website","url":"https:\/\/eurecat.org\/es\/","name":"Eurecat","description":"Otro sitio realizado con WordPress","potentialAction":[{"@type":"SearchAction","target":{"@type":"EntryPoint","urlTemplate":"https:\/\/eurecat.org\/es\/?s={search_term_string}"},"query-input":{"@type":"PropertyValueSpecification","valueRequired":true,"valueName":"search_term_string"}}],"inLanguage":"es"},{"@type":"Person","@id":"https:\/\/eurecat.org\/es\/#\/schema\/person\/8342992d6929ad043b305d3cac68b3f4","name":"eurecatNG","image":{"@type":"ImageObject","inLanguage":"es","@id":"https:\/\/secure.gravatar.com\/avatar\/63200cb70ae4f15a0f673050f36df149dba802bea7614e8f838aaccfcf8ea11d?s=96&d=mm&r=g","url":"https:\/\/secure.gravatar.com\/avatar\/63200cb70ae4f15a0f673050f36df149dba802bea7614e8f838aaccfcf8ea11d?s=96&d=mm&r=g","contentUrl":"https:\/\/secure.gravatar.com\/avatar\/63200cb70ae4f15a0f673050f36df149dba802bea7614e8f838aaccfcf8ea11d?s=96&d=mm&r=g","caption":"eurecatNG"}}]}},"_links":{"self":[{"href":"https:\/\/eurecat.org\/es\/wp-json\/wp\/v2\/posts\/96220","targetHints":{"allow":["GET"]}}],"collection":[{"href":"https:\/\/eurecat.org\/es\/wp-json\/wp\/v2\/posts"}],"about":[{"href":"https:\/\/eurecat.org\/es\/wp-json\/wp\/v2\/types\/post"}],"author":[{"embeddable":true,"href":"https:\/\/eurecat.org\/es\/wp-json\/wp\/v2\/users\/27"}],"replies":[{"embeddable":true,"href":"https:\/\/eurecat.org\/es\/wp-json\/wp\/v2\/comments?post=96220"}],"version-history":[{"count":0,"href":"https:\/\/eurecat.org\/es\/wp-json\/wp\/v2\/posts\/96220\/revisions"}],"wp:featuredmedia":[{"embeddable":true,"href":"https:\/\/eurecat.org\/es\/wp-json\/wp\/v2\/media\/96219"}],"wp:attachment":[{"href":"https:\/\/eurecat.org\/es\/wp-json\/wp\/v2\/media?parent=96220"}],"wp:term":[{"taxonomy":"category","embeddable":true,"href":"https:\/\/eurecat.org\/es\/wp-json\/wp\/v2\/categories?post=96220"},{"taxonomy":"post_tag","embeddable":true,"href":"https:\/\/eurecat.org\/es\/wp-json\/wp\/v2\/tags?post=96220"}],"curies":[{"name":"wp","href":"https:\/\/api.w.org\/{rel}","templated":true}]}}