{"id":96516,"date":"2020-01-30T08:28:01","date_gmt":"2020-01-30T08:28:01","guid":{"rendered":"https:\/\/eurecat.org\/?p=96516"},"modified":"2020-02-21T09:43:47","modified_gmt":"2020-02-21T09:43:47","slug":"castillo-montjuic-recupera-memorias-experiencias-barraquismo-montana","status":"publish","type":"post","link":"https:\/\/eurecat.org\/es\/castillo-montjuic-recupera-memorias-experiencias-barraquismo-montana\/","title":{"rendered":"El Castillo de Montju\u00efc recupera las memorias y experiencias del barraquismo en la monta\u00f1a"},"content":{"rendered":"<p>El <strong>Castillo de Montju\u00efc<\/strong> acoge la exposici\u00f3n \u00ab<strong>VIVIR EN MONTJU\u00cfC. Memorias de un barraquismo olvidado<\/strong>\u00bb, que recoge el testimonio de antiguos <strong>barraquistas de Montju\u00efc<\/strong> y fotograf\u00edas que muestran la realidad de las personas llegadas a Barcelona provenientes de varios lugares de Espa\u00f1a en busca de mejores condiciones de vida, y que se establecieron en las barracas de la monta\u00f1a de Montju\u00efc.<\/p>\n<p>El equipo especializado en cultura y museograf\u00eda del departamento de Consultor\u00eda del centro tecnol\u00f3gico <strong><a href=\"http:\/\/eurecat.org\/es\/\" target=\"_blank\" rel=\"noopener noreferrer\">Eurecat<\/a><\/strong> se ha encargado de la conceptualizaci\u00f3n de la exposici\u00f3n, los contenidos y de la coordinaci\u00f3n t\u00e9cnica del proyecto. La exposici\u00f3n, organizada por el Instituto de Cultura de Barcelona (ICUB) del Ayuntamiento de Barcelona y producida por ALS y Eurecat, se podr\u00e1 visitar hasta el 2 de agosto de 2020 en las salas 18 y 19 del Castillo de Montju\u00efc.<\/p>\n<p>A partir de la memoria colectiva de los antiguos barraquistas, la muestra pone en valor la historia y el papel que tuvo el barraquismo en la Barcelona de la posguerra, y en concreto, la realidad de los barrios de barracas situados en la monta\u00f1a de Montju\u00efc.<\/p>\n<p>La primera sala de la exposici\u00f3n presenta un recorrido a trav\u00e9s de varias puertas que invitan al visitante a hacer el viaje del inmigrante, la llegada a la ciudad de Barcelona y el proceso hasta encontrar o construir una barraca donde poder vivir. Un audiovisual con entrevistas a antiguos barraquistas pone de manifiesto c\u00f3mo era la vida en Montju\u00efc, y como a pesar de las privaciones y limitaciones que implicaba la vida en un espacio tan reducido, eran felices y consolidaron lazos de amistad y solidaridad vecinal.<\/p>\n<p>La segunda sala ofrece al visitante la posibilidad de adentrarse en una calle de los barrios de barracas de Montju\u00efc. Desde la vida de barrio, las construcciones y los materiales, hasta la organizaci\u00f3n de sus habitantes.<\/p>\n<p>La muestra est\u00e1 comisionada por los antiguos barraquistas de Montju\u00efc Francesc Ban\u00fas y Rafel Usero, y por el miembro del Centro de Estudios de Montju\u00efc Oriol Granados, quien tuvo un contacto personal temporal con las barracas de Montju\u00efc, a las sesiones dominicales y en escuela de Las Banderas.<\/p>\n","protected":false},"excerpt":{"rendered":"<p>El Castillo de Montju\u00efc acoge la exposici\u00f3n \u00abVIVIR EN MONTJU\u00cfC. Memorias de un barraquismo olvidado\u00bb, que recoge el testimonio de antiguos barraquistas de Montju\u00efc y fotograf\u00edas que muestran la realidad de las personas llegadas a Barcelona provenientes de varios lugares de Espa\u00f1a en busca de mejores condiciones de vida, y que se establecieron en las  [&#8230;]<\/p>\n","protected":false},"author":27,"featured_media":96503,"comment_status":"open","ping_status":"closed","sticky":false,"template":"","format":"standard","meta":{"footnotes":""},"categories":[394,134],"tags":[],"class_list":["post-96516","post","type-post","status-publish","format-standard","has-post-thumbnail","hentry","category-consultoria-es","category-notas-de-prensa"],"yoast_head":"<!-- This site is optimized with the Yoast SEO plugin v27.5 - https:\/\/yoast.com\/product\/yoast-seo-wordpress\/ -->\n<title>El Castillo de Montju\u00efc recupera las memorias y experiencias del barraquismo en la monta\u00f1a - Eurecat<\/title>\n<meta name=\"description\" content=\"El Castillo de Montju\u00efc acoge la exposici\u00f3n \u00abVIVIR EN MONTJU\u00cfC. Memorias de un barraquismo olvidado\u00bb, que recoge el testimonio de antiguos barraquistas.\" \/>\n<meta name=\"robots\" content=\"index, follow, max-snippet:-1, max-image-preview:large, max-video-preview:-1\" \/>\n<link rel=\"canonical\" href=\"https:\/\/eurecat.org\/es\/castillo-montjuic-recupera-memorias-experiencias-barraquismo-montana\/\" \/>\n<meta property=\"og:locale\" content=\"es_ES\" \/>\n<meta property=\"og:type\" content=\"article\" \/>\n<meta property=\"og:title\" content=\"El Castillo de Montju\u00efc recupera las memorias y experiencias del barraquismo en la monta\u00f1a - Eurecat\" \/>\n<meta property=\"og:description\" content=\"El Castillo de Montju\u00efc acoge la exposici\u00f3n \u00abVIVIR EN MONTJU\u00cfC. Memorias de un barraquismo olvidado\u00bb, que recoge el testimonio de antiguos barraquistas.\" \/>\n<meta property=\"og:url\" content=\"https:\/\/eurecat.org\/es\/castillo-montjuic-recupera-memorias-experiencias-barraquismo-montana\/\" \/>\n<meta property=\"og:site_name\" content=\"Eurecat\" \/>\n<meta property=\"article:published_time\" content=\"2020-01-30T08:28:01+00:00\" \/>\n<meta property=\"article:modified_time\" content=\"2020-02-21T09:43:47+00:00\" \/>\n<meta property=\"og:image\" content=\"https:\/\/eurecat.org\/wp-content\/uploads\/2020\/02\/Eurecat_barraquisme2.jpg\" \/>\n\t<meta property=\"og:image:width\" content=\"930\" \/>\n\t<meta property=\"og:image:height\" content=\"521\" \/>\n\t<meta property=\"og:image:type\" content=\"image\/jpeg\" \/>\n<meta name=\"author\" content=\"eurecatNG\" \/>\n<meta name=\"twitter:card\" content=\"summary_large_image\" \/>\n<meta name=\"twitter:label1\" content=\"Escrito por\" \/>\n\t<meta name=\"twitter:data1\" content=\"eurecatNG\" \/>\n\t<meta name=\"twitter:label2\" content=\"Tiempo de lectura\" \/>\n\t<meta name=\"twitter:data2\" content=\"2 minutos\" \/>\n<script type=\"application\/ld+json\" class=\"yoast-schema-graph\">{\"@context\":\"https:\\\/\\\/schema.org\",\"@graph\":[{\"@type\":\"Article\",\"@id\":\"https:\\\/\\\/eurecat.org\\\/es\\\/castillo-montjuic-recupera-memorias-experiencias-barraquismo-montana\\\/#article\",\"isPartOf\":{\"@id\":\"https:\\\/\\\/eurecat.org\\\/es\\\/castillo-montjuic-recupera-memorias-experiencias-barraquismo-montana\\\/\"},\"author\":{\"name\":\"eurecatNG\",\"@id\":\"https:\\\/\\\/eurecat.org\\\/es\\\/#\\\/schema\\\/person\\\/8342992d6929ad043b305d3cac68b3f4\"},\"headline\":\"El Castillo de Montju\u00efc recupera las memorias y experiencias del barraquismo en la monta\u00f1a\",\"datePublished\":\"2020-01-30T08:28:01+00:00\",\"dateModified\":\"2020-02-21T09:43:47+00:00\",\"mainEntityOfPage\":{\"@id\":\"https:\\\/\\\/eurecat.org\\\/es\\\/castillo-montjuic-recupera-memorias-experiencias-barraquismo-montana\\\/\"},\"wordCount\":393,\"commentCount\":0,\"image\":{\"@id\":\"https:\\\/\\\/eurecat.org\\\/es\\\/castillo-montjuic-recupera-memorias-experiencias-barraquismo-montana\\\/#primaryimage\"},\"thumbnailUrl\":\"https:\\\/\\\/eurecat.org\\\/wp-content\\\/uploads\\\/2020\\\/02\\\/Eurecat_barraquisme2.jpg\",\"articleSection\":[\"Consultor\u00eda\",\"Notas de prensa\"],\"inLanguage\":\"es\",\"potentialAction\":[{\"@type\":\"CommentAction\",\"name\":\"Comment\",\"target\":[\"https:\\\/\\\/eurecat.org\\\/es\\\/castillo-montjuic-recupera-memorias-experiencias-barraquismo-montana\\\/#respond\"]}]},{\"@type\":\"WebPage\",\"@id\":\"https:\\\/\\\/eurecat.org\\\/es\\\/castillo-montjuic-recupera-memorias-experiencias-barraquismo-montana\\\/\",\"url\":\"https:\\\/\\\/eurecat.org\\\/es\\\/castillo-montjuic-recupera-memorias-experiencias-barraquismo-montana\\\/\",\"name\":\"El Castillo de Montju\u00efc recupera las memorias y experiencias del barraquismo en la monta\u00f1a - Eurecat\",\"isPartOf\":{\"@id\":\"https:\\\/\\\/eurecat.org\\\/es\\\/#website\"},\"primaryImageOfPage\":{\"@id\":\"https:\\\/\\\/eurecat.org\\\/es\\\/castillo-montjuic-recupera-memorias-experiencias-barraquismo-montana\\\/#primaryimage\"},\"image\":{\"@id\":\"https:\\\/\\\/eurecat.org\\\/es\\\/castillo-montjuic-recupera-memorias-experiencias-barraquismo-montana\\\/#primaryimage\"},\"thumbnailUrl\":\"https:\\\/\\\/eurecat.org\\\/wp-content\\\/uploads\\\/2020\\\/02\\\/Eurecat_barraquisme2.jpg\",\"datePublished\":\"2020-01-30T08:28:01+00:00\",\"dateModified\":\"2020-02-21T09:43:47+00:00\",\"author\":{\"@id\":\"https:\\\/\\\/eurecat.org\\\/es\\\/#\\\/schema\\\/person\\\/8342992d6929ad043b305d3cac68b3f4\"},\"description\":\"El Castillo de Montju\u00efc acoge la exposici\u00f3n \u00abVIVIR EN MONTJU\u00cfC. Memorias de un barraquismo olvidado\u00bb, que recoge el testimonio de antiguos barraquistas.\",\"breadcrumb\":{\"@id\":\"https:\\\/\\\/eurecat.org\\\/es\\\/castillo-montjuic-recupera-memorias-experiencias-barraquismo-montana\\\/#breadcrumb\"},\"inLanguage\":\"es\",\"potentialAction\":[{\"@type\":\"ReadAction\",\"target\":[\"https:\\\/\\\/eurecat.org\\\/es\\\/castillo-montjuic-recupera-memorias-experiencias-barraquismo-montana\\\/\"]}]},{\"@type\":\"ImageObject\",\"inLanguage\":\"es\",\"@id\":\"https:\\\/\\\/eurecat.org\\\/es\\\/castillo-montjuic-recupera-memorias-experiencias-barraquismo-montana\\\/#primaryimage\",\"url\":\"https:\\\/\\\/eurecat.org\\\/wp-content\\\/uploads\\\/2020\\\/02\\\/Eurecat_barraquisme2.jpg\",\"contentUrl\":\"https:\\\/\\\/eurecat.org\\\/wp-content\\\/uploads\\\/2020\\\/02\\\/Eurecat_barraquisme2.jpg\",\"width\":930,\"height\":521,\"caption\":\"eurecat exposici\u00f3 barraquisme\"},{\"@type\":\"BreadcrumbList\",\"@id\":\"https:\\\/\\\/eurecat.org\\\/es\\\/castillo-montjuic-recupera-memorias-experiencias-barraquismo-montana\\\/#breadcrumb\",\"itemListElement\":[{\"@type\":\"ListItem\",\"position\":1,\"name\":\"Inici\",\"item\":\"https:\\\/\\\/eurecat.org\\\/es\\\/\"},{\"@type\":\"ListItem\",\"position\":2,\"name\":\"El Castillo de Montju\u00efc recupera las memorias y experiencias del barraquismo en la monta\u00f1a\"}]},{\"@type\":\"WebSite\",\"@id\":\"https:\\\/\\\/eurecat.org\\\/es\\\/#website\",\"url\":\"https:\\\/\\\/eurecat.org\\\/es\\\/\",\"name\":\"Eurecat\",\"description\":\"Otro sitio realizado con WordPress\",\"potentialAction\":[{\"@type\":\"SearchAction\",\"target\":{\"@type\":\"EntryPoint\",\"urlTemplate\":\"https:\\\/\\\/eurecat.org\\\/es\\\/?s={search_term_string}\"},\"query-input\":{\"@type\":\"PropertyValueSpecification\",\"valueRequired\":true,\"valueName\":\"search_term_string\"}}],\"inLanguage\":\"es\"},{\"@type\":\"Person\",\"@id\":\"https:\\\/\\\/eurecat.org\\\/es\\\/#\\\/schema\\\/person\\\/8342992d6929ad043b305d3cac68b3f4\",\"name\":\"eurecatNG\",\"image\":{\"@type\":\"ImageObject\",\"inLanguage\":\"es\",\"@id\":\"https:\\\/\\\/secure.gravatar.com\\\/avatar\\\/63200cb70ae4f15a0f673050f36df149dba802bea7614e8f838aaccfcf8ea11d?s=96&d=mm&r=g\",\"url\":\"https:\\\/\\\/secure.gravatar.com\\\/avatar\\\/63200cb70ae4f15a0f673050f36df149dba802bea7614e8f838aaccfcf8ea11d?s=96&d=mm&r=g\",\"contentUrl\":\"https:\\\/\\\/secure.gravatar.com\\\/avatar\\\/63200cb70ae4f15a0f673050f36df149dba802bea7614e8f838aaccfcf8ea11d?s=96&d=mm&r=g\",\"caption\":\"eurecatNG\"}}]}<\/script>\n<!-- \/ Yoast SEO plugin. -->","yoast_head_json":{"title":"El Castillo de Montju\u00efc recupera las memorias y experiencias del barraquismo en la monta\u00f1a - Eurecat","description":"El Castillo de Montju\u00efc acoge la exposici\u00f3n \u00abVIVIR EN MONTJU\u00cfC. Memorias de un barraquismo olvidado\u00bb, que recoge el testimonio de antiguos barraquistas.","robots":{"index":"index","follow":"follow","max-snippet":"max-snippet:-1","max-image-preview":"max-image-preview:large","max-video-preview":"max-video-preview:-1"},"canonical":"https:\/\/eurecat.org\/es\/castillo-montjuic-recupera-memorias-experiencias-barraquismo-montana\/","og_locale":"es_ES","og_type":"article","og_title":"El Castillo de Montju\u00efc recupera las memorias y experiencias del barraquismo en la monta\u00f1a - Eurecat","og_description":"El Castillo de Montju\u00efc acoge la exposici\u00f3n \u00abVIVIR EN MONTJU\u00cfC. Memorias de un barraquismo olvidado\u00bb, que recoge el testimonio de antiguos barraquistas.","og_url":"https:\/\/eurecat.org\/es\/castillo-montjuic-recupera-memorias-experiencias-barraquismo-montana\/","og_site_name":"Eurecat","article_published_time":"2020-01-30T08:28:01+00:00","article_modified_time":"2020-02-21T09:43:47+00:00","og_image":[{"width":930,"height":521,"url":"https:\/\/eurecat.org\/wp-content\/uploads\/2020\/02\/Eurecat_barraquisme2.jpg","type":"image\/jpeg"}],"author":"eurecatNG","twitter_card":"summary_large_image","twitter_misc":{"Escrito por":"eurecatNG","Tiempo de lectura":"2 minutos"},"schema":{"@context":"https:\/\/schema.org","@graph":[{"@type":"Article","@id":"https:\/\/eurecat.org\/es\/castillo-montjuic-recupera-memorias-experiencias-barraquismo-montana\/#article","isPartOf":{"@id":"https:\/\/eurecat.org\/es\/castillo-montjuic-recupera-memorias-experiencias-barraquismo-montana\/"},"author":{"name":"eurecatNG","@id":"https:\/\/eurecat.org\/es\/#\/schema\/person\/8342992d6929ad043b305d3cac68b3f4"},"headline":"El Castillo de Montju\u00efc recupera las memorias y experiencias del barraquismo en la monta\u00f1a","datePublished":"2020-01-30T08:28:01+00:00","dateModified":"2020-02-21T09:43:47+00:00","mainEntityOfPage":{"@id":"https:\/\/eurecat.org\/es\/castillo-montjuic-recupera-memorias-experiencias-barraquismo-montana\/"},"wordCount":393,"commentCount":0,"image":{"@id":"https:\/\/eurecat.org\/es\/castillo-montjuic-recupera-memorias-experiencias-barraquismo-montana\/#primaryimage"},"thumbnailUrl":"https:\/\/eurecat.org\/wp-content\/uploads\/2020\/02\/Eurecat_barraquisme2.jpg","articleSection":["Consultor\u00eda","Notas de prensa"],"inLanguage":"es","potentialAction":[{"@type":"CommentAction","name":"Comment","target":["https:\/\/eurecat.org\/es\/castillo-montjuic-recupera-memorias-experiencias-barraquismo-montana\/#respond"]}]},{"@type":"WebPage","@id":"https:\/\/eurecat.org\/es\/castillo-montjuic-recupera-memorias-experiencias-barraquismo-montana\/","url":"https:\/\/eurecat.org\/es\/castillo-montjuic-recupera-memorias-experiencias-barraquismo-montana\/","name":"El Castillo de Montju\u00efc recupera las memorias y experiencias del barraquismo en la monta\u00f1a - Eurecat","isPartOf":{"@id":"https:\/\/eurecat.org\/es\/#website"},"primaryImageOfPage":{"@id":"https:\/\/eurecat.org\/es\/castillo-montjuic-recupera-memorias-experiencias-barraquismo-montana\/#primaryimage"},"image":{"@id":"https:\/\/eurecat.org\/es\/castillo-montjuic-recupera-memorias-experiencias-barraquismo-montana\/#primaryimage"},"thumbnailUrl":"https:\/\/eurecat.org\/wp-content\/uploads\/2020\/02\/Eurecat_barraquisme2.jpg","datePublished":"2020-01-30T08:28:01+00:00","dateModified":"2020-02-21T09:43:47+00:00","author":{"@id":"https:\/\/eurecat.org\/es\/#\/schema\/person\/8342992d6929ad043b305d3cac68b3f4"},"description":"El Castillo de Montju\u00efc acoge la exposici\u00f3n \u00abVIVIR EN MONTJU\u00cfC. Memorias de un barraquismo olvidado\u00bb, que recoge el testimonio de antiguos barraquistas.","breadcrumb":{"@id":"https:\/\/eurecat.org\/es\/castillo-montjuic-recupera-memorias-experiencias-barraquismo-montana\/#breadcrumb"},"inLanguage":"es","potentialAction":[{"@type":"ReadAction","target":["https:\/\/eurecat.org\/es\/castillo-montjuic-recupera-memorias-experiencias-barraquismo-montana\/"]}]},{"@type":"ImageObject","inLanguage":"es","@id":"https:\/\/eurecat.org\/es\/castillo-montjuic-recupera-memorias-experiencias-barraquismo-montana\/#primaryimage","url":"https:\/\/eurecat.org\/wp-content\/uploads\/2020\/02\/Eurecat_barraquisme2.jpg","contentUrl":"https:\/\/eurecat.org\/wp-content\/uploads\/2020\/02\/Eurecat_barraquisme2.jpg","width":930,"height":521,"caption":"eurecat exposici\u00f3 barraquisme"},{"@type":"BreadcrumbList","@id":"https:\/\/eurecat.org\/es\/castillo-montjuic-recupera-memorias-experiencias-barraquismo-montana\/#breadcrumb","itemListElement":[{"@type":"ListItem","position":1,"name":"Inici","item":"https:\/\/eurecat.org\/es\/"},{"@type":"ListItem","position":2,"name":"El Castillo de Montju\u00efc recupera las memorias y experiencias del barraquismo en la monta\u00f1a"}]},{"@type":"WebSite","@id":"https:\/\/eurecat.org\/es\/#website","url":"https:\/\/eurecat.org\/es\/","name":"Eurecat","description":"Otro sitio realizado con WordPress","potentialAction":[{"@type":"SearchAction","target":{"@type":"EntryPoint","urlTemplate":"https:\/\/eurecat.org\/es\/?s={search_term_string}"},"query-input":{"@type":"PropertyValueSpecification","valueRequired":true,"valueName":"search_term_string"}}],"inLanguage":"es"},{"@type":"Person","@id":"https:\/\/eurecat.org\/es\/#\/schema\/person\/8342992d6929ad043b305d3cac68b3f4","name":"eurecatNG","image":{"@type":"ImageObject","inLanguage":"es","@id":"https:\/\/secure.gravatar.com\/avatar\/63200cb70ae4f15a0f673050f36df149dba802bea7614e8f838aaccfcf8ea11d?s=96&d=mm&r=g","url":"https:\/\/secure.gravatar.com\/avatar\/63200cb70ae4f15a0f673050f36df149dba802bea7614e8f838aaccfcf8ea11d?s=96&d=mm&r=g","contentUrl":"https:\/\/secure.gravatar.com\/avatar\/63200cb70ae4f15a0f673050f36df149dba802bea7614e8f838aaccfcf8ea11d?s=96&d=mm&r=g","caption":"eurecatNG"}}]}},"_links":{"self":[{"href":"https:\/\/eurecat.org\/es\/wp-json\/wp\/v2\/posts\/96516","targetHints":{"allow":["GET"]}}],"collection":[{"href":"https:\/\/eurecat.org\/es\/wp-json\/wp\/v2\/posts"}],"about":[{"href":"https:\/\/eurecat.org\/es\/wp-json\/wp\/v2\/types\/post"}],"author":[{"embeddable":true,"href":"https:\/\/eurecat.org\/es\/wp-json\/wp\/v2\/users\/27"}],"replies":[{"embeddable":true,"href":"https:\/\/eurecat.org\/es\/wp-json\/wp\/v2\/comments?post=96516"}],"version-history":[{"count":0,"href":"https:\/\/eurecat.org\/es\/wp-json\/wp\/v2\/posts\/96516\/revisions"}],"wp:featuredmedia":[{"embeddable":true,"href":"https:\/\/eurecat.org\/es\/wp-json\/wp\/v2\/media\/96503"}],"wp:attachment":[{"href":"https:\/\/eurecat.org\/es\/wp-json\/wp\/v2\/media?parent=96516"}],"wp:term":[{"taxonomy":"category","embeddable":true,"href":"https:\/\/eurecat.org\/es\/wp-json\/wp\/v2\/categories?post=96516"},{"taxonomy":"post_tag","embeddable":true,"href":"https:\/\/eurecat.org\/es\/wp-json\/wp\/v2\/tags?post=96516"}],"curies":[{"name":"wp","href":"https:\/\/api.w.org\/{rel}","templated":true}]}}