{"id":96596,"date":"2020-02-24T10:52:34","date_gmt":"2020-02-24T10:52:34","guid":{"rendered":"https:\/\/eurecat.org\/?p=96596"},"modified":"2020-02-24T11:10:12","modified_gmt":"2020-02-24T11:10:12","slug":"inversion-ocho-proyectos-sector-cultural-creativo-catalan","status":"publish","type":"post","link":"https:\/\/eurecat.org\/es\/inversion-ocho-proyectos-sector-cultural-creativo-catalan\/","title":{"rendered":"13,7 millones de euros de inversi\u00f3n en ocho proyectos de I+D+I en el sector cultural y creativo catal\u00e1n"},"content":{"rendered":"<p>Agentes del sector cultural y creativo catal\u00e1n han acordado realizar una inversi\u00f3n de 13.688.490 euros, mediante la <strong>Comunidad RIS3CAT Media<\/strong>, para desarrollar ocho proyectos colaborativos en <strong>I+D+I<\/strong> durante los pr\u00f3ximos cuatro a\u00f1os, con el objetivo de contribuir al impulso y al cambio del sector y a posicionar Catalu\u00f1a como referente a escala internacional.<\/p>\n<p>Este plan de actuaciones de la Comunidad RIS3CAT Media percibir\u00e1 una ayuda de 6.000.000 euros de parte del Govern de la Generalitat de Catalunya, concedidos por <a href=\"http:\/\/www.accio.gencat.cat\/ca\/inici\" target=\"_blank\" rel=\"noopener noreferrer\">ACCI\u00d3<\/a>, la Agencia para la Competitividad de la Empresa.<\/p>\n<p>Por primera vez, 34 empresas, entidades e instituciones de las industrias culturales y creativas y organizaciones de I+D+I de Catalu\u00f1a colaborar\u00e1n con el reto de transformar el conocimiento y la tecnolog\u00eda en valor econ\u00f3mico, social y cultural y desarrollar nuevas oportunidades de producci\u00f3n, difusi\u00f3n y consumo culturales.<\/p>\n<p>En esta l\u00ednea, la Comunidad RIS3CAT Media integrar\u00e1 ciencia, tecnolog\u00eda y creatividad y abordar\u00e1 \u00e1mbitos como la Inteligencia Artificial y la automatizaci\u00f3n; los datos masivas y el an\u00e1lisis de datos; la hiperpersonalizaci\u00f3n; el desarrollo de nuevos formatos; la interacci\u00f3n humano-m\u00e1quina y la tecnolog\u00eda h\u00e1ptica; la computaci\u00f3n en la nube; las redes de nueva generaci\u00f3n; la ciberseguridad y la criptograf\u00eda; las redes sociales y la econom\u00eda colaborativa, y la inmersividad, la realidad virtual y la realidad aumentada.<\/p>\n<h2>Un plan de actuaci\u00f3n estructurado en ocho proyectos de innovaci\u00f3n<\/h2>\n<p>La Comunidad RIS3CAT Media llevar\u00e1 a cabo ocho proyectos de innovaci\u00f3n, de los cuales, Eurecat liderar\u00e1 <strong>PICAE<\/strong>, que estudiar\u00e1 modelos innovadores de recomendaci\u00f3n de contenidos audiovisuales y editoriales, y <strong>Mironins<\/strong>, que redise\u00f1ar\u00e1 las visitas a los museos a trav\u00e9s de la narrativa transmedia, la gamificaci\u00f3n y las nuevas tecnolog\u00edas.<\/p>\n<p>Por su parte, i2cat encabezar\u00e1 <strong>ViVIM<\/strong>, un proyecto con el prop\u00f3sito de avanzar en la generaci\u00f3n de un nuevo formato audiovisual basado en el v\u00eddeo omnidireccional.<\/p>\n<p>La Universitat Pompeu Fabra liderar\u00e1 los proyectos <strong>nanoMOOCs<\/strong>, que definir\u00e1 y desarrollar\u00e1 un nuevo formato audiovisual y editorial que integrar\u00e1 un conjunto de recursos de aprendizaje multimedia; <strong>Engagement<\/strong>, para el dise\u00f1o de tecnolog\u00edas que permitan la interacci\u00f3n de los contenidos exhibidos en los museos y las experiencias de los propios usuarios, y <strong>EDvidence<\/strong>, que tiene por objetivo crear una metodolog\u00eda que intervenga en los procesos de innovaci\u00f3n y de organizaci\u00f3n de empresas orientadas al cambio pedag\u00f3gico y cultural.<\/p>\n<p><strong>IDENTIT@RT<\/strong>, liderado por Connociam, crear\u00e1 una plataforma para la gesti\u00f3n del copyright de obras creativas que permita co-crear, exponer, comercializar, licenciar y distribuir las obras a trav\u00e9s de un nuevo mercado virtual, mediante tecnolog\u00edas como Blockchain.<\/p>\n<p>Asimismo, Creactivitat liderar\u00e1 <strong>ZINKCAT<\/strong>, que desarrollar\u00e1 un protocolo dirigido a dise\u00f1adores y agencias de marketing que les permitir\u00e1 establecer las bases conceptuales para crear dise\u00f1o conectado y mejorar la experiencia del usuario.<\/p>\n<p>La Comunidad RIS3CAT Media es una de las Comunidades RIS3CAT acreditadas por la Generalitat de Catalunya a trav\u00e9s de ACCI\u00d3, con el reto de transformar el conocimiento y la tecnolog\u00eda en valor econ\u00f3mico y social. RIS3CAT Media est\u00e1 coordinada por el centro tecnol\u00f3gico <a href=\"https:\/\/eurecat.org\/es\/\" target=\"_blank\" rel=\"noopener noreferrer\">Eurecat<\/a>.<\/p>\n<p>La Comunidad RIS3CAT Media est\u00e1 integrada por: ARA &#8211; Edici\u00f3 d\u2019Empresa Peri\u00f2dica, BMAT Licensing, Centre de Visi\u00f3 per Computador (CVC), Connociam Consulting, Consejo Superior de Investigaciones Cient\u00edficas (CSIC), Cornelius Films, Corporaci\u00f3 Catalana de Mitjans Audiovisuals (CCMA), CREACTIVITAT 2001, Ediciones Don Bosco (EDEB\u00c9), Enciclop\u00e8dia Catalana, Estudio Bay (Visyon), Eurecat, Fundaci\u00f3 Antoni T\u00e0pies, Barcelona centre de Disseny (BCD), Fundaci\u00f3 Joan Mir\u00f3, Grup Include 3, Internet i Innovaci\u00f3 Digital a Catalunya (i2CAT), Incubation and Open Innovation Services (PENINSULA), Indissoluble, Konodrac, Lavinia Next (Grup Lav\u00ednia), Lead to Change, Mobile Media Content (MMC), Museu Nacional d\u2019Art de Catalunya (MNAC), Nextret, Ormograf (Grup Ormo), Penguin Random House, Rebold Marketing and Communication, S.B.S. Seidor, Soft for you, Universitat de Barcelona (UB), Universitat Oberta de Catalunya (UOC), Universitat Pompeu Fabra (UPF) y Wildbytes.<\/p>\n","protected":false},"excerpt":{"rendered":"<p>Agentes del sector cultural y creativo catal\u00e1n han acordado realizar una inversi\u00f3n de 13.688.490 euros, mediante la Comunidad RIS3CAT Media, para desarrollar ocho proyectos colaborativos en I+D+I durante los pr\u00f3ximos cuatro a\u00f1os, con el objetivo de contribuir al impulso y al cambio del sector y a posicionar Catalu\u00f1a como referente a escala internacional. Este plan  [&#8230;]<\/p>\n","protected":false},"author":27,"featured_media":96586,"comment_status":"open","ping_status":"closed","sticky":false,"template":"","format":"standard","meta":{"footnotes":""},"categories":[394,134],"tags":[],"class_list":["post-96596","post","type-post","status-publish","format-standard","has-post-thumbnail","hentry","category-consultoria-es","category-notas-de-prensa"],"yoast_head":"<!-- This site is optimized with the Yoast SEO plugin v27.5 - https:\/\/yoast.com\/product\/yoast-seo-wordpress\/ -->\n<title>Inversi\u00f3n en ocho proyectos de I+D+I en el sector cultural y creativo<\/title>\n<meta name=\"description\" content=\"Agentes del sector cultural y creativo catal\u00e1n han acordado realizar una inversi\u00f3n de 13.688.490 euros, mediante la Comunidad RIS3CAT Media.\" \/>\n<meta name=\"robots\" content=\"index, follow, max-snippet:-1, max-image-preview:large, max-video-preview:-1\" \/>\n<link rel=\"canonical\" href=\"https:\/\/eurecat.org\/es\/inversion-ocho-proyectos-sector-cultural-creativo-catalan\/\" \/>\n<meta property=\"og:locale\" content=\"es_ES\" \/>\n<meta property=\"og:type\" content=\"article\" \/>\n<meta property=\"og:title\" content=\"Inversi\u00f3n en ocho proyectos de I+D+I en el sector cultural y creativo\" \/>\n<meta property=\"og:description\" content=\"Agentes del sector cultural y creativo catal\u00e1n han acordado realizar una inversi\u00f3n de 13.688.490 euros, mediante la Comunidad RIS3CAT Media.\" \/>\n<meta property=\"og:url\" content=\"https:\/\/eurecat.org\/es\/inversion-ocho-proyectos-sector-cultural-creativo-catalan\/\" \/>\n<meta property=\"og:site_name\" content=\"Eurecat\" \/>\n<meta property=\"article:published_time\" content=\"2020-02-24T10:52:34+00:00\" \/>\n<meta property=\"article:modified_time\" content=\"2020-02-24T11:10:12+00:00\" \/>\n<meta property=\"og:image\" content=\"https:\/\/eurecat.org\/wp-content\/uploads\/2020\/02\/Eurecat-RIS3CAT-Media_930x515px.jpg\" \/>\n\t<meta property=\"og:image:width\" content=\"930\" \/>\n\t<meta property=\"og:image:height\" content=\"515\" \/>\n\t<meta property=\"og:image:type\" content=\"image\/jpeg\" \/>\n<meta name=\"author\" content=\"eurecatNG\" \/>\n<meta name=\"twitter:card\" content=\"summary_large_image\" \/>\n<meta name=\"twitter:label1\" content=\"Escrito por\" \/>\n\t<meta name=\"twitter:data1\" content=\"eurecatNG\" \/>\n\t<meta name=\"twitter:label2\" content=\"Tiempo de lectura\" \/>\n\t<meta name=\"twitter:data2\" content=\"3 minutos\" \/>\n<script type=\"application\/ld+json\" class=\"yoast-schema-graph\">{\"@context\":\"https:\\\/\\\/schema.org\",\"@graph\":[{\"@type\":\"Article\",\"@id\":\"https:\\\/\\\/eurecat.org\\\/es\\\/inversion-ocho-proyectos-sector-cultural-creativo-catalan\\\/#article\",\"isPartOf\":{\"@id\":\"https:\\\/\\\/eurecat.org\\\/es\\\/inversion-ocho-proyectos-sector-cultural-creativo-catalan\\\/\"},\"author\":{\"name\":\"eurecatNG\",\"@id\":\"https:\\\/\\\/eurecat.org\\\/es\\\/#\\\/schema\\\/person\\\/8342992d6929ad043b305d3cac68b3f4\"},\"headline\":\"13,7 millones de euros de inversi\u00f3n en ocho proyectos de I+D+I en el sector cultural y creativo catal\u00e1n\",\"datePublished\":\"2020-02-24T10:52:34+00:00\",\"dateModified\":\"2020-02-24T11:10:12+00:00\",\"mainEntityOfPage\":{\"@id\":\"https:\\\/\\\/eurecat.org\\\/es\\\/inversion-ocho-proyectos-sector-cultural-creativo-catalan\\\/\"},\"wordCount\":702,\"commentCount\":0,\"image\":{\"@id\":\"https:\\\/\\\/eurecat.org\\\/es\\\/inversion-ocho-proyectos-sector-cultural-creativo-catalan\\\/#primaryimage\"},\"thumbnailUrl\":\"https:\\\/\\\/eurecat.org\\\/wp-content\\\/uploads\\\/2020\\\/02\\\/Eurecat-RIS3CAT-Media_930x515px.jpg\",\"articleSection\":[\"Consultor\u00eda\",\"Notas de prensa\"],\"inLanguage\":\"es\",\"potentialAction\":[{\"@type\":\"CommentAction\",\"name\":\"Comment\",\"target\":[\"https:\\\/\\\/eurecat.org\\\/es\\\/inversion-ocho-proyectos-sector-cultural-creativo-catalan\\\/#respond\"]}]},{\"@type\":\"WebPage\",\"@id\":\"https:\\\/\\\/eurecat.org\\\/es\\\/inversion-ocho-proyectos-sector-cultural-creativo-catalan\\\/\",\"url\":\"https:\\\/\\\/eurecat.org\\\/es\\\/inversion-ocho-proyectos-sector-cultural-creativo-catalan\\\/\",\"name\":\"Inversi\u00f3n en ocho proyectos de I+D+I en el sector cultural y creativo\",\"isPartOf\":{\"@id\":\"https:\\\/\\\/eurecat.org\\\/es\\\/#website\"},\"primaryImageOfPage\":{\"@id\":\"https:\\\/\\\/eurecat.org\\\/es\\\/inversion-ocho-proyectos-sector-cultural-creativo-catalan\\\/#primaryimage\"},\"image\":{\"@id\":\"https:\\\/\\\/eurecat.org\\\/es\\\/inversion-ocho-proyectos-sector-cultural-creativo-catalan\\\/#primaryimage\"},\"thumbnailUrl\":\"https:\\\/\\\/eurecat.org\\\/wp-content\\\/uploads\\\/2020\\\/02\\\/Eurecat-RIS3CAT-Media_930x515px.jpg\",\"datePublished\":\"2020-02-24T10:52:34+00:00\",\"dateModified\":\"2020-02-24T11:10:12+00:00\",\"author\":{\"@id\":\"https:\\\/\\\/eurecat.org\\\/es\\\/#\\\/schema\\\/person\\\/8342992d6929ad043b305d3cac68b3f4\"},\"description\":\"Agentes del sector cultural y creativo catal\u00e1n han acordado realizar una inversi\u00f3n de 13.688.490 euros, mediante la Comunidad RIS3CAT Media.\",\"breadcrumb\":{\"@id\":\"https:\\\/\\\/eurecat.org\\\/es\\\/inversion-ocho-proyectos-sector-cultural-creativo-catalan\\\/#breadcrumb\"},\"inLanguage\":\"es\",\"potentialAction\":[{\"@type\":\"ReadAction\",\"target\":[\"https:\\\/\\\/eurecat.org\\\/es\\\/inversion-ocho-proyectos-sector-cultural-creativo-catalan\\\/\"]}]},{\"@type\":\"ImageObject\",\"inLanguage\":\"es\",\"@id\":\"https:\\\/\\\/eurecat.org\\\/es\\\/inversion-ocho-proyectos-sector-cultural-creativo-catalan\\\/#primaryimage\",\"url\":\"https:\\\/\\\/eurecat.org\\\/wp-content\\\/uploads\\\/2020\\\/02\\\/Eurecat-RIS3CAT-Media_930x515px.jpg\",\"contentUrl\":\"https:\\\/\\\/eurecat.org\\\/wp-content\\\/uploads\\\/2020\\\/02\\\/Eurecat-RIS3CAT-Media_930x515px.jpg\",\"width\":930,\"height\":515,\"caption\":\"eurecat ris3cat media sector cultural y creativo\"},{\"@type\":\"BreadcrumbList\",\"@id\":\"https:\\\/\\\/eurecat.org\\\/es\\\/inversion-ocho-proyectos-sector-cultural-creativo-catalan\\\/#breadcrumb\",\"itemListElement\":[{\"@type\":\"ListItem\",\"position\":1,\"name\":\"Inici\",\"item\":\"https:\\\/\\\/eurecat.org\\\/es\\\/\"},{\"@type\":\"ListItem\",\"position\":2,\"name\":\"13,7 millones de euros de inversi\u00f3n en ocho proyectos de I+D+I en el sector cultural y creativo catal\u00e1n\"}]},{\"@type\":\"WebSite\",\"@id\":\"https:\\\/\\\/eurecat.org\\\/es\\\/#website\",\"url\":\"https:\\\/\\\/eurecat.org\\\/es\\\/\",\"name\":\"Eurecat\",\"description\":\"Otro sitio realizado con WordPress\",\"potentialAction\":[{\"@type\":\"SearchAction\",\"target\":{\"@type\":\"EntryPoint\",\"urlTemplate\":\"https:\\\/\\\/eurecat.org\\\/es\\\/?s={search_term_string}\"},\"query-input\":{\"@type\":\"PropertyValueSpecification\",\"valueRequired\":true,\"valueName\":\"search_term_string\"}}],\"inLanguage\":\"es\"},{\"@type\":\"Person\",\"@id\":\"https:\\\/\\\/eurecat.org\\\/es\\\/#\\\/schema\\\/person\\\/8342992d6929ad043b305d3cac68b3f4\",\"name\":\"eurecatNG\",\"image\":{\"@type\":\"ImageObject\",\"inLanguage\":\"es\",\"@id\":\"https:\\\/\\\/secure.gravatar.com\\\/avatar\\\/63200cb70ae4f15a0f673050f36df149dba802bea7614e8f838aaccfcf8ea11d?s=96&d=mm&r=g\",\"url\":\"https:\\\/\\\/secure.gravatar.com\\\/avatar\\\/63200cb70ae4f15a0f673050f36df149dba802bea7614e8f838aaccfcf8ea11d?s=96&d=mm&r=g\",\"contentUrl\":\"https:\\\/\\\/secure.gravatar.com\\\/avatar\\\/63200cb70ae4f15a0f673050f36df149dba802bea7614e8f838aaccfcf8ea11d?s=96&d=mm&r=g\",\"caption\":\"eurecatNG\"}}]}<\/script>\n<!-- \/ Yoast SEO plugin. -->","yoast_head_json":{"title":"Inversi\u00f3n en ocho proyectos de I+D+I en el sector cultural y creativo","description":"Agentes del sector cultural y creativo catal\u00e1n han acordado realizar una inversi\u00f3n de 13.688.490 euros, mediante la Comunidad RIS3CAT Media.","robots":{"index":"index","follow":"follow","max-snippet":"max-snippet:-1","max-image-preview":"max-image-preview:large","max-video-preview":"max-video-preview:-1"},"canonical":"https:\/\/eurecat.org\/es\/inversion-ocho-proyectos-sector-cultural-creativo-catalan\/","og_locale":"es_ES","og_type":"article","og_title":"Inversi\u00f3n en ocho proyectos de I+D+I en el sector cultural y creativo","og_description":"Agentes del sector cultural y creativo catal\u00e1n han acordado realizar una inversi\u00f3n de 13.688.490 euros, mediante la Comunidad RIS3CAT Media.","og_url":"https:\/\/eurecat.org\/es\/inversion-ocho-proyectos-sector-cultural-creativo-catalan\/","og_site_name":"Eurecat","article_published_time":"2020-02-24T10:52:34+00:00","article_modified_time":"2020-02-24T11:10:12+00:00","og_image":[{"width":930,"height":515,"url":"https:\/\/eurecat.org\/wp-content\/uploads\/2020\/02\/Eurecat-RIS3CAT-Media_930x515px.jpg","type":"image\/jpeg"}],"author":"eurecatNG","twitter_card":"summary_large_image","twitter_misc":{"Escrito por":"eurecatNG","Tiempo de lectura":"3 minutos"},"schema":{"@context":"https:\/\/schema.org","@graph":[{"@type":"Article","@id":"https:\/\/eurecat.org\/es\/inversion-ocho-proyectos-sector-cultural-creativo-catalan\/#article","isPartOf":{"@id":"https:\/\/eurecat.org\/es\/inversion-ocho-proyectos-sector-cultural-creativo-catalan\/"},"author":{"name":"eurecatNG","@id":"https:\/\/eurecat.org\/es\/#\/schema\/person\/8342992d6929ad043b305d3cac68b3f4"},"headline":"13,7 millones de euros de inversi\u00f3n en ocho proyectos de I+D+I en el sector cultural y creativo catal\u00e1n","datePublished":"2020-02-24T10:52:34+00:00","dateModified":"2020-02-24T11:10:12+00:00","mainEntityOfPage":{"@id":"https:\/\/eurecat.org\/es\/inversion-ocho-proyectos-sector-cultural-creativo-catalan\/"},"wordCount":702,"commentCount":0,"image":{"@id":"https:\/\/eurecat.org\/es\/inversion-ocho-proyectos-sector-cultural-creativo-catalan\/#primaryimage"},"thumbnailUrl":"https:\/\/eurecat.org\/wp-content\/uploads\/2020\/02\/Eurecat-RIS3CAT-Media_930x515px.jpg","articleSection":["Consultor\u00eda","Notas de prensa"],"inLanguage":"es","potentialAction":[{"@type":"CommentAction","name":"Comment","target":["https:\/\/eurecat.org\/es\/inversion-ocho-proyectos-sector-cultural-creativo-catalan\/#respond"]}]},{"@type":"WebPage","@id":"https:\/\/eurecat.org\/es\/inversion-ocho-proyectos-sector-cultural-creativo-catalan\/","url":"https:\/\/eurecat.org\/es\/inversion-ocho-proyectos-sector-cultural-creativo-catalan\/","name":"Inversi\u00f3n en ocho proyectos de I+D+I en el sector cultural y creativo","isPartOf":{"@id":"https:\/\/eurecat.org\/es\/#website"},"primaryImageOfPage":{"@id":"https:\/\/eurecat.org\/es\/inversion-ocho-proyectos-sector-cultural-creativo-catalan\/#primaryimage"},"image":{"@id":"https:\/\/eurecat.org\/es\/inversion-ocho-proyectos-sector-cultural-creativo-catalan\/#primaryimage"},"thumbnailUrl":"https:\/\/eurecat.org\/wp-content\/uploads\/2020\/02\/Eurecat-RIS3CAT-Media_930x515px.jpg","datePublished":"2020-02-24T10:52:34+00:00","dateModified":"2020-02-24T11:10:12+00:00","author":{"@id":"https:\/\/eurecat.org\/es\/#\/schema\/person\/8342992d6929ad043b305d3cac68b3f4"},"description":"Agentes del sector cultural y creativo catal\u00e1n han acordado realizar una inversi\u00f3n de 13.688.490 euros, mediante la Comunidad RIS3CAT Media.","breadcrumb":{"@id":"https:\/\/eurecat.org\/es\/inversion-ocho-proyectos-sector-cultural-creativo-catalan\/#breadcrumb"},"inLanguage":"es","potentialAction":[{"@type":"ReadAction","target":["https:\/\/eurecat.org\/es\/inversion-ocho-proyectos-sector-cultural-creativo-catalan\/"]}]},{"@type":"ImageObject","inLanguage":"es","@id":"https:\/\/eurecat.org\/es\/inversion-ocho-proyectos-sector-cultural-creativo-catalan\/#primaryimage","url":"https:\/\/eurecat.org\/wp-content\/uploads\/2020\/02\/Eurecat-RIS3CAT-Media_930x515px.jpg","contentUrl":"https:\/\/eurecat.org\/wp-content\/uploads\/2020\/02\/Eurecat-RIS3CAT-Media_930x515px.jpg","width":930,"height":515,"caption":"eurecat ris3cat media sector cultural y creativo"},{"@type":"BreadcrumbList","@id":"https:\/\/eurecat.org\/es\/inversion-ocho-proyectos-sector-cultural-creativo-catalan\/#breadcrumb","itemListElement":[{"@type":"ListItem","position":1,"name":"Inici","item":"https:\/\/eurecat.org\/es\/"},{"@type":"ListItem","position":2,"name":"13,7 millones de euros de inversi\u00f3n en ocho proyectos de I+D+I en el sector cultural y creativo catal\u00e1n"}]},{"@type":"WebSite","@id":"https:\/\/eurecat.org\/es\/#website","url":"https:\/\/eurecat.org\/es\/","name":"Eurecat","description":"Otro sitio realizado con WordPress","potentialAction":[{"@type":"SearchAction","target":{"@type":"EntryPoint","urlTemplate":"https:\/\/eurecat.org\/es\/?s={search_term_string}"},"query-input":{"@type":"PropertyValueSpecification","valueRequired":true,"valueName":"search_term_string"}}],"inLanguage":"es"},{"@type":"Person","@id":"https:\/\/eurecat.org\/es\/#\/schema\/person\/8342992d6929ad043b305d3cac68b3f4","name":"eurecatNG","image":{"@type":"ImageObject","inLanguage":"es","@id":"https:\/\/secure.gravatar.com\/avatar\/63200cb70ae4f15a0f673050f36df149dba802bea7614e8f838aaccfcf8ea11d?s=96&d=mm&r=g","url":"https:\/\/secure.gravatar.com\/avatar\/63200cb70ae4f15a0f673050f36df149dba802bea7614e8f838aaccfcf8ea11d?s=96&d=mm&r=g","contentUrl":"https:\/\/secure.gravatar.com\/avatar\/63200cb70ae4f15a0f673050f36df149dba802bea7614e8f838aaccfcf8ea11d?s=96&d=mm&r=g","caption":"eurecatNG"}}]}},"_links":{"self":[{"href":"https:\/\/eurecat.org\/es\/wp-json\/wp\/v2\/posts\/96596","targetHints":{"allow":["GET"]}}],"collection":[{"href":"https:\/\/eurecat.org\/es\/wp-json\/wp\/v2\/posts"}],"about":[{"href":"https:\/\/eurecat.org\/es\/wp-json\/wp\/v2\/types\/post"}],"author":[{"embeddable":true,"href":"https:\/\/eurecat.org\/es\/wp-json\/wp\/v2\/users\/27"}],"replies":[{"embeddable":true,"href":"https:\/\/eurecat.org\/es\/wp-json\/wp\/v2\/comments?post=96596"}],"version-history":[{"count":0,"href":"https:\/\/eurecat.org\/es\/wp-json\/wp\/v2\/posts\/96596\/revisions"}],"wp:featuredmedia":[{"embeddable":true,"href":"https:\/\/eurecat.org\/es\/wp-json\/wp\/v2\/media\/96586"}],"wp:attachment":[{"href":"https:\/\/eurecat.org\/es\/wp-json\/wp\/v2\/media?parent=96596"}],"wp:term":[{"taxonomy":"category","embeddable":true,"href":"https:\/\/eurecat.org\/es\/wp-json\/wp\/v2\/categories?post=96596"},{"taxonomy":"post_tag","embeddable":true,"href":"https:\/\/eurecat.org\/es\/wp-json\/wp\/v2\/tags?post=96596"}],"curies":[{"name":"wp","href":"https:\/\/api.w.org\/{rel}","templated":true}]}}