{"id":98156,"date":"2020-03-16T16:32:14","date_gmt":"2020-03-16T16:32:14","guid":{"rendered":"https:\/\/eurecat.org\/?p=98156"},"modified":"2020-03-27T11:58:56","modified_gmt":"2020-03-27T11:58:56","slug":"eurecat-inaugura-santiago-chile-primera-sede-internacional-latinoamerica","status":"publish","type":"post","link":"https:\/\/eurecat.org\/es\/eurecat-inaugura-santiago-chile-primera-sede-internacional-latinoamerica\/","title":{"rendered":"El centro tecnol\u00f3gico Eurecat inaugura en Santiago de Chile su primera sede internacional en Latinoam\u00e9rica"},"content":{"rendered":"<p>El centro tecnol\u00f3gico <strong><a href=\"http:\/\/eurecat.org\/es\/\" target=\"_blank\" rel=\"noopener noreferrer\">Eurecat<\/a><\/strong> ha inaugurado en <strong>Santiago de Chile<\/strong> su<strong> primera sede internacional en Latinoam\u00e9rica<\/strong>, con el objetivo de aumentar la proximidad con el ecosistema de innovaci\u00f3n chileno, un pa\u00eds con cuyas empresas e instituciones colabora desde hace a\u00f1os en el desarrollo de proyectos de innovaci\u00f3n de gran valor a\u00f1adido orientados a aumentar la <strong>competitividad<\/strong> y <strong>sostenibilidad<\/strong> del tejido industrial y empresarial.<\/p>\n<p>La inauguraci\u00f3n de la sede internacional de Eurecat, que ha tenido lugar en las instalaciones de Eurecat en Chile, ha contado con la asistencia del ministro de Ciencia, Tecnologi\u0301a, Conocimiento e Innovacio\u0301n, Andre\u0301s Couve; del presidente de Eurochile, Vicente Caruz; del embajador de Espa\u00f1a en Chile, Enrique Ojeda, y del vicepresidente ejecutivo de Corfo, Pablo Terrazas, entre otras autoridades.<\/p>\n<p>\u201cEs importante construir y fortalecer un ecosistema, que como nunca antes tiene una cantidad de actores diversos, lo que nos impone nuevos desaf\u00edos para fortalecer una sociedad del conocimiento. La vinculaci\u00f3n es un elemento clave para articular este ecosistema y agregar valor a la econom\u00eda\u201d, ha destacado el ministro de Ciencia, Tecnologi\u0301a, Conocimiento e Innovacio\u0301n, durante el acto de inauguraci\u00f3n.<\/p>\n<p>Chile \u201ces un pa\u00eds estrat\u00e9gico para Eurecat, donde llevamos a\u00f1os colaborando con diferentes empresas e instituciones en el desarrollo de proyectos de innovaci\u00f3n punteros basados en la <strong>hibridaci\u00f3n de tecnolog\u00edas industriales y digitales avanzadas<\/strong>\u201d, ha se\u00f1alado el director general Corporativo y de Operaciones de Eurecat, Xavier L\u00f3pez. Por ello, \u201cla ubicaci\u00f3n de nuestra primera oficina internacional en el pa\u00eds es un paso clave para seguir estrechando los lazos de colaboraci\u00f3n que hemos establecido con el <strong>ecosistema de conocimiento y empresarial <\/strong>chileno\u201d, ha remarcado.<\/p>\n<p>En este sentido, \u201cla clara apuesta de Chile por potenciar la innovaci\u00f3n, su tejido empresarial y su sistema de ciencia y tecnolog\u00eda lo han situado como pa\u00eds l\u00edder en toda la regi\u00f3n\u201d. Eurecat \u201cquiere contribuir a este posicionamiento con la apertura de su primera sede internacional, a fin de sumar en el <strong>impulso de la transferencia de tecnolog\u00eda y conocimiento a las empresas<\/strong> chilenas para favorecer su competitividad y sostenibilidad\u201d, ha subrayado el director general de Eurecat.<\/p>\n<p>En palabras del vicepresidente ejecutivo de Corfo, \u201cla instalaci\u00f3n en Chile de la primera sede de Eurecat en Am\u00e9rica Latina, consolida la posici\u00f3n de nuestro pa\u00eds como polo de innovaci\u00f3n tecnol\u00f3gica en la regi\u00f3n. Como Corfo estamos comprometidos a seguir contribuyendo, tal como lo hemos hecho hace d\u00e9cadas, al desarrollo del ecosistema de I+D, siempre al servicio de los emprendimientos de base tecnol\u00f3gica, y la instalaci\u00f3n de este centro de categor\u00eda mundial es un reflejo de los avances en la materia. Estamos convencidos de que Eurecat aportar\u00e1 un importante valor agregado a nuestras empresas y econom\u00eda, generando m\u00e1s oportunidades para todos los chilenos\u201d.<\/p>\n<p>La inauguraci\u00f3n ha incluido las ponencias \u201cCentros tecnolo\u0301gicos como herramienta de apoyo a la innovacio\u0301n en la industria\u201d, a cargo del director general Corporativo y de Operaciones de Eurecat, y \u201cCorfo apoyando la vinculacio\u0301n empresa, ciencia y estado\u201d, por parte del gerente de Capacidades Tecnolo\u0301gicas de Corfo, Fernando Hentzchel.<\/p>\n<p>Por su parte, el director del A\u0301rea de Sostenibilidad de Eurecat, Miquel Rovira, ha hablado de \u201cEconomi\u0301a Circular en Chile. \u00bfPor que\u0301? \u00bfCo\u0301mo?\u201d, al que ha seguido un testimonial de casos de e\u0301xito de diversos proyectos de Eurecat en Chile y en Europa.<\/p>\n<p>La sede de Eurecat en Chile estar\u00e1 dirigida por Carmen Gloria Due\u00f1as, que trabajar\u00e1 en coordinaci\u00f3n con todo el equipo de internacionalizaci\u00f3n del centro tecnol\u00f3gico, encabezado por su responsable Carme Margel\u00ed, as\u00ed como con sus grandes \u00e1reas de especializaci\u00f3n en tecnolog\u00edas industriales, digitales, sostenibilidad y biotecnolog\u00eda.<\/p>\n","protected":false},"excerpt":{"rendered":"<p>El centro tecnol\u00f3gico Eurecat ha inaugurado en Santiago de Chile su primera sede internacional en Latinoam\u00e9rica, con el objetivo de aumentar la proximidad con el ecosistema de innovaci\u00f3n chileno, un pa\u00eds con cuyas empresas e instituciones colabora desde hace a\u00f1os en el desarrollo de proyectos de innovaci\u00f3n de gran valor a\u00f1adido orientados a aumentar la  [&#8230;]<\/p>\n","protected":false},"author":27,"featured_media":98151,"comment_status":"open","ping_status":"closed","sticky":false,"template":"","format":"standard","meta":{"footnotes":""},"categories":[2404,1974,1967,134],"tags":[],"class_list":["post-98156","post","type-post","status-publish","format-standard","has-post-thumbnail","hentry","category-internacional-es","category-internacional-corporatiu-es","category-latam","category-notas-de-prensa"],"yoast_head":"<!-- This site is optimized with the Yoast SEO plugin v27.4 - https:\/\/yoast.com\/product\/yoast-seo-wordpress\/ -->\n<title>Eurecat inaugura en Santiago de Chile su primera sede en Latinoam\u00e9rica<\/title>\n<meta name=\"description\" content=\"El centro tecnol\u00f3gico Eurecat inaugura en Santiago de Chile su primera sede internacional en Latinoam\u00e9rica.\" \/>\n<meta name=\"robots\" content=\"index, follow, max-snippet:-1, max-image-preview:large, max-video-preview:-1\" \/>\n<link rel=\"canonical\" href=\"https:\/\/eurecat.org\/es\/eurecat-inaugura-santiago-chile-primera-sede-internacional-latinoamerica\/\" \/>\n<meta property=\"og:locale\" content=\"es_ES\" \/>\n<meta property=\"og:type\" content=\"article\" \/>\n<meta property=\"og:title\" content=\"Eurecat inaugura en Santiago de Chile su primera sede en Latinoam\u00e9rica\" \/>\n<meta property=\"og:description\" content=\"El centro tecnol\u00f3gico Eurecat inaugura en Santiago de Chile su primera sede internacional en Latinoam\u00e9rica.\" \/>\n<meta property=\"og:url\" content=\"https:\/\/eurecat.org\/es\/eurecat-inaugura-santiago-chile-primera-sede-internacional-latinoamerica\/\" \/>\n<meta property=\"og:site_name\" content=\"Eurecat\" \/>\n<meta property=\"article:published_time\" content=\"2020-03-16T16:32:14+00:00\" \/>\n<meta property=\"article:modified_time\" content=\"2020-03-27T11:58:56+00:00\" \/>\n<meta property=\"og:image\" content=\"https:\/\/eurecat.org\/wp-content\/uploads\/2020\/03\/Eurecat-Chile_930x515px.jpg\" \/>\n\t<meta property=\"og:image:width\" content=\"930\" \/>\n\t<meta property=\"og:image:height\" content=\"515\" \/>\n\t<meta property=\"og:image:type\" content=\"image\/jpeg\" \/>\n<meta name=\"author\" content=\"eurecatNG\" \/>\n<meta name=\"twitter:card\" content=\"summary_large_image\" \/>\n<meta name=\"twitter:label1\" content=\"Escrito por\" \/>\n\t<meta name=\"twitter:data1\" content=\"eurecatNG\" \/>\n\t<meta name=\"twitter:label2\" content=\"Tiempo de lectura\" \/>\n\t<meta name=\"twitter:data2\" content=\"3 minutos\" \/>\n<script type=\"application\/ld+json\" class=\"yoast-schema-graph\">{\"@context\":\"https:\\\/\\\/schema.org\",\"@graph\":[{\"@type\":\"Article\",\"@id\":\"https:\\\/\\\/eurecat.org\\\/es\\\/eurecat-inaugura-santiago-chile-primera-sede-internacional-latinoamerica\\\/#article\",\"isPartOf\":{\"@id\":\"https:\\\/\\\/eurecat.org\\\/es\\\/eurecat-inaugura-santiago-chile-primera-sede-internacional-latinoamerica\\\/\"},\"author\":{\"name\":\"eurecatNG\",\"@id\":\"https:\\\/\\\/eurecat.org\\\/es\\\/#\\\/schema\\\/person\\\/8342992d6929ad043b305d3cac68b3f4\"},\"headline\":\"El centro tecnol\u00f3gico Eurecat inaugura en Santiago de Chile su primera sede internacional en Latinoam\u00e9rica\",\"datePublished\":\"2020-03-16T16:32:14+00:00\",\"dateModified\":\"2020-03-27T11:58:56+00:00\",\"mainEntityOfPage\":{\"@id\":\"https:\\\/\\\/eurecat.org\\\/es\\\/eurecat-inaugura-santiago-chile-primera-sede-internacional-latinoamerica\\\/\"},\"wordCount\":665,\"commentCount\":0,\"image\":{\"@id\":\"https:\\\/\\\/eurecat.org\\\/es\\\/eurecat-inaugura-santiago-chile-primera-sede-internacional-latinoamerica\\\/#primaryimage\"},\"thumbnailUrl\":\"https:\\\/\\\/eurecat.org\\\/wp-content\\\/uploads\\\/2020\\\/03\\\/Eurecat-Chile_930x515px.jpg\",\"articleSection\":[\"Internacional\",\"Internacional\",\"Latam\",\"Notas de prensa\"],\"inLanguage\":\"es\",\"potentialAction\":[{\"@type\":\"CommentAction\",\"name\":\"Comment\",\"target\":[\"https:\\\/\\\/eurecat.org\\\/es\\\/eurecat-inaugura-santiago-chile-primera-sede-internacional-latinoamerica\\\/#respond\"]}]},{\"@type\":\"WebPage\",\"@id\":\"https:\\\/\\\/eurecat.org\\\/es\\\/eurecat-inaugura-santiago-chile-primera-sede-internacional-latinoamerica\\\/\",\"url\":\"https:\\\/\\\/eurecat.org\\\/es\\\/eurecat-inaugura-santiago-chile-primera-sede-internacional-latinoamerica\\\/\",\"name\":\"Eurecat inaugura en Santiago de Chile su primera sede en Latinoam\u00e9rica\",\"isPartOf\":{\"@id\":\"https:\\\/\\\/eurecat.org\\\/es\\\/#website\"},\"primaryImageOfPage\":{\"@id\":\"https:\\\/\\\/eurecat.org\\\/es\\\/eurecat-inaugura-santiago-chile-primera-sede-internacional-latinoamerica\\\/#primaryimage\"},\"image\":{\"@id\":\"https:\\\/\\\/eurecat.org\\\/es\\\/eurecat-inaugura-santiago-chile-primera-sede-internacional-latinoamerica\\\/#primaryimage\"},\"thumbnailUrl\":\"https:\\\/\\\/eurecat.org\\\/wp-content\\\/uploads\\\/2020\\\/03\\\/Eurecat-Chile_930x515px.jpg\",\"datePublished\":\"2020-03-16T16:32:14+00:00\",\"dateModified\":\"2020-03-27T11:58:56+00:00\",\"author\":{\"@id\":\"https:\\\/\\\/eurecat.org\\\/es\\\/#\\\/schema\\\/person\\\/8342992d6929ad043b305d3cac68b3f4\"},\"description\":\"El centro tecnol\u00f3gico Eurecat inaugura en Santiago de Chile su primera sede internacional en Latinoam\u00e9rica.\",\"breadcrumb\":{\"@id\":\"https:\\\/\\\/eurecat.org\\\/es\\\/eurecat-inaugura-santiago-chile-primera-sede-internacional-latinoamerica\\\/#breadcrumb\"},\"inLanguage\":\"es\",\"potentialAction\":[{\"@type\":\"ReadAction\",\"target\":[\"https:\\\/\\\/eurecat.org\\\/es\\\/eurecat-inaugura-santiago-chile-primera-sede-internacional-latinoamerica\\\/\"]}]},{\"@type\":\"ImageObject\",\"inLanguage\":\"es\",\"@id\":\"https:\\\/\\\/eurecat.org\\\/es\\\/eurecat-inaugura-santiago-chile-primera-sede-internacional-latinoamerica\\\/#primaryimage\",\"url\":\"https:\\\/\\\/eurecat.org\\\/wp-content\\\/uploads\\\/2020\\\/03\\\/Eurecat-Chile_930x515px.jpg\",\"contentUrl\":\"https:\\\/\\\/eurecat.org\\\/wp-content\\\/uploads\\\/2020\\\/03\\\/Eurecat-Chile_930x515px.jpg\",\"width\":930,\"height\":515,\"caption\":\"eurecat xile\"},{\"@type\":\"BreadcrumbList\",\"@id\":\"https:\\\/\\\/eurecat.org\\\/es\\\/eurecat-inaugura-santiago-chile-primera-sede-internacional-latinoamerica\\\/#breadcrumb\",\"itemListElement\":[{\"@type\":\"ListItem\",\"position\":1,\"name\":\"Inici\",\"item\":\"https:\\\/\\\/eurecat.org\\\/es\\\/\"},{\"@type\":\"ListItem\",\"position\":2,\"name\":\"El centro tecnol\u00f3gico Eurecat inaugura en Santiago de Chile su primera sede internacional en Latinoam\u00e9rica\"}]},{\"@type\":\"WebSite\",\"@id\":\"https:\\\/\\\/eurecat.org\\\/es\\\/#website\",\"url\":\"https:\\\/\\\/eurecat.org\\\/es\\\/\",\"name\":\"Eurecat\",\"description\":\"Otro sitio realizado con WordPress\",\"potentialAction\":[{\"@type\":\"SearchAction\",\"target\":{\"@type\":\"EntryPoint\",\"urlTemplate\":\"https:\\\/\\\/eurecat.org\\\/es\\\/?s={search_term_string}\"},\"query-input\":{\"@type\":\"PropertyValueSpecification\",\"valueRequired\":true,\"valueName\":\"search_term_string\"}}],\"inLanguage\":\"es\"},{\"@type\":\"Person\",\"@id\":\"https:\\\/\\\/eurecat.org\\\/es\\\/#\\\/schema\\\/person\\\/8342992d6929ad043b305d3cac68b3f4\",\"name\":\"eurecatNG\",\"image\":{\"@type\":\"ImageObject\",\"inLanguage\":\"es\",\"@id\":\"https:\\\/\\\/secure.gravatar.com\\\/avatar\\\/63200cb70ae4f15a0f673050f36df149dba802bea7614e8f838aaccfcf8ea11d?s=96&d=mm&r=g\",\"url\":\"https:\\\/\\\/secure.gravatar.com\\\/avatar\\\/63200cb70ae4f15a0f673050f36df149dba802bea7614e8f838aaccfcf8ea11d?s=96&d=mm&r=g\",\"contentUrl\":\"https:\\\/\\\/secure.gravatar.com\\\/avatar\\\/63200cb70ae4f15a0f673050f36df149dba802bea7614e8f838aaccfcf8ea11d?s=96&d=mm&r=g\",\"caption\":\"eurecatNG\"}}]}<\/script>\n<!-- \/ Yoast SEO plugin. -->","yoast_head_json":{"title":"Eurecat inaugura en Santiago de Chile su primera sede en Latinoam\u00e9rica","description":"El centro tecnol\u00f3gico Eurecat inaugura en Santiago de Chile su primera sede internacional en Latinoam\u00e9rica.","robots":{"index":"index","follow":"follow","max-snippet":"max-snippet:-1","max-image-preview":"max-image-preview:large","max-video-preview":"max-video-preview:-1"},"canonical":"https:\/\/eurecat.org\/es\/eurecat-inaugura-santiago-chile-primera-sede-internacional-latinoamerica\/","og_locale":"es_ES","og_type":"article","og_title":"Eurecat inaugura en Santiago de Chile su primera sede en Latinoam\u00e9rica","og_description":"El centro tecnol\u00f3gico Eurecat inaugura en Santiago de Chile su primera sede internacional en Latinoam\u00e9rica.","og_url":"https:\/\/eurecat.org\/es\/eurecat-inaugura-santiago-chile-primera-sede-internacional-latinoamerica\/","og_site_name":"Eurecat","article_published_time":"2020-03-16T16:32:14+00:00","article_modified_time":"2020-03-27T11:58:56+00:00","og_image":[{"width":930,"height":515,"url":"https:\/\/eurecat.org\/wp-content\/uploads\/2020\/03\/Eurecat-Chile_930x515px.jpg","type":"image\/jpeg"}],"author":"eurecatNG","twitter_card":"summary_large_image","twitter_misc":{"Escrito por":"eurecatNG","Tiempo de lectura":"3 minutos"},"schema":{"@context":"https:\/\/schema.org","@graph":[{"@type":"Article","@id":"https:\/\/eurecat.org\/es\/eurecat-inaugura-santiago-chile-primera-sede-internacional-latinoamerica\/#article","isPartOf":{"@id":"https:\/\/eurecat.org\/es\/eurecat-inaugura-santiago-chile-primera-sede-internacional-latinoamerica\/"},"author":{"name":"eurecatNG","@id":"https:\/\/eurecat.org\/es\/#\/schema\/person\/8342992d6929ad043b305d3cac68b3f4"},"headline":"El centro tecnol\u00f3gico Eurecat inaugura en Santiago de Chile su primera sede internacional en Latinoam\u00e9rica","datePublished":"2020-03-16T16:32:14+00:00","dateModified":"2020-03-27T11:58:56+00:00","mainEntityOfPage":{"@id":"https:\/\/eurecat.org\/es\/eurecat-inaugura-santiago-chile-primera-sede-internacional-latinoamerica\/"},"wordCount":665,"commentCount":0,"image":{"@id":"https:\/\/eurecat.org\/es\/eurecat-inaugura-santiago-chile-primera-sede-internacional-latinoamerica\/#primaryimage"},"thumbnailUrl":"https:\/\/eurecat.org\/wp-content\/uploads\/2020\/03\/Eurecat-Chile_930x515px.jpg","articleSection":["Internacional","Internacional","Latam","Notas de prensa"],"inLanguage":"es","potentialAction":[{"@type":"CommentAction","name":"Comment","target":["https:\/\/eurecat.org\/es\/eurecat-inaugura-santiago-chile-primera-sede-internacional-latinoamerica\/#respond"]}]},{"@type":"WebPage","@id":"https:\/\/eurecat.org\/es\/eurecat-inaugura-santiago-chile-primera-sede-internacional-latinoamerica\/","url":"https:\/\/eurecat.org\/es\/eurecat-inaugura-santiago-chile-primera-sede-internacional-latinoamerica\/","name":"Eurecat inaugura en Santiago de Chile su primera sede en Latinoam\u00e9rica","isPartOf":{"@id":"https:\/\/eurecat.org\/es\/#website"},"primaryImageOfPage":{"@id":"https:\/\/eurecat.org\/es\/eurecat-inaugura-santiago-chile-primera-sede-internacional-latinoamerica\/#primaryimage"},"image":{"@id":"https:\/\/eurecat.org\/es\/eurecat-inaugura-santiago-chile-primera-sede-internacional-latinoamerica\/#primaryimage"},"thumbnailUrl":"https:\/\/eurecat.org\/wp-content\/uploads\/2020\/03\/Eurecat-Chile_930x515px.jpg","datePublished":"2020-03-16T16:32:14+00:00","dateModified":"2020-03-27T11:58:56+00:00","author":{"@id":"https:\/\/eurecat.org\/es\/#\/schema\/person\/8342992d6929ad043b305d3cac68b3f4"},"description":"El centro tecnol\u00f3gico Eurecat inaugura en Santiago de Chile su primera sede internacional en Latinoam\u00e9rica.","breadcrumb":{"@id":"https:\/\/eurecat.org\/es\/eurecat-inaugura-santiago-chile-primera-sede-internacional-latinoamerica\/#breadcrumb"},"inLanguage":"es","potentialAction":[{"@type":"ReadAction","target":["https:\/\/eurecat.org\/es\/eurecat-inaugura-santiago-chile-primera-sede-internacional-latinoamerica\/"]}]},{"@type":"ImageObject","inLanguage":"es","@id":"https:\/\/eurecat.org\/es\/eurecat-inaugura-santiago-chile-primera-sede-internacional-latinoamerica\/#primaryimage","url":"https:\/\/eurecat.org\/wp-content\/uploads\/2020\/03\/Eurecat-Chile_930x515px.jpg","contentUrl":"https:\/\/eurecat.org\/wp-content\/uploads\/2020\/03\/Eurecat-Chile_930x515px.jpg","width":930,"height":515,"caption":"eurecat xile"},{"@type":"BreadcrumbList","@id":"https:\/\/eurecat.org\/es\/eurecat-inaugura-santiago-chile-primera-sede-internacional-latinoamerica\/#breadcrumb","itemListElement":[{"@type":"ListItem","position":1,"name":"Inici","item":"https:\/\/eurecat.org\/es\/"},{"@type":"ListItem","position":2,"name":"El centro tecnol\u00f3gico Eurecat inaugura en Santiago de Chile su primera sede internacional en Latinoam\u00e9rica"}]},{"@type":"WebSite","@id":"https:\/\/eurecat.org\/es\/#website","url":"https:\/\/eurecat.org\/es\/","name":"Eurecat","description":"Otro sitio realizado con WordPress","potentialAction":[{"@type":"SearchAction","target":{"@type":"EntryPoint","urlTemplate":"https:\/\/eurecat.org\/es\/?s={search_term_string}"},"query-input":{"@type":"PropertyValueSpecification","valueRequired":true,"valueName":"search_term_string"}}],"inLanguage":"es"},{"@type":"Person","@id":"https:\/\/eurecat.org\/es\/#\/schema\/person\/8342992d6929ad043b305d3cac68b3f4","name":"eurecatNG","image":{"@type":"ImageObject","inLanguage":"es","@id":"https:\/\/secure.gravatar.com\/avatar\/63200cb70ae4f15a0f673050f36df149dba802bea7614e8f838aaccfcf8ea11d?s=96&d=mm&r=g","url":"https:\/\/secure.gravatar.com\/avatar\/63200cb70ae4f15a0f673050f36df149dba802bea7614e8f838aaccfcf8ea11d?s=96&d=mm&r=g","contentUrl":"https:\/\/secure.gravatar.com\/avatar\/63200cb70ae4f15a0f673050f36df149dba802bea7614e8f838aaccfcf8ea11d?s=96&d=mm&r=g","caption":"eurecatNG"}}]}},"_links":{"self":[{"href":"https:\/\/eurecat.org\/es\/wp-json\/wp\/v2\/posts\/98156","targetHints":{"allow":["GET"]}}],"collection":[{"href":"https:\/\/eurecat.org\/es\/wp-json\/wp\/v2\/posts"}],"about":[{"href":"https:\/\/eurecat.org\/es\/wp-json\/wp\/v2\/types\/post"}],"author":[{"embeddable":true,"href":"https:\/\/eurecat.org\/es\/wp-json\/wp\/v2\/users\/27"}],"replies":[{"embeddable":true,"href":"https:\/\/eurecat.org\/es\/wp-json\/wp\/v2\/comments?post=98156"}],"version-history":[{"count":0,"href":"https:\/\/eurecat.org\/es\/wp-json\/wp\/v2\/posts\/98156\/revisions"}],"wp:featuredmedia":[{"embeddable":true,"href":"https:\/\/eurecat.org\/es\/wp-json\/wp\/v2\/media\/98151"}],"wp:attachment":[{"href":"https:\/\/eurecat.org\/es\/wp-json\/wp\/v2\/media?parent=98156"}],"wp:term":[{"taxonomy":"category","embeddable":true,"href":"https:\/\/eurecat.org\/es\/wp-json\/wp\/v2\/categories?post=98156"},{"taxonomy":"post_tag","embeddable":true,"href":"https:\/\/eurecat.org\/es\/wp-json\/wp\/v2\/tags?post=98156"}],"curies":[{"name":"wp","href":"https:\/\/api.w.org\/{rel}","templated":true}]}}