{"id":98558,"date":"2020-03-26T12:21:25","date_gmt":"2020-03-26T12:21:25","guid":{"rendered":"https:\/\/eurecat.org\/?p=98558"},"modified":"2020-03-26T12:48:09","modified_gmt":"2020-03-26T12:48:09","slug":"xavier-martinez_las-empresas-piden-mejoras-que-les-permitan-ser-mas-sostenibles-e-impactar-menos-en-el-medio-ambiente","status":"publish","type":"post","link":"https:\/\/eurecat.org\/es\/xavier-martinez_las-empresas-piden-mejoras-que-les-permitan-ser-mas-sostenibles-e-impactar-menos-en-el-medio-ambiente\/","title":{"rendered":"Xavier Mart\u00ednez: \u00abLas empresas piden mejoras que les permitan ser m\u00e1s sostenibles e impactar menos en el medio ambiente\u00bb"},"content":{"rendered":"<p>Ayudar a las empresas a aumentar su competitividad y mejorar la gesti\u00f3n del agua, el suelo y el aire y los recursos asociados, mediante tecnolog\u00edas muy diversas, incluyendo herramientas de monitorizaci\u00f3n, de tratamiento y de modelizaci\u00f3n. As\u00ed resume el director de la Unidad Tecnol\u00f3gica de Agua, Aire y Suelos de Eurecat (WAS en las siglas en ingl\u00e9s de Water, Air &amp; Soil), Xavier Mart\u00ednez, la esencia de su actividad, un \u00e1mbito en el que, destaca, cada vez las empresas piden m\u00e1s mejoras que les permitan ser m\u00e1s sostenibles, no s\u00f3lo desde el punto de vista ambiental, sino tambi\u00e9n econ\u00f3mico y social. De acuerdo con su visi\u00f3n, dentro de unos a\u00f1os las depuradoras se transformar\u00e1n en biofactor\u00edas, la tecnolog\u00eda digital permitir\u00e1 hacer una mejor gesti\u00f3n del ciclo del agua y se extender\u00e1 mucho la reutilizaci\u00f3n, tambi\u00e9n para el consumo.<\/p>\n<p><strong>\u00bfComo trabaja la Unidad Tecnol\u00f3gica de Agua, Aire y Suelos y c\u00f3mo puede ayudar a las empresas?<\/strong><br \/>\nDesde la Unidad de Agua, Aire y Suelos, desarrollamos y optimizamos nuevos procesos basados \u200b\u200ben tecnolog\u00eda innovadora para mejorar la gesti\u00f3n que se hace de los recursos que obtenemos del agua, los suelos y el aire, al tiempo que minimizamos el impacto ambiental que la actividad humana tiene sobre estos. Esto lo hacemos a trav\u00e9s de la investigaci\u00f3n, el desarrollo y la innovaci\u00f3n y utilizando una serie de tecnolog\u00edas muy diversas. Entre estas se incluyen tecnolog\u00edas innovadoras de tratamiento, pero tambi\u00e9n herramientas de monitorizaci\u00f3n y de modelizaci\u00f3n, entre otros, que nos permiten identificar los problemas, cuantificar su impacto sobre la actividad industrial y la sociedad y proponer soluciones que mejoren su gesti\u00f3n. Esto lo hacemos de diversas maneras, desde el estudio de la problem\u00e1tica y la identificaci\u00f3n de propuestas de mejora, teniendo en cuenta el estado del arte actual, hasta el diagn\u00f3stico y optimizaci\u00f3n a escala real de procesos industriales. En medio, podemos validar las propuestas de mejora a escala de laboratorio, piloto o prototipo, de forma progresiva y minimizando el riesgo tecnol\u00f3gico y econ\u00f3mico para la empresa.<\/p>\n<p><strong>\u00bfNos podr\u00edas dar alg\u00fan ejemplo?<\/strong><br \/>\nA nivel de proyectos, podr\u00edamos destacar uno de los \u00faltimos que hemos llevado a cabo con la empresa Aguas de Manresa y que nos ha permitido cubrir todas las etapas del ciclo previamente mencionadas, desde la identificaci\u00f3n de oportunidades de mejora, la modelizaci\u00f3n de estas oportunidades, siguiendo para su validaci\u00f3n a escala de laboratorio y terminando por el estudio de las mejoras a escala piloto y, incluso, optimizando la escala real. Esto lo hemos hecho estudiando la viabilidad t\u00e9cnico-econ\u00f3mica de diferentes tecnolog\u00edas de tratamiento innovadoras durante el proceso de potabilizaci\u00f3n, incluyendo tratamientos naturales y procesos avanzados de separaci\u00f3n. Tambi\u00e9n hemos ayudado a la empresa a desarrollar herramientas que les permitan mejorar la gesti\u00f3n de su red de distribuci\u00f3n para maximizar la calidad del agua que sirven a sus usuarios finales. Parte de los resultados que se han obtenido de esta colaboraci\u00f3n se materializar\u00e1n en la nueva planta de tratamiento de agua potable que Aguas de Manresa construir\u00e1 en los pr\u00f3ximos a\u00f1os.<\/p>\n<p><strong>Cada d\u00eda hay m\u00e1s concienciaci\u00f3n sobre la importancia de la sostenibilidad desde el punto de vista social y empresarial, \u00bfen qu\u00e9 aspectos se nota m\u00e1s esta sensibilizaci\u00f3n?<\/strong><br \/>\nLa visi\u00f3n que tiene la sociedad sobre el uso de los recursos naturales ha cambiado radicalmente en los \u00faltimos a\u00f1os y sigue evolucionando. Las empresas cada vez piden, adem\u00e1s del factor econ\u00f3mico, que los aportes mejoras que les permitan ser m\u00e1s sostenibles desde el punto de vista ambiental y social. Por ejemplo, en el caso del agua, cada vez las empresas est\u00e1n m\u00e1s concienciadas por el uso que hacen. No \u00fanicamente por un tema ambiental, sino que tambi\u00e9n son conscientes de las consecuencias que puede tener para su negocio la escasez del agua en un futuro. Por eso deben desarrollar o poner en pr\u00e1ctica estrategias que les permitan hacer un uso m\u00e1s eficiente de este recurso. Lo mismo ocurre con el suelo y el aire, es decir, la normativa cada vez es m\u00e1s exigente y las empresas tienen m\u00e1s claro que deben implementar procesos de producci\u00f3n m\u00e1s respetuosos con estos vectores ambientales y de los recursos que se extraen , para minimizar el coste derivado de su gesti\u00f3n, para adaptarse a futuros cambios normativos que puedan hacer peligrar su negocio o, sencillamente, para que el consumidor lo pide.<\/p>\n<p><strong>Actualmente se habla mucho de econom\u00eda circular. \u00bfQu\u00e9 es este concepto y c\u00f3mo se aplica al agua, el suelo o el aire?<\/strong><br \/>\nLa econom\u00eda circular consiste en pasar de un modelo lineal de consumo, es decir, de coger el producto del medio natural, utilizarlo, tratarlo y devolverlo al medio natural, a un modelo circular que consiste en tratar los recursos una vez utilizados para aprovecharlos en el mismo o en otros procesos, cerrando el c\u00edrculo. As\u00ed, en un mundo ideal, no deber\u00edamos tomar productos del medio natural, sino que se regenerar\u00edan todos los recursos que utilizamos y no s\u00f3lo evitar\u00edamos el agotamiento de recursos no renovables, como el petr\u00f3leo, sino que tambi\u00e9n aumentar\u00edamos la disponibilidad de aquellos que s\u00ed lo son, como el agua. El agua es precisamente uno de los casos m\u00e1s evidentes en la aplicaci\u00f3n de la econom\u00eda circular ya que, no s\u00f3lo podemos reutilizar la propia agua, sino que tambi\u00e9n podemos recuperar los recursos que le aportamos durante su uso. Por ejemplo, los nutrientes como el nitr\u00f3geno y el f\u00f3sforo. Si en lugar de eliminarlos como hacen los procesos actuales, los recuperamos, los podemos volver a utilizar para la agricultura en lugar de fertilizantes de origen no renovable. O por ejemplo transformar la materia org\u00e1nica del agua residual, en biocombustibles como el biog\u00e1s o, incluso, biopl\u00e1sticos. En el caso del aire y el suelo pasa lo mismo, emitimos recursos a estos medios que podr\u00edamos recuperar. Por ejemplo, las emisiones de gases con como el amoniaco, que tambi\u00e9n es un nutriente, que se podr\u00eda recuperar y volver a usar.<\/p>\n<p><strong>Este mes se celebra el D\u00eda Mundial del Agua, \u00bfcu\u00e1les son las tendencias m\u00e1s destacadas en el \u00e1mbito de la gesti\u00f3n del agua?<\/strong><br \/>\nPor un lado, la incorporaci\u00f3n de la econom\u00eda circular en la gesti\u00f3n del agua. Como hemos explicado, esto implica recuperar y reutilizar la propia agua, pero tambi\u00e9n los recursos que lleva asociada, como puede ser la energ\u00eda, los nutrientes, compuestos de valor a\u00f1adido o reactivos, en el caso de procesos industriales, entre otros. Por otra parte, una tendencia que va muy ligada a la calidad. Cada vez hacemos un uso m\u00e1s intensivo de este recurso y descubrimos que es receptor de numerosos contaminantes. Al mismo tiempo, las normativas son cada vez m\u00e1s exigentes y, por tanto, hemos de asegurar una mejor calidad del agua en todos los aspectos, tanto en el agua potable como en el agua que enviamos al medio natural. Esto implica desarrollar y aplicar t\u00e9cnicas cada vez m\u00e1s espec\u00edficas para, no s\u00f3lo eliminar los contaminantes de inter\u00e9s, sino asegurar la calidad durante todo el ciclo. Y el tercer gran punto es la obtenci\u00f3n de informaci\u00f3n \u00fatil que permita hacer una mejor gesti\u00f3n. En este aspecto las tecnolog\u00edas digitales como la inteligencia artificial nos abren la puerta a poder gestionar el gran volumen de datos que se genera en todo el ciclo del agua y obtener informaci\u00f3n que sea valiosa para poder gestionar mejor el recurso.<\/p>\n<p><strong>\u00bfTe atrever\u00edas a hacer un pron\u00f3stico de cambios que podemos ver en los pr\u00f3ximos a\u00f1os?<\/strong><br \/>\nEn 5-10 a\u00f1os yo creo que empezaremos a ver como las depuradoras se transforman en biofactor\u00edas, es decir, las depuradoras de agua ser\u00e1n plantas productoras de recursos, la propia agua y nutrientes, energ\u00eda, pl\u00e1sticos, etc. Tambi\u00e9n veremos, cada vez m\u00e1s, como la tecnolog\u00eda digital nos permitir\u00e1 hacer una mejor gesti\u00f3n del ciclo del agua y, no s\u00f3lo eso, sino que se generar\u00e1n nuevos servicios basados \u200b\u200ben los datos que se obtengan del ciclo del agua, por ejemplo, se podr\u00e1 avisar de una fuga de agua a partir del consumo. Esto ya se empieza a hacer, pero se ir\u00e1 m\u00e1s all\u00e1. Ya hay proyectos europeos que est\u00e1n investigando temas epidemiol\u00f3gicos en base a la composici\u00f3n del agua residual. Y por \u00faltimo, para hacer frente a la falta de disponibilidad del recurso, se extender\u00e1 a\u00fan m\u00e1s la reutilizaci\u00f3n del agua, m\u00e1s all\u00e1 de los usos actuales y llegando a que una parte del agua potable sea agua regenerada<\/p>\n<p>&nbsp;<\/p>\n","protected":false},"excerpt":{"rendered":"<p>Ayudar a las empresas a aumentar su competitividad y mejorar la gesti\u00f3n del agua, el suelo y el aire y los recursos asociados, mediante tecnolog\u00edas muy diversas, incluyendo herramientas de monitorizaci\u00f3n, de tratamiento y de modelizaci\u00f3n. As\u00ed resume el director de la Unidad Tecnol\u00f3gica de Agua, Aire y Suelos de Eurecat (WAS en las siglas  [&#8230;]<\/p>\n","protected":false},"author":20,"featured_media":98565,"comment_status":"closed","ping_status":"closed","sticky":false,"template":"","format":"standard","meta":{"footnotes":""},"categories":[133],"tags":[],"class_list":["post-98558","post","type-post","status-publish","format-standard","has-post-thumbnail","hentry","category-blog"],"yoast_head":"<!-- This site is optimized with the Yoast SEO plugin v27.4 - https:\/\/yoast.com\/product\/yoast-seo-wordpress\/ -->\n<title>Xavier Mart\u00ednez: &quot;Las empresas piden mejoras que les permitan ser m\u00e1s sostenibles e impactar menos en el medio ambiente&quot; - Eurecat<\/title>\n<meta name=\"description\" content=\"Ayudar a las empresas a aumentar su competitividad y mejorar la gesti\u00f3n del agua, el suelo y el aire y los recursos asociados, mediante tecnolog\u00edas muy diversas, incluyendo herramientas de monitorizaci\u00f3n, de tratamiento y de modelizaci\u00f3n.\" \/>\n<meta name=\"robots\" content=\"index, follow, max-snippet:-1, max-image-preview:large, max-video-preview:-1\" \/>\n<link rel=\"canonical\" href=\"https:\/\/eurecat.org\/es\/xavier-martinez_las-empresas-piden-mejoras-que-les-permitan-ser-mas-sostenibles-e-impactar-menos-en-el-medio-ambiente\/\" \/>\n<meta property=\"og:locale\" content=\"es_ES\" \/>\n<meta property=\"og:type\" content=\"article\" \/>\n<meta property=\"og:title\" content=\"Xavier Mart\u00ednez: &quot;Las empresas piden mejoras que les permitan ser m\u00e1s sostenibles e impactar menos en el medio ambiente&quot; - Eurecat\" \/>\n<meta property=\"og:description\" content=\"Ayudar a las empresas a aumentar su competitividad y mejorar la gesti\u00f3n del agua, el suelo y el aire y los recursos asociados, mediante tecnolog\u00edas muy diversas, incluyendo herramientas de monitorizaci\u00f3n, de tratamiento y de modelizaci\u00f3n.\" \/>\n<meta property=\"og:url\" content=\"https:\/\/eurecat.org\/es\/xavier-martinez_las-empresas-piden-mejoras-que-les-permitan-ser-mas-sostenibles-e-impactar-menos-en-el-medio-ambiente\/\" \/>\n<meta property=\"og:site_name\" content=\"Eurecat\" \/>\n<meta property=\"article:published_time\" content=\"2020-03-26T12:21:25+00:00\" \/>\n<meta property=\"article:modified_time\" content=\"2020-03-26T12:48:09+00:00\" \/>\n<meta property=\"og:image\" content=\"https:\/\/eurecat.org\/wp-content\/uploads\/2020\/03\/xavier-martinez600-X-400.jpg\" \/>\n\t<meta property=\"og:image:width\" content=\"600\" \/>\n\t<meta property=\"og:image:height\" content=\"400\" \/>\n\t<meta property=\"og:image:type\" content=\"image\/jpeg\" \/>\n<meta name=\"author\" content=\"EurecatEQZ\" \/>\n<meta name=\"twitter:card\" content=\"summary_large_image\" \/>\n<meta name=\"twitter:label1\" content=\"Escrito por\" \/>\n\t<meta name=\"twitter:data1\" content=\"EurecatEQZ\" \/>\n\t<meta name=\"twitter:label2\" content=\"Tiempo de lectura\" \/>\n\t<meta name=\"twitter:data2\" content=\"8 minutos\" \/>\n<script type=\"application\/ld+json\" class=\"yoast-schema-graph\">{\"@context\":\"https:\\\/\\\/schema.org\",\"@graph\":[{\"@type\":\"Article\",\"@id\":\"https:\\\/\\\/eurecat.org\\\/es\\\/xavier-martinez_las-empresas-piden-mejoras-que-les-permitan-ser-mas-sostenibles-e-impactar-menos-en-el-medio-ambiente\\\/#article\",\"isPartOf\":{\"@id\":\"https:\\\/\\\/eurecat.org\\\/es\\\/xavier-martinez_las-empresas-piden-mejoras-que-les-permitan-ser-mas-sostenibles-e-impactar-menos-en-el-medio-ambiente\\\/\"},\"author\":{\"name\":\"EurecatEQZ\",\"@id\":\"https:\\\/\\\/eurecat.org\\\/es\\\/#\\\/schema\\\/person\\\/99d4d39712001e7621b6867b27b40bed\"},\"headline\":\"Xavier Mart\u00ednez: \u00abLas empresas piden mejoras que les permitan ser m\u00e1s sostenibles e impactar menos en el medio ambiente\u00bb\",\"datePublished\":\"2020-03-26T12:21:25+00:00\",\"dateModified\":\"2020-03-26T12:48:09+00:00\",\"mainEntityOfPage\":{\"@id\":\"https:\\\/\\\/eurecat.org\\\/es\\\/xavier-martinez_las-empresas-piden-mejoras-que-les-permitan-ser-mas-sostenibles-e-impactar-menos-en-el-medio-ambiente\\\/\"},\"wordCount\":1544,\"image\":{\"@id\":\"https:\\\/\\\/eurecat.org\\\/es\\\/xavier-martinez_las-empresas-piden-mejoras-que-les-permitan-ser-mas-sostenibles-e-impactar-menos-en-el-medio-ambiente\\\/#primaryimage\"},\"thumbnailUrl\":\"https:\\\/\\\/eurecat.org\\\/wp-content\\\/uploads\\\/2020\\\/03\\\/xavier-martinez600-X-400.jpg\",\"articleSection\":[\"Blog\"],\"inLanguage\":\"es\"},{\"@type\":\"WebPage\",\"@id\":\"https:\\\/\\\/eurecat.org\\\/es\\\/xavier-martinez_las-empresas-piden-mejoras-que-les-permitan-ser-mas-sostenibles-e-impactar-menos-en-el-medio-ambiente\\\/\",\"url\":\"https:\\\/\\\/eurecat.org\\\/es\\\/xavier-martinez_las-empresas-piden-mejoras-que-les-permitan-ser-mas-sostenibles-e-impactar-menos-en-el-medio-ambiente\\\/\",\"name\":\"Xavier Mart\u00ednez: \\\"Las empresas piden mejoras que les permitan ser m\u00e1s sostenibles e impactar menos en el medio ambiente\\\" - Eurecat\",\"isPartOf\":{\"@id\":\"https:\\\/\\\/eurecat.org\\\/es\\\/#website\"},\"primaryImageOfPage\":{\"@id\":\"https:\\\/\\\/eurecat.org\\\/es\\\/xavier-martinez_las-empresas-piden-mejoras-que-les-permitan-ser-mas-sostenibles-e-impactar-menos-en-el-medio-ambiente\\\/#primaryimage\"},\"image\":{\"@id\":\"https:\\\/\\\/eurecat.org\\\/es\\\/xavier-martinez_las-empresas-piden-mejoras-que-les-permitan-ser-mas-sostenibles-e-impactar-menos-en-el-medio-ambiente\\\/#primaryimage\"},\"thumbnailUrl\":\"https:\\\/\\\/eurecat.org\\\/wp-content\\\/uploads\\\/2020\\\/03\\\/xavier-martinez600-X-400.jpg\",\"datePublished\":\"2020-03-26T12:21:25+00:00\",\"dateModified\":\"2020-03-26T12:48:09+00:00\",\"author\":{\"@id\":\"https:\\\/\\\/eurecat.org\\\/es\\\/#\\\/schema\\\/person\\\/99d4d39712001e7621b6867b27b40bed\"},\"description\":\"Ayudar a las empresas a aumentar su competitividad y mejorar la gesti\u00f3n del agua, el suelo y el aire y los recursos asociados, mediante tecnolog\u00edas muy diversas, incluyendo herramientas de monitorizaci\u00f3n, de tratamiento y de modelizaci\u00f3n.\",\"breadcrumb\":{\"@id\":\"https:\\\/\\\/eurecat.org\\\/es\\\/xavier-martinez_las-empresas-piden-mejoras-que-les-permitan-ser-mas-sostenibles-e-impactar-menos-en-el-medio-ambiente\\\/#breadcrumb\"},\"inLanguage\":\"es\",\"potentialAction\":[{\"@type\":\"ReadAction\",\"target\":[\"https:\\\/\\\/eurecat.org\\\/es\\\/xavier-martinez_las-empresas-piden-mejoras-que-les-permitan-ser-mas-sostenibles-e-impactar-menos-en-el-medio-ambiente\\\/\"]}]},{\"@type\":\"ImageObject\",\"inLanguage\":\"es\",\"@id\":\"https:\\\/\\\/eurecat.org\\\/es\\\/xavier-martinez_las-empresas-piden-mejoras-que-les-permitan-ser-mas-sostenibles-e-impactar-menos-en-el-medio-ambiente\\\/#primaryimage\",\"url\":\"https:\\\/\\\/eurecat.org\\\/wp-content\\\/uploads\\\/2020\\\/03\\\/xavier-martinez600-X-400.jpg\",\"contentUrl\":\"https:\\\/\\\/eurecat.org\\\/wp-content\\\/uploads\\\/2020\\\/03\\\/xavier-martinez600-X-400.jpg\",\"width\":600,\"height\":400},{\"@type\":\"BreadcrumbList\",\"@id\":\"https:\\\/\\\/eurecat.org\\\/es\\\/xavier-martinez_las-empresas-piden-mejoras-que-les-permitan-ser-mas-sostenibles-e-impactar-menos-en-el-medio-ambiente\\\/#breadcrumb\",\"itemListElement\":[{\"@type\":\"ListItem\",\"position\":1,\"name\":\"Inici\",\"item\":\"https:\\\/\\\/eurecat.org\\\/es\\\/\"},{\"@type\":\"ListItem\",\"position\":2,\"name\":\"Xavier Mart\u00ednez: \u00abLas empresas piden mejoras que les permitan ser m\u00e1s sostenibles e impactar menos en el medio ambiente\u00bb\"}]},{\"@type\":\"WebSite\",\"@id\":\"https:\\\/\\\/eurecat.org\\\/es\\\/#website\",\"url\":\"https:\\\/\\\/eurecat.org\\\/es\\\/\",\"name\":\"Eurecat\",\"description\":\"Otro sitio realizado con WordPress\",\"potentialAction\":[{\"@type\":\"SearchAction\",\"target\":{\"@type\":\"EntryPoint\",\"urlTemplate\":\"https:\\\/\\\/eurecat.org\\\/es\\\/?s={search_term_string}\"},\"query-input\":{\"@type\":\"PropertyValueSpecification\",\"valueRequired\":true,\"valueName\":\"search_term_string\"}}],\"inLanguage\":\"es\"},{\"@type\":\"Person\",\"@id\":\"https:\\\/\\\/eurecat.org\\\/es\\\/#\\\/schema\\\/person\\\/99d4d39712001e7621b6867b27b40bed\",\"name\":\"EurecatEQZ\",\"image\":{\"@type\":\"ImageObject\",\"inLanguage\":\"es\",\"@id\":\"https:\\\/\\\/secure.gravatar.com\\\/avatar\\\/6deb26ca61bcc34263c59cc62bb8b08ff90b67af7f99943babf5d86396845993?s=96&d=mm&r=g\",\"url\":\"https:\\\/\\\/secure.gravatar.com\\\/avatar\\\/6deb26ca61bcc34263c59cc62bb8b08ff90b67af7f99943babf5d86396845993?s=96&d=mm&r=g\",\"contentUrl\":\"https:\\\/\\\/secure.gravatar.com\\\/avatar\\\/6deb26ca61bcc34263c59cc62bb8b08ff90b67af7f99943babf5d86396845993?s=96&d=mm&r=g\",\"caption\":\"EurecatEQZ\"}}]}<\/script>\n<!-- \/ Yoast SEO plugin. -->","yoast_head_json":{"title":"Xavier Mart\u00ednez: \"Las empresas piden mejoras que les permitan ser m\u00e1s sostenibles e impactar menos en el medio ambiente\" - Eurecat","description":"Ayudar a las empresas a aumentar su competitividad y mejorar la gesti\u00f3n del agua, el suelo y el aire y los recursos asociados, mediante tecnolog\u00edas muy diversas, incluyendo herramientas de monitorizaci\u00f3n, de tratamiento y de modelizaci\u00f3n.","robots":{"index":"index","follow":"follow","max-snippet":"max-snippet:-1","max-image-preview":"max-image-preview:large","max-video-preview":"max-video-preview:-1"},"canonical":"https:\/\/eurecat.org\/es\/xavier-martinez_las-empresas-piden-mejoras-que-les-permitan-ser-mas-sostenibles-e-impactar-menos-en-el-medio-ambiente\/","og_locale":"es_ES","og_type":"article","og_title":"Xavier Mart\u00ednez: \"Las empresas piden mejoras que les permitan ser m\u00e1s sostenibles e impactar menos en el medio ambiente\" - Eurecat","og_description":"Ayudar a las empresas a aumentar su competitividad y mejorar la gesti\u00f3n del agua, el suelo y el aire y los recursos asociados, mediante tecnolog\u00edas muy diversas, incluyendo herramientas de monitorizaci\u00f3n, de tratamiento y de modelizaci\u00f3n.","og_url":"https:\/\/eurecat.org\/es\/xavier-martinez_las-empresas-piden-mejoras-que-les-permitan-ser-mas-sostenibles-e-impactar-menos-en-el-medio-ambiente\/","og_site_name":"Eurecat","article_published_time":"2020-03-26T12:21:25+00:00","article_modified_time":"2020-03-26T12:48:09+00:00","og_image":[{"width":600,"height":400,"url":"https:\/\/eurecat.org\/wp-content\/uploads\/2020\/03\/xavier-martinez600-X-400.jpg","type":"image\/jpeg"}],"author":"EurecatEQZ","twitter_card":"summary_large_image","twitter_misc":{"Escrito por":"EurecatEQZ","Tiempo de lectura":"8 minutos"},"schema":{"@context":"https:\/\/schema.org","@graph":[{"@type":"Article","@id":"https:\/\/eurecat.org\/es\/xavier-martinez_las-empresas-piden-mejoras-que-les-permitan-ser-mas-sostenibles-e-impactar-menos-en-el-medio-ambiente\/#article","isPartOf":{"@id":"https:\/\/eurecat.org\/es\/xavier-martinez_las-empresas-piden-mejoras-que-les-permitan-ser-mas-sostenibles-e-impactar-menos-en-el-medio-ambiente\/"},"author":{"name":"EurecatEQZ","@id":"https:\/\/eurecat.org\/es\/#\/schema\/person\/99d4d39712001e7621b6867b27b40bed"},"headline":"Xavier Mart\u00ednez: \u00abLas empresas piden mejoras que les permitan ser m\u00e1s sostenibles e impactar menos en el medio ambiente\u00bb","datePublished":"2020-03-26T12:21:25+00:00","dateModified":"2020-03-26T12:48:09+00:00","mainEntityOfPage":{"@id":"https:\/\/eurecat.org\/es\/xavier-martinez_las-empresas-piden-mejoras-que-les-permitan-ser-mas-sostenibles-e-impactar-menos-en-el-medio-ambiente\/"},"wordCount":1544,"image":{"@id":"https:\/\/eurecat.org\/es\/xavier-martinez_las-empresas-piden-mejoras-que-les-permitan-ser-mas-sostenibles-e-impactar-menos-en-el-medio-ambiente\/#primaryimage"},"thumbnailUrl":"https:\/\/eurecat.org\/wp-content\/uploads\/2020\/03\/xavier-martinez600-X-400.jpg","articleSection":["Blog"],"inLanguage":"es"},{"@type":"WebPage","@id":"https:\/\/eurecat.org\/es\/xavier-martinez_las-empresas-piden-mejoras-que-les-permitan-ser-mas-sostenibles-e-impactar-menos-en-el-medio-ambiente\/","url":"https:\/\/eurecat.org\/es\/xavier-martinez_las-empresas-piden-mejoras-que-les-permitan-ser-mas-sostenibles-e-impactar-menos-en-el-medio-ambiente\/","name":"Xavier Mart\u00ednez: \"Las empresas piden mejoras que les permitan ser m\u00e1s sostenibles e impactar menos en el medio ambiente\" - Eurecat","isPartOf":{"@id":"https:\/\/eurecat.org\/es\/#website"},"primaryImageOfPage":{"@id":"https:\/\/eurecat.org\/es\/xavier-martinez_las-empresas-piden-mejoras-que-les-permitan-ser-mas-sostenibles-e-impactar-menos-en-el-medio-ambiente\/#primaryimage"},"image":{"@id":"https:\/\/eurecat.org\/es\/xavier-martinez_las-empresas-piden-mejoras-que-les-permitan-ser-mas-sostenibles-e-impactar-menos-en-el-medio-ambiente\/#primaryimage"},"thumbnailUrl":"https:\/\/eurecat.org\/wp-content\/uploads\/2020\/03\/xavier-martinez600-X-400.jpg","datePublished":"2020-03-26T12:21:25+00:00","dateModified":"2020-03-26T12:48:09+00:00","author":{"@id":"https:\/\/eurecat.org\/es\/#\/schema\/person\/99d4d39712001e7621b6867b27b40bed"},"description":"Ayudar a las empresas a aumentar su competitividad y mejorar la gesti\u00f3n del agua, el suelo y el aire y los recursos asociados, mediante tecnolog\u00edas muy diversas, incluyendo herramientas de monitorizaci\u00f3n, de tratamiento y de modelizaci\u00f3n.","breadcrumb":{"@id":"https:\/\/eurecat.org\/es\/xavier-martinez_las-empresas-piden-mejoras-que-les-permitan-ser-mas-sostenibles-e-impactar-menos-en-el-medio-ambiente\/#breadcrumb"},"inLanguage":"es","potentialAction":[{"@type":"ReadAction","target":["https:\/\/eurecat.org\/es\/xavier-martinez_las-empresas-piden-mejoras-que-les-permitan-ser-mas-sostenibles-e-impactar-menos-en-el-medio-ambiente\/"]}]},{"@type":"ImageObject","inLanguage":"es","@id":"https:\/\/eurecat.org\/es\/xavier-martinez_las-empresas-piden-mejoras-que-les-permitan-ser-mas-sostenibles-e-impactar-menos-en-el-medio-ambiente\/#primaryimage","url":"https:\/\/eurecat.org\/wp-content\/uploads\/2020\/03\/xavier-martinez600-X-400.jpg","contentUrl":"https:\/\/eurecat.org\/wp-content\/uploads\/2020\/03\/xavier-martinez600-X-400.jpg","width":600,"height":400},{"@type":"BreadcrumbList","@id":"https:\/\/eurecat.org\/es\/xavier-martinez_las-empresas-piden-mejoras-que-les-permitan-ser-mas-sostenibles-e-impactar-menos-en-el-medio-ambiente\/#breadcrumb","itemListElement":[{"@type":"ListItem","position":1,"name":"Inici","item":"https:\/\/eurecat.org\/es\/"},{"@type":"ListItem","position":2,"name":"Xavier Mart\u00ednez: \u00abLas empresas piden mejoras que les permitan ser m\u00e1s sostenibles e impactar menos en el medio ambiente\u00bb"}]},{"@type":"WebSite","@id":"https:\/\/eurecat.org\/es\/#website","url":"https:\/\/eurecat.org\/es\/","name":"Eurecat","description":"Otro sitio realizado con WordPress","potentialAction":[{"@type":"SearchAction","target":{"@type":"EntryPoint","urlTemplate":"https:\/\/eurecat.org\/es\/?s={search_term_string}"},"query-input":{"@type":"PropertyValueSpecification","valueRequired":true,"valueName":"search_term_string"}}],"inLanguage":"es"},{"@type":"Person","@id":"https:\/\/eurecat.org\/es\/#\/schema\/person\/99d4d39712001e7621b6867b27b40bed","name":"EurecatEQZ","image":{"@type":"ImageObject","inLanguage":"es","@id":"https:\/\/secure.gravatar.com\/avatar\/6deb26ca61bcc34263c59cc62bb8b08ff90b67af7f99943babf5d86396845993?s=96&d=mm&r=g","url":"https:\/\/secure.gravatar.com\/avatar\/6deb26ca61bcc34263c59cc62bb8b08ff90b67af7f99943babf5d86396845993?s=96&d=mm&r=g","contentUrl":"https:\/\/secure.gravatar.com\/avatar\/6deb26ca61bcc34263c59cc62bb8b08ff90b67af7f99943babf5d86396845993?s=96&d=mm&r=g","caption":"EurecatEQZ"}}]}},"_links":{"self":[{"href":"https:\/\/eurecat.org\/es\/wp-json\/wp\/v2\/posts\/98558","targetHints":{"allow":["GET"]}}],"collection":[{"href":"https:\/\/eurecat.org\/es\/wp-json\/wp\/v2\/posts"}],"about":[{"href":"https:\/\/eurecat.org\/es\/wp-json\/wp\/v2\/types\/post"}],"author":[{"embeddable":true,"href":"https:\/\/eurecat.org\/es\/wp-json\/wp\/v2\/users\/20"}],"replies":[{"embeddable":true,"href":"https:\/\/eurecat.org\/es\/wp-json\/wp\/v2\/comments?post=98558"}],"version-history":[{"count":0,"href":"https:\/\/eurecat.org\/es\/wp-json\/wp\/v2\/posts\/98558\/revisions"}],"wp:featuredmedia":[{"embeddable":true,"href":"https:\/\/eurecat.org\/es\/wp-json\/wp\/v2\/media\/98565"}],"wp:attachment":[{"href":"https:\/\/eurecat.org\/es\/wp-json\/wp\/v2\/media?parent=98558"}],"wp:term":[{"taxonomy":"category","embeddable":true,"href":"https:\/\/eurecat.org\/es\/wp-json\/wp\/v2\/categories?post=98558"},{"taxonomy":"post_tag","embeddable":true,"href":"https:\/\/eurecat.org\/es\/wp-json\/wp\/v2\/tags?post=98558"}],"curies":[{"name":"wp","href":"https:\/\/api.w.org\/{rel}","templated":true}]}}