{"id":99479,"date":"2020-04-27T15:25:01","date_gmt":"2020-04-27T15:25:01","guid":{"rendered":"https:\/\/eurecat.org\/?p=99479"},"modified":"2021-01-19T12:08:54","modified_gmt":"2021-01-19T12:08:54","slug":"felip-miralles-la-telemedicina-comportara-un-paciente-experto","status":"publish","type":"post","link":"https:\/\/eurecat.org\/es\/felip-miralles-la-telemedicina-comportara-un-paciente-experto\/","title":{"rendered":"Felip Miralles: \u00abLa telemedicina comportar\u00e1 un paciente experto y empoderado con atenci\u00f3n continuada y unos m\u00e9dicos capaces de tomar decisiones m\u00e1s informadas y precisas\u00bb"},"content":{"rendered":"<p>La digitalizaci\u00f3n de la salud y la telemedicina har\u00e1n un salto exponencial en su implantaci\u00f3n a gran escala, porque la tecnolog\u00eda est\u00e1 madura y la crisis de la COVID-19 ha descubierto de pronto su urgente necesidad. As\u00ed lo explica el director de la Unidad Tecnol\u00f3gica de eHealth de Eurecat, Felipe Miralles, en esta entrevista, donde subraya que estos avances permiten aumentar el contacto entre el paciente y el cuidador y los profesionales de la salud, reservando y especializando el contacto presencial para cuando realmente aporta valor. Miralles detalla tambi\u00e9n que Eurecat tiene experiencias de m\u00e1s de diez a\u00f1os en este \u00e1mbito, las cuales se han traducido en proyectos de prehabilitaci\u00f3n quir\u00fargica, de diagn\u00f3stico precoz y de valoraci\u00f3n funcional de patolog\u00edas, entre otras aplicaciones.<\/p>\n<p><strong>\u00bfQu\u00e9 aporta la telemedicina y qu\u00e9 ventajas ofrece, tanto a los m\u00e9dicos como a los pacientes?<\/strong><\/p>\n<p>La telemedicina permite aumentar el contacto entre el paciente y el cuidador y los profesionales de la salud, reservando y especializando el contacto presencial para cuando realmente aporte valor. Del despliegue generalizado de la telemedicina surgir\u00e1 un paciente experto y empoderado con atenci\u00f3n continuada y unos m\u00e9dicos capaces de tomar decisiones m\u00e1s informadas y precisas, liberando unos y otros de tareas rutinarias y de desplazamientos.<\/p>\n<p><strong>\u00bfCu\u00e1l crees que ser\u00e1 el impacto de la COVID-19 en su implantaci\u00f3n?<\/strong><\/p>\n<p>La digitalizaci\u00f3n de la salud llega mucho m\u00e1s tarde que en otros sectores altamente digitalizados, como multimedia, banca o comercio. La crisis de la COVID-19 nos ha cogido poco preparados para hacer prevenci\u00f3n, diagn\u00f3stico precoz, seguimiento remoto a domicilio y coordinaci\u00f3n de niveles asistenciales para evitar los colapsos en los hospitales. Para optimizar esta coordinaci\u00f3n y la gesti\u00f3n de la salud, el desarrollo a gran escala de herramientas digitales y de telemedicina son un factor clave, como se ha visto en Corea del Sur y en Singapur. Las barreras que hasta ahora han ralentizado esta implantaci\u00f3n ahora se superar\u00e1n por el impacto de la pandemia.<\/p>\n<p><strong>\u00bfCu\u00e1les ser\u00e1n los pacientes que se beneficiar\u00e1n m\u00e1s?<\/strong><\/p>\n<p>Todo tipo de pacientes y la poblaci\u00f3n en general. Especialmente, los pacientes cr\u00f3nicos que requieren asistencia continuada. A continuaci\u00f3n, los pacientes que requieren programas de tratamiento de larga duraci\u00f3n, como pacientes oncol\u00f3gicos o con intervenciones que implican procesos largos de rehabilitaci\u00f3n. Pero la COVID-19 tambi\u00e9n nos muestra como una actuaci\u00f3n coordinada para promover la prevenci\u00f3n a toda la poblaci\u00f3n, identificar casos de manera distribuida, gestionar los pacientes leves en su casa, los medios en los ambulatorios y los graves en urgencias y en las UCIs de los hospitales, es una gesti\u00f3n compleja que la telemedicina har\u00e1 mucho m\u00e1s eficiente y eficaz.<\/p>\n<p><strong>\u00bfNos podr\u00edas dar ejemplos de proyectos concretos de Eurecat en este campo?<\/strong><\/p>\n<p>Tenemos experiencias de m\u00e1s de diez a\u00f1os en m\u00faltiples proyectos y casos de uso. Hace m\u00e1s de cinco a\u00f1os, nos decidimos a implementar dos productos de telemedicina y teleasistencia, como son eKenku y eKauri, que se han ido desarrollando en diferentes entornos, pero que nos han costado hacer despegar en un mercado a\u00fan poco receptivo. Mientras tanto, hemos seguido evolucionando modelos y tecnolog\u00edas: el proyecto Horizont2020 CONNECARE, que ha tenido unos resultados excepcionales y de impacto inmediato como nos ha valorado recientemente la Comisi\u00f3n Europea en su revisi\u00f3n final, nos ha permitido validar tecnolog\u00eda puntera en un estudio cl\u00ednico conducido en cuatro regiones europeas, entre ellas Lleida y la derecha del Eixample de Barcelona. La madurez tecnol\u00f3gica que estamos logrando la estamos aplicando a proyectos de innovaci\u00f3n, transferencia tecnol\u00f3gica y puesta en producci\u00f3n en pr\u00e1ctica cl\u00ednica habitual como eVisi\u00f3 &#8211; atenci\u00f3n integrada oftalmol\u00f3gica, Paprika &#8211; programa trimodal de prehabilitaci\u00f3n quir\u00fargica, CKDSens &#8211; diagn\u00f3stico precoz y seguimiento de afecciones renales, o WalkTest+ &#8211; valoraci\u00f3n funcional de patolog\u00edas que afectan a la movilidad.<\/p>\n<p><strong>\u00bfTe atrever\u00edas a hacer un pron\u00f3stico sobre c\u00f3mo ser\u00e1 la telemedicina en los pr\u00f3ximos 4-5 a\u00f1os?<\/strong><\/p>\n<p>Ya hay pocas dudas de que la digitalizaci\u00f3n de la salud y la telemedicina har\u00e1n ahora un salto exponencial en su implantaci\u00f3n a gran escala, porque la tecnolog\u00eda la tenemos madura, y la crisis de la COVID-19 ha descubierto de pronto su urgente necesidad. Aunque esta ya se hab\u00eda hecho evidente para hacer frente a la gesti\u00f3n de la cronicidad derivada del cambio demogr\u00e1fico y el envejecimiento de la poblaci\u00f3n de nuestras sociedades. Por tanto, las barreras que hasta ahora parec\u00edan insalvables, como la aceptaci\u00f3n de las herramientas tecnol\u00f3gicas por parte de profesionales y pacientes; cuestiones \u00e9ticas y morales; seguridad, protecci\u00f3n y privacidad de datos y comunicaciones; modelos de gesti\u00f3n del cambio; y modelos de negocio; sin obviar su importancia y compleja gesti\u00f3n, ahora se superar\u00e1n para adecuar nuestros sistemas de salud en el siglo XXI y seguir mejorando la esperanza, pero sobre todo la calidad de vida de todos los ciudadanos.<\/p>\n","protected":false},"excerpt":{"rendered":"<p>La digitalizaci\u00f3n de la salud y la telemedicina har\u00e1n un salto exponencial en su implantaci\u00f3n a gran escala, porque la tecnolog\u00eda est\u00e1 madura y la crisis de la COVID-19 ha descubierto de pronto su urgente necesidad. As\u00ed lo explica el director de la Unidad Tecnol\u00f3gica de eHealth de Eurecat, Felipe Miralles, en esta entrevista, donde  [&#8230;]<\/p>\n","protected":false},"author":20,"featured_media":99486,"comment_status":"closed","ping_status":"closed","sticky":false,"template":"","format":"standard","meta":{"footnotes":""},"categories":[133],"tags":[],"class_list":["post-99479","post","type-post","status-publish","format-standard","has-post-thumbnail","hentry","category-blog"],"yoast_head":"<!-- This site is optimized with the Yoast SEO plugin v27.4 - https:\/\/yoast.com\/product\/yoast-seo-wordpress\/ -->\n<title>Felip Miralles: &quot;La telemedicina comportar\u00e1 un paciente experto y empoderado con atenci\u00f3n continuada y unos m\u00e9dicos capaces de tomar decisiones m\u00e1s informadas y precisas&quot; - Eurecat<\/title>\n<meta name=\"description\" content=\"La digitalizaci\u00f3n de la salud y la telemedicina har\u00e1n un salto exponencial en su implantaci\u00f3n a gran escala, porque la tecnolog\u00eda est\u00e1 madura y la crisis de la COVID-19 ha descubierto de pronto su urgente necesidad.\" \/>\n<meta name=\"robots\" content=\"index, follow, max-snippet:-1, max-image-preview:large, max-video-preview:-1\" \/>\n<link rel=\"canonical\" href=\"https:\/\/eurecat.org\/es\/felip-miralles-la-telemedicina-comportara-un-paciente-experto\/\" \/>\n<meta property=\"og:locale\" content=\"es_ES\" \/>\n<meta property=\"og:type\" content=\"article\" \/>\n<meta property=\"og:title\" content=\"Felip Miralles: &quot;La telemedicina comportar\u00e1 un paciente experto y empoderado con atenci\u00f3n continuada y unos m\u00e9dicos capaces de tomar decisiones m\u00e1s informadas y precisas&quot; - Eurecat\" \/>\n<meta property=\"og:description\" content=\"La digitalizaci\u00f3n de la salud y la telemedicina har\u00e1n un salto exponencial en su implantaci\u00f3n a gran escala, porque la tecnolog\u00eda est\u00e1 madura y la crisis de la COVID-19 ha descubierto de pronto su urgente necesidad.\" \/>\n<meta property=\"og:url\" content=\"https:\/\/eurecat.org\/es\/felip-miralles-la-telemedicina-comportara-un-paciente-experto\/\" \/>\n<meta property=\"og:site_name\" content=\"Eurecat\" \/>\n<meta property=\"article:published_time\" content=\"2020-04-27T15:25:01+00:00\" \/>\n<meta property=\"article:modified_time\" content=\"2021-01-19T12:08:54+00:00\" \/>\n<meta property=\"og:image\" content=\"https:\/\/eurecat.org\/wp-content\/uploads\/2020\/04\/FelipMiralles_4.jpg\" \/>\n\t<meta property=\"og:image:width\" content=\"640\" \/>\n\t<meta property=\"og:image:height\" content=\"420\" \/>\n\t<meta property=\"og:image:type\" content=\"image\/jpeg\" \/>\n<meta name=\"author\" content=\"EurecatEQZ\" \/>\n<meta name=\"twitter:card\" content=\"summary_large_image\" \/>\n<meta name=\"twitter:label1\" content=\"Escrito por\" \/>\n\t<meta name=\"twitter:data1\" content=\"EurecatEQZ\" \/>\n\t<meta name=\"twitter:label2\" content=\"Tiempo de lectura\" \/>\n\t<meta name=\"twitter:data2\" content=\"4 minutos\" \/>\n<script type=\"application\/ld+json\" class=\"yoast-schema-graph\">{\"@context\":\"https:\\\/\\\/schema.org\",\"@graph\":[{\"@type\":\"Article\",\"@id\":\"https:\\\/\\\/eurecat.org\\\/es\\\/felip-miralles-la-telemedicina-comportara-un-paciente-experto\\\/#article\",\"isPartOf\":{\"@id\":\"https:\\\/\\\/eurecat.org\\\/es\\\/felip-miralles-la-telemedicina-comportara-un-paciente-experto\\\/\"},\"author\":{\"name\":\"EurecatEQZ\",\"@id\":\"https:\\\/\\\/eurecat.org\\\/es\\\/#\\\/schema\\\/person\\\/99d4d39712001e7621b6867b27b40bed\"},\"headline\":\"Felip Miralles: \u00abLa telemedicina comportar\u00e1 un paciente experto y empoderado con atenci\u00f3n continuada y unos m\u00e9dicos capaces de tomar decisiones m\u00e1s informadas y precisas\u00bb\",\"datePublished\":\"2020-04-27T15:25:01+00:00\",\"dateModified\":\"2021-01-19T12:08:54+00:00\",\"mainEntityOfPage\":{\"@id\":\"https:\\\/\\\/eurecat.org\\\/es\\\/felip-miralles-la-telemedicina-comportara-un-paciente-experto\\\/\"},\"wordCount\":897,\"image\":{\"@id\":\"https:\\\/\\\/eurecat.org\\\/es\\\/felip-miralles-la-telemedicina-comportara-un-paciente-experto\\\/#primaryimage\"},\"thumbnailUrl\":\"https:\\\/\\\/eurecat.org\\\/wp-content\\\/uploads\\\/2020\\\/04\\\/FelipMiralles_4.jpg\",\"articleSection\":[\"Blog\"],\"inLanguage\":\"es\"},{\"@type\":\"WebPage\",\"@id\":\"https:\\\/\\\/eurecat.org\\\/es\\\/felip-miralles-la-telemedicina-comportara-un-paciente-experto\\\/\",\"url\":\"https:\\\/\\\/eurecat.org\\\/es\\\/felip-miralles-la-telemedicina-comportara-un-paciente-experto\\\/\",\"name\":\"Felip Miralles: \\\"La telemedicina comportar\u00e1 un paciente experto y empoderado con atenci\u00f3n continuada y unos m\u00e9dicos capaces de tomar decisiones m\u00e1s informadas y precisas\\\" - Eurecat\",\"isPartOf\":{\"@id\":\"https:\\\/\\\/eurecat.org\\\/es\\\/#website\"},\"primaryImageOfPage\":{\"@id\":\"https:\\\/\\\/eurecat.org\\\/es\\\/felip-miralles-la-telemedicina-comportara-un-paciente-experto\\\/#primaryimage\"},\"image\":{\"@id\":\"https:\\\/\\\/eurecat.org\\\/es\\\/felip-miralles-la-telemedicina-comportara-un-paciente-experto\\\/#primaryimage\"},\"thumbnailUrl\":\"https:\\\/\\\/eurecat.org\\\/wp-content\\\/uploads\\\/2020\\\/04\\\/FelipMiralles_4.jpg\",\"datePublished\":\"2020-04-27T15:25:01+00:00\",\"dateModified\":\"2021-01-19T12:08:54+00:00\",\"author\":{\"@id\":\"https:\\\/\\\/eurecat.org\\\/es\\\/#\\\/schema\\\/person\\\/99d4d39712001e7621b6867b27b40bed\"},\"description\":\"La digitalizaci\u00f3n de la salud y la telemedicina har\u00e1n un salto exponencial en su implantaci\u00f3n a gran escala, porque la tecnolog\u00eda est\u00e1 madura y la crisis de la COVID-19 ha descubierto de pronto su urgente necesidad.\",\"breadcrumb\":{\"@id\":\"https:\\\/\\\/eurecat.org\\\/es\\\/felip-miralles-la-telemedicina-comportara-un-paciente-experto\\\/#breadcrumb\"},\"inLanguage\":\"es\",\"potentialAction\":[{\"@type\":\"ReadAction\",\"target\":[\"https:\\\/\\\/eurecat.org\\\/es\\\/felip-miralles-la-telemedicina-comportara-un-paciente-experto\\\/\"]}]},{\"@type\":\"ImageObject\",\"inLanguage\":\"es\",\"@id\":\"https:\\\/\\\/eurecat.org\\\/es\\\/felip-miralles-la-telemedicina-comportara-un-paciente-experto\\\/#primaryimage\",\"url\":\"https:\\\/\\\/eurecat.org\\\/wp-content\\\/uploads\\\/2020\\\/04\\\/FelipMiralles_4.jpg\",\"contentUrl\":\"https:\\\/\\\/eurecat.org\\\/wp-content\\\/uploads\\\/2020\\\/04\\\/FelipMiralles_4.jpg\",\"width\":640,\"height\":420},{\"@type\":\"BreadcrumbList\",\"@id\":\"https:\\\/\\\/eurecat.org\\\/es\\\/felip-miralles-la-telemedicina-comportara-un-paciente-experto\\\/#breadcrumb\",\"itemListElement\":[{\"@type\":\"ListItem\",\"position\":1,\"name\":\"Inici\",\"item\":\"https:\\\/\\\/eurecat.org\\\/es\\\/\"},{\"@type\":\"ListItem\",\"position\":2,\"name\":\"Felip Miralles: \u00abLa telemedicina comportar\u00e1 un paciente experto y empoderado con atenci\u00f3n continuada y unos m\u00e9dicos capaces de tomar decisiones m\u00e1s informadas y precisas\u00bb\"}]},{\"@type\":\"WebSite\",\"@id\":\"https:\\\/\\\/eurecat.org\\\/es\\\/#website\",\"url\":\"https:\\\/\\\/eurecat.org\\\/es\\\/\",\"name\":\"Eurecat\",\"description\":\"Otro sitio realizado con WordPress\",\"potentialAction\":[{\"@type\":\"SearchAction\",\"target\":{\"@type\":\"EntryPoint\",\"urlTemplate\":\"https:\\\/\\\/eurecat.org\\\/es\\\/?s={search_term_string}\"},\"query-input\":{\"@type\":\"PropertyValueSpecification\",\"valueRequired\":true,\"valueName\":\"search_term_string\"}}],\"inLanguage\":\"es\"},{\"@type\":\"Person\",\"@id\":\"https:\\\/\\\/eurecat.org\\\/es\\\/#\\\/schema\\\/person\\\/99d4d39712001e7621b6867b27b40bed\",\"name\":\"EurecatEQZ\",\"image\":{\"@type\":\"ImageObject\",\"inLanguage\":\"es\",\"@id\":\"https:\\\/\\\/secure.gravatar.com\\\/avatar\\\/6deb26ca61bcc34263c59cc62bb8b08ff90b67af7f99943babf5d86396845993?s=96&d=mm&r=g\",\"url\":\"https:\\\/\\\/secure.gravatar.com\\\/avatar\\\/6deb26ca61bcc34263c59cc62bb8b08ff90b67af7f99943babf5d86396845993?s=96&d=mm&r=g\",\"contentUrl\":\"https:\\\/\\\/secure.gravatar.com\\\/avatar\\\/6deb26ca61bcc34263c59cc62bb8b08ff90b67af7f99943babf5d86396845993?s=96&d=mm&r=g\",\"caption\":\"EurecatEQZ\"}}]}<\/script>\n<!-- \/ Yoast SEO plugin. -->","yoast_head_json":{"title":"Felip Miralles: \"La telemedicina comportar\u00e1 un paciente experto y empoderado con atenci\u00f3n continuada y unos m\u00e9dicos capaces de tomar decisiones m\u00e1s informadas y precisas\" - Eurecat","description":"La digitalizaci\u00f3n de la salud y la telemedicina har\u00e1n un salto exponencial en su implantaci\u00f3n a gran escala, porque la tecnolog\u00eda est\u00e1 madura y la crisis de la COVID-19 ha descubierto de pronto su urgente necesidad.","robots":{"index":"index","follow":"follow","max-snippet":"max-snippet:-1","max-image-preview":"max-image-preview:large","max-video-preview":"max-video-preview:-1"},"canonical":"https:\/\/eurecat.org\/es\/felip-miralles-la-telemedicina-comportara-un-paciente-experto\/","og_locale":"es_ES","og_type":"article","og_title":"Felip Miralles: \"La telemedicina comportar\u00e1 un paciente experto y empoderado con atenci\u00f3n continuada y unos m\u00e9dicos capaces de tomar decisiones m\u00e1s informadas y precisas\" - Eurecat","og_description":"La digitalizaci\u00f3n de la salud y la telemedicina har\u00e1n un salto exponencial en su implantaci\u00f3n a gran escala, porque la tecnolog\u00eda est\u00e1 madura y la crisis de la COVID-19 ha descubierto de pronto su urgente necesidad.","og_url":"https:\/\/eurecat.org\/es\/felip-miralles-la-telemedicina-comportara-un-paciente-experto\/","og_site_name":"Eurecat","article_published_time":"2020-04-27T15:25:01+00:00","article_modified_time":"2021-01-19T12:08:54+00:00","og_image":[{"width":640,"height":420,"url":"https:\/\/eurecat.org\/wp-content\/uploads\/2020\/04\/FelipMiralles_4.jpg","type":"image\/jpeg"}],"author":"EurecatEQZ","twitter_card":"summary_large_image","twitter_misc":{"Escrito por":"EurecatEQZ","Tiempo de lectura":"4 minutos"},"schema":{"@context":"https:\/\/schema.org","@graph":[{"@type":"Article","@id":"https:\/\/eurecat.org\/es\/felip-miralles-la-telemedicina-comportara-un-paciente-experto\/#article","isPartOf":{"@id":"https:\/\/eurecat.org\/es\/felip-miralles-la-telemedicina-comportara-un-paciente-experto\/"},"author":{"name":"EurecatEQZ","@id":"https:\/\/eurecat.org\/es\/#\/schema\/person\/99d4d39712001e7621b6867b27b40bed"},"headline":"Felip Miralles: \u00abLa telemedicina comportar\u00e1 un paciente experto y empoderado con atenci\u00f3n continuada y unos m\u00e9dicos capaces de tomar decisiones m\u00e1s informadas y precisas\u00bb","datePublished":"2020-04-27T15:25:01+00:00","dateModified":"2021-01-19T12:08:54+00:00","mainEntityOfPage":{"@id":"https:\/\/eurecat.org\/es\/felip-miralles-la-telemedicina-comportara-un-paciente-experto\/"},"wordCount":897,"image":{"@id":"https:\/\/eurecat.org\/es\/felip-miralles-la-telemedicina-comportara-un-paciente-experto\/#primaryimage"},"thumbnailUrl":"https:\/\/eurecat.org\/wp-content\/uploads\/2020\/04\/FelipMiralles_4.jpg","articleSection":["Blog"],"inLanguage":"es"},{"@type":"WebPage","@id":"https:\/\/eurecat.org\/es\/felip-miralles-la-telemedicina-comportara-un-paciente-experto\/","url":"https:\/\/eurecat.org\/es\/felip-miralles-la-telemedicina-comportara-un-paciente-experto\/","name":"Felip Miralles: \"La telemedicina comportar\u00e1 un paciente experto y empoderado con atenci\u00f3n continuada y unos m\u00e9dicos capaces de tomar decisiones m\u00e1s informadas y precisas\" - Eurecat","isPartOf":{"@id":"https:\/\/eurecat.org\/es\/#website"},"primaryImageOfPage":{"@id":"https:\/\/eurecat.org\/es\/felip-miralles-la-telemedicina-comportara-un-paciente-experto\/#primaryimage"},"image":{"@id":"https:\/\/eurecat.org\/es\/felip-miralles-la-telemedicina-comportara-un-paciente-experto\/#primaryimage"},"thumbnailUrl":"https:\/\/eurecat.org\/wp-content\/uploads\/2020\/04\/FelipMiralles_4.jpg","datePublished":"2020-04-27T15:25:01+00:00","dateModified":"2021-01-19T12:08:54+00:00","author":{"@id":"https:\/\/eurecat.org\/es\/#\/schema\/person\/99d4d39712001e7621b6867b27b40bed"},"description":"La digitalizaci\u00f3n de la salud y la telemedicina har\u00e1n un salto exponencial en su implantaci\u00f3n a gran escala, porque la tecnolog\u00eda est\u00e1 madura y la crisis de la COVID-19 ha descubierto de pronto su urgente necesidad.","breadcrumb":{"@id":"https:\/\/eurecat.org\/es\/felip-miralles-la-telemedicina-comportara-un-paciente-experto\/#breadcrumb"},"inLanguage":"es","potentialAction":[{"@type":"ReadAction","target":["https:\/\/eurecat.org\/es\/felip-miralles-la-telemedicina-comportara-un-paciente-experto\/"]}]},{"@type":"ImageObject","inLanguage":"es","@id":"https:\/\/eurecat.org\/es\/felip-miralles-la-telemedicina-comportara-un-paciente-experto\/#primaryimage","url":"https:\/\/eurecat.org\/wp-content\/uploads\/2020\/04\/FelipMiralles_4.jpg","contentUrl":"https:\/\/eurecat.org\/wp-content\/uploads\/2020\/04\/FelipMiralles_4.jpg","width":640,"height":420},{"@type":"BreadcrumbList","@id":"https:\/\/eurecat.org\/es\/felip-miralles-la-telemedicina-comportara-un-paciente-experto\/#breadcrumb","itemListElement":[{"@type":"ListItem","position":1,"name":"Inici","item":"https:\/\/eurecat.org\/es\/"},{"@type":"ListItem","position":2,"name":"Felip Miralles: \u00abLa telemedicina comportar\u00e1 un paciente experto y empoderado con atenci\u00f3n continuada y unos m\u00e9dicos capaces de tomar decisiones m\u00e1s informadas y precisas\u00bb"}]},{"@type":"WebSite","@id":"https:\/\/eurecat.org\/es\/#website","url":"https:\/\/eurecat.org\/es\/","name":"Eurecat","description":"Otro sitio realizado con WordPress","potentialAction":[{"@type":"SearchAction","target":{"@type":"EntryPoint","urlTemplate":"https:\/\/eurecat.org\/es\/?s={search_term_string}"},"query-input":{"@type":"PropertyValueSpecification","valueRequired":true,"valueName":"search_term_string"}}],"inLanguage":"es"},{"@type":"Person","@id":"https:\/\/eurecat.org\/es\/#\/schema\/person\/99d4d39712001e7621b6867b27b40bed","name":"EurecatEQZ","image":{"@type":"ImageObject","inLanguage":"es","@id":"https:\/\/secure.gravatar.com\/avatar\/6deb26ca61bcc34263c59cc62bb8b08ff90b67af7f99943babf5d86396845993?s=96&d=mm&r=g","url":"https:\/\/secure.gravatar.com\/avatar\/6deb26ca61bcc34263c59cc62bb8b08ff90b67af7f99943babf5d86396845993?s=96&d=mm&r=g","contentUrl":"https:\/\/secure.gravatar.com\/avatar\/6deb26ca61bcc34263c59cc62bb8b08ff90b67af7f99943babf5d86396845993?s=96&d=mm&r=g","caption":"EurecatEQZ"}}]}},"_links":{"self":[{"href":"https:\/\/eurecat.org\/es\/wp-json\/wp\/v2\/posts\/99479","targetHints":{"allow":["GET"]}}],"collection":[{"href":"https:\/\/eurecat.org\/es\/wp-json\/wp\/v2\/posts"}],"about":[{"href":"https:\/\/eurecat.org\/es\/wp-json\/wp\/v2\/types\/post"}],"author":[{"embeddable":true,"href":"https:\/\/eurecat.org\/es\/wp-json\/wp\/v2\/users\/20"}],"replies":[{"embeddable":true,"href":"https:\/\/eurecat.org\/es\/wp-json\/wp\/v2\/comments?post=99479"}],"version-history":[{"count":0,"href":"https:\/\/eurecat.org\/es\/wp-json\/wp\/v2\/posts\/99479\/revisions"}],"wp:featuredmedia":[{"embeddable":true,"href":"https:\/\/eurecat.org\/es\/wp-json\/wp\/v2\/media\/99486"}],"wp:attachment":[{"href":"https:\/\/eurecat.org\/es\/wp-json\/wp\/v2\/media?parent=99479"}],"wp:term":[{"taxonomy":"category","embeddable":true,"href":"https:\/\/eurecat.org\/es\/wp-json\/wp\/v2\/categories?post=99479"},{"taxonomy":"post_tag","embeddable":true,"href":"https:\/\/eurecat.org\/es\/wp-json\/wp\/v2\/tags?post=99479"}],"curies":[{"name":"wp","href":"https:\/\/api.w.org\/{rel}","templated":true}]}}